{"id":354092,"date":"2025-12-22T00:32:26","date_gmt":"2025-12-22T04:32:26","guid":{"rendered":"https:\/\/www.eldiario.net\/portal\/?p=354092"},"modified":"2025-12-21T21:32:59","modified_gmt":"2025-12-22T01:32:59","slug":"samsung-celebra-navidad-con-vales-en-supermercados","status":"publish","type":"post","link":"https:\/\/www.eldiario.net\/portal\/2025\/12\/22\/samsung-celebra-navidad-con-vales-en-supermercados\/","title":{"rendered":"Samsung celebra Navidad con vales en supermercados"},"content":{"rendered":"<p><strong>Diciembre 2025.- <\/strong>Samsung presenta su campa\u00f1a \u201cNavidad Samsung\u201d, una iniciativa que permitir\u00e1 a los consumidores bolivianos recibir vales de supermercado por hasta Bs 2.000 al adquirir productos seleccionados, como celulares hasta lavadoras, con garant\u00eda v\u00e1lida en Bolivia. El beneficio es directo, sin concursos ni sorteos, y aplicable en todo el pa\u00eds.<\/p>\n<p>\u201cQueremos que esta Navidad llegue con m\u00e1s beneficios para las familias bolivianas\u201d, se\u00f1ala Pamela Montalvo jefe de Relaciones Publicas en Samsung Bolivia. \u201cPor eso ofrecemos vales inmediatos por la compra de dispositivos que acompa\u00f1an su d\u00eda a d\u00eda, desde dispositivos m\u00f3viles y tabletas, hasta televisores, lavadoras y laptops\u201d.<\/p>\n<p>Para participar, los usuarios solo deben adquirir un producto Samsung en promoci\u00f3n con garant\u00eda v\u00e1lida en Bolivia y luego registrar sus datos personales y del dispositivo en cualquier punto de canje autorizado f\u00edsico o m\u00f3vil. Una vez completado este paso, reciben inmediatamente su vale de supermercado, sin sorteos ni concursos.<\/p>\n<p>Samsung habilit\u00f3 puntos de canje en centros comerciales de La Paz, El Alto, Cochabamba, Santa Cruz, Sucre, Tarija, Oruro, Potos\u00ed, Cobija y Trinidad, garantizando as\u00ed un acceso amplio y c\u00f3modo para todos los interesados.<\/p>\n<p>\u201cQueremos que el proceso sea transparente y sin complicaciones. No hay sorteos: el cliente se lleva su vale en ese mismo momento\u201d, a\u00f1ade Montalvo.<\/p>\n<p><strong>Completa tu Ecosistema Galaxy<\/strong><\/p>\n<p>La campa\u00f1a abarca las categor\u00edas m\u00e1s destacadas del ecosistema Samsung, con vales que var\u00edan seg\u00fan el tipo de producto adquirido. En smartphones, los usuarios pueden obtener vales desde Bs 200 hasta Bs 1.000 por modelos como los Galaxy Z Fold7, Z Flip7, S25 Ultra, S25 FE, S24 FE, A56, A36, A26 y A17.<\/p>\n<p>En tablets, tambi\u00e9n se entregan vales de Bs 200 hasta Bs 1.000 por la compra de la Galaxy Tab S10 Ultra, Tab S10+, Tab S10 FE+, Tab S10 FE, Tab S10 Lite, Tab A9+ o Tab A9.<\/p>\n<p>Los wearables participan con vales de Bs 200 hasta Bs 400 e incluyen los \u00faltimos lanzamientos de relojes inteligentes y aud\u00edfonos, como la serie Galaxy Watch8, Watch7, Watch6, adem\u00e1s de los Galaxy Buds3 Pro, Buds3 y Buds3 FE.<\/p>\n<p>En laptops, la campa\u00f1a ofrece los vales m\u00e1s altos, desde Bs 1.000 hasta Bs 2.000, por equipos como Galaxy Book4, Galaxy Book3, Book3 360, Book3 Pro, Book3 Ultra, adem\u00e1s de la serie Galaxy Book2, incluidos los modelos Pro y Pro 360.<\/p>\n<p>En televisores, los usuarios pueden acceder a vales de Bs 300 hasta Bs 1.000 por la compra de equipos de las series Crystal UHD 4K, QLED 4K, OLED 4K, Neo QLED, as\u00ed como los The Sero y The Frame.<\/p>\n<p>Finalmente, la categor\u00eda de lavadoras entrega vales desde Bs 300 hasta Bs 500 por modelos como la Lavadora Secadora de 12.5 kg, lavadoras de 10,5 Kg y lavadoras de carga superior de 15 kg, 13 kg, 9 kg y 8 kg.<\/p>\n<p>\u201cNuestro prop\u00f3sito es que m\u00e1s bolivianos puedan acceder a tecnolog\u00eda Samsung y, al mismo tiempo, disfruten un incentivo \u00fatil para compartir y celebrar. Esta campa\u00f1a refleja nuestra cercan\u00eda con los consumidores y nuestra intenci\u00f3n de seguir innovando en experiencias y servicios\u201d, finaliza Montalvo.<\/p>\n","protected":false},"excerpt":{"rendered":"<p>Diciembre 2025.- Samsung presenta su campa\u00f1a \u201cNavidad Samsung\u201d, una iniciativa que permitir\u00e1 a los consumidores bolivianos recibir vales de supermercado por hasta Bs 2.000 al adquirir productos seleccionados, como celulares hasta lavadoras, con garant\u00eda v\u00e1lida en Bolivia. El beneficio es directo, sin concursos ni sorteos, y aplicable en todo el pa\u00eds. \u201cQueremos que esta Navidad [&hellip;]<\/p>\n","protected":false},"author":1,"featured_media":354093,"comment_status":"closed","ping_status":"open","sticky":false,"template":"","format":"standard","meta":{"_acf_changed":false,"footnotes":""},"categories":[46],"tags":[],"class_list":["post-354092","post","type-post","status-publish","format-standard","has-post-thumbnail","category-ciencia-computacion"],"acf":{"antetitulo":""},"yoast_head":"<!-- This site is optimized with the Yoast SEO plugin v28.4 - https:\/\/yoast.com\/product\/yoast-seo-wordpress\/ -->\n<title>Samsung celebra Navidad con vales en supermercados - El Diario - Bolivia<\/title>\n<meta name=\"robots\" content=\"index, follow, max-snippet:-1, max-image-preview:large, max-video-preview:-1\" \/>\n<link rel=\"canonical\" href=\"https:\/\/www.eldiario.net\/portal\/2025\/12\/22\/samsung-celebra-navidad-con-vales-en-supermercados\/\" \/>\n<meta property=\"og:locale\" content=\"es_ES\" \/>\n<meta property=\"og:type\" content=\"article\" \/>\n<meta property=\"og:title\" content=\"Samsung celebra Navidad con vales en supermercados - El Diario - Bolivia\" \/>\n<meta property=\"og:description\" content=\"Diciembre 2025.- Samsung presenta su campa\u00f1a \u201cNavidad Samsung\u201d, una iniciativa que permitir\u00e1 a los consumidores bolivianos recibir vales de supermercado por hasta Bs 2.000 al adquirir productos seleccionados, como celulares hasta lavadoras, con garant\u00eda v\u00e1lida en Bolivia. El beneficio es directo, sin concursos ni sorteos, y aplicable en todo el pa\u00eds. \u201cQueremos que esta Navidad [&hellip;]\" \/>\n<meta property=\"og:url\" content=\"https:\/\/www.eldiario.net\/portal\/2025\/12\/22\/samsung-celebra-navidad-con-vales-en-supermercados\/\" \/>\n<meta property=\"og:site_name\" content=\"El Diario - Bolivia\" \/>\n<meta property=\"article:publisher\" content=\"https:\/\/www.facebook.com\/eldiario.bolivia\/\" \/>\n<meta property=\"article:published_time\" content=\"2025-12-22T04:32:26+00:00\" \/>\n<meta property=\"og:image\" content=\"https:\/\/www.eldiario.net\/portal\/wp-content\/uploads\/2025\/12\/7-B-.webp\" \/>\n\t<meta property=\"og:image:width\" content=\"1280\" \/>\n\t<meta property=\"og:image:height\" content=\"870\" \/>\n\t<meta property=\"og:image:type\" content=\"image\/webp\" \/>\n<meta name=\"author\" content=\"Jeanette\" \/>\n<meta name=\"twitter:card\" content=\"summary_large_image\" \/>\n<meta name=\"twitter:creator\" content=\"@eldiario_net\" \/>\n<meta name=\"twitter:site\" content=\"@eldiario_net\" \/>\n<meta name=\"twitter:label1\" content=\"Escrito por\" \/>\n\t<meta name=\"twitter:data1\" content=\"Jeanette\" \/>\n\t<meta name=\"twitter:label2\" content=\"Tiempo de lectura\" \/>\n\t<meta name=\"twitter:data2\" content=\"3 minutos\" \/>\n<script type=\"application\/ld+json\" class=\"yoast-schema-graph\">{\"@context\":\"https:\\\/\\\/schema.org\",\"@graph\":[{\"@type\":\"Article\",\"@id\":\"https:\\\/\\\/www.eldiario.net\\\/portal\\\/2025\\\/12\\\/22\\\/samsung-celebra-navidad-con-vales-en-supermercados\\\/#article\",\"isPartOf\":{\"@id\":\"https:\\\/\\\/www.eldiario.net\\\/portal\\\/2025\\\/12\\\/22\\\/samsung-celebra-navidad-con-vales-en-supermercados\\\/\"},\"author\":{\"name\":\"Jeanette\",\"@id\":\"https:\\\/\\\/www.eldiario.net\\\/portal\\\/#\\\/schema\\\/person\\\/2c57cf2b7a7ae032e449e4c9b1019eac\"},\"headline\":\"Samsung celebra Navidad con vales en supermercados\",\"datePublished\":\"2025-12-22T04:32:26+00:00\",\"mainEntityOfPage\":{\"@id\":\"https:\\\/\\\/www.eldiario.net\\\/portal\\\/2025\\\/12\\\/22\\\/samsung-celebra-navidad-con-vales-en-supermercados\\\/\"},\"wordCount\":524,\"publisher\":{\"@id\":\"https:\\\/\\\/www.eldiario.net\\\/portal\\\/#organization\"},\"image\":{\"@id\":\"https:\\\/\\\/www.eldiario.net\\\/portal\\\/2025\\\/12\\\/22\\\/samsung-celebra-navidad-con-vales-en-supermercados\\\/#primaryimage\"},\"thumbnailUrl\":\"https:\\\/\\\/www.eldiario.net\\\/portal\\\/wp-content\\\/uploads\\\/2025\\\/12\\\/7-B-.webp\",\"articleSection\":[\"Ciencia y Computaci\u00f3n\"],\"inLanguage\":\"es\"},{\"@type\":\"WebPage\",\"@id\":\"https:\\\/\\\/www.eldiario.net\\\/portal\\\/2025\\\/12\\\/22\\\/samsung-celebra-navidad-con-vales-en-supermercados\\\/\",\"url\":\"https:\\\/\\\/www.eldiario.net\\\/portal\\\/2025\\\/12\\\/22\\\/samsung-celebra-navidad-con-vales-en-supermercados\\\/\",\"name\":\"Samsung celebra Navidad con vales en supermercados - El Diario - Bolivia\",\"isPartOf\":{\"@id\":\"https:\\\/\\\/www.eldiario.net\\\/portal\\\/#website\"},\"primaryImageOfPage\":{\"@id\":\"https:\\\/\\\/www.eldiario.net\\\/portal\\\/2025\\\/12\\\/22\\\/samsung-celebra-navidad-con-vales-en-supermercados\\\/#primaryimage\"},\"image\":{\"@id\":\"https:\\\/\\\/www.eldiario.net\\\/portal\\\/2025\\\/12\\\/22\\\/samsung-celebra-navidad-con-vales-en-supermercados\\\/#primaryimage\"},\"thumbnailUrl\":\"https:\\\/\\\/www.eldiario.net\\\/portal\\\/wp-content\\\/uploads\\\/2025\\\/12\\\/7-B-.webp\",\"datePublished\":\"2025-12-22T04:32:26+00:00\",\"breadcrumb\":{\"@id\":\"https:\\\/\\\/www.eldiario.net\\\/portal\\\/2025\\\/12\\\/22\\\/samsung-celebra-navidad-con-vales-en-supermercados\\\/#breadcrumb\"},\"inLanguage\":\"es\",\"potentialAction\":[{\"@type\":\"ReadAction\",\"target\":[\"https:\\\/\\\/www.eldiario.net\\\/portal\\\/2025\\\/12\\\/22\\\/samsung-celebra-navidad-con-vales-en-supermercados\\\/\"]}]},{\"@type\":\"ImageObject\",\"inLanguage\":\"es\",\"@id\":\"https:\\\/\\\/www.eldiario.net\\\/portal\\\/2025\\\/12\\\/22\\\/samsung-celebra-navidad-con-vales-en-supermercados\\\/#primaryimage\",\"url\":\"https:\\\/\\\/www.eldiario.net\\\/portal\\\/wp-content\\\/uploads\\\/2025\\\/12\\\/7-B-.webp\",\"contentUrl\":\"https:\\\/\\\/www.eldiario.net\\\/portal\\\/wp-content\\\/uploads\\\/2025\\\/12\\\/7-B-.webp\",\"width\":1280,\"height\":870},{\"@type\":\"BreadcrumbList\",\"@id\":\"https:\\\/\\\/www.eldiario.net\\\/portal\\\/2025\\\/12\\\/22\\\/samsung-celebra-navidad-con-vales-en-supermercados\\\/#breadcrumb\",\"itemListElement\":[{\"@type\":\"ListItem\",\"position\":1,\"name\":\"Portada\",\"item\":\"https:\\\/\\\/www.eldiario.net\\\/portal\\\/\"},{\"@type\":\"ListItem\",\"position\":2,\"name\":\"Samsung celebra Navidad con vales en supermercados\"}]},{\"@type\":\"WebSite\",\"@id\":\"https:\\\/\\\/www.eldiario.net\\\/portal\\\/#website\",\"url\":\"https:\\\/\\\/www.eldiario.net\\\/portal\\\/\",\"name\":\"El Diario - Decano de la prensa nacional\",\"description\":\"El Diario - Decano de la prensa nacional\",\"publisher\":{\"@id\":\"https:\\\/\\\/www.eldiario.net\\\/portal\\\/#organization\"},\"potentialAction\":[{\"@type\":\"SearchAction\",\"target\":{\"@type\":\"EntryPoint\",\"urlTemplate\":\"https:\\\/\\\/www.eldiario.net\\\/portal\\\/?s={search_term_string}\"},\"query-input\":{\"@type\":\"PropertyValueSpecification\",\"valueRequired\":true,\"valueName\":\"search_term_string\"}}],\"inLanguage\":\"es\"},{\"@type\":\"Organization\",\"@id\":\"https:\\\/\\\/www.eldiario.net\\\/portal\\\/#organization\",\"name\":\"El Diario - Decano de la prensa nacional\",\"url\":\"https:\\\/\\\/www.eldiario.net\\\/portal\\\/\",\"logo\":{\"@type\":\"ImageObject\",\"inLanguage\":\"es\",\"@id\":\"https:\\\/\\\/www.eldiario.net\\\/portal\\\/#\\\/schema\\\/logo\\\/image\\\/\",\"url\":\"https:\\\/\\\/www.eldiario.net\\\/portal\\\/wp-content\\\/uploads\\\/2023\\\/07\\\/logo_ED.jpg\",\"contentUrl\":\"https:\\\/\\\/www.eldiario.net\\\/portal\\\/wp-content\\\/uploads\\\/2023\\\/07\\\/logo_ED.jpg\",\"width\":272,\"height\":52,\"caption\":\"El Diario - Decano de la prensa nacional\"},\"image\":{\"@id\":\"https:\\\/\\\/www.eldiario.net\\\/portal\\\/#\\\/schema\\\/logo\\\/image\\\/\"},\"sameAs\":[\"https:\\\/\\\/www.facebook.com\\\/eldiario.bolivia\\\/\",\"https:\\\/\\\/x.com\\\/eldiario_net\"]},{\"@type\":\"Person\",\"@id\":\"https:\\\/\\\/www.eldiario.net\\\/portal\\\/#\\\/schema\\\/person\\\/2c57cf2b7a7ae032e449e4c9b1019eac\",\"name\":\"Jeanette\",\"image\":{\"@type\":\"ImageObject\",\"inLanguage\":\"es\",\"@id\":\"https:\\\/\\\/secure.gravatar.com\\\/avatar\\\/3ea2118a5f7dad2b7138b1187a6b7ee55f160b9968b66013c3a3ef39dd7e5798?s=96&d=mm&r=g\",\"url\":\"https:\\\/\\\/secure.gravatar.com\\\/avatar\\\/3ea2118a5f7dad2b7138b1187a6b7ee55f160b9968b66013c3a3ef39dd7e5798?s=96&d=mm&r=g\",\"contentUrl\":\"https:\\\/\\\/secure.gravatar.com\\\/avatar\\\/3ea2118a5f7dad2b7138b1187a6b7ee55f160b9968b66013c3a3ef39dd7e5798?s=96&d=mm&r=g\",\"caption\":\"Jeanette\"},\"sameAs\":[\"https:\\\/\\\/www.eldiario.net\\\/portal\"],\"url\":\"https:\\\/\\\/www.eldiario.net\\\/portal\\\/author\\\/jeanette\\\/\"}]}<\/script>\n<!-- \/ Yoast SEO plugin. -->","yoast_head_json":{"title":"Samsung celebra Navidad con vales en supermercados - El Diario - Bolivia","robots":{"index":"index","follow":"follow","max-snippet":"max-snippet:-1","max-image-preview":"max-image-preview:large","max-video-preview":"max-video-preview:-1"},"canonical":"https:\/\/www.eldiario.net\/portal\/2025\/12\/22\/samsung-celebra-navidad-con-vales-en-supermercados\/","og_locale":"es_ES","og_type":"article","og_title":"Samsung celebra Navidad con vales en supermercados - El Diario - Bolivia","og_description":"Diciembre 2025.- Samsung presenta su campa\u00f1a \u201cNavidad Samsung\u201d, una iniciativa que permitir\u00e1 a los consumidores bolivianos recibir vales de supermercado por hasta Bs 2.000 al adquirir productos seleccionados, como celulares hasta lavadoras, con garant\u00eda v\u00e1lida en Bolivia. El beneficio es directo, sin concursos ni sorteos, y aplicable en todo el pa\u00eds. \u201cQueremos que esta Navidad [&hellip;]","og_url":"https:\/\/www.eldiario.net\/portal\/2025\/12\/22\/samsung-celebra-navidad-con-vales-en-supermercados\/","og_site_name":"El Diario - Bolivia","article_publisher":"https:\/\/www.facebook.com\/eldiario.bolivia\/","article_published_time":"2025-12-22T04:32:26+00:00","og_image":[{"width":1280,"height":870,"url":"https:\/\/www.eldiario.net\/portal\/wp-content\/uploads\/2025\/12\/7-B-.webp","type":"image\/webp"}],"author":"Jeanette","twitter_card":"summary_large_image","twitter_creator":"@eldiario_net","twitter_site":"@eldiario_net","twitter_misc":{"Escrito por":"Jeanette","Tiempo de lectura":"3 minutos"},"schema":{"@context":"https:\/\/schema.org","@graph":[{"@type":"Article","@id":"https:\/\/www.eldiario.net\/portal\/2025\/12\/22\/samsung-celebra-navidad-con-vales-en-supermercados\/#article","isPartOf":{"@id":"https:\/\/www.eldiario.net\/portal\/2025\/12\/22\/samsung-celebra-navidad-con-vales-en-supermercados\/"},"author":{"name":"Jeanette","@id":"https:\/\/www.eldiario.net\/portal\/#\/schema\/person\/2c57cf2b7a7ae032e449e4c9b1019eac"},"headline":"Samsung celebra Navidad con vales en supermercados","datePublished":"2025-12-22T04:32:26+00:00","mainEntityOfPage":{"@id":"https:\/\/www.eldiario.net\/portal\/2025\/12\/22\/samsung-celebra-navidad-con-vales-en-supermercados\/"},"wordCount":524,"publisher":{"@id":"https:\/\/www.eldiario.net\/portal\/#organization"},"image":{"@id":"https:\/\/www.eldiario.net\/portal\/2025\/12\/22\/samsung-celebra-navidad-con-vales-en-supermercados\/#primaryimage"},"thumbnailUrl":"https:\/\/www.eldiario.net\/portal\/wp-content\/uploads\/2025\/12\/7-B-.webp","articleSection":["Ciencia y Computaci\u00f3n"],"inLanguage":"es"},{"@type":"WebPage","@id":"https:\/\/www.eldiario.net\/portal\/2025\/12\/22\/samsung-celebra-navidad-con-vales-en-supermercados\/","url":"https:\/\/www.eldiario.net\/portal\/2025\/12\/22\/samsung-celebra-navidad-con-vales-en-supermercados\/","name":"Samsung celebra Navidad con vales en supermercados - El Diario - Bolivia","isPartOf":{"@id":"https:\/\/www.eldiario.net\/portal\/#website"},"primaryImageOfPage":{"@id":"https:\/\/www.eldiario.net\/portal\/2025\/12\/22\/samsung-celebra-navidad-con-vales-en-supermercados\/#primaryimage"},"image":{"@id":"https:\/\/www.eldiario.net\/portal\/2025\/12\/22\/samsung-celebra-navidad-con-vales-en-supermercados\/#primaryimage"},"thumbnailUrl":"https:\/\/www.eldiario.net\/portal\/wp-content\/uploads\/2025\/12\/7-B-.webp","datePublished":"2025-12-22T04:32:26+00:00","breadcrumb":{"@id":"https:\/\/www.eldiario.net\/portal\/2025\/12\/22\/samsung-celebra-navidad-con-vales-en-supermercados\/#breadcrumb"},"inLanguage":"es","potentialAction":[{"@type":"ReadAction","target":["https:\/\/www.eldiario.net\/portal\/2025\/12\/22\/samsung-celebra-navidad-con-vales-en-supermercados\/"]}]},{"@type":"ImageObject","inLanguage":"es","@id":"https:\/\/www.eldiario.net\/portal\/2025\/12\/22\/samsung-celebra-navidad-con-vales-en-supermercados\/#primaryimage","url":"https:\/\/www.eldiario.net\/portal\/wp-content\/uploads\/2025\/12\/7-B-.webp","contentUrl":"https:\/\/www.eldiario.net\/portal\/wp-content\/uploads\/2025\/12\/7-B-.webp","width":1280,"height":870},{"@type":"BreadcrumbList","@id":"https:\/\/www.eldiario.net\/portal\/2025\/12\/22\/samsung-celebra-navidad-con-vales-en-supermercados\/#breadcrumb","itemListElement":[{"@type":"ListItem","position":1,"name":"Portada","item":"https:\/\/www.eldiario.net\/portal\/"},{"@type":"ListItem","position":2,"name":"Samsung celebra Navidad con vales en supermercados"}]},{"@type":"WebSite","@id":"https:\/\/www.eldiario.net\/portal\/#website","url":"https:\/\/www.eldiario.net\/portal\/","name":"El Diario - Decano de la prensa nacional","description":"El Diario - Decano de la prensa nacional","publisher":{"@id":"https:\/\/www.eldiario.net\/portal\/#organization"},"potentialAction":[{"@type":"SearchAction","target":{"@type":"EntryPoint","urlTemplate":"https:\/\/www.eldiario.net\/portal\/?s={search_term_string}"},"query-input":{"@type":"PropertyValueSpecification","valueRequired":true,"valueName":"search_term_string"}}],"inLanguage":"es"},{"@type":"Organization","@id":"https:\/\/www.eldiario.net\/portal\/#organization","name":"El Diario - Decano de la prensa nacional","url":"https:\/\/www.eldiario.net\/portal\/","logo":{"@type":"ImageObject","inLanguage":"es","@id":"https:\/\/www.eldiario.net\/portal\/#\/schema\/logo\/image\/","url":"https:\/\/www.eldiario.net\/portal\/wp-content\/uploads\/2023\/07\/logo_ED.jpg","contentUrl":"https:\/\/www.eldiario.net\/portal\/wp-content\/uploads\/2023\/07\/logo_ED.jpg","width":272,"height":52,"caption":"El Diario - Decano de la prensa nacional"},"image":{"@id":"https:\/\/www.eldiario.net\/portal\/#\/schema\/logo\/image\/"},"sameAs":["https:\/\/www.facebook.com\/eldiario.bolivia\/","https:\/\/x.com\/eldiario_net"]},{"@type":"Person","@id":"https:\/\/www.eldiario.net\/portal\/#\/schema\/person\/2c57cf2b7a7ae032e449e4c9b1019eac","name":"Jeanette","image":{"@type":"ImageObject","inLanguage":"es","@id":"https:\/\/secure.gravatar.com\/avatar\/3ea2118a5f7dad2b7138b1187a6b7ee55f160b9968b66013c3a3ef39dd7e5798?s=96&d=mm&r=g","url":"https:\/\/secure.gravatar.com\/avatar\/3ea2118a5f7dad2b7138b1187a6b7ee55f160b9968b66013c3a3ef39dd7e5798?s=96&d=mm&r=g","contentUrl":"https:\/\/secure.gravatar.com\/avatar\/3ea2118a5f7dad2b7138b1187a6b7ee55f160b9968b66013c3a3ef39dd7e5798?s=96&d=mm&r=g","caption":"Jeanette"},"sameAs":["https:\/\/www.eldiario.net\/portal"],"url":"https:\/\/www.eldiario.net\/portal\/author\/jeanette\/"}]}},"_links":{"self":[{"href":"https:\/\/www.eldiario.net\/portal\/wp-json\/wp\/v2\/posts\/354092","targetHints":{"allow":["GET"]}}],"collection":[{"href":"https:\/\/www.eldiario.net\/portal\/wp-json\/wp\/v2\/posts"}],"about":[{"href":"https:\/\/www.eldiario.net\/portal\/wp-json\/wp\/v2\/types\/post"}],"author":[{"embeddable":true,"href":"https:\/\/www.eldiario.net\/portal\/wp-json\/wp\/v2\/users\/1"}],"replies":[{"embeddable":true,"href":"https:\/\/www.eldiario.net\/portal\/wp-json\/wp\/v2\/comments?post=354092"}],"version-history":[{"count":1,"href":"https:\/\/www.eldiario.net\/portal\/wp-json\/wp\/v2\/posts\/354092\/revisions"}],"predecessor-version":[{"id":354094,"href":"https:\/\/www.eldiario.net\/portal\/wp-json\/wp\/v2\/posts\/354092\/revisions\/354094"}],"wp:featuredmedia":[{"embeddable":true,"href":"https:\/\/www.eldiario.net\/portal\/wp-json\/wp\/v2\/media\/354093"}],"wp:attachment":[{"href":"https:\/\/www.eldiario.net\/portal\/wp-json\/wp\/v2\/media?parent=354092"}],"wp:term":[{"taxonomy":"category","embeddable":true,"href":"https:\/\/www.eldiario.net\/portal\/wp-json\/wp\/v2\/categories?post=354092"},{"taxonomy":"post_tag","embeddable":true,"href":"https:\/\/www.eldiario.net\/portal\/wp-json\/wp\/v2\/tags?post=354092"}],"curies":[{"name":"wp","href":"https:\/\/api.w.org\/{rel}","templated":true}]}}