{"id":354073,"date":"2025-12-21T08:20:24","date_gmt":"2025-12-21T12:20:24","guid":{"rendered":"https:\/\/www.eldiario.net\/portal\/?p=354073"},"modified":"2025-12-21T08:20:24","modified_gmt":"2025-12-21T12:20:24","slug":"viceministro-zaratti-prepara-un-plan-para-el-emprendurismo-cultural","status":"publish","type":"post","link":"https:\/\/www.eldiario.net\/portal\/2025\/12\/21\/viceministro-zaratti-prepara-un-plan-para-el-emprendurismo-cultural\/","title":{"rendered":"Viceministro Zaratti prepara un plan para el emprendurismo cultural"},"content":{"rendered":"<p>El Viceministro de Culturas y Folklor, Andr\u00e9s Zaratti, anunci\u00f3 que se apresta a elaborar un plan quinquenal para las manifestaciones culturales y folkl\u00f3ricas con la participaci\u00f3n de todos los sectores involucrados, con el objeto de empezar con fuerza despu\u00e9s de carnavales.<\/p>\n<p>En el plan tambi\u00e9n debe participar la Canciller\u00eda, el Servicio de Impuestos y los artistas porque es un tema que interesa a todos porque de esa manera tambi\u00e9n se genera econom\u00eda, pues la cultura no est\u00e1 alejada de la atracci\u00f3n de divisas, por el contrario, es una fuente importante que no supo aprovecharse.<\/p>\n<p>El gobierno tiene que crear un plan de fortalecimiento para apoyar el emprendurismo cultural con un componente un poco m\u00e1s comercial, dijo Zaratti para quien lo creativo responde a\u00a0 nuevo modelo de negocios, el colaborativo, y un nuevo modo de producci\u00f3n comunitario como las entradas folkl\u00f3ricas que, en el caso s\u00f3lo del Gran Poder, genera 150 millones de d\u00f3lares anuales distribuidos entre los bordadores, gastr\u00f3nomos, due\u00f1os de locales, venta de palcos y otros rubros.<\/p>\n<p>Zaratti lament\u00f3 que en Bolivia no haya un reconocimiento al artista como profesi\u00f3n y por ello el gobierno apunta a mejorar las competencias de este sector capacitando en la elaboraci\u00f3n de planes de negocios, modelos de comercializaci\u00f3n, capitales semillas, dotaci\u00f3n de infraestructura, espacios feriales de vinculaci\u00f3n, entre otros.<\/p>\n<p>Respecto al cine, indic\u00f3 que el pa\u00eds tratar\u00e1 de ponerse al d\u00eda con sus cuotas atrasadas a fondos internacionales para apoyar la creaci\u00f3n de nuevas pel\u00edculas, pero que tambi\u00e9n es importante que el p\u00fablico apoye al cine boliviano con su asistencia a las salas.<\/p>\n<p>Respecto a la pirater\u00eda de nuestras danzas, dijo que se formar\u00e1 comisiones compuestas por investigadores, folkloristas y t\u00e9cnicos del gobierno para proteger el patrimonio cultural de Bolivia fuera de las fronteras.<\/p>\n<p>Tambi\u00e9n se refiri\u00f3 a la Alasita como manifestaci\u00f3n cultural, indicando que gestionar\u00e1 el apoyo a los artesanos para que incluso puedan exportar sus miniaturas.<\/p>\n<p>El detalle de la intervenci\u00f3n de Zaratti puede apreciarse en la entrevista realizada por ECONOM\u00cdA Y EMPRESA en el canal Youtube EDI TV BOLIVIA.<\/p>\n\r\n                <style type=\"text\/css\">\r\n                    \r\n                    #tdi_1  .td-doubleSlider-2 .td-item1 {\r\n                        background: url(https:\/\/www.eldiario.net\/portal\/wp-content\/uploads\/2025\/12\/foto-gran-poder-80x60.webp) 0 0 no-repeat;\r\n                    }\r\n                    #tdi_1  .td-doubleSlider-2 .td-item2 {\r\n                        background: url(https:\/\/www.eldiario.net\/portal\/wp-content\/uploads\/2025\/12\/Foto-alasita-80x60.webp) 0 0 no-repeat;\r\n                    }\r\n                    #tdi_1  .td-doubleSlider-2 .td-item3 {\r\n                        background: url(https:\/\/www.eldiario.net\/portal\/wp-content\/uploads\/2025\/12\/Foto-Zaratti-80x60.webp) 0 0 no-repeat;\r\n                    }\r\n                <\/style>\r\n\r\n                <div id=\"tdi_1\" class=\"td-gallery td-slide-on-2-columns\">\r\n                    <div class=\"post_td_gallery\">\r\n                        <div class=\"td-gallery-slide-top\">\r\n                           <div class=\"td-gallery-title\"><\/div>\r\n\r\n                            <div class=\"td-gallery-controls-wrapper\">\r\n                                <div class=\"td-gallery-slide-count\"><span class=\"td-gallery-slide-item-focus\">1<\/span> de 3<\/div>\r\n                                <div class=\"td-gallery-slide-prev-next-but\">\r\n                                    <i class = \"td-icon-left doubleSliderPrevButton\"><\/i>\r\n                                    <i class = \"td-icon-right doubleSliderNextButton\"><\/i>\r\n                                <\/div>\r\n                            <\/div>\r\n                        <\/div>\r\n\r\n                        <div class = \"td-doubleSlider-1 \">\r\n                            <div class = \"td-slider\">\r\n                                \r\n                    <div class = \"td-slide-item td-item1\">\r\n                        <figure class=\"td-slide-galery-figure td-slide-popup-gallery\">\r\n                            <a class=\"slide-gallery-image-link\" href=\"https:\/\/www.eldiario.net\/portal\/wp-content\/uploads\/2025\/12\/foto-gran-poder.webp\" title=\"foto gran poder\"  data-caption=\"\"  data-description=\"\">\r\n                                <img decoding=\"async\" src=\"https:\/\/www.eldiario.net\/portal\/wp-content\/uploads\/2025\/12\/foto-gran-poder.webp\" srcset=\"https:\/\/www.eldiario.net\/portal\/wp-content\/uploads\/2025\/12\/foto-gran-poder.webp 318w, https:\/\/www.eldiario.net\/portal\/wp-content\/uploads\/2025\/12\/foto-gran-poder-300x150.webp 300w, https:\/\/www.eldiario.net\/portal\/wp-content\/uploads\/2025\/12\/foto-gran-poder-150x75.webp 150w\" sizes=\"(max-width: 318px) 100vw, 318px\" alt=\"\">\r\n                            <\/a>\r\n                            \r\n                        <\/figure>\r\n                    <\/div>\r\n                    <div class = \"td-slide-item td-item2\">\r\n                        <figure class=\"td-slide-galery-figure td-slide-popup-gallery\">\r\n                            <a class=\"slide-gallery-image-link\" href=\"https:\/\/www.eldiario.net\/portal\/wp-content\/uploads\/2025\/12\/Foto-alasita.webp\" title=\"Foto alasita\"  data-caption=\"\"  data-description=\"\">\r\n                                <img decoding=\"async\" src=\"https:\/\/www.eldiario.net\/portal\/wp-content\/uploads\/2025\/12\/Foto-alasita-840x420.webp\" srcset=\"https:\/\/www.eldiario.net\/portal\/wp-content\/uploads\/2025\/12\/Foto-alasita-840x420.webp 840w, https:\/\/www.eldiario.net\/portal\/wp-content\/uploads\/2025\/12\/Foto-alasita-300x150.webp 300w, https:\/\/www.eldiario.net\/portal\/wp-content\/uploads\/2025\/12\/Foto-alasita-768x384.webp 768w, https:\/\/www.eldiario.net\/portal\/wp-content\/uploads\/2025\/12\/Foto-alasita-150x75.webp 150w, https:\/\/www.eldiario.net\/portal\/wp-content\/uploads\/2025\/12\/Foto-alasita-696x348.webp 696w, https:\/\/www.eldiario.net\/portal\/wp-content\/uploads\/2025\/12\/Foto-alasita.webp 1024w\" sizes=\"(max-width: 840px) 100vw, 840px\" alt=\"\">\r\n                            <\/a>\r\n                            \r\n                        <\/figure>\r\n                    <\/div>\r\n                    <div class = \"td-slide-item td-item3\">\r\n                        <figure class=\"td-slide-galery-figure td-slide-popup-gallery\">\r\n                            <a class=\"slide-gallery-image-link\" href=\"https:\/\/www.eldiario.net\/portal\/wp-content\/uploads\/2025\/12\/Foto-Zaratti.webp\" title=\"Foto Zaratti\"  data-caption=\"\"  data-description=\"\">\r\n                                <img decoding=\"async\" src=\"https:\/\/www.eldiario.net\/portal\/wp-content\/uploads\/2025\/12\/Foto-Zaratti.webp\" srcset=\"https:\/\/www.eldiario.net\/portal\/wp-content\/uploads\/2025\/12\/Foto-Zaratti.webp 168w, https:\/\/www.eldiario.net\/portal\/wp-content\/uploads\/2025\/12\/Foto-Zaratti-150x268.webp 150w\" sizes=\"(max-width: 168px) 100vw, 168px\" alt=\"\">\r\n                            <\/a>\r\n                            \r\n                        <\/figure>\r\n                    <\/div>\r\n                            <\/div>\r\n                        <\/div>\r\n\r\n                        <div class = \"td-doubleSlider-2\">\r\n                            <div class = \"td-slider\">\r\n                                \r\n                    <div class = \"td-button td-item1\">\r\n                        <div class = \"td-border\"><\/div>\r\n                    <\/div>\r\n                    <div class = \"td-button td-item2\">\r\n                        <div class = \"td-border\"><\/div>\r\n                    <\/div>\r\n                    <div class = \"td-button td-item3\">\r\n                        <div class = \"td-border\"><\/div>\r\n                    <\/div>\r\n                            <\/div>\r\n                        <\/div>\r\n\r\n                    <\/div>\r\n\r\n                <\/div>\r\n                \n","protected":false},"excerpt":{"rendered":"<p>El Viceministro de Culturas y Folklor, Andr\u00e9s Zaratti, anunci\u00f3 que se apresta a elaborar un plan quinquenal para las manifestaciones culturales y folkl\u00f3ricas con la participaci\u00f3n de todos los sectores involucrados, con el objeto de empezar con fuerza despu\u00e9s de carnavales. En el plan tambi\u00e9n debe participar la Canciller\u00eda, el Servicio de Impuestos y los [&hellip;]<\/p>\n","protected":false},"author":1,"featured_media":354070,"comment_status":"closed","ping_status":"open","sticky":false,"template":"","format":"standard","meta":{"_acf_changed":false,"footnotes":""},"categories":[7],"tags":[],"class_list":["post-354073","post","type-post","status-publish","format-standard","has-post-thumbnail","category-economia"],"acf":{"antetitulo":""},"yoast_head":"<!-- This site is optimized with the Yoast SEO plugin v28.4 - https:\/\/yoast.com\/product\/yoast-seo-wordpress\/ -->\n<title>Viceministro Zaratti prepara un plan para el emprendurismo cultural - El Diario - Bolivia<\/title>\n<meta name=\"robots\" content=\"index, follow, max-snippet:-1, max-image-preview:large, max-video-preview:-1\" \/>\n<link rel=\"canonical\" href=\"https:\/\/www.eldiario.net\/portal\/2025\/12\/21\/viceministro-zaratti-prepara-un-plan-para-el-emprendurismo-cultural\/\" \/>\n<meta property=\"og:locale\" content=\"es_ES\" \/>\n<meta property=\"og:type\" content=\"article\" \/>\n<meta property=\"og:title\" content=\"Viceministro Zaratti prepara un plan para el emprendurismo cultural - El Diario - Bolivia\" \/>\n<meta property=\"og:description\" content=\"El Viceministro de Culturas y Folklor, Andr\u00e9s Zaratti, anunci\u00f3 que se apresta a elaborar un plan quinquenal para las manifestaciones culturales y folkl\u00f3ricas con la participaci\u00f3n de todos los sectores involucrados, con el objeto de empezar con fuerza despu\u00e9s de carnavales. En el plan tambi\u00e9n debe participar la Canciller\u00eda, el Servicio de Impuestos y los [&hellip;]\" \/>\n<meta property=\"og:url\" content=\"https:\/\/www.eldiario.net\/portal\/2025\/12\/21\/viceministro-zaratti-prepara-un-plan-para-el-emprendurismo-cultural\/\" \/>\n<meta property=\"og:site_name\" content=\"El Diario - Bolivia\" \/>\n<meta property=\"article:publisher\" content=\"https:\/\/www.facebook.com\/eldiario.bolivia\/\" \/>\n<meta property=\"article:published_time\" content=\"2025-12-21T12:20:24+00:00\" \/>\n<meta property=\"og:image\" content=\"https:\/\/www.eldiario.net\/portal\/wp-content\/uploads\/2025\/12\/Foto-alasita.webp\" \/>\n\t<meta property=\"og:image:width\" content=\"1024\" \/>\n\t<meta property=\"og:image:height\" content=\"512\" \/>\n\t<meta property=\"og:image:type\" content=\"image\/webp\" \/>\n<meta name=\"author\" content=\"Jeanette\" \/>\n<meta name=\"twitter:card\" content=\"summary_large_image\" \/>\n<meta name=\"twitter:creator\" content=\"@eldiario_net\" \/>\n<meta name=\"twitter:site\" content=\"@eldiario_net\" \/>\n<meta name=\"twitter:label1\" content=\"Escrito por\" \/>\n\t<meta name=\"twitter:data1\" content=\"Jeanette\" \/>\n\t<meta name=\"twitter:label2\" content=\"Tiempo de lectura\" \/>\n\t<meta name=\"twitter:data2\" content=\"2 minutos\" \/>\n<script type=\"application\/ld+json\" class=\"yoast-schema-graph\">{\"@context\":\"https:\\\/\\\/schema.org\",\"@graph\":[{\"@type\":\"Article\",\"@id\":\"https:\\\/\\\/www.eldiario.net\\\/portal\\\/2025\\\/12\\\/21\\\/viceministro-zaratti-prepara-un-plan-para-el-emprendurismo-cultural\\\/#article\",\"isPartOf\":{\"@id\":\"https:\\\/\\\/www.eldiario.net\\\/portal\\\/2025\\\/12\\\/21\\\/viceministro-zaratti-prepara-un-plan-para-el-emprendurismo-cultural\\\/\"},\"author\":{\"name\":\"Jeanette\",\"@id\":\"https:\\\/\\\/www.eldiario.net\\\/portal\\\/#\\\/schema\\\/person\\\/f46445640444750d7d753ccd04ae01b7\"},\"headline\":\"Viceministro Zaratti prepara un plan para el emprendurismo cultural\",\"datePublished\":\"2025-12-21T12:20:24+00:00\",\"mainEntityOfPage\":{\"@id\":\"https:\\\/\\\/www.eldiario.net\\\/portal\\\/2025\\\/12\\\/21\\\/viceministro-zaratti-prepara-un-plan-para-el-emprendurismo-cultural\\\/\"},\"wordCount\":389,\"publisher\":{\"@id\":\"https:\\\/\\\/www.eldiario.net\\\/portal\\\/#organization\"},\"image\":{\"@id\":\"https:\\\/\\\/www.eldiario.net\\\/portal\\\/2025\\\/12\\\/21\\\/viceministro-zaratti-prepara-un-plan-para-el-emprendurismo-cultural\\\/#primaryimage\"},\"thumbnailUrl\":\"https:\\\/\\\/www.eldiario.net\\\/portal\\\/wp-content\\\/uploads\\\/2025\\\/12\\\/Foto-alasita.webp\",\"articleSection\":[\"Econom\u00eda\"],\"inLanguage\":\"es\"},{\"@type\":\"WebPage\",\"@id\":\"https:\\\/\\\/www.eldiario.net\\\/portal\\\/2025\\\/12\\\/21\\\/viceministro-zaratti-prepara-un-plan-para-el-emprendurismo-cultural\\\/\",\"url\":\"https:\\\/\\\/www.eldiario.net\\\/portal\\\/2025\\\/12\\\/21\\\/viceministro-zaratti-prepara-un-plan-para-el-emprendurismo-cultural\\\/\",\"name\":\"Viceministro Zaratti prepara un plan para el emprendurismo cultural - El Diario - Bolivia\",\"isPartOf\":{\"@id\":\"https:\\\/\\\/www.eldiario.net\\\/portal\\\/#website\"},\"primaryImageOfPage\":{\"@id\":\"https:\\\/\\\/www.eldiario.net\\\/portal\\\/2025\\\/12\\\/21\\\/viceministro-zaratti-prepara-un-plan-para-el-emprendurismo-cultural\\\/#primaryimage\"},\"image\":{\"@id\":\"https:\\\/\\\/www.eldiario.net\\\/portal\\\/2025\\\/12\\\/21\\\/viceministro-zaratti-prepara-un-plan-para-el-emprendurismo-cultural\\\/#primaryimage\"},\"thumbnailUrl\":\"https:\\\/\\\/www.eldiario.net\\\/portal\\\/wp-content\\\/uploads\\\/2025\\\/12\\\/Foto-alasita.webp\",\"datePublished\":\"2025-12-21T12:20:24+00:00\",\"breadcrumb\":{\"@id\":\"https:\\\/\\\/www.eldiario.net\\\/portal\\\/2025\\\/12\\\/21\\\/viceministro-zaratti-prepara-un-plan-para-el-emprendurismo-cultural\\\/#breadcrumb\"},\"inLanguage\":\"es\",\"potentialAction\":[{\"@type\":\"ReadAction\",\"target\":[\"https:\\\/\\\/www.eldiario.net\\\/portal\\\/2025\\\/12\\\/21\\\/viceministro-zaratti-prepara-un-plan-para-el-emprendurismo-cultural\\\/\"]}]},{\"@type\":\"ImageObject\",\"inLanguage\":\"es\",\"@id\":\"https:\\\/\\\/www.eldiario.net\\\/portal\\\/2025\\\/12\\\/21\\\/viceministro-zaratti-prepara-un-plan-para-el-emprendurismo-cultural\\\/#primaryimage\",\"url\":\"https:\\\/\\\/www.eldiario.net\\\/portal\\\/wp-content\\\/uploads\\\/2025\\\/12\\\/Foto-alasita.webp\",\"contentUrl\":\"https:\\\/\\\/www.eldiario.net\\\/portal\\\/wp-content\\\/uploads\\\/2025\\\/12\\\/Foto-alasita.webp\",\"width\":1024,\"height\":512},{\"@type\":\"BreadcrumbList\",\"@id\":\"https:\\\/\\\/www.eldiario.net\\\/portal\\\/2025\\\/12\\\/21\\\/viceministro-zaratti-prepara-un-plan-para-el-emprendurismo-cultural\\\/#breadcrumb\",\"itemListElement\":[{\"@type\":\"ListItem\",\"position\":1,\"name\":\"Portada\",\"item\":\"https:\\\/\\\/www.eldiario.net\\\/portal\\\/\"},{\"@type\":\"ListItem\",\"position\":2,\"name\":\"Viceministro Zaratti prepara un plan para el emprendurismo cultural\"}]},{\"@type\":\"WebSite\",\"@id\":\"https:\\\/\\\/www.eldiario.net\\\/portal\\\/#website\",\"url\":\"https:\\\/\\\/www.eldiario.net\\\/portal\\\/\",\"name\":\"El Diario - Decano de la prensa nacional\",\"description\":\"El Diario - Decano de la prensa nacional\",\"publisher\":{\"@id\":\"https:\\\/\\\/www.eldiario.net\\\/portal\\\/#organization\"},\"potentialAction\":[{\"@type\":\"SearchAction\",\"target\":{\"@type\":\"EntryPoint\",\"urlTemplate\":\"https:\\\/\\\/www.eldiario.net\\\/portal\\\/?s={search_term_string}\"},\"query-input\":{\"@type\":\"PropertyValueSpecification\",\"valueRequired\":true,\"valueName\":\"search_term_string\"}}],\"inLanguage\":\"es\"},{\"@type\":\"Organization\",\"@id\":\"https:\\\/\\\/www.eldiario.net\\\/portal\\\/#organization\",\"name\":\"El Diario - Decano de la prensa nacional\",\"url\":\"https:\\\/\\\/www.eldiario.net\\\/portal\\\/\",\"logo\":{\"@type\":\"ImageObject\",\"inLanguage\":\"es\",\"@id\":\"https:\\\/\\\/www.eldiario.net\\\/portal\\\/#\\\/schema\\\/logo\\\/image\\\/\",\"url\":\"https:\\\/\\\/www.eldiario.net\\\/portal\\\/wp-content\\\/uploads\\\/2023\\\/07\\\/logo_ED.jpg\",\"contentUrl\":\"https:\\\/\\\/www.eldiario.net\\\/portal\\\/wp-content\\\/uploads\\\/2023\\\/07\\\/logo_ED.jpg\",\"width\":272,\"height\":52,\"caption\":\"El Diario - Decano de la prensa nacional\"},\"image\":{\"@id\":\"https:\\\/\\\/www.eldiario.net\\\/portal\\\/#\\\/schema\\\/logo\\\/image\\\/\"},\"sameAs\":[\"https:\\\/\\\/www.facebook.com\\\/eldiario.bolivia\\\/\",\"https:\\\/\\\/x.com\\\/eldiario_net\"]},{\"@type\":\"Person\",\"@id\":\"https:\\\/\\\/www.eldiario.net\\\/portal\\\/#\\\/schema\\\/person\\\/f46445640444750d7d753ccd04ae01b7\",\"name\":\"Jeanette\",\"image\":{\"@type\":\"ImageObject\",\"inLanguage\":\"es\",\"@id\":\"https:\\\/\\\/secure.gravatar.com\\\/avatar\\\/3ea2118a5f7dad2b7138b1187a6b7ee55f160b9968b66013c3a3ef39dd7e5798?s=96&d=mm&r=g\",\"url\":\"https:\\\/\\\/secure.gravatar.com\\\/avatar\\\/3ea2118a5f7dad2b7138b1187a6b7ee55f160b9968b66013c3a3ef39dd7e5798?s=96&d=mm&r=g\",\"contentUrl\":\"https:\\\/\\\/secure.gravatar.com\\\/avatar\\\/3ea2118a5f7dad2b7138b1187a6b7ee55f160b9968b66013c3a3ef39dd7e5798?s=96&d=mm&r=g\",\"caption\":\"Jeanette\"},\"sameAs\":[\"https:\\\/\\\/www.eldiario.net\\\/portal\"],\"url\":\"https:\\\/\\\/www.eldiario.net\\\/portal\\\/author\\\/jeanette\\\/\"}]}<\/script>\n<!-- \/ Yoast SEO plugin. -->","yoast_head_json":{"title":"Viceministro Zaratti prepara un plan para el emprendurismo cultural - El Diario - Bolivia","robots":{"index":"index","follow":"follow","max-snippet":"max-snippet:-1","max-image-preview":"max-image-preview:large","max-video-preview":"max-video-preview:-1"},"canonical":"https:\/\/www.eldiario.net\/portal\/2025\/12\/21\/viceministro-zaratti-prepara-un-plan-para-el-emprendurismo-cultural\/","og_locale":"es_ES","og_type":"article","og_title":"Viceministro Zaratti prepara un plan para el emprendurismo cultural - El Diario - Bolivia","og_description":"El Viceministro de Culturas y Folklor, Andr\u00e9s Zaratti, anunci\u00f3 que se apresta a elaborar un plan quinquenal para las manifestaciones culturales y folkl\u00f3ricas con la participaci\u00f3n de todos los sectores involucrados, con el objeto de empezar con fuerza despu\u00e9s de carnavales. En el plan tambi\u00e9n debe participar la Canciller\u00eda, el Servicio de Impuestos y los [&hellip;]","og_url":"https:\/\/www.eldiario.net\/portal\/2025\/12\/21\/viceministro-zaratti-prepara-un-plan-para-el-emprendurismo-cultural\/","og_site_name":"El Diario - Bolivia","article_publisher":"https:\/\/www.facebook.com\/eldiario.bolivia\/","article_published_time":"2025-12-21T12:20:24+00:00","og_image":[{"width":1024,"height":512,"url":"https:\/\/www.eldiario.net\/portal\/wp-content\/uploads\/2025\/12\/Foto-alasita.webp","type":"image\/webp"}],"author":"Jeanette","twitter_card":"summary_large_image","twitter_creator":"@eldiario_net","twitter_site":"@eldiario_net","twitter_misc":{"Escrito por":"Jeanette","Tiempo de lectura":"2 minutos"},"schema":{"@context":"https:\/\/schema.org","@graph":[{"@type":"Article","@id":"https:\/\/www.eldiario.net\/portal\/2025\/12\/21\/viceministro-zaratti-prepara-un-plan-para-el-emprendurismo-cultural\/#article","isPartOf":{"@id":"https:\/\/www.eldiario.net\/portal\/2025\/12\/21\/viceministro-zaratti-prepara-un-plan-para-el-emprendurismo-cultural\/"},"author":{"name":"Jeanette","@id":"https:\/\/www.eldiario.net\/portal\/#\/schema\/person\/f46445640444750d7d753ccd04ae01b7"},"headline":"Viceministro Zaratti prepara un plan para el emprendurismo cultural","datePublished":"2025-12-21T12:20:24+00:00","mainEntityOfPage":{"@id":"https:\/\/www.eldiario.net\/portal\/2025\/12\/21\/viceministro-zaratti-prepara-un-plan-para-el-emprendurismo-cultural\/"},"wordCount":389,"publisher":{"@id":"https:\/\/www.eldiario.net\/portal\/#organization"},"image":{"@id":"https:\/\/www.eldiario.net\/portal\/2025\/12\/21\/viceministro-zaratti-prepara-un-plan-para-el-emprendurismo-cultural\/#primaryimage"},"thumbnailUrl":"https:\/\/www.eldiario.net\/portal\/wp-content\/uploads\/2025\/12\/Foto-alasita.webp","articleSection":["Econom\u00eda"],"inLanguage":"es"},{"@type":"WebPage","@id":"https:\/\/www.eldiario.net\/portal\/2025\/12\/21\/viceministro-zaratti-prepara-un-plan-para-el-emprendurismo-cultural\/","url":"https:\/\/www.eldiario.net\/portal\/2025\/12\/21\/viceministro-zaratti-prepara-un-plan-para-el-emprendurismo-cultural\/","name":"Viceministro Zaratti prepara un plan para el emprendurismo cultural - El Diario - Bolivia","isPartOf":{"@id":"https:\/\/www.eldiario.net\/portal\/#website"},"primaryImageOfPage":{"@id":"https:\/\/www.eldiario.net\/portal\/2025\/12\/21\/viceministro-zaratti-prepara-un-plan-para-el-emprendurismo-cultural\/#primaryimage"},"image":{"@id":"https:\/\/www.eldiario.net\/portal\/2025\/12\/21\/viceministro-zaratti-prepara-un-plan-para-el-emprendurismo-cultural\/#primaryimage"},"thumbnailUrl":"https:\/\/www.eldiario.net\/portal\/wp-content\/uploads\/2025\/12\/Foto-alasita.webp","datePublished":"2025-12-21T12:20:24+00:00","breadcrumb":{"@id":"https:\/\/www.eldiario.net\/portal\/2025\/12\/21\/viceministro-zaratti-prepara-un-plan-para-el-emprendurismo-cultural\/#breadcrumb"},"inLanguage":"es","potentialAction":[{"@type":"ReadAction","target":["https:\/\/www.eldiario.net\/portal\/2025\/12\/21\/viceministro-zaratti-prepara-un-plan-para-el-emprendurismo-cultural\/"]}]},{"@type":"ImageObject","inLanguage":"es","@id":"https:\/\/www.eldiario.net\/portal\/2025\/12\/21\/viceministro-zaratti-prepara-un-plan-para-el-emprendurismo-cultural\/#primaryimage","url":"https:\/\/www.eldiario.net\/portal\/wp-content\/uploads\/2025\/12\/Foto-alasita.webp","contentUrl":"https:\/\/www.eldiario.net\/portal\/wp-content\/uploads\/2025\/12\/Foto-alasita.webp","width":1024,"height":512},{"@type":"BreadcrumbList","@id":"https:\/\/www.eldiario.net\/portal\/2025\/12\/21\/viceministro-zaratti-prepara-un-plan-para-el-emprendurismo-cultural\/#breadcrumb","itemListElement":[{"@type":"ListItem","position":1,"name":"Portada","item":"https:\/\/www.eldiario.net\/portal\/"},{"@type":"ListItem","position":2,"name":"Viceministro Zaratti prepara un plan para el emprendurismo cultural"}]},{"@type":"WebSite","@id":"https:\/\/www.eldiario.net\/portal\/#website","url":"https:\/\/www.eldiario.net\/portal\/","name":"El Diario - Decano de la prensa nacional","description":"El Diario - Decano de la prensa nacional","publisher":{"@id":"https:\/\/www.eldiario.net\/portal\/#organization"},"potentialAction":[{"@type":"SearchAction","target":{"@type":"EntryPoint","urlTemplate":"https:\/\/www.eldiario.net\/portal\/?s={search_term_string}"},"query-input":{"@type":"PropertyValueSpecification","valueRequired":true,"valueName":"search_term_string"}}],"inLanguage":"es"},{"@type":"Organization","@id":"https:\/\/www.eldiario.net\/portal\/#organization","name":"El Diario - Decano de la prensa nacional","url":"https:\/\/www.eldiario.net\/portal\/","logo":{"@type":"ImageObject","inLanguage":"es","@id":"https:\/\/www.eldiario.net\/portal\/#\/schema\/logo\/image\/","url":"https:\/\/www.eldiario.net\/portal\/wp-content\/uploads\/2023\/07\/logo_ED.jpg","contentUrl":"https:\/\/www.eldiario.net\/portal\/wp-content\/uploads\/2023\/07\/logo_ED.jpg","width":272,"height":52,"caption":"El Diario - Decano de la prensa nacional"},"image":{"@id":"https:\/\/www.eldiario.net\/portal\/#\/schema\/logo\/image\/"},"sameAs":["https:\/\/www.facebook.com\/eldiario.bolivia\/","https:\/\/x.com\/eldiario_net"]},{"@type":"Person","@id":"https:\/\/www.eldiario.net\/portal\/#\/schema\/person\/f46445640444750d7d753ccd04ae01b7","name":"Jeanette","image":{"@type":"ImageObject","inLanguage":"es","@id":"https:\/\/secure.gravatar.com\/avatar\/3ea2118a5f7dad2b7138b1187a6b7ee55f160b9968b66013c3a3ef39dd7e5798?s=96&d=mm&r=g","url":"https:\/\/secure.gravatar.com\/avatar\/3ea2118a5f7dad2b7138b1187a6b7ee55f160b9968b66013c3a3ef39dd7e5798?s=96&d=mm&r=g","contentUrl":"https:\/\/secure.gravatar.com\/avatar\/3ea2118a5f7dad2b7138b1187a6b7ee55f160b9968b66013c3a3ef39dd7e5798?s=96&d=mm&r=g","caption":"Jeanette"},"sameAs":["https:\/\/www.eldiario.net\/portal"],"url":"https:\/\/www.eldiario.net\/portal\/author\/jeanette\/"}]}},"_links":{"self":[{"href":"https:\/\/www.eldiario.net\/portal\/wp-json\/wp\/v2\/posts\/354073","targetHints":{"allow":["GET"]}}],"collection":[{"href":"https:\/\/www.eldiario.net\/portal\/wp-json\/wp\/v2\/posts"}],"about":[{"href":"https:\/\/www.eldiario.net\/portal\/wp-json\/wp\/v2\/types\/post"}],"author":[{"embeddable":true,"href":"https:\/\/www.eldiario.net\/portal\/wp-json\/wp\/v2\/users\/1"}],"replies":[{"embeddable":true,"href":"https:\/\/www.eldiario.net\/portal\/wp-json\/wp\/v2\/comments?post=354073"}],"version-history":[{"count":1,"href":"https:\/\/www.eldiario.net\/portal\/wp-json\/wp\/v2\/posts\/354073\/revisions"}],"predecessor-version":[{"id":354074,"href":"https:\/\/www.eldiario.net\/portal\/wp-json\/wp\/v2\/posts\/354073\/revisions\/354074"}],"wp:featuredmedia":[{"embeddable":true,"href":"https:\/\/www.eldiario.net\/portal\/wp-json\/wp\/v2\/media\/354070"}],"wp:attachment":[{"href":"https:\/\/www.eldiario.net\/portal\/wp-json\/wp\/v2\/media?parent=354073"}],"wp:term":[{"taxonomy":"category","embeddable":true,"href":"https:\/\/www.eldiario.net\/portal\/wp-json\/wp\/v2\/categories?post=354073"},{"taxonomy":"post_tag","embeddable":true,"href":"https:\/\/www.eldiario.net\/portal\/wp-json\/wp\/v2\/tags?post=354073"}],"curies":[{"name":"wp","href":"https:\/\/api.w.org\/{rel}","templated":true}]}}