{"id":354068,"date":"2025-12-21T08:19:43","date_gmt":"2025-12-21T12:19:43","guid":{"rendered":"https:\/\/www.eldiario.net\/portal\/?p=354068"},"modified":"2025-12-21T08:24:25","modified_gmt":"2025-12-21T12:24:25","slug":"inteligencia-artificial-triplica-produccion-de-maiz-en-santa-cruz","status":"publish","type":"post","link":"https:\/\/www.eldiario.net\/portal\/2025\/12\/21\/inteligencia-artificial-triplica-produccion-de-maiz-en-santa-cruz\/","title":{"rendered":"Inteligencia artificial triplica producci\u00f3n de ma\u00edz en Santa Cruz"},"content":{"rendered":"<p>En la Hacienda Almudena, a 150 kil\u00f3metros al Este de la ciudad de Santa Cruz de la Sierra, la empresa Gas y Electricidad, divisi\u00f3n Agro (GE-Agro), triplica la producci\u00f3n de maiz en 1.500 hect\u00e1reas, respecto a agricultores de la zona que utilizan m\u00e9todos tradicionales. Su factor diferencial es el uso de sensores enterrados debajo la tierra que controlan cada planta e informaci\u00f3n satelital que permite identificar las caracter\u00edsticas del suelo y el aire, adem\u00e1s de riego subterr\u00e1neo controlado que hace el uso preciso del agua que se requiere.<\/p>\n<p>Todo el proceso indicado comienza en un escritorio con la programaci\u00f3n de la siembra y termina tambi\u00e9n en un escritorio con la evaluaci\u00f3n de las estad\u00edsticas captadas por los sensores subterr\u00e1neos y la informaci\u00f3n satelital.<\/p>\n<p>El nombre de Almudena es en honor a la virgen espa\u00f1ola que es la protectora de la familia Calder\u00f3n que trabaja en este proyecto desde el padre, el ingeniero Jorge Calder\u00f3n Zuleta; los hijos, Juan Pablo, Jorge y Jimena; y el nieto Enrique Urquidi, cada cual con diferente responsabilidad.<\/p>\n<p>Jorge Calder\u00f3n Zuleta, el presidente ejecutivo de GE Agro, indic\u00f3 a ECONOM\u00cdA Y EMPRESA, que con la nueva manera de hacer agricultura aplicando tecnolog\u00eda de punta e inteligencia artificial ya se puede programar las cosechas, sin la necesidad de esperar la \u00e9poca de lluvias, lo que permite tener el control de las \u00e9pocas de siembra y cosecha que redunda en la ventaja de la venta del producto y ampl\u00eda la posibilidad de exportaci\u00f3n para lograr d\u00f3lares en favor del pa\u00eds.<\/p>\n<p>Seg\u00fan el empresario, otro beneficio de este proyecto es el ahorro de agua con la aplicaci\u00f3n del fertirriego y tambi\u00e9n la energ\u00eda el\u00e9ctrica, lo que es una muestra eficiente del uso de la tecnolg\u00eda en la agricultura boliviana.<\/p>\n<p>ECONOMIA Y EMPRESA visit\u00f3 las plantaciones de la Hacienda Almudena, donde pudo constatar el crecimiento de extensos sembrad\u00edos de ma\u00edz cuyas plantas aproximadamente tienen tres metros de altura. Im\u00e1genes de ello y sus protagonistas pueden verse en el canal Youtube EDI TV BOLIVIA, d\u00f3nde se explica detalles de este proyecto en Santa Cruz.<\/p>\n<p>El gerente de Estrategias y Nuevos negocios de GE Agro, Juan Pablo Calder\u00f3n, revel\u00f3 la inversi\u00f3n de 12 millones de d\u00f3lares en el proyecto de la Hacienda Almudena que tienen el objeto de demostrar que se puede triplicar la producci\u00f3n de cada hect\u00e1rea.<\/p>\n<p>Tenemos el sistema de riego subterr\u00e1neo en toda esa \u00e1rea con canales y mangueras de tecnolog\u00eda israelita, el control con sensores de cada planta, la informaci\u00f3n satelital, o sea la combinaci\u00f3n de software y hardware que permite la reducci\u00f3n del uso de fertilizantes qu\u00edmicos, el uso eficiente del agua, el control de plagas y el ahorro de recursos econ\u00f3micos, indic\u00f3 Juan Pablo, quien tambi\u00e9n se\u00f1al\u00f3 que esta tecnolog\u00eda es apta para el ma\u00edz, la soya, la ch\u00eda y otros granos, y que tambi\u00e9n se estudia llegar al altiplano boliviano con la inteligencia artificial aplicada a la agricultura.<\/p>\n<p>La inteligencia artificial es una nueva herramienta de la agricultura que demanda el empleo de poco personal, como ejemplo se tiene las 1.500 hect\u00e1reas de la hacienda Almudena que son administradas por cuatro personas.<\/p>\n<p>El nieto de la familia empresarial, Enrique Urquidi Calder\u00f3n, es el encargado de la Administraci\u00f3n de la Hacienda Almudena, quien destac\u00f3 que con este tipo de agricultura ya no se depende de las lluvias o de la suerte, como ocurre en la agricultura tradicional.<\/p>\n<p>Por su parte, Jorge Calder\u00f3nn Claurem, indic\u00f3 que GE Agro incursion\u00f3 tambi\u00e9n en Per\u00fa y Espa\u00f1a con el negocio de fruta deshidratada que es exportada a Estados Unidos, Alemana y Corea. \u201cExportamos mango, pi\u00f1a frutilla, arandamnos y pl\u00e1tanos y ahora en Bolivia nos concentramos en granos\u201d, agreg\u00f3 el responsable de abrir mercados en el extranjero.<\/p>\n\r\n                <style type=\"text\/css\">\r\n                    \r\n                    #tdi_1  .td-doubleSlider-2 .td-item1 {\r\n                        background: url(https:\/\/www.eldiario.net\/portal\/wp-content\/uploads\/2025\/12\/Foto-Plantacion-de-maiz-80x60.webp) 0 0 no-repeat;\r\n                    }\r\n                    #tdi_1  .td-doubleSlider-2 .td-item2 {\r\n                        background: url(https:\/\/www.eldiario.net\/portal\/wp-content\/uploads\/2025\/12\/Foto-Expo-1-1-80x60.webp) 0 0 no-repeat;\r\n                    }\r\n                    #tdi_1  .td-doubleSlider-2 .td-item3 {\r\n                        background: url(https:\/\/www.eldiario.net\/portal\/wp-content\/uploads\/2025\/12\/Foto-Jorge-Calderon-80x60.webp) 0 0 no-repeat;\r\n                    }\r\n                <\/style>\r\n\r\n                <div id=\"tdi_1\" class=\"td-gallery td-slide-on-2-columns\">\r\n                    <div class=\"post_td_gallery\">\r\n                        <div class=\"td-gallery-slide-top\">\r\n                           <div class=\"td-gallery-title\"><\/div>\r\n\r\n                            <div class=\"td-gallery-controls-wrapper\">\r\n                                <div class=\"td-gallery-slide-count\"><span class=\"td-gallery-slide-item-focus\">1<\/span> de 3<\/div>\r\n                                <div class=\"td-gallery-slide-prev-next-but\">\r\n                                    <i class = \"td-icon-left doubleSliderPrevButton\"><\/i>\r\n                                    <i class = \"td-icon-right doubleSliderNextButton\"><\/i>\r\n                                <\/div>\r\n                            <\/div>\r\n                        <\/div>\r\n\r\n                        <div class = \"td-doubleSlider-1 \">\r\n                            <div class = \"td-slider\">\r\n                                \r\n                    <div class = \"td-slide-item td-item1\">\r\n                        <figure class=\"td-slide-galery-figure td-slide-popup-gallery\">\r\n                            <a class=\"slide-gallery-image-link\" href=\"https:\/\/www.eldiario.net\/portal\/wp-content\/uploads\/2025\/12\/Foto-Plantacion-de-maiz.webp\" title=\"Foto-Plantaci\u00f3n-de-ma\u00edz\"  data-caption=\"\"  data-description=\"\">\r\n                                <img decoding=\"async\" src=\"https:\/\/www.eldiario.net\/portal\/wp-content\/uploads\/2025\/12\/Foto-Plantacion-de-maiz-236x420.webp\" srcset=\"https:\/\/www.eldiario.net\/portal\/wp-content\/uploads\/2025\/12\/Foto-Plantacion-de-maiz-236x420.webp 236w, https:\/\/www.eldiario.net\/portal\/wp-content\/uploads\/2025\/12\/Foto-Plantacion-de-maiz-169x300.webp 169w, https:\/\/www.eldiario.net\/portal\/wp-content\/uploads\/2025\/12\/Foto-Plantacion-de-maiz-576x1024.webp 576w, https:\/\/www.eldiario.net\/portal\/wp-content\/uploads\/2025\/12\/Foto-Plantacion-de-maiz-150x267.webp 150w, https:\/\/www.eldiario.net\/portal\/wp-content\/uploads\/2025\/12\/Foto-Plantacion-de-maiz-300x533.webp 300w, https:\/\/www.eldiario.net\/portal\/wp-content\/uploads\/2025\/12\/Foto-Plantacion-de-maiz-696x1237.webp 696w, https:\/\/www.eldiario.net\/portal\/wp-content\/uploads\/2025\/12\/Foto-Plantacion-de-maiz.webp 720w\" sizes=\"(max-width: 236px) 100vw, 236px\" alt=\"\">\r\n                            <\/a>\r\n                            \r\n                        <\/figure>\r\n                    <\/div>\r\n                    <div class = \"td-slide-item td-item2\">\r\n                        <figure class=\"td-slide-galery-figure td-slide-popup-gallery\">\r\n                            <a class=\"slide-gallery-image-link\" href=\"https:\/\/www.eldiario.net\/portal\/wp-content\/uploads\/2025\/12\/Foto-Expo-1-1.webp\" title=\"Foto-Expo-1\"  data-caption=\"\"  data-description=\"\">\r\n                                <img decoding=\"async\" src=\"https:\/\/www.eldiario.net\/portal\/wp-content\/uploads\/2025\/12\/Foto-Expo-1-1-560x420.webp\" srcset=\"https:\/\/www.eldiario.net\/portal\/wp-content\/uploads\/2025\/12\/Foto-Expo-1-1-560x420.webp 560w, https:\/\/www.eldiario.net\/portal\/wp-content\/uploads\/2025\/12\/Foto-Expo-1-1-300x225.webp 300w, https:\/\/www.eldiario.net\/portal\/wp-content\/uploads\/2025\/12\/Foto-Expo-1-1-1024x768.webp 1024w, https:\/\/www.eldiario.net\/portal\/wp-content\/uploads\/2025\/12\/Foto-Expo-1-1-768x576.webp 768w, https:\/\/www.eldiario.net\/portal\/wp-content\/uploads\/2025\/12\/Foto-Expo-1-1-80x60.webp 80w, https:\/\/www.eldiario.net\/portal\/wp-content\/uploads\/2025\/12\/Foto-Expo-1-1-150x113.webp 150w, https:\/\/www.eldiario.net\/portal\/wp-content\/uploads\/2025\/12\/Foto-Expo-1-1-696x522.webp 696w, https:\/\/www.eldiario.net\/portal\/wp-content\/uploads\/2025\/12\/Foto-Expo-1-1-1068x801.webp 1068w, https:\/\/www.eldiario.net\/portal\/wp-content\/uploads\/2025\/12\/Foto-Expo-1-1.webp 1200w\" sizes=\"(max-width: 560px) 100vw, 560px\" alt=\"\">\r\n                            <\/a>\r\n                            \r\n                        <\/figure>\r\n                    <\/div>\r\n                    <div class = \"td-slide-item td-item3\">\r\n                        <figure class=\"td-slide-galery-figure td-slide-popup-gallery\">\r\n                            <a class=\"slide-gallery-image-link\" href=\"https:\/\/www.eldiario.net\/portal\/wp-content\/uploads\/2025\/12\/Foto-Jorge-Calderon.webp\" title=\"Foto-Jorge-Calder\u00f3n\"  data-caption=\"\"  data-description=\"\">\r\n                                <img decoding=\"async\" src=\"https:\/\/www.eldiario.net\/portal\/wp-content\/uploads\/2025\/12\/Foto-Jorge-Calderon-560x420.webp\" srcset=\"https:\/\/www.eldiario.net\/portal\/wp-content\/uploads\/2025\/12\/Foto-Jorge-Calderon-560x420.webp 560w, https:\/\/www.eldiario.net\/portal\/wp-content\/uploads\/2025\/12\/Foto-Jorge-Calderon-300x225.webp 300w, https:\/\/www.eldiario.net\/portal\/wp-content\/uploads\/2025\/12\/Foto-Jorge-Calderon-1024x768.webp 1024w, https:\/\/www.eldiario.net\/portal\/wp-content\/uploads\/2025\/12\/Foto-Jorge-Calderon-768x576.webp 768w, https:\/\/www.eldiario.net\/portal\/wp-content\/uploads\/2025\/12\/Foto-Jorge-Calderon-80x60.webp 80w, https:\/\/www.eldiario.net\/portal\/wp-content\/uploads\/2025\/12\/Foto-Jorge-Calderon-150x113.webp 150w, https:\/\/www.eldiario.net\/portal\/wp-content\/uploads\/2025\/12\/Foto-Jorge-Calderon-696x522.webp 696w, https:\/\/www.eldiario.net\/portal\/wp-content\/uploads\/2025\/12\/Foto-Jorge-Calderon-1068x801.webp 1068w, https:\/\/www.eldiario.net\/portal\/wp-content\/uploads\/2025\/12\/Foto-Jorge-Calderon.webp 1280w\" sizes=\"(max-width: 560px) 100vw, 560px\" alt=\"\">\r\n                            <\/a>\r\n                            \r\n                        <\/figure>\r\n                    <\/div>\r\n                            <\/div>\r\n                        <\/div>\r\n\r\n                        <div class = \"td-doubleSlider-2\">\r\n                            <div class = \"td-slider\">\r\n                                \r\n                    <div class = \"td-button td-item1\">\r\n                        <div class = \"td-border\"><\/div>\r\n                    <\/div>\r\n                    <div class = \"td-button td-item2\">\r\n                        <div class = \"td-border\"><\/div>\r\n                    <\/div>\r\n                    <div class = \"td-button td-item3\">\r\n                        <div class = \"td-border\"><\/div>\r\n                    <\/div>\r\n                            <\/div>\r\n                        <\/div>\r\n\r\n                    <\/div>\r\n\r\n                <\/div>\r\n                \n","protected":false},"excerpt":{"rendered":"<p>En la Hacienda Almudena, a 150 kil\u00f3metros al Este de la ciudad de Santa Cruz de la Sierra, la empresa Gas y Electricidad, divisi\u00f3n Agro (GE-Agro), triplica la producci\u00f3n de maiz en 1.500 hect\u00e1reas, respecto a agricultores de la zona que utilizan m\u00e9todos tradicionales. Su factor diferencial es el uso de sensores enterrados debajo la [&hellip;]<\/p>\n","protected":false},"author":1,"featured_media":354077,"comment_status":"closed","ping_status":"open","sticky":false,"template":"","format":"standard","meta":{"_acf_changed":false,"footnotes":""},"categories":[7],"tags":[],"class_list":["post-354068","post","type-post","status-publish","format-standard","has-post-thumbnail","category-economia"],"acf":{"antetitulo":""},"yoast_head":"<!-- This site is optimized with the Yoast SEO plugin v28.4 - https:\/\/yoast.com\/product\/yoast-seo-wordpress\/ -->\n<title>Inteligencia artificial triplica producci\u00f3n de ma\u00edz en Santa Cruz - El Diario - Bolivia<\/title>\n<meta name=\"robots\" content=\"index, follow, max-snippet:-1, max-image-preview:large, max-video-preview:-1\" \/>\n<link rel=\"canonical\" href=\"https:\/\/www.eldiario.net\/portal\/2025\/12\/21\/inteligencia-artificial-triplica-produccion-de-maiz-en-santa-cruz\/\" \/>\n<meta property=\"og:locale\" content=\"es_ES\" \/>\n<meta property=\"og:type\" content=\"article\" \/>\n<meta property=\"og:title\" content=\"Inteligencia artificial triplica producci\u00f3n de ma\u00edz en Santa Cruz - El Diario - Bolivia\" \/>\n<meta property=\"og:description\" content=\"En la Hacienda Almudena, a 150 kil\u00f3metros al Este de la ciudad de Santa Cruz de la Sierra, la empresa Gas y Electricidad, divisi\u00f3n Agro (GE-Agro), triplica la producci\u00f3n de maiz en 1.500 hect\u00e1reas, respecto a agricultores de la zona que utilizan m\u00e9todos tradicionales. Su factor diferencial es el uso de sensores enterrados debajo la [&hellip;]\" \/>\n<meta property=\"og:url\" content=\"https:\/\/www.eldiario.net\/portal\/2025\/12\/21\/inteligencia-artificial-triplica-produccion-de-maiz-en-santa-cruz\/\" \/>\n<meta property=\"og:site_name\" content=\"El Diario - Bolivia\" \/>\n<meta property=\"article:publisher\" content=\"https:\/\/www.facebook.com\/eldiario.bolivia\/\" \/>\n<meta property=\"article:published_time\" content=\"2025-12-21T12:19:43+00:00\" \/>\n<meta property=\"article:modified_time\" content=\"2025-12-21T12:24:25+00:00\" \/>\n<meta property=\"og:image\" content=\"https:\/\/www.eldiario.net\/portal\/wp-content\/uploads\/2025\/12\/Foto-Expo-1-1.webp\" \/>\n\t<meta property=\"og:image:width\" content=\"1200\" \/>\n\t<meta property=\"og:image:height\" content=\"900\" \/>\n\t<meta property=\"og:image:type\" content=\"image\/webp\" \/>\n<meta name=\"author\" content=\"Jeanette\" \/>\n<meta name=\"twitter:card\" content=\"summary_large_image\" \/>\n<meta name=\"twitter:creator\" content=\"@eldiario_net\" \/>\n<meta name=\"twitter:site\" content=\"@eldiario_net\" \/>\n<meta name=\"twitter:label1\" content=\"Escrito por\" \/>\n\t<meta name=\"twitter:data1\" content=\"Jeanette\" \/>\n\t<meta name=\"twitter:label2\" content=\"Tiempo de lectura\" \/>\n\t<meta name=\"twitter:data2\" content=\"4 minutos\" \/>\n<script type=\"application\/ld+json\" class=\"yoast-schema-graph\">{\"@context\":\"https:\\\/\\\/schema.org\",\"@graph\":[{\"@type\":\"Article\",\"@id\":\"https:\\\/\\\/www.eldiario.net\\\/portal\\\/2025\\\/12\\\/21\\\/inteligencia-artificial-triplica-produccion-de-maiz-en-santa-cruz\\\/#article\",\"isPartOf\":{\"@id\":\"https:\\\/\\\/www.eldiario.net\\\/portal\\\/2025\\\/12\\\/21\\\/inteligencia-artificial-triplica-produccion-de-maiz-en-santa-cruz\\\/\"},\"author\":{\"name\":\"Jeanette\",\"@id\":\"https:\\\/\\\/www.eldiario.net\\\/portal\\\/#\\\/schema\\\/person\\\/f46445640444750d7d753ccd04ae01b7\"},\"headline\":\"Inteligencia artificial triplica producci\u00f3n de ma\u00edz en Santa Cruz\",\"datePublished\":\"2025-12-21T12:19:43+00:00\",\"dateModified\":\"2025-12-21T12:24:25+00:00\",\"mainEntityOfPage\":{\"@id\":\"https:\\\/\\\/www.eldiario.net\\\/portal\\\/2025\\\/12\\\/21\\\/inteligencia-artificial-triplica-produccion-de-maiz-en-santa-cruz\\\/\"},\"wordCount\":693,\"publisher\":{\"@id\":\"https:\\\/\\\/www.eldiario.net\\\/portal\\\/#organization\"},\"image\":{\"@id\":\"https:\\\/\\\/www.eldiario.net\\\/portal\\\/2025\\\/12\\\/21\\\/inteligencia-artificial-triplica-produccion-de-maiz-en-santa-cruz\\\/#primaryimage\"},\"thumbnailUrl\":\"https:\\\/\\\/www.eldiario.net\\\/portal\\\/wp-content\\\/uploads\\\/2025\\\/12\\\/Foto-Expo-1-1.webp\",\"articleSection\":[\"Econom\u00eda\"],\"inLanguage\":\"es\"},{\"@type\":\"WebPage\",\"@id\":\"https:\\\/\\\/www.eldiario.net\\\/portal\\\/2025\\\/12\\\/21\\\/inteligencia-artificial-triplica-produccion-de-maiz-en-santa-cruz\\\/\",\"url\":\"https:\\\/\\\/www.eldiario.net\\\/portal\\\/2025\\\/12\\\/21\\\/inteligencia-artificial-triplica-produccion-de-maiz-en-santa-cruz\\\/\",\"name\":\"Inteligencia artificial triplica producci\u00f3n de ma\u00edz en Santa Cruz - El Diario - Bolivia\",\"isPartOf\":{\"@id\":\"https:\\\/\\\/www.eldiario.net\\\/portal\\\/#website\"},\"primaryImageOfPage\":{\"@id\":\"https:\\\/\\\/www.eldiario.net\\\/portal\\\/2025\\\/12\\\/21\\\/inteligencia-artificial-triplica-produccion-de-maiz-en-santa-cruz\\\/#primaryimage\"},\"image\":{\"@id\":\"https:\\\/\\\/www.eldiario.net\\\/portal\\\/2025\\\/12\\\/21\\\/inteligencia-artificial-triplica-produccion-de-maiz-en-santa-cruz\\\/#primaryimage\"},\"thumbnailUrl\":\"https:\\\/\\\/www.eldiario.net\\\/portal\\\/wp-content\\\/uploads\\\/2025\\\/12\\\/Foto-Expo-1-1.webp\",\"datePublished\":\"2025-12-21T12:19:43+00:00\",\"dateModified\":\"2025-12-21T12:24:25+00:00\",\"breadcrumb\":{\"@id\":\"https:\\\/\\\/www.eldiario.net\\\/portal\\\/2025\\\/12\\\/21\\\/inteligencia-artificial-triplica-produccion-de-maiz-en-santa-cruz\\\/#breadcrumb\"},\"inLanguage\":\"es\",\"potentialAction\":[{\"@type\":\"ReadAction\",\"target\":[\"https:\\\/\\\/www.eldiario.net\\\/portal\\\/2025\\\/12\\\/21\\\/inteligencia-artificial-triplica-produccion-de-maiz-en-santa-cruz\\\/\"]}]},{\"@type\":\"ImageObject\",\"inLanguage\":\"es\",\"@id\":\"https:\\\/\\\/www.eldiario.net\\\/portal\\\/2025\\\/12\\\/21\\\/inteligencia-artificial-triplica-produccion-de-maiz-en-santa-cruz\\\/#primaryimage\",\"url\":\"https:\\\/\\\/www.eldiario.net\\\/portal\\\/wp-content\\\/uploads\\\/2025\\\/12\\\/Foto-Expo-1-1.webp\",\"contentUrl\":\"https:\\\/\\\/www.eldiario.net\\\/portal\\\/wp-content\\\/uploads\\\/2025\\\/12\\\/Foto-Expo-1-1.webp\",\"width\":1200,\"height\":900},{\"@type\":\"BreadcrumbList\",\"@id\":\"https:\\\/\\\/www.eldiario.net\\\/portal\\\/2025\\\/12\\\/21\\\/inteligencia-artificial-triplica-produccion-de-maiz-en-santa-cruz\\\/#breadcrumb\",\"itemListElement\":[{\"@type\":\"ListItem\",\"position\":1,\"name\":\"Portada\",\"item\":\"https:\\\/\\\/www.eldiario.net\\\/portal\\\/\"},{\"@type\":\"ListItem\",\"position\":2,\"name\":\"Inteligencia artificial triplica producci\u00f3n de ma\u00edz en Santa Cruz\"}]},{\"@type\":\"WebSite\",\"@id\":\"https:\\\/\\\/www.eldiario.net\\\/portal\\\/#website\",\"url\":\"https:\\\/\\\/www.eldiario.net\\\/portal\\\/\",\"name\":\"El Diario - Decano de la prensa nacional\",\"description\":\"El Diario - Decano de la prensa nacional\",\"publisher\":{\"@id\":\"https:\\\/\\\/www.eldiario.net\\\/portal\\\/#organization\"},\"potentialAction\":[{\"@type\":\"SearchAction\",\"target\":{\"@type\":\"EntryPoint\",\"urlTemplate\":\"https:\\\/\\\/www.eldiario.net\\\/portal\\\/?s={search_term_string}\"},\"query-input\":{\"@type\":\"PropertyValueSpecification\",\"valueRequired\":true,\"valueName\":\"search_term_string\"}}],\"inLanguage\":\"es\"},{\"@type\":\"Organization\",\"@id\":\"https:\\\/\\\/www.eldiario.net\\\/portal\\\/#organization\",\"name\":\"El Diario - Decano de la prensa nacional\",\"url\":\"https:\\\/\\\/www.eldiario.net\\\/portal\\\/\",\"logo\":{\"@type\":\"ImageObject\",\"inLanguage\":\"es\",\"@id\":\"https:\\\/\\\/www.eldiario.net\\\/portal\\\/#\\\/schema\\\/logo\\\/image\\\/\",\"url\":\"https:\\\/\\\/www.eldiario.net\\\/portal\\\/wp-content\\\/uploads\\\/2023\\\/07\\\/logo_ED.jpg\",\"contentUrl\":\"https:\\\/\\\/www.eldiario.net\\\/portal\\\/wp-content\\\/uploads\\\/2023\\\/07\\\/logo_ED.jpg\",\"width\":272,\"height\":52,\"caption\":\"El Diario - Decano de la prensa nacional\"},\"image\":{\"@id\":\"https:\\\/\\\/www.eldiario.net\\\/portal\\\/#\\\/schema\\\/logo\\\/image\\\/\"},\"sameAs\":[\"https:\\\/\\\/www.facebook.com\\\/eldiario.bolivia\\\/\",\"https:\\\/\\\/x.com\\\/eldiario_net\"]},{\"@type\":\"Person\",\"@id\":\"https:\\\/\\\/www.eldiario.net\\\/portal\\\/#\\\/schema\\\/person\\\/f46445640444750d7d753ccd04ae01b7\",\"name\":\"Jeanette\",\"image\":{\"@type\":\"ImageObject\",\"inLanguage\":\"es\",\"@id\":\"https:\\\/\\\/secure.gravatar.com\\\/avatar\\\/3ea2118a5f7dad2b7138b1187a6b7ee55f160b9968b66013c3a3ef39dd7e5798?s=96&d=mm&r=g\",\"url\":\"https:\\\/\\\/secure.gravatar.com\\\/avatar\\\/3ea2118a5f7dad2b7138b1187a6b7ee55f160b9968b66013c3a3ef39dd7e5798?s=96&d=mm&r=g\",\"contentUrl\":\"https:\\\/\\\/secure.gravatar.com\\\/avatar\\\/3ea2118a5f7dad2b7138b1187a6b7ee55f160b9968b66013c3a3ef39dd7e5798?s=96&d=mm&r=g\",\"caption\":\"Jeanette\"},\"sameAs\":[\"https:\\\/\\\/www.eldiario.net\\\/portal\"],\"url\":\"https:\\\/\\\/www.eldiario.net\\\/portal\\\/author\\\/jeanette\\\/\"}]}<\/script>\n<!-- \/ Yoast SEO plugin. -->","yoast_head_json":{"title":"Inteligencia artificial triplica producci\u00f3n de ma\u00edz en Santa Cruz - El Diario - Bolivia","robots":{"index":"index","follow":"follow","max-snippet":"max-snippet:-1","max-image-preview":"max-image-preview:large","max-video-preview":"max-video-preview:-1"},"canonical":"https:\/\/www.eldiario.net\/portal\/2025\/12\/21\/inteligencia-artificial-triplica-produccion-de-maiz-en-santa-cruz\/","og_locale":"es_ES","og_type":"article","og_title":"Inteligencia artificial triplica producci\u00f3n de ma\u00edz en Santa Cruz - El Diario - Bolivia","og_description":"En la Hacienda Almudena, a 150 kil\u00f3metros al Este de la ciudad de Santa Cruz de la Sierra, la empresa Gas y Electricidad, divisi\u00f3n Agro (GE-Agro), triplica la producci\u00f3n de maiz en 1.500 hect\u00e1reas, respecto a agricultores de la zona que utilizan m\u00e9todos tradicionales. Su factor diferencial es el uso de sensores enterrados debajo la [&hellip;]","og_url":"https:\/\/www.eldiario.net\/portal\/2025\/12\/21\/inteligencia-artificial-triplica-produccion-de-maiz-en-santa-cruz\/","og_site_name":"El Diario - Bolivia","article_publisher":"https:\/\/www.facebook.com\/eldiario.bolivia\/","article_published_time":"2025-12-21T12:19:43+00:00","article_modified_time":"2025-12-21T12:24:25+00:00","og_image":[{"width":1200,"height":900,"url":"https:\/\/www.eldiario.net\/portal\/wp-content\/uploads\/2025\/12\/Foto-Expo-1-1.webp","type":"image\/webp"}],"author":"Jeanette","twitter_card":"summary_large_image","twitter_creator":"@eldiario_net","twitter_site":"@eldiario_net","twitter_misc":{"Escrito por":"Jeanette","Tiempo de lectura":"4 minutos"},"schema":{"@context":"https:\/\/schema.org","@graph":[{"@type":"Article","@id":"https:\/\/www.eldiario.net\/portal\/2025\/12\/21\/inteligencia-artificial-triplica-produccion-de-maiz-en-santa-cruz\/#article","isPartOf":{"@id":"https:\/\/www.eldiario.net\/portal\/2025\/12\/21\/inteligencia-artificial-triplica-produccion-de-maiz-en-santa-cruz\/"},"author":{"name":"Jeanette","@id":"https:\/\/www.eldiario.net\/portal\/#\/schema\/person\/f46445640444750d7d753ccd04ae01b7"},"headline":"Inteligencia artificial triplica producci\u00f3n de ma\u00edz en Santa Cruz","datePublished":"2025-12-21T12:19:43+00:00","dateModified":"2025-12-21T12:24:25+00:00","mainEntityOfPage":{"@id":"https:\/\/www.eldiario.net\/portal\/2025\/12\/21\/inteligencia-artificial-triplica-produccion-de-maiz-en-santa-cruz\/"},"wordCount":693,"publisher":{"@id":"https:\/\/www.eldiario.net\/portal\/#organization"},"image":{"@id":"https:\/\/www.eldiario.net\/portal\/2025\/12\/21\/inteligencia-artificial-triplica-produccion-de-maiz-en-santa-cruz\/#primaryimage"},"thumbnailUrl":"https:\/\/www.eldiario.net\/portal\/wp-content\/uploads\/2025\/12\/Foto-Expo-1-1.webp","articleSection":["Econom\u00eda"],"inLanguage":"es"},{"@type":"WebPage","@id":"https:\/\/www.eldiario.net\/portal\/2025\/12\/21\/inteligencia-artificial-triplica-produccion-de-maiz-en-santa-cruz\/","url":"https:\/\/www.eldiario.net\/portal\/2025\/12\/21\/inteligencia-artificial-triplica-produccion-de-maiz-en-santa-cruz\/","name":"Inteligencia artificial triplica producci\u00f3n de ma\u00edz en Santa Cruz - El Diario - Bolivia","isPartOf":{"@id":"https:\/\/www.eldiario.net\/portal\/#website"},"primaryImageOfPage":{"@id":"https:\/\/www.eldiario.net\/portal\/2025\/12\/21\/inteligencia-artificial-triplica-produccion-de-maiz-en-santa-cruz\/#primaryimage"},"image":{"@id":"https:\/\/www.eldiario.net\/portal\/2025\/12\/21\/inteligencia-artificial-triplica-produccion-de-maiz-en-santa-cruz\/#primaryimage"},"thumbnailUrl":"https:\/\/www.eldiario.net\/portal\/wp-content\/uploads\/2025\/12\/Foto-Expo-1-1.webp","datePublished":"2025-12-21T12:19:43+00:00","dateModified":"2025-12-21T12:24:25+00:00","breadcrumb":{"@id":"https:\/\/www.eldiario.net\/portal\/2025\/12\/21\/inteligencia-artificial-triplica-produccion-de-maiz-en-santa-cruz\/#breadcrumb"},"inLanguage":"es","potentialAction":[{"@type":"ReadAction","target":["https:\/\/www.eldiario.net\/portal\/2025\/12\/21\/inteligencia-artificial-triplica-produccion-de-maiz-en-santa-cruz\/"]}]},{"@type":"ImageObject","inLanguage":"es","@id":"https:\/\/www.eldiario.net\/portal\/2025\/12\/21\/inteligencia-artificial-triplica-produccion-de-maiz-en-santa-cruz\/#primaryimage","url":"https:\/\/www.eldiario.net\/portal\/wp-content\/uploads\/2025\/12\/Foto-Expo-1-1.webp","contentUrl":"https:\/\/www.eldiario.net\/portal\/wp-content\/uploads\/2025\/12\/Foto-Expo-1-1.webp","width":1200,"height":900},{"@type":"BreadcrumbList","@id":"https:\/\/www.eldiario.net\/portal\/2025\/12\/21\/inteligencia-artificial-triplica-produccion-de-maiz-en-santa-cruz\/#breadcrumb","itemListElement":[{"@type":"ListItem","position":1,"name":"Portada","item":"https:\/\/www.eldiario.net\/portal\/"},{"@type":"ListItem","position":2,"name":"Inteligencia artificial triplica producci\u00f3n de ma\u00edz en Santa Cruz"}]},{"@type":"WebSite","@id":"https:\/\/www.eldiario.net\/portal\/#website","url":"https:\/\/www.eldiario.net\/portal\/","name":"El Diario - Decano de la prensa nacional","description":"El Diario - Decano de la prensa nacional","publisher":{"@id":"https:\/\/www.eldiario.net\/portal\/#organization"},"potentialAction":[{"@type":"SearchAction","target":{"@type":"EntryPoint","urlTemplate":"https:\/\/www.eldiario.net\/portal\/?s={search_term_string}"},"query-input":{"@type":"PropertyValueSpecification","valueRequired":true,"valueName":"search_term_string"}}],"inLanguage":"es"},{"@type":"Organization","@id":"https:\/\/www.eldiario.net\/portal\/#organization","name":"El Diario - Decano de la prensa nacional","url":"https:\/\/www.eldiario.net\/portal\/","logo":{"@type":"ImageObject","inLanguage":"es","@id":"https:\/\/www.eldiario.net\/portal\/#\/schema\/logo\/image\/","url":"https:\/\/www.eldiario.net\/portal\/wp-content\/uploads\/2023\/07\/logo_ED.jpg","contentUrl":"https:\/\/www.eldiario.net\/portal\/wp-content\/uploads\/2023\/07\/logo_ED.jpg","width":272,"height":52,"caption":"El Diario - Decano de la prensa nacional"},"image":{"@id":"https:\/\/www.eldiario.net\/portal\/#\/schema\/logo\/image\/"},"sameAs":["https:\/\/www.facebook.com\/eldiario.bolivia\/","https:\/\/x.com\/eldiario_net"]},{"@type":"Person","@id":"https:\/\/www.eldiario.net\/portal\/#\/schema\/person\/f46445640444750d7d753ccd04ae01b7","name":"Jeanette","image":{"@type":"ImageObject","inLanguage":"es","@id":"https:\/\/secure.gravatar.com\/avatar\/3ea2118a5f7dad2b7138b1187a6b7ee55f160b9968b66013c3a3ef39dd7e5798?s=96&d=mm&r=g","url":"https:\/\/secure.gravatar.com\/avatar\/3ea2118a5f7dad2b7138b1187a6b7ee55f160b9968b66013c3a3ef39dd7e5798?s=96&d=mm&r=g","contentUrl":"https:\/\/secure.gravatar.com\/avatar\/3ea2118a5f7dad2b7138b1187a6b7ee55f160b9968b66013c3a3ef39dd7e5798?s=96&d=mm&r=g","caption":"Jeanette"},"sameAs":["https:\/\/www.eldiario.net\/portal"],"url":"https:\/\/www.eldiario.net\/portal\/author\/jeanette\/"}]}},"_links":{"self":[{"href":"https:\/\/www.eldiario.net\/portal\/wp-json\/wp\/v2\/posts\/354068","targetHints":{"allow":["GET"]}}],"collection":[{"href":"https:\/\/www.eldiario.net\/portal\/wp-json\/wp\/v2\/posts"}],"about":[{"href":"https:\/\/www.eldiario.net\/portal\/wp-json\/wp\/v2\/types\/post"}],"author":[{"embeddable":true,"href":"https:\/\/www.eldiario.net\/portal\/wp-json\/wp\/v2\/users\/1"}],"replies":[{"embeddable":true,"href":"https:\/\/www.eldiario.net\/portal\/wp-json\/wp\/v2\/comments?post=354068"}],"version-history":[{"count":3,"href":"https:\/\/www.eldiario.net\/portal\/wp-json\/wp\/v2\/posts\/354068\/revisions"}],"predecessor-version":[{"id":354079,"href":"https:\/\/www.eldiario.net\/portal\/wp-json\/wp\/v2\/posts\/354068\/revisions\/354079"}],"wp:featuredmedia":[{"embeddable":true,"href":"https:\/\/www.eldiario.net\/portal\/wp-json\/wp\/v2\/media\/354077"}],"wp:attachment":[{"href":"https:\/\/www.eldiario.net\/portal\/wp-json\/wp\/v2\/media?parent=354068"}],"wp:term":[{"taxonomy":"category","embeddable":true,"href":"https:\/\/www.eldiario.net\/portal\/wp-json\/wp\/v2\/categories?post=354068"},{"taxonomy":"post_tag","embeddable":true,"href":"https:\/\/www.eldiario.net\/portal\/wp-json\/wp\/v2\/tags?post=354068"}],"curies":[{"name":"wp","href":"https:\/\/api.w.org\/{rel}","templated":true}]}}