{"id":3536,"date":"2021-05-13T06:25:18","date_gmt":"2021-05-13T10:25:18","guid":{"rendered":"https:\/\/www.eldiario.net\/portal\/?p=3536"},"modified":"2021-05-13T06:25:18","modified_gmt":"2021-05-13T10:25:18","slug":"dellien-cae-ante-zverev-y-se-despide-de-roma","status":"publish","type":"post","link":"https:\/\/www.eldiario.net\/portal\/2021\/05\/13\/dellien-cae-ante-zverev-y-se-despide-de-roma\/","title":{"rendered":"Dellien cae ante Zverev y se despide de Roma"},"content":{"rendered":"<p>A pesar de hacerle frente durante el partido Hugo Dellien no pudo con el alem\u00e1n Alexander Zverev, sexto raqueado del mundo, y perdi\u00f3 por un doble 6-2 en la segunda ronda del Masters 1000 de Roma.<\/p>\n<p>Ayer, a las 07.30am de Bolivia comenz\u00f3 el encuentro en el estadio Pietrangeli del Foro It\u00e1lico, donde la experiencia del joven alem\u00e1n se not\u00f3 desde un principio.<\/p>\n<p>En el tercer game Zverev logr\u00f3 quebrarle el servicio al boliviano y lo propio lo hizo en el quinto juego para colocarse en ventaja por 4-1. Esta diferencia se mantuvo hasta ganar 6-2.<\/p>\n<p>La segunda cancha fue mucho m\u00e1s pareja a pesar de que el resultado fuera el mismo que el primer set, ya que Dellien no daba el brazo a torcer en cada punto, lo cual lleg\u00f3 a desesperar por momentos al Top-10 del mundo.<\/p>\n<p><strong>Dura lucha<\/strong><\/p>\n<p>Nuevamente en el tercer game Zverev le rompi\u00f3 el saque al nacido en Trinidad, que en el siguiente juego estuvo muy cerca de hacerle lo mismo, pero en ese instante se dio una gran lucha, ya que por concretar ese punto tardaron poco m\u00e1s de 10 minutos.<\/p>\n<p>Al final el alem\u00e1n hizo respetar su saque, le quebr\u00f3 el servici\u00f3 a Dellien en el quinto game y se qued\u00f3 con el triunfo por 6-2 luego de 1 hora, 20 minutos y 12 segundos.<\/p>\n<p>Al t\u00e9rmino del encuentro ambos se saludaron y felicitaron por el partido que protagonizaron, pues se conocen desde hace un par de a\u00f1os.<\/p>\n<p>Dellien no pudo cobrarse revancha de la derrota que sufri\u00f3 en los cuartos de final del Ginebra Open en 2019 (7-5, 3-6 y 6-3).<\/p>\n<p>Por meterse entre los 32 mejores tenistas del torneo el boliviano se asegur\u00f3 21.900 d\u00f3lares y gan\u00f3 45 puntos para el ranking ATP.<\/p>\n<p>Zverev se clasific\u00f3 a los octavos de final, instancia en la que se enfrentar\u00e1 al japon\u00e9s Kei Nishikori, que venci\u00f3 al espa\u00f1ol Pablo Carre\u00f1o por retirarse antes del partido debido a una lesi\u00f3n en su espalda.<\/p>\n<p>&nbsp;<\/p>\n<p>&nbsp;<\/p>\n<p>&nbsp;<\/p>\n","protected":false},"excerpt":{"rendered":"<p>A pesar de hacerle frente durante el partido Hugo Dellien no pudo con el alem\u00e1n Alexander Zverev, sexto raqueado del mundo, y perdi\u00f3 por un doble 6-2 en la segunda ronda del Masters 1000 de Roma. Ayer, a las 07.30am de Bolivia comenz\u00f3 el encuentro en el estadio Pietrangeli del Foro It\u00e1lico, donde la experiencia [&hellip;]<\/p>\n","protected":false},"author":1,"featured_media":3537,"comment_status":"closed","ping_status":"closed","sticky":false,"template":"","format":"standard","meta":{"_acf_changed":false,"footnotes":""},"categories":[6],"tags":[],"class_list":["post-3536","post","type-post","status-publish","format-standard","has-post-thumbnail","category-deportes"],"acf":{"antetitulo":""},"yoast_head":"<!-- This site is optimized with the Yoast SEO plugin v28.3 - https:\/\/yoast.com\/product\/yoast-seo-wordpress\/ -->\n<title>Dellien cae ante Zverev y se despide de Roma - El Diario - Bolivia<\/title>\n<meta name=\"robots\" content=\"index, follow, max-snippet:-1, max-image-preview:large, max-video-preview:-1\" \/>\n<link rel=\"canonical\" href=\"https:\/\/www.eldiario.net\/portal\/2021\/05\/13\/dellien-cae-ante-zverev-y-se-despide-de-roma\/\" \/>\n<meta property=\"og:locale\" content=\"es_ES\" \/>\n<meta property=\"og:type\" content=\"article\" \/>\n<meta property=\"og:title\" content=\"Dellien cae ante Zverev y se despide de Roma - El Diario - Bolivia\" \/>\n<meta property=\"og:description\" content=\"A pesar de hacerle frente durante el partido Hugo Dellien no pudo con el alem\u00e1n Alexander Zverev, sexto raqueado del mundo, y perdi\u00f3 por un doble 6-2 en la segunda ronda del Masters 1000 de Roma. Ayer, a las 07.30am de Bolivia comenz\u00f3 el encuentro en el estadio Pietrangeli del Foro It\u00e1lico, donde la experiencia [&hellip;]\" \/>\n<meta property=\"og:url\" content=\"https:\/\/www.eldiario.net\/portal\/2021\/05\/13\/dellien-cae-ante-zverev-y-se-despide-de-roma\/\" \/>\n<meta property=\"og:site_name\" content=\"El Diario - Bolivia\" \/>\n<meta property=\"article:publisher\" content=\"https:\/\/www.facebook.com\/eldiario.bolivia\/\" \/>\n<meta property=\"article:published_time\" content=\"2021-05-13T10:25:18+00:00\" \/>\n<meta name=\"author\" content=\"Jeanette\" \/>\n<meta name=\"twitter:card\" content=\"summary_large_image\" \/>\n<meta name=\"twitter:creator\" content=\"@eldiario_net\" \/>\n<meta name=\"twitter:site\" content=\"@eldiario_net\" \/>\n<meta name=\"twitter:label1\" content=\"Escrito por\" \/>\n\t<meta name=\"twitter:data1\" content=\"Jeanette\" \/>\n\t<meta name=\"twitter:label2\" content=\"Tiempo de lectura\" \/>\n\t<meta name=\"twitter:data2\" content=\"2 minutos\" \/>\n<script type=\"application\/ld+json\" class=\"yoast-schema-graph\">{\"@context\":\"https:\\\/\\\/schema.org\",\"@graph\":[{\"@type\":\"Article\",\"@id\":\"https:\\\/\\\/www.eldiario.net\\\/portal\\\/2021\\\/05\\\/13\\\/dellien-cae-ante-zverev-y-se-despide-de-roma\\\/#article\",\"isPartOf\":{\"@id\":\"https:\\\/\\\/www.eldiario.net\\\/portal\\\/2021\\\/05\\\/13\\\/dellien-cae-ante-zverev-y-se-despide-de-roma\\\/\"},\"author\":{\"name\":\"Jeanette\",\"@id\":\"https:\\\/\\\/www.eldiario.net\\\/portal\\\/#\\\/schema\\\/person\\\/f46445640444750d7d753ccd04ae01b7\"},\"headline\":\"Dellien cae ante Zverev y se despide de Roma\",\"datePublished\":\"2021-05-13T10:25:18+00:00\",\"mainEntityOfPage\":{\"@id\":\"https:\\\/\\\/www.eldiario.net\\\/portal\\\/2021\\\/05\\\/13\\\/dellien-cae-ante-zverev-y-se-despide-de-roma\\\/\"},\"wordCount\":345,\"publisher\":{\"@id\":\"https:\\\/\\\/www.eldiario.net\\\/portal\\\/#organization\"},\"image\":{\"@id\":\"https:\\\/\\\/www.eldiario.net\\\/portal\\\/2021\\\/05\\\/13\\\/dellien-cae-ante-zverev-y-se-despide-de-roma\\\/#primaryimage\"},\"thumbnailUrl\":\"\",\"articleSection\":[\"Deportes\"],\"inLanguage\":\"es\"},{\"@type\":\"WebPage\",\"@id\":\"https:\\\/\\\/www.eldiario.net\\\/portal\\\/2021\\\/05\\\/13\\\/dellien-cae-ante-zverev-y-se-despide-de-roma\\\/\",\"url\":\"https:\\\/\\\/www.eldiario.net\\\/portal\\\/2021\\\/05\\\/13\\\/dellien-cae-ante-zverev-y-se-despide-de-roma\\\/\",\"name\":\"Dellien cae ante Zverev y se despide de Roma - El Diario - Bolivia\",\"isPartOf\":{\"@id\":\"https:\\\/\\\/www.eldiario.net\\\/portal\\\/#website\"},\"primaryImageOfPage\":{\"@id\":\"https:\\\/\\\/www.eldiario.net\\\/portal\\\/2021\\\/05\\\/13\\\/dellien-cae-ante-zverev-y-se-despide-de-roma\\\/#primaryimage\"},\"image\":{\"@id\":\"https:\\\/\\\/www.eldiario.net\\\/portal\\\/2021\\\/05\\\/13\\\/dellien-cae-ante-zverev-y-se-despide-de-roma\\\/#primaryimage\"},\"thumbnailUrl\":\"\",\"datePublished\":\"2021-05-13T10:25:18+00:00\",\"breadcrumb\":{\"@id\":\"https:\\\/\\\/www.eldiario.net\\\/portal\\\/2021\\\/05\\\/13\\\/dellien-cae-ante-zverev-y-se-despide-de-roma\\\/#breadcrumb\"},\"inLanguage\":\"es\",\"potentialAction\":[{\"@type\":\"ReadAction\",\"target\":[\"https:\\\/\\\/www.eldiario.net\\\/portal\\\/2021\\\/05\\\/13\\\/dellien-cae-ante-zverev-y-se-despide-de-roma\\\/\"]}]},{\"@type\":\"ImageObject\",\"inLanguage\":\"es\",\"@id\":\"https:\\\/\\\/www.eldiario.net\\\/portal\\\/2021\\\/05\\\/13\\\/dellien-cae-ante-zverev-y-se-despide-de-roma\\\/#primaryimage\",\"url\":\"\",\"contentUrl\":\"\"},{\"@type\":\"BreadcrumbList\",\"@id\":\"https:\\\/\\\/www.eldiario.net\\\/portal\\\/2021\\\/05\\\/13\\\/dellien-cae-ante-zverev-y-se-despide-de-roma\\\/#breadcrumb\",\"itemListElement\":[{\"@type\":\"ListItem\",\"position\":1,\"name\":\"Portada\",\"item\":\"https:\\\/\\\/www.eldiario.net\\\/portal\\\/\"},{\"@type\":\"ListItem\",\"position\":2,\"name\":\"Dellien cae ante Zverev y se despide de Roma\"}]},{\"@type\":\"WebSite\",\"@id\":\"https:\\\/\\\/www.eldiario.net\\\/portal\\\/#website\",\"url\":\"https:\\\/\\\/www.eldiario.net\\\/portal\\\/\",\"name\":\"El Diario - Decano de la prensa nacional\",\"description\":\"El Diario - Decano de la prensa nacional\",\"publisher\":{\"@id\":\"https:\\\/\\\/www.eldiario.net\\\/portal\\\/#organization\"},\"potentialAction\":[{\"@type\":\"SearchAction\",\"target\":{\"@type\":\"EntryPoint\",\"urlTemplate\":\"https:\\\/\\\/www.eldiario.net\\\/portal\\\/?s={search_term_string}\"},\"query-input\":{\"@type\":\"PropertyValueSpecification\",\"valueRequired\":true,\"valueName\":\"search_term_string\"}}],\"inLanguage\":\"es\"},{\"@type\":\"Organization\",\"@id\":\"https:\\\/\\\/www.eldiario.net\\\/portal\\\/#organization\",\"name\":\"El Diario - Decano de la prensa nacional\",\"url\":\"https:\\\/\\\/www.eldiario.net\\\/portal\\\/\",\"logo\":{\"@type\":\"ImageObject\",\"inLanguage\":\"es\",\"@id\":\"https:\\\/\\\/www.eldiario.net\\\/portal\\\/#\\\/schema\\\/logo\\\/image\\\/\",\"url\":\"https:\\\/\\\/www.eldiario.net\\\/portal\\\/wp-content\\\/uploads\\\/2023\\\/07\\\/logo_ED.jpg\",\"contentUrl\":\"https:\\\/\\\/www.eldiario.net\\\/portal\\\/wp-content\\\/uploads\\\/2023\\\/07\\\/logo_ED.jpg\",\"width\":272,\"height\":52,\"caption\":\"El Diario - Decano de la prensa nacional\"},\"image\":{\"@id\":\"https:\\\/\\\/www.eldiario.net\\\/portal\\\/#\\\/schema\\\/logo\\\/image\\\/\"},\"sameAs\":[\"https:\\\/\\\/www.facebook.com\\\/eldiario.bolivia\\\/\",\"https:\\\/\\\/x.com\\\/eldiario_net\"]},{\"@type\":\"Person\",\"@id\":\"https:\\\/\\\/www.eldiario.net\\\/portal\\\/#\\\/schema\\\/person\\\/f46445640444750d7d753ccd04ae01b7\",\"name\":\"Jeanette\",\"image\":{\"@type\":\"ImageObject\",\"inLanguage\":\"es\",\"@id\":\"https:\\\/\\\/secure.gravatar.com\\\/avatar\\\/3ea2118a5f7dad2b7138b1187a6b7ee55f160b9968b66013c3a3ef39dd7e5798?s=96&d=mm&r=g\",\"url\":\"https:\\\/\\\/secure.gravatar.com\\\/avatar\\\/3ea2118a5f7dad2b7138b1187a6b7ee55f160b9968b66013c3a3ef39dd7e5798?s=96&d=mm&r=g\",\"contentUrl\":\"https:\\\/\\\/secure.gravatar.com\\\/avatar\\\/3ea2118a5f7dad2b7138b1187a6b7ee55f160b9968b66013c3a3ef39dd7e5798?s=96&d=mm&r=g\",\"caption\":\"Jeanette\"},\"sameAs\":[\"https:\\\/\\\/www.eldiario.net\\\/portal\"],\"url\":\"https:\\\/\\\/www.eldiario.net\\\/portal\\\/author\\\/jeanette\\\/\"}]}<\/script>\n<!-- \/ Yoast SEO plugin. -->","yoast_head_json":{"title":"Dellien cae ante Zverev y se despide de Roma - El Diario - Bolivia","robots":{"index":"index","follow":"follow","max-snippet":"max-snippet:-1","max-image-preview":"max-image-preview:large","max-video-preview":"max-video-preview:-1"},"canonical":"https:\/\/www.eldiario.net\/portal\/2021\/05\/13\/dellien-cae-ante-zverev-y-se-despide-de-roma\/","og_locale":"es_ES","og_type":"article","og_title":"Dellien cae ante Zverev y se despide de Roma - El Diario - Bolivia","og_description":"A pesar de hacerle frente durante el partido Hugo Dellien no pudo con el alem\u00e1n Alexander Zverev, sexto raqueado del mundo, y perdi\u00f3 por un doble 6-2 en la segunda ronda del Masters 1000 de Roma. Ayer, a las 07.30am de Bolivia comenz\u00f3 el encuentro en el estadio Pietrangeli del Foro It\u00e1lico, donde la experiencia [&hellip;]","og_url":"https:\/\/www.eldiario.net\/portal\/2021\/05\/13\/dellien-cae-ante-zverev-y-se-despide-de-roma\/","og_site_name":"El Diario - Bolivia","article_publisher":"https:\/\/www.facebook.com\/eldiario.bolivia\/","article_published_time":"2021-05-13T10:25:18+00:00","author":"Jeanette","twitter_card":"summary_large_image","twitter_creator":"@eldiario_net","twitter_site":"@eldiario_net","twitter_misc":{"Escrito por":"Jeanette","Tiempo de lectura":"2 minutos"},"schema":{"@context":"https:\/\/schema.org","@graph":[{"@type":"Article","@id":"https:\/\/www.eldiario.net\/portal\/2021\/05\/13\/dellien-cae-ante-zverev-y-se-despide-de-roma\/#article","isPartOf":{"@id":"https:\/\/www.eldiario.net\/portal\/2021\/05\/13\/dellien-cae-ante-zverev-y-se-despide-de-roma\/"},"author":{"name":"Jeanette","@id":"https:\/\/www.eldiario.net\/portal\/#\/schema\/person\/f46445640444750d7d753ccd04ae01b7"},"headline":"Dellien cae ante Zverev y se despide de Roma","datePublished":"2021-05-13T10:25:18+00:00","mainEntityOfPage":{"@id":"https:\/\/www.eldiario.net\/portal\/2021\/05\/13\/dellien-cae-ante-zverev-y-se-despide-de-roma\/"},"wordCount":345,"publisher":{"@id":"https:\/\/www.eldiario.net\/portal\/#organization"},"image":{"@id":"https:\/\/www.eldiario.net\/portal\/2021\/05\/13\/dellien-cae-ante-zverev-y-se-despide-de-roma\/#primaryimage"},"thumbnailUrl":"","articleSection":["Deportes"],"inLanguage":"es"},{"@type":"WebPage","@id":"https:\/\/www.eldiario.net\/portal\/2021\/05\/13\/dellien-cae-ante-zverev-y-se-despide-de-roma\/","url":"https:\/\/www.eldiario.net\/portal\/2021\/05\/13\/dellien-cae-ante-zverev-y-se-despide-de-roma\/","name":"Dellien cae ante Zverev y se despide de Roma - El Diario - Bolivia","isPartOf":{"@id":"https:\/\/www.eldiario.net\/portal\/#website"},"primaryImageOfPage":{"@id":"https:\/\/www.eldiario.net\/portal\/2021\/05\/13\/dellien-cae-ante-zverev-y-se-despide-de-roma\/#primaryimage"},"image":{"@id":"https:\/\/www.eldiario.net\/portal\/2021\/05\/13\/dellien-cae-ante-zverev-y-se-despide-de-roma\/#primaryimage"},"thumbnailUrl":"","datePublished":"2021-05-13T10:25:18+00:00","breadcrumb":{"@id":"https:\/\/www.eldiario.net\/portal\/2021\/05\/13\/dellien-cae-ante-zverev-y-se-despide-de-roma\/#breadcrumb"},"inLanguage":"es","potentialAction":[{"@type":"ReadAction","target":["https:\/\/www.eldiario.net\/portal\/2021\/05\/13\/dellien-cae-ante-zverev-y-se-despide-de-roma\/"]}]},{"@type":"ImageObject","inLanguage":"es","@id":"https:\/\/www.eldiario.net\/portal\/2021\/05\/13\/dellien-cae-ante-zverev-y-se-despide-de-roma\/#primaryimage","url":"","contentUrl":""},{"@type":"BreadcrumbList","@id":"https:\/\/www.eldiario.net\/portal\/2021\/05\/13\/dellien-cae-ante-zverev-y-se-despide-de-roma\/#breadcrumb","itemListElement":[{"@type":"ListItem","position":1,"name":"Portada","item":"https:\/\/www.eldiario.net\/portal\/"},{"@type":"ListItem","position":2,"name":"Dellien cae ante Zverev y se despide de Roma"}]},{"@type":"WebSite","@id":"https:\/\/www.eldiario.net\/portal\/#website","url":"https:\/\/www.eldiario.net\/portal\/","name":"El Diario - Decano de la prensa nacional","description":"El Diario - Decano de la prensa nacional","publisher":{"@id":"https:\/\/www.eldiario.net\/portal\/#organization"},"potentialAction":[{"@type":"SearchAction","target":{"@type":"EntryPoint","urlTemplate":"https:\/\/www.eldiario.net\/portal\/?s={search_term_string}"},"query-input":{"@type":"PropertyValueSpecification","valueRequired":true,"valueName":"search_term_string"}}],"inLanguage":"es"},{"@type":"Organization","@id":"https:\/\/www.eldiario.net\/portal\/#organization","name":"El Diario - Decano de la prensa nacional","url":"https:\/\/www.eldiario.net\/portal\/","logo":{"@type":"ImageObject","inLanguage":"es","@id":"https:\/\/www.eldiario.net\/portal\/#\/schema\/logo\/image\/","url":"https:\/\/www.eldiario.net\/portal\/wp-content\/uploads\/2023\/07\/logo_ED.jpg","contentUrl":"https:\/\/www.eldiario.net\/portal\/wp-content\/uploads\/2023\/07\/logo_ED.jpg","width":272,"height":52,"caption":"El Diario - Decano de la prensa nacional"},"image":{"@id":"https:\/\/www.eldiario.net\/portal\/#\/schema\/logo\/image\/"},"sameAs":["https:\/\/www.facebook.com\/eldiario.bolivia\/","https:\/\/x.com\/eldiario_net"]},{"@type":"Person","@id":"https:\/\/www.eldiario.net\/portal\/#\/schema\/person\/f46445640444750d7d753ccd04ae01b7","name":"Jeanette","image":{"@type":"ImageObject","inLanguage":"es","@id":"https:\/\/secure.gravatar.com\/avatar\/3ea2118a5f7dad2b7138b1187a6b7ee55f160b9968b66013c3a3ef39dd7e5798?s=96&d=mm&r=g","url":"https:\/\/secure.gravatar.com\/avatar\/3ea2118a5f7dad2b7138b1187a6b7ee55f160b9968b66013c3a3ef39dd7e5798?s=96&d=mm&r=g","contentUrl":"https:\/\/secure.gravatar.com\/avatar\/3ea2118a5f7dad2b7138b1187a6b7ee55f160b9968b66013c3a3ef39dd7e5798?s=96&d=mm&r=g","caption":"Jeanette"},"sameAs":["https:\/\/www.eldiario.net\/portal"],"url":"https:\/\/www.eldiario.net\/portal\/author\/jeanette\/"}]}},"_links":{"self":[{"href":"https:\/\/www.eldiario.net\/portal\/wp-json\/wp\/v2\/posts\/3536","targetHints":{"allow":["GET"]}}],"collection":[{"href":"https:\/\/www.eldiario.net\/portal\/wp-json\/wp\/v2\/posts"}],"about":[{"href":"https:\/\/www.eldiario.net\/portal\/wp-json\/wp\/v2\/types\/post"}],"author":[{"embeddable":true,"href":"https:\/\/www.eldiario.net\/portal\/wp-json\/wp\/v2\/users\/1"}],"replies":[{"embeddable":true,"href":"https:\/\/www.eldiario.net\/portal\/wp-json\/wp\/v2\/comments?post=3536"}],"version-history":[{"count":0,"href":"https:\/\/www.eldiario.net\/portal\/wp-json\/wp\/v2\/posts\/3536\/revisions"}],"wp:attachment":[{"href":"https:\/\/www.eldiario.net\/portal\/wp-json\/wp\/v2\/media?parent=3536"}],"wp:term":[{"taxonomy":"category","embeddable":true,"href":"https:\/\/www.eldiario.net\/portal\/wp-json\/wp\/v2\/categories?post=3536"},{"taxonomy":"post_tag","embeddable":true,"href":"https:\/\/www.eldiario.net\/portal\/wp-json\/wp\/v2\/tags?post=3536"}],"curies":[{"name":"wp","href":"https:\/\/api.w.org\/{rel}","templated":true}]}}