{"id":35250,"date":"2021-10-09T04:20:40","date_gmt":"2021-10-09T08:20:40","guid":{"rendered":"https:\/\/www.eldiario.net\/portal\/?p=35250"},"modified":"2021-10-09T04:20:40","modified_gmt":"2021-10-09T08:20:40","slug":"el-8-de-noviembre-inicia-juicio-de-murillo-en-eeuu","status":"publish","type":"post","link":"https:\/\/www.eldiario.net\/portal\/2021\/10\/09\/el-8-de-noviembre-inicia-juicio-de-murillo-en-eeuu\/","title":{"rendered":"El 8 de noviembre inicia  juicio de Murillo en EEUU"},"content":{"rendered":"<p>Despu\u00e9s que el exministro de Gobierno Arturo Murillo renunci\u00f3 a su derecho a una audiencia preliminar en el juzgado de la ciudad de Miami \u2013estado de Florida de Estados Unidos\u2013, se program\u00f3 para el 8 de noviembre la audiencia de inicio de juicio, explic\u00f3 ayer a EL DIARIO el abogado Thomas Becker.<br \/>\n\u201cLa Corte suspendi\u00f3 la audiencia de hoy (ayer), pero Murillo dijo que iba a renunciar a su derecho a una audiencia preliminar que es la primera etapa donde la Fiscal\u00eda tiene que presentar suficiente prueba para demostrar una causa probable. Murillo dijo que no necesita esa audiencia, entonces pasa a la pr\u00f3xima etapa que es la acusaci\u00f3n formal para que presenten los cargos formalmente y \u00e9l tiene que declararse culpable o inocente\u201d, apunt\u00f3.<br \/>\nExplic\u00f3 que la audiencia de acusaci\u00f3n formal en la justicia americana es el pr\u00f3ximo 8 de noviembre.<br \/>\n\u201cEs el inicio del proceso, pero es una audiencia corta, despu\u00e9s hay varios meses donde ambos (denunciante y denunciado) buscan testigos, informaci\u00f3n y despu\u00e9s hay un juicio oral\u201d, explic\u00f3 el jurista a tiempo de aclarar que Murillo fue imputado por los delitos de soborno y lavado de dinero.<br \/>\nEl procurador Wilfredo Ch\u00e1vez precis\u00f3 que la audiencia de Murillo, que deber\u00eda registrarse ayer, fue postergada por 30 d\u00edas, a pedido del imputado, quien argument\u00f3 el hecho de que tiene una nueva abogada, quien debe revisar la documentaci\u00f3n correspondiente a su caso, para asumir su defensa.<br \/>\nSobre los otros cuatro implicados en el caso: Sergio Rodrigo M\u00e9ndez, Luis Berkman, Bryan Berkman y Philip Lichtenfield, el Procurador detall\u00f3 que, al haber admitido su culpa, ellos conocer\u00e1n su sentencia el 13 de diciembre.<\/p>\n<p>DATOS<br \/>\nUna investigaci\u00f3n desarrollada por la oficina federal de Estados Unidos (FBI), el 22 de mayo pasado, permiti\u00f3 la detenci\u00f3n de Murillo en Miami, donde fij\u00f3 residencia despu\u00e9s de salir del pa\u00eds en 2020.<br \/>\nLa ley de Estados Unidos establece que la Fiscal\u00eda debe presentar los cargos formales en contra de cualquier detenido en una audiencia p\u00fablica que debe celebrarse durante los 14 d\u00edas posteriores al arresto. La legislaci\u00f3n referida tambi\u00e9n prev\u00e9 que ese plazo puede ser modificado con la autorizaci\u00f3n del detenido.<br \/>\nLa audiencia de detenci\u00f3n de Murillo fue fijada inicialmente para el 7 de junio, empero, a pedido de la Fiscal\u00eda, ese acto sufri\u00f3 una primera postergaci\u00f3n hasta el 9 de julio. Despu\u00e9s la audiencia fue pospuesta hasta el 9 de agosto y una vez instalada en esa fecha, esa acci\u00f3n se posterg\u00f3 por tercera vez hasta ayer.<br \/>\nMurillo enfrenta una posible condena de 20 a\u00f1os de c\u00e1rcel en Estados Unidos, que es la pena m\u00e1xima por los delitos de los que se lo imput\u00f3.<\/p>\n","protected":false},"excerpt":{"rendered":"<p>Despu\u00e9s que el exministro de Gobierno Arturo Murillo renunci\u00f3 a su derecho a una audiencia preliminar en el juzgado de la ciudad de Miami \u2013estado de Florida de Estados Unidos\u2013, se program\u00f3 para el 8 de noviembre la audiencia de inicio de juicio, explic\u00f3 ayer a EL DIARIO el abogado Thomas Becker. \u201cLa Corte suspendi\u00f3 [&hellip;]<\/p>\n","protected":false},"author":1,"featured_media":35251,"comment_status":"closed","ping_status":"closed","sticky":false,"template":"","format":"standard","meta":{"_acf_changed":false,"footnotes":""},"categories":[39],"tags":[],"class_list":["post-35250","post","type-post","status-publish","format-standard","has-post-thumbnail","category-sociedad"],"acf":{"antetitulo":""},"yoast_head":"<!-- This site is optimized with the Yoast SEO plugin v28.4 - https:\/\/yoast.com\/product\/yoast-seo-wordpress\/ -->\n<title>El 8 de noviembre inicia juicio de Murillo en EEUU - El Diario - Bolivia<\/title>\n<meta name=\"robots\" content=\"index, follow, max-snippet:-1, max-image-preview:large, max-video-preview:-1\" \/>\n<link rel=\"canonical\" href=\"https:\/\/www.eldiario.net\/portal\/2021\/10\/09\/el-8-de-noviembre-inicia-juicio-de-murillo-en-eeuu\/\" \/>\n<meta property=\"og:locale\" content=\"es_ES\" \/>\n<meta property=\"og:type\" content=\"article\" \/>\n<meta property=\"og:title\" content=\"El 8 de noviembre inicia juicio de Murillo en EEUU - El Diario - Bolivia\" \/>\n<meta property=\"og:description\" content=\"Despu\u00e9s que el exministro de Gobierno Arturo Murillo renunci\u00f3 a su derecho a una audiencia preliminar en el juzgado de la ciudad de Miami \u2013estado de Florida de Estados Unidos\u2013, se program\u00f3 para el 8 de noviembre la audiencia de inicio de juicio, explic\u00f3 ayer a EL DIARIO el abogado Thomas Becker. \u201cLa Corte suspendi\u00f3 [&hellip;]\" \/>\n<meta property=\"og:url\" content=\"https:\/\/www.eldiario.net\/portal\/2021\/10\/09\/el-8-de-noviembre-inicia-juicio-de-murillo-en-eeuu\/\" \/>\n<meta property=\"og:site_name\" content=\"El Diario - Bolivia\" \/>\n<meta property=\"article:publisher\" content=\"https:\/\/www.facebook.com\/eldiario.bolivia\/\" \/>\n<meta property=\"article:published_time\" content=\"2021-10-09T08:20:40+00:00\" \/>\n<meta name=\"author\" content=\"Jeanette\" \/>\n<meta name=\"twitter:card\" content=\"summary_large_image\" \/>\n<meta name=\"twitter:creator\" content=\"@eldiario_net\" \/>\n<meta name=\"twitter:site\" content=\"@eldiario_net\" \/>\n<meta name=\"twitter:label1\" content=\"Escrito por\" \/>\n\t<meta name=\"twitter:data1\" content=\"Jeanette\" \/>\n\t<meta name=\"twitter:label2\" content=\"Tiempo de lectura\" \/>\n\t<meta name=\"twitter:data2\" content=\"2 minutos\" \/>\n<script type=\"application\/ld+json\" class=\"yoast-schema-graph\">{\"@context\":\"https:\\\/\\\/schema.org\",\"@graph\":[{\"@type\":\"Article\",\"@id\":\"https:\\\/\\\/www.eldiario.net\\\/portal\\\/2021\\\/10\\\/09\\\/el-8-de-noviembre-inicia-juicio-de-murillo-en-eeuu\\\/#article\",\"isPartOf\":{\"@id\":\"https:\\\/\\\/www.eldiario.net\\\/portal\\\/2021\\\/10\\\/09\\\/el-8-de-noviembre-inicia-juicio-de-murillo-en-eeuu\\\/\"},\"author\":{\"name\":\"Jeanette\",\"@id\":\"https:\\\/\\\/www.eldiario.net\\\/portal\\\/#\\\/schema\\\/person\\\/2c57cf2b7a7ae032e449e4c9b1019eac\"},\"headline\":\"El 8 de noviembre inicia juicio de Murillo en EEUU\",\"datePublished\":\"2021-10-09T08:20:40+00:00\",\"mainEntityOfPage\":{\"@id\":\"https:\\\/\\\/www.eldiario.net\\\/portal\\\/2021\\\/10\\\/09\\\/el-8-de-noviembre-inicia-juicio-de-murillo-en-eeuu\\\/\"},\"wordCount\":469,\"publisher\":{\"@id\":\"https:\\\/\\\/www.eldiario.net\\\/portal\\\/#organization\"},\"image\":{\"@id\":\"https:\\\/\\\/www.eldiario.net\\\/portal\\\/2021\\\/10\\\/09\\\/el-8-de-noviembre-inicia-juicio-de-murillo-en-eeuu\\\/#primaryimage\"},\"thumbnailUrl\":\"\",\"articleSection\":[\"Sociedad - Seguridad\"],\"inLanguage\":\"es\"},{\"@type\":\"WebPage\",\"@id\":\"https:\\\/\\\/www.eldiario.net\\\/portal\\\/2021\\\/10\\\/09\\\/el-8-de-noviembre-inicia-juicio-de-murillo-en-eeuu\\\/\",\"url\":\"https:\\\/\\\/www.eldiario.net\\\/portal\\\/2021\\\/10\\\/09\\\/el-8-de-noviembre-inicia-juicio-de-murillo-en-eeuu\\\/\",\"name\":\"El 8 de noviembre inicia juicio de Murillo en EEUU - El Diario - Bolivia\",\"isPartOf\":{\"@id\":\"https:\\\/\\\/www.eldiario.net\\\/portal\\\/#website\"},\"primaryImageOfPage\":{\"@id\":\"https:\\\/\\\/www.eldiario.net\\\/portal\\\/2021\\\/10\\\/09\\\/el-8-de-noviembre-inicia-juicio-de-murillo-en-eeuu\\\/#primaryimage\"},\"image\":{\"@id\":\"https:\\\/\\\/www.eldiario.net\\\/portal\\\/2021\\\/10\\\/09\\\/el-8-de-noviembre-inicia-juicio-de-murillo-en-eeuu\\\/#primaryimage\"},\"thumbnailUrl\":\"\",\"datePublished\":\"2021-10-09T08:20:40+00:00\",\"breadcrumb\":{\"@id\":\"https:\\\/\\\/www.eldiario.net\\\/portal\\\/2021\\\/10\\\/09\\\/el-8-de-noviembre-inicia-juicio-de-murillo-en-eeuu\\\/#breadcrumb\"},\"inLanguage\":\"es\",\"potentialAction\":[{\"@type\":\"ReadAction\",\"target\":[\"https:\\\/\\\/www.eldiario.net\\\/portal\\\/2021\\\/10\\\/09\\\/el-8-de-noviembre-inicia-juicio-de-murillo-en-eeuu\\\/\"]}]},{\"@type\":\"ImageObject\",\"inLanguage\":\"es\",\"@id\":\"https:\\\/\\\/www.eldiario.net\\\/portal\\\/2021\\\/10\\\/09\\\/el-8-de-noviembre-inicia-juicio-de-murillo-en-eeuu\\\/#primaryimage\",\"url\":\"\",\"contentUrl\":\"\"},{\"@type\":\"BreadcrumbList\",\"@id\":\"https:\\\/\\\/www.eldiario.net\\\/portal\\\/2021\\\/10\\\/09\\\/el-8-de-noviembre-inicia-juicio-de-murillo-en-eeuu\\\/#breadcrumb\",\"itemListElement\":[{\"@type\":\"ListItem\",\"position\":1,\"name\":\"Portada\",\"item\":\"https:\\\/\\\/www.eldiario.net\\\/portal\\\/\"},{\"@type\":\"ListItem\",\"position\":2,\"name\":\"El 8 de noviembre inicia juicio de Murillo en EEUU\"}]},{\"@type\":\"WebSite\",\"@id\":\"https:\\\/\\\/www.eldiario.net\\\/portal\\\/#website\",\"url\":\"https:\\\/\\\/www.eldiario.net\\\/portal\\\/\",\"name\":\"El Diario - Decano de la prensa nacional\",\"description\":\"El Diario - Decano de la prensa nacional\",\"publisher\":{\"@id\":\"https:\\\/\\\/www.eldiario.net\\\/portal\\\/#organization\"},\"potentialAction\":[{\"@type\":\"SearchAction\",\"target\":{\"@type\":\"EntryPoint\",\"urlTemplate\":\"https:\\\/\\\/www.eldiario.net\\\/portal\\\/?s={search_term_string}\"},\"query-input\":{\"@type\":\"PropertyValueSpecification\",\"valueRequired\":true,\"valueName\":\"search_term_string\"}}],\"inLanguage\":\"es\"},{\"@type\":\"Organization\",\"@id\":\"https:\\\/\\\/www.eldiario.net\\\/portal\\\/#organization\",\"name\":\"El Diario - Decano de la prensa nacional\",\"url\":\"https:\\\/\\\/www.eldiario.net\\\/portal\\\/\",\"logo\":{\"@type\":\"ImageObject\",\"inLanguage\":\"es\",\"@id\":\"https:\\\/\\\/www.eldiario.net\\\/portal\\\/#\\\/schema\\\/logo\\\/image\\\/\",\"url\":\"https:\\\/\\\/www.eldiario.net\\\/portal\\\/wp-content\\\/uploads\\\/2023\\\/07\\\/logo_ED.jpg\",\"contentUrl\":\"https:\\\/\\\/www.eldiario.net\\\/portal\\\/wp-content\\\/uploads\\\/2023\\\/07\\\/logo_ED.jpg\",\"width\":272,\"height\":52,\"caption\":\"El Diario - Decano de la prensa nacional\"},\"image\":{\"@id\":\"https:\\\/\\\/www.eldiario.net\\\/portal\\\/#\\\/schema\\\/logo\\\/image\\\/\"},\"sameAs\":[\"https:\\\/\\\/www.facebook.com\\\/eldiario.bolivia\\\/\",\"https:\\\/\\\/x.com\\\/eldiario_net\"]},{\"@type\":\"Person\",\"@id\":\"https:\\\/\\\/www.eldiario.net\\\/portal\\\/#\\\/schema\\\/person\\\/2c57cf2b7a7ae032e449e4c9b1019eac\",\"name\":\"Jeanette\",\"image\":{\"@type\":\"ImageObject\",\"inLanguage\":\"es\",\"@id\":\"https:\\\/\\\/secure.gravatar.com\\\/avatar\\\/3ea2118a5f7dad2b7138b1187a6b7ee55f160b9968b66013c3a3ef39dd7e5798?s=96&d=mm&r=g\",\"url\":\"https:\\\/\\\/secure.gravatar.com\\\/avatar\\\/3ea2118a5f7dad2b7138b1187a6b7ee55f160b9968b66013c3a3ef39dd7e5798?s=96&d=mm&r=g\",\"contentUrl\":\"https:\\\/\\\/secure.gravatar.com\\\/avatar\\\/3ea2118a5f7dad2b7138b1187a6b7ee55f160b9968b66013c3a3ef39dd7e5798?s=96&d=mm&r=g\",\"caption\":\"Jeanette\"},\"sameAs\":[\"https:\\\/\\\/www.eldiario.net\\\/portal\"],\"url\":\"https:\\\/\\\/www.eldiario.net\\\/portal\\\/author\\\/jeanette\\\/\"}]}<\/script>\n<!-- \/ Yoast SEO plugin. -->","yoast_head_json":{"title":"El 8 de noviembre inicia juicio de Murillo en EEUU - El Diario - Bolivia","robots":{"index":"index","follow":"follow","max-snippet":"max-snippet:-1","max-image-preview":"max-image-preview:large","max-video-preview":"max-video-preview:-1"},"canonical":"https:\/\/www.eldiario.net\/portal\/2021\/10\/09\/el-8-de-noviembre-inicia-juicio-de-murillo-en-eeuu\/","og_locale":"es_ES","og_type":"article","og_title":"El 8 de noviembre inicia juicio de Murillo en EEUU - El Diario - Bolivia","og_description":"Despu\u00e9s que el exministro de Gobierno Arturo Murillo renunci\u00f3 a su derecho a una audiencia preliminar en el juzgado de la ciudad de Miami \u2013estado de Florida de Estados Unidos\u2013, se program\u00f3 para el 8 de noviembre la audiencia de inicio de juicio, explic\u00f3 ayer a EL DIARIO el abogado Thomas Becker. \u201cLa Corte suspendi\u00f3 [&hellip;]","og_url":"https:\/\/www.eldiario.net\/portal\/2021\/10\/09\/el-8-de-noviembre-inicia-juicio-de-murillo-en-eeuu\/","og_site_name":"El Diario - Bolivia","article_publisher":"https:\/\/www.facebook.com\/eldiario.bolivia\/","article_published_time":"2021-10-09T08:20:40+00:00","author":"Jeanette","twitter_card":"summary_large_image","twitter_creator":"@eldiario_net","twitter_site":"@eldiario_net","twitter_misc":{"Escrito por":"Jeanette","Tiempo de lectura":"2 minutos"},"schema":{"@context":"https:\/\/schema.org","@graph":[{"@type":"Article","@id":"https:\/\/www.eldiario.net\/portal\/2021\/10\/09\/el-8-de-noviembre-inicia-juicio-de-murillo-en-eeuu\/#article","isPartOf":{"@id":"https:\/\/www.eldiario.net\/portal\/2021\/10\/09\/el-8-de-noviembre-inicia-juicio-de-murillo-en-eeuu\/"},"author":{"name":"Jeanette","@id":"https:\/\/www.eldiario.net\/portal\/#\/schema\/person\/2c57cf2b7a7ae032e449e4c9b1019eac"},"headline":"El 8 de noviembre inicia juicio de Murillo en EEUU","datePublished":"2021-10-09T08:20:40+00:00","mainEntityOfPage":{"@id":"https:\/\/www.eldiario.net\/portal\/2021\/10\/09\/el-8-de-noviembre-inicia-juicio-de-murillo-en-eeuu\/"},"wordCount":469,"publisher":{"@id":"https:\/\/www.eldiario.net\/portal\/#organization"},"image":{"@id":"https:\/\/www.eldiario.net\/portal\/2021\/10\/09\/el-8-de-noviembre-inicia-juicio-de-murillo-en-eeuu\/#primaryimage"},"thumbnailUrl":"","articleSection":["Sociedad - Seguridad"],"inLanguage":"es"},{"@type":"WebPage","@id":"https:\/\/www.eldiario.net\/portal\/2021\/10\/09\/el-8-de-noviembre-inicia-juicio-de-murillo-en-eeuu\/","url":"https:\/\/www.eldiario.net\/portal\/2021\/10\/09\/el-8-de-noviembre-inicia-juicio-de-murillo-en-eeuu\/","name":"El 8 de noviembre inicia juicio de Murillo en EEUU - El Diario - Bolivia","isPartOf":{"@id":"https:\/\/www.eldiario.net\/portal\/#website"},"primaryImageOfPage":{"@id":"https:\/\/www.eldiario.net\/portal\/2021\/10\/09\/el-8-de-noviembre-inicia-juicio-de-murillo-en-eeuu\/#primaryimage"},"image":{"@id":"https:\/\/www.eldiario.net\/portal\/2021\/10\/09\/el-8-de-noviembre-inicia-juicio-de-murillo-en-eeuu\/#primaryimage"},"thumbnailUrl":"","datePublished":"2021-10-09T08:20:40+00:00","breadcrumb":{"@id":"https:\/\/www.eldiario.net\/portal\/2021\/10\/09\/el-8-de-noviembre-inicia-juicio-de-murillo-en-eeuu\/#breadcrumb"},"inLanguage":"es","potentialAction":[{"@type":"ReadAction","target":["https:\/\/www.eldiario.net\/portal\/2021\/10\/09\/el-8-de-noviembre-inicia-juicio-de-murillo-en-eeuu\/"]}]},{"@type":"ImageObject","inLanguage":"es","@id":"https:\/\/www.eldiario.net\/portal\/2021\/10\/09\/el-8-de-noviembre-inicia-juicio-de-murillo-en-eeuu\/#primaryimage","url":"","contentUrl":""},{"@type":"BreadcrumbList","@id":"https:\/\/www.eldiario.net\/portal\/2021\/10\/09\/el-8-de-noviembre-inicia-juicio-de-murillo-en-eeuu\/#breadcrumb","itemListElement":[{"@type":"ListItem","position":1,"name":"Portada","item":"https:\/\/www.eldiario.net\/portal\/"},{"@type":"ListItem","position":2,"name":"El 8 de noviembre inicia juicio de Murillo en EEUU"}]},{"@type":"WebSite","@id":"https:\/\/www.eldiario.net\/portal\/#website","url":"https:\/\/www.eldiario.net\/portal\/","name":"El Diario - Decano de la prensa nacional","description":"El Diario - Decano de la prensa nacional","publisher":{"@id":"https:\/\/www.eldiario.net\/portal\/#organization"},"potentialAction":[{"@type":"SearchAction","target":{"@type":"EntryPoint","urlTemplate":"https:\/\/www.eldiario.net\/portal\/?s={search_term_string}"},"query-input":{"@type":"PropertyValueSpecification","valueRequired":true,"valueName":"search_term_string"}}],"inLanguage":"es"},{"@type":"Organization","@id":"https:\/\/www.eldiario.net\/portal\/#organization","name":"El Diario - Decano de la prensa nacional","url":"https:\/\/www.eldiario.net\/portal\/","logo":{"@type":"ImageObject","inLanguage":"es","@id":"https:\/\/www.eldiario.net\/portal\/#\/schema\/logo\/image\/","url":"https:\/\/www.eldiario.net\/portal\/wp-content\/uploads\/2023\/07\/logo_ED.jpg","contentUrl":"https:\/\/www.eldiario.net\/portal\/wp-content\/uploads\/2023\/07\/logo_ED.jpg","width":272,"height":52,"caption":"El Diario - Decano de la prensa nacional"},"image":{"@id":"https:\/\/www.eldiario.net\/portal\/#\/schema\/logo\/image\/"},"sameAs":["https:\/\/www.facebook.com\/eldiario.bolivia\/","https:\/\/x.com\/eldiario_net"]},{"@type":"Person","@id":"https:\/\/www.eldiario.net\/portal\/#\/schema\/person\/2c57cf2b7a7ae032e449e4c9b1019eac","name":"Jeanette","image":{"@type":"ImageObject","inLanguage":"es","@id":"https:\/\/secure.gravatar.com\/avatar\/3ea2118a5f7dad2b7138b1187a6b7ee55f160b9968b66013c3a3ef39dd7e5798?s=96&d=mm&r=g","url":"https:\/\/secure.gravatar.com\/avatar\/3ea2118a5f7dad2b7138b1187a6b7ee55f160b9968b66013c3a3ef39dd7e5798?s=96&d=mm&r=g","contentUrl":"https:\/\/secure.gravatar.com\/avatar\/3ea2118a5f7dad2b7138b1187a6b7ee55f160b9968b66013c3a3ef39dd7e5798?s=96&d=mm&r=g","caption":"Jeanette"},"sameAs":["https:\/\/www.eldiario.net\/portal"],"url":"https:\/\/www.eldiario.net\/portal\/author\/jeanette\/"}]}},"_links":{"self":[{"href":"https:\/\/www.eldiario.net\/portal\/wp-json\/wp\/v2\/posts\/35250","targetHints":{"allow":["GET"]}}],"collection":[{"href":"https:\/\/www.eldiario.net\/portal\/wp-json\/wp\/v2\/posts"}],"about":[{"href":"https:\/\/www.eldiario.net\/portal\/wp-json\/wp\/v2\/types\/post"}],"author":[{"embeddable":true,"href":"https:\/\/www.eldiario.net\/portal\/wp-json\/wp\/v2\/users\/1"}],"replies":[{"embeddable":true,"href":"https:\/\/www.eldiario.net\/portal\/wp-json\/wp\/v2\/comments?post=35250"}],"version-history":[{"count":0,"href":"https:\/\/www.eldiario.net\/portal\/wp-json\/wp\/v2\/posts\/35250\/revisions"}],"wp:attachment":[{"href":"https:\/\/www.eldiario.net\/portal\/wp-json\/wp\/v2\/media?parent=35250"}],"wp:term":[{"taxonomy":"category","embeddable":true,"href":"https:\/\/www.eldiario.net\/portal\/wp-json\/wp\/v2\/categories?post=35250"},{"taxonomy":"post_tag","embeddable":true,"href":"https:\/\/www.eldiario.net\/portal\/wp-json\/wp\/v2\/tags?post=35250"}],"curies":[{"name":"wp","href":"https:\/\/api.w.org\/{rel}","templated":true}]}}