{"id":35247,"date":"2021-10-09T04:19:34","date_gmt":"2021-10-09T08:19:34","guid":{"rendered":"https:\/\/www.eldiario.net\/portal\/?p=35247"},"modified":"2021-10-09T04:19:34","modified_gmt":"2021-10-09T08:19:34","slug":"militares-que-capturaron-al-che-son-homenajeados","status":"publish","type":"post","link":"https:\/\/www.eldiario.net\/portal\/2021\/10\/09\/militares-que-capturaron-al-che-son-homenajeados\/","title":{"rendered":"Militares que capturaron  al Che son homenajeados"},"content":{"rendered":"<p>Los militares del servicio pasivo de Santa Cruz rindieron homenaje ayer a los Benem\u00e9ritos de \u00d1ancahuaz\u00fa, como h\u00e9roes del grupo militar que hace 54 a\u00f1os captur\u00f3 al revolucionario Ernesto \u201cChe\u201d Guevara.<br \/>\n\u201cHoy es un d\u00eda especial, en el que vale la pena testimoniar nuestra admiraci\u00f3n, hacia nuestros h\u00e9roes nacionales, quienes simbolizan templanza, firmeza y lealtad por patria. Los bolivianos, exteriorizamos, nuestra admiraci\u00f3n y reconocimiento, como expresi\u00f3n, de un verdadero respeto a quienes encarnan virtudes ejemplares para la sociedad boliviana\u201d, se lee en un documento difundido por los militares.<br \/>\nEl 8 de octubre de 1967 insurgentes extranjeros, que se \u201catrevieron a penetrar las fronteras del pa\u00eds, buscando cambiar nuestra forma de vida y dilapidar nuestras riquezas, fueron derrotados definitivamente por el Ej\u00e9rcito boliviano, luego de seis meses y 14 d\u00edas de lucha cayendo prisionero el \u2018Che\u2019 Guevara, ante la presencia decidida de dos soldados bolivianos; quien clama por su vida \u2018no disparen soy el Che\u2019, \u2018valgo m\u00e1s vivo que muerto\u2019; olvid\u00e1ndose del lema que hoy usan los socialistas: \u2018patria o muerte\u2019\u201d, refiere el documento.<\/p>\n","protected":false},"excerpt":{"rendered":"<p>Los militares del servicio pasivo de Santa Cruz rindieron homenaje ayer a los Benem\u00e9ritos de \u00d1ancahuaz\u00fa, como h\u00e9roes del grupo militar que hace 54 a\u00f1os captur\u00f3 al revolucionario Ernesto \u201cChe\u201d Guevara. \u201cHoy es un d\u00eda especial, en el que vale la pena testimoniar nuestra admiraci\u00f3n, hacia nuestros h\u00e9roes nacionales, quienes simbolizan templanza, firmeza y lealtad [&hellip;]<\/p>\n","protected":false},"author":1,"featured_media":35248,"comment_status":"closed","ping_status":"closed","sticky":false,"template":"","format":"standard","meta":{"_acf_changed":false,"footnotes":""},"categories":[39],"tags":[],"class_list":["post-35247","post","type-post","status-publish","format-standard","has-post-thumbnail","category-sociedad"],"acf":{"antetitulo":""},"yoast_head":"<!-- This site is optimized with the Yoast SEO plugin v28.4 - https:\/\/yoast.com\/product\/yoast-seo-wordpress\/ -->\n<title>Militares que capturaron al Che son homenajeados - El Diario - Bolivia<\/title>\n<meta name=\"robots\" content=\"index, follow, max-snippet:-1, max-image-preview:large, max-video-preview:-1\" \/>\n<link rel=\"canonical\" href=\"https:\/\/www.eldiario.net\/portal\/2021\/10\/09\/militares-que-capturaron-al-che-son-homenajeados\/\" \/>\n<meta property=\"og:locale\" content=\"es_ES\" \/>\n<meta property=\"og:type\" content=\"article\" \/>\n<meta property=\"og:title\" content=\"Militares que capturaron al Che son homenajeados - El Diario - Bolivia\" \/>\n<meta property=\"og:description\" content=\"Los militares del servicio pasivo de Santa Cruz rindieron homenaje ayer a los Benem\u00e9ritos de \u00d1ancahuaz\u00fa, como h\u00e9roes del grupo militar que hace 54 a\u00f1os captur\u00f3 al revolucionario Ernesto \u201cChe\u201d Guevara. \u201cHoy es un d\u00eda especial, en el que vale la pena testimoniar nuestra admiraci\u00f3n, hacia nuestros h\u00e9roes nacionales, quienes simbolizan templanza, firmeza y lealtad [&hellip;]\" \/>\n<meta property=\"og:url\" content=\"https:\/\/www.eldiario.net\/portal\/2021\/10\/09\/militares-que-capturaron-al-che-son-homenajeados\/\" \/>\n<meta property=\"og:site_name\" content=\"El Diario - Bolivia\" \/>\n<meta property=\"article:publisher\" content=\"https:\/\/www.facebook.com\/eldiario.bolivia\/\" \/>\n<meta property=\"article:published_time\" content=\"2021-10-09T08:19:34+00:00\" \/>\n<meta name=\"author\" content=\"Jeanette\" \/>\n<meta name=\"twitter:card\" content=\"summary_large_image\" \/>\n<meta name=\"twitter:creator\" content=\"@eldiario_net\" \/>\n<meta name=\"twitter:site\" content=\"@eldiario_net\" \/>\n<meta name=\"twitter:label1\" content=\"Escrito por\" \/>\n\t<meta name=\"twitter:data1\" content=\"Jeanette\" \/>\n\t<meta name=\"twitter:label2\" content=\"Tiempo de lectura\" \/>\n\t<meta name=\"twitter:data2\" content=\"1 minuto\" \/>\n<script type=\"application\/ld+json\" class=\"yoast-schema-graph\">{\"@context\":\"https:\\\/\\\/schema.org\",\"@graph\":[{\"@type\":\"Article\",\"@id\":\"https:\\\/\\\/www.eldiario.net\\\/portal\\\/2021\\\/10\\\/09\\\/militares-que-capturaron-al-che-son-homenajeados\\\/#article\",\"isPartOf\":{\"@id\":\"https:\\\/\\\/www.eldiario.net\\\/portal\\\/2021\\\/10\\\/09\\\/militares-que-capturaron-al-che-son-homenajeados\\\/\"},\"author\":{\"name\":\"Jeanette\",\"@id\":\"https:\\\/\\\/www.eldiario.net\\\/portal\\\/#\\\/schema\\\/person\\\/2c57cf2b7a7ae032e449e4c9b1019eac\"},\"headline\":\"Militares que capturaron al Che son homenajeados\",\"datePublished\":\"2021-10-09T08:19:34+00:00\",\"mainEntityOfPage\":{\"@id\":\"https:\\\/\\\/www.eldiario.net\\\/portal\\\/2021\\\/10\\\/09\\\/militares-que-capturaron-al-che-son-homenajeados\\\/\"},\"wordCount\":189,\"publisher\":{\"@id\":\"https:\\\/\\\/www.eldiario.net\\\/portal\\\/#organization\"},\"image\":{\"@id\":\"https:\\\/\\\/www.eldiario.net\\\/portal\\\/2021\\\/10\\\/09\\\/militares-que-capturaron-al-che-son-homenajeados\\\/#primaryimage\"},\"thumbnailUrl\":\"\",\"articleSection\":[\"Sociedad - Seguridad\"],\"inLanguage\":\"es\"},{\"@type\":\"WebPage\",\"@id\":\"https:\\\/\\\/www.eldiario.net\\\/portal\\\/2021\\\/10\\\/09\\\/militares-que-capturaron-al-che-son-homenajeados\\\/\",\"url\":\"https:\\\/\\\/www.eldiario.net\\\/portal\\\/2021\\\/10\\\/09\\\/militares-que-capturaron-al-che-son-homenajeados\\\/\",\"name\":\"Militares que capturaron al Che son homenajeados - El Diario - Bolivia\",\"isPartOf\":{\"@id\":\"https:\\\/\\\/www.eldiario.net\\\/portal\\\/#website\"},\"primaryImageOfPage\":{\"@id\":\"https:\\\/\\\/www.eldiario.net\\\/portal\\\/2021\\\/10\\\/09\\\/militares-que-capturaron-al-che-son-homenajeados\\\/#primaryimage\"},\"image\":{\"@id\":\"https:\\\/\\\/www.eldiario.net\\\/portal\\\/2021\\\/10\\\/09\\\/militares-que-capturaron-al-che-son-homenajeados\\\/#primaryimage\"},\"thumbnailUrl\":\"\",\"datePublished\":\"2021-10-09T08:19:34+00:00\",\"breadcrumb\":{\"@id\":\"https:\\\/\\\/www.eldiario.net\\\/portal\\\/2021\\\/10\\\/09\\\/militares-que-capturaron-al-che-son-homenajeados\\\/#breadcrumb\"},\"inLanguage\":\"es\",\"potentialAction\":[{\"@type\":\"ReadAction\",\"target\":[\"https:\\\/\\\/www.eldiario.net\\\/portal\\\/2021\\\/10\\\/09\\\/militares-que-capturaron-al-che-son-homenajeados\\\/\"]}]},{\"@type\":\"ImageObject\",\"inLanguage\":\"es\",\"@id\":\"https:\\\/\\\/www.eldiario.net\\\/portal\\\/2021\\\/10\\\/09\\\/militares-que-capturaron-al-che-son-homenajeados\\\/#primaryimage\",\"url\":\"\",\"contentUrl\":\"\"},{\"@type\":\"BreadcrumbList\",\"@id\":\"https:\\\/\\\/www.eldiario.net\\\/portal\\\/2021\\\/10\\\/09\\\/militares-que-capturaron-al-che-son-homenajeados\\\/#breadcrumb\",\"itemListElement\":[{\"@type\":\"ListItem\",\"position\":1,\"name\":\"Portada\",\"item\":\"https:\\\/\\\/www.eldiario.net\\\/portal\\\/\"},{\"@type\":\"ListItem\",\"position\":2,\"name\":\"Militares que capturaron al Che son homenajeados\"}]},{\"@type\":\"WebSite\",\"@id\":\"https:\\\/\\\/www.eldiario.net\\\/portal\\\/#website\",\"url\":\"https:\\\/\\\/www.eldiario.net\\\/portal\\\/\",\"name\":\"El Diario - Decano de la prensa nacional\",\"description\":\"El Diario - Decano de la prensa nacional\",\"publisher\":{\"@id\":\"https:\\\/\\\/www.eldiario.net\\\/portal\\\/#organization\"},\"potentialAction\":[{\"@type\":\"SearchAction\",\"target\":{\"@type\":\"EntryPoint\",\"urlTemplate\":\"https:\\\/\\\/www.eldiario.net\\\/portal\\\/?s={search_term_string}\"},\"query-input\":{\"@type\":\"PropertyValueSpecification\",\"valueRequired\":true,\"valueName\":\"search_term_string\"}}],\"inLanguage\":\"es\"},{\"@type\":\"Organization\",\"@id\":\"https:\\\/\\\/www.eldiario.net\\\/portal\\\/#organization\",\"name\":\"El Diario - Decano de la prensa nacional\",\"url\":\"https:\\\/\\\/www.eldiario.net\\\/portal\\\/\",\"logo\":{\"@type\":\"ImageObject\",\"inLanguage\":\"es\",\"@id\":\"https:\\\/\\\/www.eldiario.net\\\/portal\\\/#\\\/schema\\\/logo\\\/image\\\/\",\"url\":\"https:\\\/\\\/www.eldiario.net\\\/portal\\\/wp-content\\\/uploads\\\/2023\\\/07\\\/logo_ED.jpg\",\"contentUrl\":\"https:\\\/\\\/www.eldiario.net\\\/portal\\\/wp-content\\\/uploads\\\/2023\\\/07\\\/logo_ED.jpg\",\"width\":272,\"height\":52,\"caption\":\"El Diario - Decano de la prensa nacional\"},\"image\":{\"@id\":\"https:\\\/\\\/www.eldiario.net\\\/portal\\\/#\\\/schema\\\/logo\\\/image\\\/\"},\"sameAs\":[\"https:\\\/\\\/www.facebook.com\\\/eldiario.bolivia\\\/\",\"https:\\\/\\\/x.com\\\/eldiario_net\"]},{\"@type\":\"Person\",\"@id\":\"https:\\\/\\\/www.eldiario.net\\\/portal\\\/#\\\/schema\\\/person\\\/2c57cf2b7a7ae032e449e4c9b1019eac\",\"name\":\"Jeanette\",\"image\":{\"@type\":\"ImageObject\",\"inLanguage\":\"es\",\"@id\":\"https:\\\/\\\/secure.gravatar.com\\\/avatar\\\/3ea2118a5f7dad2b7138b1187a6b7ee55f160b9968b66013c3a3ef39dd7e5798?s=96&d=mm&r=g\",\"url\":\"https:\\\/\\\/secure.gravatar.com\\\/avatar\\\/3ea2118a5f7dad2b7138b1187a6b7ee55f160b9968b66013c3a3ef39dd7e5798?s=96&d=mm&r=g\",\"contentUrl\":\"https:\\\/\\\/secure.gravatar.com\\\/avatar\\\/3ea2118a5f7dad2b7138b1187a6b7ee55f160b9968b66013c3a3ef39dd7e5798?s=96&d=mm&r=g\",\"caption\":\"Jeanette\"},\"sameAs\":[\"https:\\\/\\\/www.eldiario.net\\\/portal\"],\"url\":\"https:\\\/\\\/www.eldiario.net\\\/portal\\\/author\\\/jeanette\\\/\"}]}<\/script>\n<!-- \/ Yoast SEO plugin. -->","yoast_head_json":{"title":"Militares que capturaron al Che son homenajeados - El Diario - Bolivia","robots":{"index":"index","follow":"follow","max-snippet":"max-snippet:-1","max-image-preview":"max-image-preview:large","max-video-preview":"max-video-preview:-1"},"canonical":"https:\/\/www.eldiario.net\/portal\/2021\/10\/09\/militares-que-capturaron-al-che-son-homenajeados\/","og_locale":"es_ES","og_type":"article","og_title":"Militares que capturaron al Che son homenajeados - El Diario - Bolivia","og_description":"Los militares del servicio pasivo de Santa Cruz rindieron homenaje ayer a los Benem\u00e9ritos de \u00d1ancahuaz\u00fa, como h\u00e9roes del grupo militar que hace 54 a\u00f1os captur\u00f3 al revolucionario Ernesto \u201cChe\u201d Guevara. \u201cHoy es un d\u00eda especial, en el que vale la pena testimoniar nuestra admiraci\u00f3n, hacia nuestros h\u00e9roes nacionales, quienes simbolizan templanza, firmeza y lealtad [&hellip;]","og_url":"https:\/\/www.eldiario.net\/portal\/2021\/10\/09\/militares-que-capturaron-al-che-son-homenajeados\/","og_site_name":"El Diario - Bolivia","article_publisher":"https:\/\/www.facebook.com\/eldiario.bolivia\/","article_published_time":"2021-10-09T08:19:34+00:00","author":"Jeanette","twitter_card":"summary_large_image","twitter_creator":"@eldiario_net","twitter_site":"@eldiario_net","twitter_misc":{"Escrito por":"Jeanette","Tiempo de lectura":"1 minuto"},"schema":{"@context":"https:\/\/schema.org","@graph":[{"@type":"Article","@id":"https:\/\/www.eldiario.net\/portal\/2021\/10\/09\/militares-que-capturaron-al-che-son-homenajeados\/#article","isPartOf":{"@id":"https:\/\/www.eldiario.net\/portal\/2021\/10\/09\/militares-que-capturaron-al-che-son-homenajeados\/"},"author":{"name":"Jeanette","@id":"https:\/\/www.eldiario.net\/portal\/#\/schema\/person\/2c57cf2b7a7ae032e449e4c9b1019eac"},"headline":"Militares que capturaron al Che son homenajeados","datePublished":"2021-10-09T08:19:34+00:00","mainEntityOfPage":{"@id":"https:\/\/www.eldiario.net\/portal\/2021\/10\/09\/militares-que-capturaron-al-che-son-homenajeados\/"},"wordCount":189,"publisher":{"@id":"https:\/\/www.eldiario.net\/portal\/#organization"},"image":{"@id":"https:\/\/www.eldiario.net\/portal\/2021\/10\/09\/militares-que-capturaron-al-che-son-homenajeados\/#primaryimage"},"thumbnailUrl":"","articleSection":["Sociedad - Seguridad"],"inLanguage":"es"},{"@type":"WebPage","@id":"https:\/\/www.eldiario.net\/portal\/2021\/10\/09\/militares-que-capturaron-al-che-son-homenajeados\/","url":"https:\/\/www.eldiario.net\/portal\/2021\/10\/09\/militares-que-capturaron-al-che-son-homenajeados\/","name":"Militares que capturaron al Che son homenajeados - El Diario - Bolivia","isPartOf":{"@id":"https:\/\/www.eldiario.net\/portal\/#website"},"primaryImageOfPage":{"@id":"https:\/\/www.eldiario.net\/portal\/2021\/10\/09\/militares-que-capturaron-al-che-son-homenajeados\/#primaryimage"},"image":{"@id":"https:\/\/www.eldiario.net\/portal\/2021\/10\/09\/militares-que-capturaron-al-che-son-homenajeados\/#primaryimage"},"thumbnailUrl":"","datePublished":"2021-10-09T08:19:34+00:00","breadcrumb":{"@id":"https:\/\/www.eldiario.net\/portal\/2021\/10\/09\/militares-que-capturaron-al-che-son-homenajeados\/#breadcrumb"},"inLanguage":"es","potentialAction":[{"@type":"ReadAction","target":["https:\/\/www.eldiario.net\/portal\/2021\/10\/09\/militares-que-capturaron-al-che-son-homenajeados\/"]}]},{"@type":"ImageObject","inLanguage":"es","@id":"https:\/\/www.eldiario.net\/portal\/2021\/10\/09\/militares-que-capturaron-al-che-son-homenajeados\/#primaryimage","url":"","contentUrl":""},{"@type":"BreadcrumbList","@id":"https:\/\/www.eldiario.net\/portal\/2021\/10\/09\/militares-que-capturaron-al-che-son-homenajeados\/#breadcrumb","itemListElement":[{"@type":"ListItem","position":1,"name":"Portada","item":"https:\/\/www.eldiario.net\/portal\/"},{"@type":"ListItem","position":2,"name":"Militares que capturaron al Che son homenajeados"}]},{"@type":"WebSite","@id":"https:\/\/www.eldiario.net\/portal\/#website","url":"https:\/\/www.eldiario.net\/portal\/","name":"El Diario - Decano de la prensa nacional","description":"El Diario - Decano de la prensa nacional","publisher":{"@id":"https:\/\/www.eldiario.net\/portal\/#organization"},"potentialAction":[{"@type":"SearchAction","target":{"@type":"EntryPoint","urlTemplate":"https:\/\/www.eldiario.net\/portal\/?s={search_term_string}"},"query-input":{"@type":"PropertyValueSpecification","valueRequired":true,"valueName":"search_term_string"}}],"inLanguage":"es"},{"@type":"Organization","@id":"https:\/\/www.eldiario.net\/portal\/#organization","name":"El Diario - Decano de la prensa nacional","url":"https:\/\/www.eldiario.net\/portal\/","logo":{"@type":"ImageObject","inLanguage":"es","@id":"https:\/\/www.eldiario.net\/portal\/#\/schema\/logo\/image\/","url":"https:\/\/www.eldiario.net\/portal\/wp-content\/uploads\/2023\/07\/logo_ED.jpg","contentUrl":"https:\/\/www.eldiario.net\/portal\/wp-content\/uploads\/2023\/07\/logo_ED.jpg","width":272,"height":52,"caption":"El Diario - Decano de la prensa nacional"},"image":{"@id":"https:\/\/www.eldiario.net\/portal\/#\/schema\/logo\/image\/"},"sameAs":["https:\/\/www.facebook.com\/eldiario.bolivia\/","https:\/\/x.com\/eldiario_net"]},{"@type":"Person","@id":"https:\/\/www.eldiario.net\/portal\/#\/schema\/person\/2c57cf2b7a7ae032e449e4c9b1019eac","name":"Jeanette","image":{"@type":"ImageObject","inLanguage":"es","@id":"https:\/\/secure.gravatar.com\/avatar\/3ea2118a5f7dad2b7138b1187a6b7ee55f160b9968b66013c3a3ef39dd7e5798?s=96&d=mm&r=g","url":"https:\/\/secure.gravatar.com\/avatar\/3ea2118a5f7dad2b7138b1187a6b7ee55f160b9968b66013c3a3ef39dd7e5798?s=96&d=mm&r=g","contentUrl":"https:\/\/secure.gravatar.com\/avatar\/3ea2118a5f7dad2b7138b1187a6b7ee55f160b9968b66013c3a3ef39dd7e5798?s=96&d=mm&r=g","caption":"Jeanette"},"sameAs":["https:\/\/www.eldiario.net\/portal"],"url":"https:\/\/www.eldiario.net\/portal\/author\/jeanette\/"}]}},"_links":{"self":[{"href":"https:\/\/www.eldiario.net\/portal\/wp-json\/wp\/v2\/posts\/35247","targetHints":{"allow":["GET"]}}],"collection":[{"href":"https:\/\/www.eldiario.net\/portal\/wp-json\/wp\/v2\/posts"}],"about":[{"href":"https:\/\/www.eldiario.net\/portal\/wp-json\/wp\/v2\/types\/post"}],"author":[{"embeddable":true,"href":"https:\/\/www.eldiario.net\/portal\/wp-json\/wp\/v2\/users\/1"}],"replies":[{"embeddable":true,"href":"https:\/\/www.eldiario.net\/portal\/wp-json\/wp\/v2\/comments?post=35247"}],"version-history":[{"count":0,"href":"https:\/\/www.eldiario.net\/portal\/wp-json\/wp\/v2\/posts\/35247\/revisions"}],"wp:attachment":[{"href":"https:\/\/www.eldiario.net\/portal\/wp-json\/wp\/v2\/media?parent=35247"}],"wp:term":[{"taxonomy":"category","embeddable":true,"href":"https:\/\/www.eldiario.net\/portal\/wp-json\/wp\/v2\/categories?post=35247"},{"taxonomy":"post_tag","embeddable":true,"href":"https:\/\/www.eldiario.net\/portal\/wp-json\/wp\/v2\/tags?post=35247"}],"curies":[{"name":"wp","href":"https:\/\/api.w.org\/{rel}","templated":true}]}}