{"id":35186,"date":"2021-10-09T03:53:50","date_gmt":"2021-10-09T07:53:50","guid":{"rendered":"https:\/\/www.eldiario.net\/portal\/?p=35186"},"modified":"2021-10-09T03:53:50","modified_gmt":"2021-10-09T07:53:50","slug":"donacion-japonesa-para-proyectos-comunitarios","status":"publish","type":"post","link":"https:\/\/www.eldiario.net\/portal\/2021\/10\/09\/donacion-japonesa-para-proyectos-comunitarios\/","title":{"rendered":"Donaci\u00f3n japonesa para proyectos comunitarios"},"content":{"rendered":"<p>El embajador del Jap\u00f3n, Osamu Hokida, suscribi\u00f3 cinco nuevos contratos de donaci\u00f3n, dentro del esquema de asistencia financiera no reembolsable, para proyectos comunitarios de Seguridad Humana- APC, por un monto total de $us. 389.883.<br \/>\nLa donaci\u00f3n beneficia a los municipios de Riberalta, en el departamento del Beni; Palos Blancos y Patacamaya, en el departamento de La Paz; Comarapa y Pail\u00f3n, en el departamento de Santa Cruz.<br \/>\nDurante la entrega de los contratos, el embajador Hokida, resalt\u00f3 que con estos cinco nuevos proyectos, desde 1990 a la fecha, el gobierno japon\u00e9s ha financiado en Bolivia 675 proyectos por un monto superior a los 44.9 millones de d\u00f3lares americanos. \u00abCon ello, el gobierno de mi pa\u00eds reitera su firme intenci\u00f3n de seguir contribuyendo al desarrollo socioecon\u00f3mico de Bolivia\u00bb, dijo el diplom\u00e1tico.<\/p>\n<div id='gallery-1' class='gallery galleryid-35186 gallery-columns-3 gallery-size-medium'><figure class='gallery-item'>\n\t\t\t<div class='gallery-icon landscape'>\n\t\t\t\t<a href='https:\/\/www.eldiario.net\/portal\/2021\/10\/09\/donacion-japonesa-para-proyectos-comunitarios\/dsc_3280\/'><img loading=\"lazy\" decoding=\"async\" width=\"300\" height=\"199\" src=\"https:\/\/www.eldiario.net\/portal\/wp-content\/uploads\/2021\/10\/DSC_3280-scaled-1-300x199.jpg\" class=\"attachment-medium size-medium\" alt=\"\" aria-describedby=\"gallery-1-35190\" srcset=\"https:\/\/www.eldiario.net\/portal\/wp-content\/uploads\/2021\/10\/DSC_3280-scaled-1-300x199.jpg 300w, https:\/\/www.eldiario.net\/portal\/wp-content\/uploads\/2021\/10\/DSC_3280-scaled-1-1024x678.jpg 1024w, https:\/\/www.eldiario.net\/portal\/wp-content\/uploads\/2021\/10\/DSC_3280-scaled-1-768x509.jpg 768w, https:\/\/www.eldiario.net\/portal\/wp-content\/uploads\/2021\/10\/DSC_3280-scaled-1-1536x1018.jpg 1536w, https:\/\/www.eldiario.net\/portal\/wp-content\/uploads\/2021\/10\/DSC_3280-scaled-1-2048x1357.jpg 2048w, https:\/\/www.eldiario.net\/portal\/wp-content\/uploads\/2021\/10\/DSC_3280-scaled-1-696x461.jpg 696w, https:\/\/www.eldiario.net\/portal\/wp-content\/uploads\/2021\/10\/DSC_3280-scaled-1-1068x708.jpg 1068w, https:\/\/www.eldiario.net\/portal\/wp-content\/uploads\/2021\/10\/DSC_3280-scaled-1-1920x1272.jpg 1920w\" sizes=\"auto, (max-width: 300px) 100vw, 300px\" \/><\/a>\n\t\t\t<\/div>\n\t\t\t\t<figcaption class='wp-caption-text gallery-caption' id='gallery-1-35190'>\n\t\t\t\tJHONNY VOCAL,  ALCALDE DE COMARAPA, JUNTO AL EMBAJADOR HOKIDA.\n\t\t\t\t<\/figcaption><\/figure><figure class='gallery-item'>\n\t\t\t<div class='gallery-icon landscape'>\n\t\t\t\t<a href='https:\/\/www.eldiario.net\/portal\/2021\/10\/09\/donacion-japonesa-para-proyectos-comunitarios\/dsc_3293\/'><img loading=\"lazy\" decoding=\"async\" width=\"300\" height=\"199\" src=\"https:\/\/www.eldiario.net\/portal\/wp-content\/uploads\/2021\/10\/DSC_3293-scaled-1-300x199.jpg\" class=\"attachment-medium size-medium\" alt=\"\" aria-describedby=\"gallery-1-35193\" srcset=\"https:\/\/www.eldiario.net\/portal\/wp-content\/uploads\/2021\/10\/DSC_3293-scaled-1-300x199.jpg 300w, https:\/\/www.eldiario.net\/portal\/wp-content\/uploads\/2021\/10\/DSC_3293-scaled-1-1024x678.jpg 1024w, https:\/\/www.eldiario.net\/portal\/wp-content\/uploads\/2021\/10\/DSC_3293-scaled-1-768x509.jpg 768w, https:\/\/www.eldiario.net\/portal\/wp-content\/uploads\/2021\/10\/DSC_3293-scaled-1-1536x1018.jpg 1536w, https:\/\/www.eldiario.net\/portal\/wp-content\/uploads\/2021\/10\/DSC_3293-scaled-1-2048x1357.jpg 2048w, https:\/\/www.eldiario.net\/portal\/wp-content\/uploads\/2021\/10\/DSC_3293-scaled-1-696x461.jpg 696w, https:\/\/www.eldiario.net\/portal\/wp-content\/uploads\/2021\/10\/DSC_3293-scaled-1-1068x708.jpg 1068w, https:\/\/www.eldiario.net\/portal\/wp-content\/uploads\/2021\/10\/DSC_3293-scaled-1-1920x1272.jpg 1920w\" sizes=\"auto, (max-width: 300px) 100vw, 300px\" \/><\/a>\n\t\t\t<\/div>\n\t\t\t\t<figcaption class='wp-caption-text gallery-caption' id='gallery-1-35193'>\n\t\t\t\tHAGAPITO CASTRO, ALCALDE DE PAIL\u00d3N.\n\t\t\t\t<\/figcaption><\/figure>\n\t\t<\/div>\n\n","protected":false},"excerpt":{"rendered":"<p>El embajador del Jap\u00f3n, Osamu Hokida, suscribi\u00f3 cinco nuevos contratos de donaci\u00f3n, dentro del esquema de asistencia financiera no reembolsable, para proyectos comunitarios de Seguridad Humana- APC, por un monto total de $us. 389.883. La donaci\u00f3n beneficia a los municipios de Riberalta, en el departamento del Beni; Palos Blancos y Patacamaya, en el departamento de [&hellip;]<\/p>\n","protected":false},"author":1,"featured_media":35187,"comment_status":"closed","ping_status":"closed","sticky":false,"template":"","format":"standard","meta":{"_acf_changed":false,"footnotes":""},"categories":[39],"tags":[],"class_list":["post-35186","post","type-post","status-publish","format-standard","has-post-thumbnail","category-sociedad"],"acf":{"antetitulo":""},"yoast_head":"<!-- This site is optimized with the Yoast SEO plugin v28.4 - https:\/\/yoast.com\/product\/yoast-seo-wordpress\/ -->\n<title>Donaci\u00f3n japonesa para proyectos comunitarios - El Diario - Bolivia<\/title>\n<meta name=\"robots\" content=\"index, follow, max-snippet:-1, max-image-preview:large, max-video-preview:-1\" \/>\n<link rel=\"canonical\" href=\"https:\/\/www.eldiario.net\/portal\/2021\/10\/09\/donacion-japonesa-para-proyectos-comunitarios\/\" \/>\n<meta property=\"og:locale\" content=\"es_ES\" \/>\n<meta property=\"og:type\" content=\"article\" \/>\n<meta property=\"og:title\" content=\"Donaci\u00f3n japonesa para proyectos comunitarios - El Diario - Bolivia\" \/>\n<meta property=\"og:description\" content=\"El embajador del Jap\u00f3n, Osamu Hokida, suscribi\u00f3 cinco nuevos contratos de donaci\u00f3n, dentro del esquema de asistencia financiera no reembolsable, para proyectos comunitarios de Seguridad Humana- APC, por un monto total de $us. 389.883. La donaci\u00f3n beneficia a los municipios de Riberalta, en el departamento del Beni; Palos Blancos y Patacamaya, en el departamento de [&hellip;]\" \/>\n<meta property=\"og:url\" content=\"https:\/\/www.eldiario.net\/portal\/2021\/10\/09\/donacion-japonesa-para-proyectos-comunitarios\/\" \/>\n<meta property=\"og:site_name\" content=\"El Diario - Bolivia\" \/>\n<meta property=\"article:publisher\" content=\"https:\/\/www.facebook.com\/eldiario.bolivia\/\" \/>\n<meta property=\"article:published_time\" content=\"2021-10-09T07:53:50+00:00\" \/>\n<meta name=\"author\" content=\"Jeanette\" \/>\n<meta name=\"twitter:card\" content=\"summary_large_image\" \/>\n<meta name=\"twitter:creator\" content=\"@eldiario_net\" \/>\n<meta name=\"twitter:site\" content=\"@eldiario_net\" \/>\n<meta name=\"twitter:label1\" content=\"Escrito por\" \/>\n\t<meta name=\"twitter:data1\" content=\"Jeanette\" \/>\n\t<meta name=\"twitter:label2\" content=\"Tiempo de lectura\" \/>\n\t<meta name=\"twitter:data2\" content=\"1 minuto\" \/>\n<script type=\"application\/ld+json\" class=\"yoast-schema-graph\">{\"@context\":\"https:\\\/\\\/schema.org\",\"@graph\":[{\"@type\":\"Article\",\"@id\":\"https:\\\/\\\/www.eldiario.net\\\/portal\\\/2021\\\/10\\\/09\\\/donacion-japonesa-para-proyectos-comunitarios\\\/#article\",\"isPartOf\":{\"@id\":\"https:\\\/\\\/www.eldiario.net\\\/portal\\\/2021\\\/10\\\/09\\\/donacion-japonesa-para-proyectos-comunitarios\\\/\"},\"author\":{\"name\":\"Jeanette\",\"@id\":\"https:\\\/\\\/www.eldiario.net\\\/portal\\\/#\\\/schema\\\/person\\\/2c57cf2b7a7ae032e449e4c9b1019eac\"},\"headline\":\"Donaci\u00f3n japonesa para proyectos comunitarios\",\"datePublished\":\"2021-10-09T07:53:50+00:00\",\"mainEntityOfPage\":{\"@id\":\"https:\\\/\\\/www.eldiario.net\\\/portal\\\/2021\\\/10\\\/09\\\/donacion-japonesa-para-proyectos-comunitarios\\\/\"},\"wordCount\":145,\"publisher\":{\"@id\":\"https:\\\/\\\/www.eldiario.net\\\/portal\\\/#organization\"},\"image\":{\"@id\":\"https:\\\/\\\/www.eldiario.net\\\/portal\\\/2021\\\/10\\\/09\\\/donacion-japonesa-para-proyectos-comunitarios\\\/#primaryimage\"},\"thumbnailUrl\":\"\",\"articleSection\":[\"Sociedad - Seguridad\"],\"inLanguage\":\"es\"},{\"@type\":\"WebPage\",\"@id\":\"https:\\\/\\\/www.eldiario.net\\\/portal\\\/2021\\\/10\\\/09\\\/donacion-japonesa-para-proyectos-comunitarios\\\/\",\"url\":\"https:\\\/\\\/www.eldiario.net\\\/portal\\\/2021\\\/10\\\/09\\\/donacion-japonesa-para-proyectos-comunitarios\\\/\",\"name\":\"Donaci\u00f3n japonesa para proyectos comunitarios - El Diario - Bolivia\",\"isPartOf\":{\"@id\":\"https:\\\/\\\/www.eldiario.net\\\/portal\\\/#website\"},\"primaryImageOfPage\":{\"@id\":\"https:\\\/\\\/www.eldiario.net\\\/portal\\\/2021\\\/10\\\/09\\\/donacion-japonesa-para-proyectos-comunitarios\\\/#primaryimage\"},\"image\":{\"@id\":\"https:\\\/\\\/www.eldiario.net\\\/portal\\\/2021\\\/10\\\/09\\\/donacion-japonesa-para-proyectos-comunitarios\\\/#primaryimage\"},\"thumbnailUrl\":\"\",\"datePublished\":\"2021-10-09T07:53:50+00:00\",\"breadcrumb\":{\"@id\":\"https:\\\/\\\/www.eldiario.net\\\/portal\\\/2021\\\/10\\\/09\\\/donacion-japonesa-para-proyectos-comunitarios\\\/#breadcrumb\"},\"inLanguage\":\"es\",\"potentialAction\":[{\"@type\":\"ReadAction\",\"target\":[\"https:\\\/\\\/www.eldiario.net\\\/portal\\\/2021\\\/10\\\/09\\\/donacion-japonesa-para-proyectos-comunitarios\\\/\"]}]},{\"@type\":\"ImageObject\",\"inLanguage\":\"es\",\"@id\":\"https:\\\/\\\/www.eldiario.net\\\/portal\\\/2021\\\/10\\\/09\\\/donacion-japonesa-para-proyectos-comunitarios\\\/#primaryimage\",\"url\":\"\",\"contentUrl\":\"\"},{\"@type\":\"BreadcrumbList\",\"@id\":\"https:\\\/\\\/www.eldiario.net\\\/portal\\\/2021\\\/10\\\/09\\\/donacion-japonesa-para-proyectos-comunitarios\\\/#breadcrumb\",\"itemListElement\":[{\"@type\":\"ListItem\",\"position\":1,\"name\":\"Portada\",\"item\":\"https:\\\/\\\/www.eldiario.net\\\/portal\\\/\"},{\"@type\":\"ListItem\",\"position\":2,\"name\":\"Donaci\u00f3n japonesa para proyectos comunitarios\"}]},{\"@type\":\"WebSite\",\"@id\":\"https:\\\/\\\/www.eldiario.net\\\/portal\\\/#website\",\"url\":\"https:\\\/\\\/www.eldiario.net\\\/portal\\\/\",\"name\":\"El Diario - Decano de la prensa nacional\",\"description\":\"El Diario - Decano de la prensa nacional\",\"publisher\":{\"@id\":\"https:\\\/\\\/www.eldiario.net\\\/portal\\\/#organization\"},\"potentialAction\":[{\"@type\":\"SearchAction\",\"target\":{\"@type\":\"EntryPoint\",\"urlTemplate\":\"https:\\\/\\\/www.eldiario.net\\\/portal\\\/?s={search_term_string}\"},\"query-input\":{\"@type\":\"PropertyValueSpecification\",\"valueRequired\":true,\"valueName\":\"search_term_string\"}}],\"inLanguage\":\"es\"},{\"@type\":\"Organization\",\"@id\":\"https:\\\/\\\/www.eldiario.net\\\/portal\\\/#organization\",\"name\":\"El Diario - Decano de la prensa nacional\",\"url\":\"https:\\\/\\\/www.eldiario.net\\\/portal\\\/\",\"logo\":{\"@type\":\"ImageObject\",\"inLanguage\":\"es\",\"@id\":\"https:\\\/\\\/www.eldiario.net\\\/portal\\\/#\\\/schema\\\/logo\\\/image\\\/\",\"url\":\"https:\\\/\\\/www.eldiario.net\\\/portal\\\/wp-content\\\/uploads\\\/2023\\\/07\\\/logo_ED.jpg\",\"contentUrl\":\"https:\\\/\\\/www.eldiario.net\\\/portal\\\/wp-content\\\/uploads\\\/2023\\\/07\\\/logo_ED.jpg\",\"width\":272,\"height\":52,\"caption\":\"El Diario - Decano de la prensa nacional\"},\"image\":{\"@id\":\"https:\\\/\\\/www.eldiario.net\\\/portal\\\/#\\\/schema\\\/logo\\\/image\\\/\"},\"sameAs\":[\"https:\\\/\\\/www.facebook.com\\\/eldiario.bolivia\\\/\",\"https:\\\/\\\/x.com\\\/eldiario_net\"]},{\"@type\":\"Person\",\"@id\":\"https:\\\/\\\/www.eldiario.net\\\/portal\\\/#\\\/schema\\\/person\\\/2c57cf2b7a7ae032e449e4c9b1019eac\",\"name\":\"Jeanette\",\"image\":{\"@type\":\"ImageObject\",\"inLanguage\":\"es\",\"@id\":\"https:\\\/\\\/secure.gravatar.com\\\/avatar\\\/3ea2118a5f7dad2b7138b1187a6b7ee55f160b9968b66013c3a3ef39dd7e5798?s=96&d=mm&r=g\",\"url\":\"https:\\\/\\\/secure.gravatar.com\\\/avatar\\\/3ea2118a5f7dad2b7138b1187a6b7ee55f160b9968b66013c3a3ef39dd7e5798?s=96&d=mm&r=g\",\"contentUrl\":\"https:\\\/\\\/secure.gravatar.com\\\/avatar\\\/3ea2118a5f7dad2b7138b1187a6b7ee55f160b9968b66013c3a3ef39dd7e5798?s=96&d=mm&r=g\",\"caption\":\"Jeanette\"},\"sameAs\":[\"https:\\\/\\\/www.eldiario.net\\\/portal\"],\"url\":\"https:\\\/\\\/www.eldiario.net\\\/portal\\\/author\\\/jeanette\\\/\"}]}<\/script>\n<!-- \/ Yoast SEO plugin. -->","yoast_head_json":{"title":"Donaci\u00f3n japonesa para proyectos comunitarios - El Diario - Bolivia","robots":{"index":"index","follow":"follow","max-snippet":"max-snippet:-1","max-image-preview":"max-image-preview:large","max-video-preview":"max-video-preview:-1"},"canonical":"https:\/\/www.eldiario.net\/portal\/2021\/10\/09\/donacion-japonesa-para-proyectos-comunitarios\/","og_locale":"es_ES","og_type":"article","og_title":"Donaci\u00f3n japonesa para proyectos comunitarios - El Diario - Bolivia","og_description":"El embajador del Jap\u00f3n, Osamu Hokida, suscribi\u00f3 cinco nuevos contratos de donaci\u00f3n, dentro del esquema de asistencia financiera no reembolsable, para proyectos comunitarios de Seguridad Humana- APC, por un monto total de $us. 389.883. La donaci\u00f3n beneficia a los municipios de Riberalta, en el departamento del Beni; Palos Blancos y Patacamaya, en el departamento de [&hellip;]","og_url":"https:\/\/www.eldiario.net\/portal\/2021\/10\/09\/donacion-japonesa-para-proyectos-comunitarios\/","og_site_name":"El Diario - Bolivia","article_publisher":"https:\/\/www.facebook.com\/eldiario.bolivia\/","article_published_time":"2021-10-09T07:53:50+00:00","author":"Jeanette","twitter_card":"summary_large_image","twitter_creator":"@eldiario_net","twitter_site":"@eldiario_net","twitter_misc":{"Escrito por":"Jeanette","Tiempo de lectura":"1 minuto"},"schema":{"@context":"https:\/\/schema.org","@graph":[{"@type":"Article","@id":"https:\/\/www.eldiario.net\/portal\/2021\/10\/09\/donacion-japonesa-para-proyectos-comunitarios\/#article","isPartOf":{"@id":"https:\/\/www.eldiario.net\/portal\/2021\/10\/09\/donacion-japonesa-para-proyectos-comunitarios\/"},"author":{"name":"Jeanette","@id":"https:\/\/www.eldiario.net\/portal\/#\/schema\/person\/2c57cf2b7a7ae032e449e4c9b1019eac"},"headline":"Donaci\u00f3n japonesa para proyectos comunitarios","datePublished":"2021-10-09T07:53:50+00:00","mainEntityOfPage":{"@id":"https:\/\/www.eldiario.net\/portal\/2021\/10\/09\/donacion-japonesa-para-proyectos-comunitarios\/"},"wordCount":145,"publisher":{"@id":"https:\/\/www.eldiario.net\/portal\/#organization"},"image":{"@id":"https:\/\/www.eldiario.net\/portal\/2021\/10\/09\/donacion-japonesa-para-proyectos-comunitarios\/#primaryimage"},"thumbnailUrl":"","articleSection":["Sociedad - Seguridad"],"inLanguage":"es"},{"@type":"WebPage","@id":"https:\/\/www.eldiario.net\/portal\/2021\/10\/09\/donacion-japonesa-para-proyectos-comunitarios\/","url":"https:\/\/www.eldiario.net\/portal\/2021\/10\/09\/donacion-japonesa-para-proyectos-comunitarios\/","name":"Donaci\u00f3n japonesa para proyectos comunitarios - El Diario - Bolivia","isPartOf":{"@id":"https:\/\/www.eldiario.net\/portal\/#website"},"primaryImageOfPage":{"@id":"https:\/\/www.eldiario.net\/portal\/2021\/10\/09\/donacion-japonesa-para-proyectos-comunitarios\/#primaryimage"},"image":{"@id":"https:\/\/www.eldiario.net\/portal\/2021\/10\/09\/donacion-japonesa-para-proyectos-comunitarios\/#primaryimage"},"thumbnailUrl":"","datePublished":"2021-10-09T07:53:50+00:00","breadcrumb":{"@id":"https:\/\/www.eldiario.net\/portal\/2021\/10\/09\/donacion-japonesa-para-proyectos-comunitarios\/#breadcrumb"},"inLanguage":"es","potentialAction":[{"@type":"ReadAction","target":["https:\/\/www.eldiario.net\/portal\/2021\/10\/09\/donacion-japonesa-para-proyectos-comunitarios\/"]}]},{"@type":"ImageObject","inLanguage":"es","@id":"https:\/\/www.eldiario.net\/portal\/2021\/10\/09\/donacion-japonesa-para-proyectos-comunitarios\/#primaryimage","url":"","contentUrl":""},{"@type":"BreadcrumbList","@id":"https:\/\/www.eldiario.net\/portal\/2021\/10\/09\/donacion-japonesa-para-proyectos-comunitarios\/#breadcrumb","itemListElement":[{"@type":"ListItem","position":1,"name":"Portada","item":"https:\/\/www.eldiario.net\/portal\/"},{"@type":"ListItem","position":2,"name":"Donaci\u00f3n japonesa para proyectos comunitarios"}]},{"@type":"WebSite","@id":"https:\/\/www.eldiario.net\/portal\/#website","url":"https:\/\/www.eldiario.net\/portal\/","name":"El Diario - Decano de la prensa nacional","description":"El Diario - Decano de la prensa nacional","publisher":{"@id":"https:\/\/www.eldiario.net\/portal\/#organization"},"potentialAction":[{"@type":"SearchAction","target":{"@type":"EntryPoint","urlTemplate":"https:\/\/www.eldiario.net\/portal\/?s={search_term_string}"},"query-input":{"@type":"PropertyValueSpecification","valueRequired":true,"valueName":"search_term_string"}}],"inLanguage":"es"},{"@type":"Organization","@id":"https:\/\/www.eldiario.net\/portal\/#organization","name":"El Diario - Decano de la prensa nacional","url":"https:\/\/www.eldiario.net\/portal\/","logo":{"@type":"ImageObject","inLanguage":"es","@id":"https:\/\/www.eldiario.net\/portal\/#\/schema\/logo\/image\/","url":"https:\/\/www.eldiario.net\/portal\/wp-content\/uploads\/2023\/07\/logo_ED.jpg","contentUrl":"https:\/\/www.eldiario.net\/portal\/wp-content\/uploads\/2023\/07\/logo_ED.jpg","width":272,"height":52,"caption":"El Diario - Decano de la prensa nacional"},"image":{"@id":"https:\/\/www.eldiario.net\/portal\/#\/schema\/logo\/image\/"},"sameAs":["https:\/\/www.facebook.com\/eldiario.bolivia\/","https:\/\/x.com\/eldiario_net"]},{"@type":"Person","@id":"https:\/\/www.eldiario.net\/portal\/#\/schema\/person\/2c57cf2b7a7ae032e449e4c9b1019eac","name":"Jeanette","image":{"@type":"ImageObject","inLanguage":"es","@id":"https:\/\/secure.gravatar.com\/avatar\/3ea2118a5f7dad2b7138b1187a6b7ee55f160b9968b66013c3a3ef39dd7e5798?s=96&d=mm&r=g","url":"https:\/\/secure.gravatar.com\/avatar\/3ea2118a5f7dad2b7138b1187a6b7ee55f160b9968b66013c3a3ef39dd7e5798?s=96&d=mm&r=g","contentUrl":"https:\/\/secure.gravatar.com\/avatar\/3ea2118a5f7dad2b7138b1187a6b7ee55f160b9968b66013c3a3ef39dd7e5798?s=96&d=mm&r=g","caption":"Jeanette"},"sameAs":["https:\/\/www.eldiario.net\/portal"],"url":"https:\/\/www.eldiario.net\/portal\/author\/jeanette\/"}]}},"_links":{"self":[{"href":"https:\/\/www.eldiario.net\/portal\/wp-json\/wp\/v2\/posts\/35186","targetHints":{"allow":["GET"]}}],"collection":[{"href":"https:\/\/www.eldiario.net\/portal\/wp-json\/wp\/v2\/posts"}],"about":[{"href":"https:\/\/www.eldiario.net\/portal\/wp-json\/wp\/v2\/types\/post"}],"author":[{"embeddable":true,"href":"https:\/\/www.eldiario.net\/portal\/wp-json\/wp\/v2\/users\/1"}],"replies":[{"embeddable":true,"href":"https:\/\/www.eldiario.net\/portal\/wp-json\/wp\/v2\/comments?post=35186"}],"version-history":[{"count":0,"href":"https:\/\/www.eldiario.net\/portal\/wp-json\/wp\/v2\/posts\/35186\/revisions"}],"wp:attachment":[{"href":"https:\/\/www.eldiario.net\/portal\/wp-json\/wp\/v2\/media?parent=35186"}],"wp:term":[{"taxonomy":"category","embeddable":true,"href":"https:\/\/www.eldiario.net\/portal\/wp-json\/wp\/v2\/categories?post=35186"},{"taxonomy":"post_tag","embeddable":true,"href":"https:\/\/www.eldiario.net\/portal\/wp-json\/wp\/v2\/tags?post=35186"}],"curies":[{"name":"wp","href":"https:\/\/api.w.org\/{rel}","templated":true}]}}