{"id":351272,"date":"2025-12-10T06:05:31","date_gmt":"2025-12-10T10:05:31","guid":{"rendered":"https:\/\/www.eldiario.net\/portal\/?p=351272"},"modified":"2025-12-10T06:05:31","modified_gmt":"2025-12-10T10:05:31","slug":"piden-usar-mascarillas-por-ola-de-gripe-en-reino-unido","status":"publish","type":"post","link":"https:\/\/www.eldiario.net\/portal\/2025\/12\/10\/piden-usar-mascarillas-por-ola-de-gripe-en-reino-unido\/","title":{"rendered":"Piden usar mascarillas por ola de gripe en Reino Unido"},"content":{"rendered":"<p>Las personas que experimenten s\u00edntomas de gripe o resfriado deben usar una mascarilla en lugares p\u00fablicos mientras el Reino Unido enfrenta una \u201cola\u201d de enfermedades, se\u00f1al\u00f3 un l\u00edder del NHS.<br \/>\nDaniel Elkeles, director ejecutivo de NHS Providers, que representa a los fideicomisos del NHS, sostuvo que el pa\u00eds se enfrentaba a una \u201ccepa de gripe muy desagradable\u201d que hab\u00eda aparecido antes en el a\u00f1o de lo normal, y que se deber\u00edan usar cubiertas faciales en el transporte p\u00fablico, como durante la pandemia de covid-19.<br \/>\nLe se\u00f1al\u00f3 a Times Radio: \u201cCuando hablamos de algo como el covid-19, creo que debemos volver al h\u00e1bito de que si est\u00e1s tosiendo y estornudando, pero no est\u00e1s lo suficientemente enfermo como para no ir a trabajar, entonces debes usar una mascarilla cuando est\u00e9s en espacios p\u00fablicos, incluido el transporte p\u00fablico, para evitar las posibilidades de que le transmitas el virus a otra persona\u201d.<br \/>\nTodos fuimos muy buenos en el control de infecciones durante la covid-19. Realmente necesitamos retomar eso ahora.<br \/>\nCuando se le pregunt\u00f3 si se refer\u00eda a que las personas que \u201cse hab\u00edan resfriado, estaban moqueando, estaban tosiendo\u201d deber\u00edan usar una mascarilla en la oficina. Elkeles agreg\u00f3: \u201cCreo que eso ser\u00eda muy sensato para todos sus colegas, o probablemente sus colegas dir\u00edan: \u2018Por favor, vayan a casa\u2019\u201d.<br \/>\nPero debemos preocuparnos mucho porque se trata de una cepa de gripe muy peligrosa. Se propaga con mucha facilidad. Hace calor y hay humedad, y la gente debe ser sensata.<br \/>\nDowning Street se\u00f1al\u00f3 usar una mascarilla para prevenir la propagaci\u00f3n de enfermedades respiratorias era \u201calgo que la gente puede considerar\u201d.<br \/>\nUn portavoz del n\u00famero 10 dijo: \u201cExisten directrices de larga data para las personas sobre una variedad de medidas que pueden considerar tomar para ayudar a limitar la propagaci\u00f3n de virus invernales si tienen s\u00edntomas similares a los de la gripe.<br \/>\n\u201cEsto no es nuevo ni una instrucci\u00f3n, sino simplemente algo que las personas pueden tener en cuenta al intentar limitar la propagaci\u00f3n de enfermedades respiratorias invernales\u201d, sostuvo.<br \/>\n\u201cLa mejor defensa contra la gripe es la vacuna, por eso estamos intensificando nuestros esfuerzos de vacunaci\u00f3n este invierno con casi 17 millones de vacunas antigripales ya administradas, lo que supone 350.000 m\u00e1s que el a\u00f1o pasado por esta misma \u00e9poca\u201d, explic\u00f3.<br \/>\nLa Agencia de Seguridad Sanitaria del Reino Unido escribi\u00f3 en un blog la semana pasada que \u201clas mascarillas siguen siendo una herramienta \u00fatil para limitar la propagaci\u00f3n de virus respiratorios en algunas situaciones\u201d.<br \/>\nSin embargo, la l\u00edder conservadora, Kemi Badenoch, rechaz\u00f3 la idea y agreg\u00f3 que \u201ctodav\u00eda estaba un poco traumatizada por todo el uso de mascarillas que tuvimos que hacer durante la Covid\u201d.<br \/>\nElla le se\u00f1al\u00f3 a Sky News: \u201cPersonalmente creo que cubrirse el rostro puede ser una barrera para la interacci\u00f3n social, la cohesi\u00f3n social y me preocupa un mandato de uso de mascarillas\u201d.<br \/>\nNo creo que el gobierno deba imponer nada. Usemos un poco de sentido com\u00fan. Creo que la gente puede tomar sus propias decisiones.<br \/>\nSi est\u00e1s realmente enfermo, deber\u00eda ser en la cama. No deber\u00eda ser en el transporte p\u00fablico. Creo que eso es m\u00e1s problem\u00e1tico. Pero lo cierto es que mucha gente es contagiosa incluso antes de darse cuenta de que est\u00e1 enferma. As\u00ed que no estoy seguro de que funcione.<br \/>\nEl n\u00famero de personas hospitalizadas con gripe en Inglaterra alcanz\u00f3 un nivel r\u00e9cord para esta \u00e9poca del a\u00f1o. Un promedio de 1717 pacientes con gripe permanec\u00edan en camas en Inglaterra cada d\u00eda, incluyendo 69 en cuidados intensivos, seg\u00fan los datos m\u00e1s recientes. (The Guardian)<\/p>\n","protected":false},"excerpt":{"rendered":"<p>Las personas que experimenten s\u00edntomas de gripe o resfriado deben usar una mascarilla en lugares p\u00fablicos mientras el Reino Unido enfrenta una \u201cola\u201d de enfermedades, se\u00f1al\u00f3 un l\u00edder del NHS. Daniel Elkeles, director ejecutivo de NHS Providers, que representa a los fideicomisos del NHS, sostuvo que el pa\u00eds se enfrentaba a una \u201ccepa de gripe [&hellip;]<\/p>\n","protected":false},"author":1,"featured_media":194703,"comment_status":"closed","ping_status":"open","sticky":false,"template":"","format":"standard","meta":{"_acf_changed":false,"footnotes":""},"categories":[3],"tags":[],"class_list":["post-351272","post","type-post","status-publish","format-standard","has-post-thumbnail","category-internacional"],"acf":{"antetitulo":""},"yoast_head":"<!-- This site is optimized with the Yoast SEO plugin v28.4 - https:\/\/yoast.com\/product\/yoast-seo-wordpress\/ -->\n<title>Piden usar mascarillas por ola de gripe en Reino Unido - El Diario - Bolivia<\/title>\n<meta name=\"robots\" content=\"index, follow, max-snippet:-1, max-image-preview:large, max-video-preview:-1\" \/>\n<link rel=\"canonical\" href=\"https:\/\/www.eldiario.net\/portal\/2025\/12\/10\/piden-usar-mascarillas-por-ola-de-gripe-en-reino-unido\/\" \/>\n<meta property=\"og:locale\" content=\"es_ES\" \/>\n<meta property=\"og:type\" content=\"article\" \/>\n<meta property=\"og:title\" content=\"Piden usar mascarillas por ola de gripe en Reino Unido - El Diario - Bolivia\" \/>\n<meta property=\"og:description\" content=\"Las personas que experimenten s\u00edntomas de gripe o resfriado deben usar una mascarilla en lugares p\u00fablicos mientras el Reino Unido enfrenta una \u201cola\u201d de enfermedades, se\u00f1al\u00f3 un l\u00edder del NHS. Daniel Elkeles, director ejecutivo de NHS Providers, que representa a los fideicomisos del NHS, sostuvo que el pa\u00eds se enfrentaba a una \u201ccepa de gripe [&hellip;]\" \/>\n<meta property=\"og:url\" content=\"https:\/\/www.eldiario.net\/portal\/2025\/12\/10\/piden-usar-mascarillas-por-ola-de-gripe-en-reino-unido\/\" \/>\n<meta property=\"og:site_name\" content=\"El Diario - Bolivia\" \/>\n<meta property=\"article:publisher\" content=\"https:\/\/www.facebook.com\/eldiario.bolivia\/\" \/>\n<meta property=\"article:published_time\" content=\"2025-12-10T10:05:31+00:00\" \/>\n<meta property=\"og:image\" content=\"https:\/\/www.eldiario.net\/portal\/wp-content\/uploads\/2023\/12\/Internacional.jpg\" \/>\n\t<meta property=\"og:image:width\" content=\"800\" \/>\n\t<meta property=\"og:image:height\" content=\"500\" \/>\n\t<meta property=\"og:image:type\" content=\"image\/jpeg\" \/>\n<meta name=\"author\" content=\"Jeanette\" \/>\n<meta name=\"twitter:card\" content=\"summary_large_image\" \/>\n<meta name=\"twitter:creator\" content=\"@eldiario_net\" \/>\n<meta name=\"twitter:site\" content=\"@eldiario_net\" \/>\n<meta name=\"twitter:label1\" content=\"Escrito por\" \/>\n\t<meta name=\"twitter:data1\" content=\"Jeanette\" \/>\n\t<meta name=\"twitter:label2\" content=\"Tiempo de lectura\" \/>\n\t<meta name=\"twitter:data2\" content=\"3 minutos\" \/>\n<script type=\"application\/ld+json\" class=\"yoast-schema-graph\">{\"@context\":\"https:\\\/\\\/schema.org\",\"@graph\":[{\"@type\":\"Article\",\"@id\":\"https:\\\/\\\/www.eldiario.net\\\/portal\\\/2025\\\/12\\\/10\\\/piden-usar-mascarillas-por-ola-de-gripe-en-reino-unido\\\/#article\",\"isPartOf\":{\"@id\":\"https:\\\/\\\/www.eldiario.net\\\/portal\\\/2025\\\/12\\\/10\\\/piden-usar-mascarillas-por-ola-de-gripe-en-reino-unido\\\/\"},\"author\":{\"name\":\"Jeanette\",\"@id\":\"https:\\\/\\\/www.eldiario.net\\\/portal\\\/#\\\/schema\\\/person\\\/f46445640444750d7d753ccd04ae01b7\"},\"headline\":\"Piden usar mascarillas por ola de gripe en Reino Unido\",\"datePublished\":\"2025-12-10T10:05:31+00:00\",\"mainEntityOfPage\":{\"@id\":\"https:\\\/\\\/www.eldiario.net\\\/portal\\\/2025\\\/12\\\/10\\\/piden-usar-mascarillas-por-ola-de-gripe-en-reino-unido\\\/\"},\"wordCount\":640,\"publisher\":{\"@id\":\"https:\\\/\\\/www.eldiario.net\\\/portal\\\/#organization\"},\"image\":{\"@id\":\"https:\\\/\\\/www.eldiario.net\\\/portal\\\/2025\\\/12\\\/10\\\/piden-usar-mascarillas-por-ola-de-gripe-en-reino-unido\\\/#primaryimage\"},\"thumbnailUrl\":\"https:\\\/\\\/www.eldiario.net\\\/portal\\\/wp-content\\\/uploads\\\/2023\\\/12\\\/Internacional.jpg\",\"articleSection\":[\"Internacional\"],\"inLanguage\":\"es\"},{\"@type\":\"WebPage\",\"@id\":\"https:\\\/\\\/www.eldiario.net\\\/portal\\\/2025\\\/12\\\/10\\\/piden-usar-mascarillas-por-ola-de-gripe-en-reino-unido\\\/\",\"url\":\"https:\\\/\\\/www.eldiario.net\\\/portal\\\/2025\\\/12\\\/10\\\/piden-usar-mascarillas-por-ola-de-gripe-en-reino-unido\\\/\",\"name\":\"Piden usar mascarillas por ola de gripe en Reino Unido - El Diario - Bolivia\",\"isPartOf\":{\"@id\":\"https:\\\/\\\/www.eldiario.net\\\/portal\\\/#website\"},\"primaryImageOfPage\":{\"@id\":\"https:\\\/\\\/www.eldiario.net\\\/portal\\\/2025\\\/12\\\/10\\\/piden-usar-mascarillas-por-ola-de-gripe-en-reino-unido\\\/#primaryimage\"},\"image\":{\"@id\":\"https:\\\/\\\/www.eldiario.net\\\/portal\\\/2025\\\/12\\\/10\\\/piden-usar-mascarillas-por-ola-de-gripe-en-reino-unido\\\/#primaryimage\"},\"thumbnailUrl\":\"https:\\\/\\\/www.eldiario.net\\\/portal\\\/wp-content\\\/uploads\\\/2023\\\/12\\\/Internacional.jpg\",\"datePublished\":\"2025-12-10T10:05:31+00:00\",\"breadcrumb\":{\"@id\":\"https:\\\/\\\/www.eldiario.net\\\/portal\\\/2025\\\/12\\\/10\\\/piden-usar-mascarillas-por-ola-de-gripe-en-reino-unido\\\/#breadcrumb\"},\"inLanguage\":\"es\",\"potentialAction\":[{\"@type\":\"ReadAction\",\"target\":[\"https:\\\/\\\/www.eldiario.net\\\/portal\\\/2025\\\/12\\\/10\\\/piden-usar-mascarillas-por-ola-de-gripe-en-reino-unido\\\/\"]}]},{\"@type\":\"ImageObject\",\"inLanguage\":\"es\",\"@id\":\"https:\\\/\\\/www.eldiario.net\\\/portal\\\/2025\\\/12\\\/10\\\/piden-usar-mascarillas-por-ola-de-gripe-en-reino-unido\\\/#primaryimage\",\"url\":\"https:\\\/\\\/www.eldiario.net\\\/portal\\\/wp-content\\\/uploads\\\/2023\\\/12\\\/Internacional.jpg\",\"contentUrl\":\"https:\\\/\\\/www.eldiario.net\\\/portal\\\/wp-content\\\/uploads\\\/2023\\\/12\\\/Internacional.jpg\",\"width\":800,\"height\":500},{\"@type\":\"BreadcrumbList\",\"@id\":\"https:\\\/\\\/www.eldiario.net\\\/portal\\\/2025\\\/12\\\/10\\\/piden-usar-mascarillas-por-ola-de-gripe-en-reino-unido\\\/#breadcrumb\",\"itemListElement\":[{\"@type\":\"ListItem\",\"position\":1,\"name\":\"Portada\",\"item\":\"https:\\\/\\\/www.eldiario.net\\\/portal\\\/\"},{\"@type\":\"ListItem\",\"position\":2,\"name\":\"Piden usar mascarillas por ola de gripe en Reino Unido\"}]},{\"@type\":\"WebSite\",\"@id\":\"https:\\\/\\\/www.eldiario.net\\\/portal\\\/#website\",\"url\":\"https:\\\/\\\/www.eldiario.net\\\/portal\\\/\",\"name\":\"El Diario - Decano de la prensa nacional\",\"description\":\"El Diario - Decano de la prensa nacional\",\"publisher\":{\"@id\":\"https:\\\/\\\/www.eldiario.net\\\/portal\\\/#organization\"},\"potentialAction\":[{\"@type\":\"SearchAction\",\"target\":{\"@type\":\"EntryPoint\",\"urlTemplate\":\"https:\\\/\\\/www.eldiario.net\\\/portal\\\/?s={search_term_string}\"},\"query-input\":{\"@type\":\"PropertyValueSpecification\",\"valueRequired\":true,\"valueName\":\"search_term_string\"}}],\"inLanguage\":\"es\"},{\"@type\":\"Organization\",\"@id\":\"https:\\\/\\\/www.eldiario.net\\\/portal\\\/#organization\",\"name\":\"El Diario - Decano de la prensa nacional\",\"url\":\"https:\\\/\\\/www.eldiario.net\\\/portal\\\/\",\"logo\":{\"@type\":\"ImageObject\",\"inLanguage\":\"es\",\"@id\":\"https:\\\/\\\/www.eldiario.net\\\/portal\\\/#\\\/schema\\\/logo\\\/image\\\/\",\"url\":\"https:\\\/\\\/www.eldiario.net\\\/portal\\\/wp-content\\\/uploads\\\/2023\\\/07\\\/logo_ED.jpg\",\"contentUrl\":\"https:\\\/\\\/www.eldiario.net\\\/portal\\\/wp-content\\\/uploads\\\/2023\\\/07\\\/logo_ED.jpg\",\"width\":272,\"height\":52,\"caption\":\"El Diario - Decano de la prensa nacional\"},\"image\":{\"@id\":\"https:\\\/\\\/www.eldiario.net\\\/portal\\\/#\\\/schema\\\/logo\\\/image\\\/\"},\"sameAs\":[\"https:\\\/\\\/www.facebook.com\\\/eldiario.bolivia\\\/\",\"https:\\\/\\\/x.com\\\/eldiario_net\"]},{\"@type\":\"Person\",\"@id\":\"https:\\\/\\\/www.eldiario.net\\\/portal\\\/#\\\/schema\\\/person\\\/f46445640444750d7d753ccd04ae01b7\",\"name\":\"Jeanette\",\"image\":{\"@type\":\"ImageObject\",\"inLanguage\":\"es\",\"@id\":\"https:\\\/\\\/secure.gravatar.com\\\/avatar\\\/3ea2118a5f7dad2b7138b1187a6b7ee55f160b9968b66013c3a3ef39dd7e5798?s=96&d=mm&r=g\",\"url\":\"https:\\\/\\\/secure.gravatar.com\\\/avatar\\\/3ea2118a5f7dad2b7138b1187a6b7ee55f160b9968b66013c3a3ef39dd7e5798?s=96&d=mm&r=g\",\"contentUrl\":\"https:\\\/\\\/secure.gravatar.com\\\/avatar\\\/3ea2118a5f7dad2b7138b1187a6b7ee55f160b9968b66013c3a3ef39dd7e5798?s=96&d=mm&r=g\",\"caption\":\"Jeanette\"},\"sameAs\":[\"https:\\\/\\\/www.eldiario.net\\\/portal\"],\"url\":\"https:\\\/\\\/www.eldiario.net\\\/portal\\\/author\\\/jeanette\\\/\"}]}<\/script>\n<!-- \/ Yoast SEO plugin. -->","yoast_head_json":{"title":"Piden usar mascarillas por ola de gripe en Reino Unido - El Diario - Bolivia","robots":{"index":"index","follow":"follow","max-snippet":"max-snippet:-1","max-image-preview":"max-image-preview:large","max-video-preview":"max-video-preview:-1"},"canonical":"https:\/\/www.eldiario.net\/portal\/2025\/12\/10\/piden-usar-mascarillas-por-ola-de-gripe-en-reino-unido\/","og_locale":"es_ES","og_type":"article","og_title":"Piden usar mascarillas por ola de gripe en Reino Unido - El Diario - Bolivia","og_description":"Las personas que experimenten s\u00edntomas de gripe o resfriado deben usar una mascarilla en lugares p\u00fablicos mientras el Reino Unido enfrenta una \u201cola\u201d de enfermedades, se\u00f1al\u00f3 un l\u00edder del NHS. Daniel Elkeles, director ejecutivo de NHS Providers, que representa a los fideicomisos del NHS, sostuvo que el pa\u00eds se enfrentaba a una \u201ccepa de gripe [&hellip;]","og_url":"https:\/\/www.eldiario.net\/portal\/2025\/12\/10\/piden-usar-mascarillas-por-ola-de-gripe-en-reino-unido\/","og_site_name":"El Diario - Bolivia","article_publisher":"https:\/\/www.facebook.com\/eldiario.bolivia\/","article_published_time":"2025-12-10T10:05:31+00:00","og_image":[{"width":800,"height":500,"url":"https:\/\/www.eldiario.net\/portal\/wp-content\/uploads\/2023\/12\/Internacional.jpg","type":"image\/jpeg"}],"author":"Jeanette","twitter_card":"summary_large_image","twitter_creator":"@eldiario_net","twitter_site":"@eldiario_net","twitter_misc":{"Escrito por":"Jeanette","Tiempo de lectura":"3 minutos"},"schema":{"@context":"https:\/\/schema.org","@graph":[{"@type":"Article","@id":"https:\/\/www.eldiario.net\/portal\/2025\/12\/10\/piden-usar-mascarillas-por-ola-de-gripe-en-reino-unido\/#article","isPartOf":{"@id":"https:\/\/www.eldiario.net\/portal\/2025\/12\/10\/piden-usar-mascarillas-por-ola-de-gripe-en-reino-unido\/"},"author":{"name":"Jeanette","@id":"https:\/\/www.eldiario.net\/portal\/#\/schema\/person\/f46445640444750d7d753ccd04ae01b7"},"headline":"Piden usar mascarillas por ola de gripe en Reino Unido","datePublished":"2025-12-10T10:05:31+00:00","mainEntityOfPage":{"@id":"https:\/\/www.eldiario.net\/portal\/2025\/12\/10\/piden-usar-mascarillas-por-ola-de-gripe-en-reino-unido\/"},"wordCount":640,"publisher":{"@id":"https:\/\/www.eldiario.net\/portal\/#organization"},"image":{"@id":"https:\/\/www.eldiario.net\/portal\/2025\/12\/10\/piden-usar-mascarillas-por-ola-de-gripe-en-reino-unido\/#primaryimage"},"thumbnailUrl":"https:\/\/www.eldiario.net\/portal\/wp-content\/uploads\/2023\/12\/Internacional.jpg","articleSection":["Internacional"],"inLanguage":"es"},{"@type":"WebPage","@id":"https:\/\/www.eldiario.net\/portal\/2025\/12\/10\/piden-usar-mascarillas-por-ola-de-gripe-en-reino-unido\/","url":"https:\/\/www.eldiario.net\/portal\/2025\/12\/10\/piden-usar-mascarillas-por-ola-de-gripe-en-reino-unido\/","name":"Piden usar mascarillas por ola de gripe en Reino Unido - El Diario - Bolivia","isPartOf":{"@id":"https:\/\/www.eldiario.net\/portal\/#website"},"primaryImageOfPage":{"@id":"https:\/\/www.eldiario.net\/portal\/2025\/12\/10\/piden-usar-mascarillas-por-ola-de-gripe-en-reino-unido\/#primaryimage"},"image":{"@id":"https:\/\/www.eldiario.net\/portal\/2025\/12\/10\/piden-usar-mascarillas-por-ola-de-gripe-en-reino-unido\/#primaryimage"},"thumbnailUrl":"https:\/\/www.eldiario.net\/portal\/wp-content\/uploads\/2023\/12\/Internacional.jpg","datePublished":"2025-12-10T10:05:31+00:00","breadcrumb":{"@id":"https:\/\/www.eldiario.net\/portal\/2025\/12\/10\/piden-usar-mascarillas-por-ola-de-gripe-en-reino-unido\/#breadcrumb"},"inLanguage":"es","potentialAction":[{"@type":"ReadAction","target":["https:\/\/www.eldiario.net\/portal\/2025\/12\/10\/piden-usar-mascarillas-por-ola-de-gripe-en-reino-unido\/"]}]},{"@type":"ImageObject","inLanguage":"es","@id":"https:\/\/www.eldiario.net\/portal\/2025\/12\/10\/piden-usar-mascarillas-por-ola-de-gripe-en-reino-unido\/#primaryimage","url":"https:\/\/www.eldiario.net\/portal\/wp-content\/uploads\/2023\/12\/Internacional.jpg","contentUrl":"https:\/\/www.eldiario.net\/portal\/wp-content\/uploads\/2023\/12\/Internacional.jpg","width":800,"height":500},{"@type":"BreadcrumbList","@id":"https:\/\/www.eldiario.net\/portal\/2025\/12\/10\/piden-usar-mascarillas-por-ola-de-gripe-en-reino-unido\/#breadcrumb","itemListElement":[{"@type":"ListItem","position":1,"name":"Portada","item":"https:\/\/www.eldiario.net\/portal\/"},{"@type":"ListItem","position":2,"name":"Piden usar mascarillas por ola de gripe en Reino Unido"}]},{"@type":"WebSite","@id":"https:\/\/www.eldiario.net\/portal\/#website","url":"https:\/\/www.eldiario.net\/portal\/","name":"El Diario - Decano de la prensa nacional","description":"El Diario - Decano de la prensa nacional","publisher":{"@id":"https:\/\/www.eldiario.net\/portal\/#organization"},"potentialAction":[{"@type":"SearchAction","target":{"@type":"EntryPoint","urlTemplate":"https:\/\/www.eldiario.net\/portal\/?s={search_term_string}"},"query-input":{"@type":"PropertyValueSpecification","valueRequired":true,"valueName":"search_term_string"}}],"inLanguage":"es"},{"@type":"Organization","@id":"https:\/\/www.eldiario.net\/portal\/#organization","name":"El Diario - Decano de la prensa nacional","url":"https:\/\/www.eldiario.net\/portal\/","logo":{"@type":"ImageObject","inLanguage":"es","@id":"https:\/\/www.eldiario.net\/portal\/#\/schema\/logo\/image\/","url":"https:\/\/www.eldiario.net\/portal\/wp-content\/uploads\/2023\/07\/logo_ED.jpg","contentUrl":"https:\/\/www.eldiario.net\/portal\/wp-content\/uploads\/2023\/07\/logo_ED.jpg","width":272,"height":52,"caption":"El Diario - Decano de la prensa nacional"},"image":{"@id":"https:\/\/www.eldiario.net\/portal\/#\/schema\/logo\/image\/"},"sameAs":["https:\/\/www.facebook.com\/eldiario.bolivia\/","https:\/\/x.com\/eldiario_net"]},{"@type":"Person","@id":"https:\/\/www.eldiario.net\/portal\/#\/schema\/person\/f46445640444750d7d753ccd04ae01b7","name":"Jeanette","image":{"@type":"ImageObject","inLanguage":"es","@id":"https:\/\/secure.gravatar.com\/avatar\/3ea2118a5f7dad2b7138b1187a6b7ee55f160b9968b66013c3a3ef39dd7e5798?s=96&d=mm&r=g","url":"https:\/\/secure.gravatar.com\/avatar\/3ea2118a5f7dad2b7138b1187a6b7ee55f160b9968b66013c3a3ef39dd7e5798?s=96&d=mm&r=g","contentUrl":"https:\/\/secure.gravatar.com\/avatar\/3ea2118a5f7dad2b7138b1187a6b7ee55f160b9968b66013c3a3ef39dd7e5798?s=96&d=mm&r=g","caption":"Jeanette"},"sameAs":["https:\/\/www.eldiario.net\/portal"],"url":"https:\/\/www.eldiario.net\/portal\/author\/jeanette\/"}]}},"_links":{"self":[{"href":"https:\/\/www.eldiario.net\/portal\/wp-json\/wp\/v2\/posts\/351272","targetHints":{"allow":["GET"]}}],"collection":[{"href":"https:\/\/www.eldiario.net\/portal\/wp-json\/wp\/v2\/posts"}],"about":[{"href":"https:\/\/www.eldiario.net\/portal\/wp-json\/wp\/v2\/types\/post"}],"author":[{"embeddable":true,"href":"https:\/\/www.eldiario.net\/portal\/wp-json\/wp\/v2\/users\/1"}],"replies":[{"embeddable":true,"href":"https:\/\/www.eldiario.net\/portal\/wp-json\/wp\/v2\/comments?post=351272"}],"version-history":[{"count":1,"href":"https:\/\/www.eldiario.net\/portal\/wp-json\/wp\/v2\/posts\/351272\/revisions"}],"predecessor-version":[{"id":351273,"href":"https:\/\/www.eldiario.net\/portal\/wp-json\/wp\/v2\/posts\/351272\/revisions\/351273"}],"wp:featuredmedia":[{"embeddable":true,"href":"https:\/\/www.eldiario.net\/portal\/wp-json\/wp\/v2\/media\/194703"}],"wp:attachment":[{"href":"https:\/\/www.eldiario.net\/portal\/wp-json\/wp\/v2\/media?parent=351272"}],"wp:term":[{"taxonomy":"category","embeddable":true,"href":"https:\/\/www.eldiario.net\/portal\/wp-json\/wp\/v2\/categories?post=351272"},{"taxonomy":"post_tag","embeddable":true,"href":"https:\/\/www.eldiario.net\/portal\/wp-json\/wp\/v2\/tags?post=351272"}],"curies":[{"name":"wp","href":"https:\/\/api.w.org\/{rel}","templated":true}]}}