{"id":351264,"date":"2025-12-10T06:03:28","date_gmt":"2025-12-10T10:03:28","guid":{"rendered":"https:\/\/www.eldiario.net\/portal\/?p=351264"},"modified":"2025-12-10T06:03:28","modified_gmt":"2025-12-10T10:03:28","slug":"israel-y-bolivia-restablecen-sus-relaciones-diplomaticas","status":"publish","type":"post","link":"https:\/\/www.eldiario.net\/portal\/2025\/12\/10\/israel-y-bolivia-restablecen-sus-relaciones-diplomaticas\/","title":{"rendered":"Israel y Bolivia restablecen sus relaciones diplom\u00e1ticas"},"content":{"rendered":"<p>Los gobiernos de Israel y Bolivia decidieron restablecer sus relaciones diplom\u00e1ticas, interrumpidas hace dos a\u00f1os por el pa\u00eds latinoamericano debido a la guerra en la Franja de Gaza, anunci\u00f3 el Ministerio israel\u00ed de Relaciones Exteriores.<br \/>\nEl jefe de la diplomacia israel\u00ed, Gideon Sa\u2019ar, \u201cfirmar\u00e1 en Washington, junto con su hom\u00f3logo boliviano Fernando Aramayo, la reanudaci\u00f3n de las relaciones diplom\u00e1ticas entre ambos pa\u00edses\u201d, anunci\u00f3 previamente el ministerio israel\u00ed en un comunicado.<br \/>\n\u201cFeliz por este nuevo cap\u00edtulo que vamos a escribir en las relaciones entre Bolivia e Israel\u201d, escribi\u00f3 por su parte Aramayo en X.<br \/>\nA finales de octubre de 2023, Bolivia fue el primer pa\u00eds latinoamericano en romper relaciones con Israel, en protesta por la guerra iniciada en Gaza tras el ataque sin precedentes de Ham\u00e1s, grupo considerado terrorista por la UE, contra territorio israel\u00ed el 7 de octubre de ese a\u00f1o.<br \/>\nEn aquel momento, Israel calific\u00f3 esta decisi\u00f3n, tomada por el gobierno del presidente socialista Luis Arce, como \u201cuna capitulaci\u00f3n ante el terrorismo\u201d.<br \/>\nBolivia tambi\u00e9n se sum\u00f3 en octubre de 2024 al procedimiento contra Israel ante la Corte Internacional de Justicia(CIJ), iniciado por Sud\u00e1frica por violaci\u00f3n de la Convenci\u00f3n de las Naciones Unidas sobre el Genocidio.<br \/>\nUn nuevo presidente de centroderecha, Rodrigo Paz, fue elegido en Bolivia en octubre de 2025.<br \/>\nSa\u2019ar indic\u00f3 que se reuni\u00f3 con el nuevo presidente boliviano al d\u00eda siguiente de su elecci\u00f3n y le comunic\u00f3 \u201cla voluntad de Israel de abrir un nuevo cap\u00edtulo\u201d.<br \/>\nAsimismo, aplaudi\u00f3 la reciente decisi\u00f3n boliviana de eliminar la obligaci\u00f3n de visado para los turistas israel\u00edes. (Dw)<\/p>\n","protected":false},"excerpt":{"rendered":"<p>Los gobiernos de Israel y Bolivia decidieron restablecer sus relaciones diplom\u00e1ticas, interrumpidas hace dos a\u00f1os por el pa\u00eds latinoamericano debido a la guerra en la Franja de Gaza, anunci\u00f3 el Ministerio israel\u00ed de Relaciones Exteriores. El jefe de la diplomacia israel\u00ed, Gideon Sa\u2019ar, \u201cfirmar\u00e1 en Washington, junto con su hom\u00f3logo boliviano Fernando Aramayo, la reanudaci\u00f3n [&hellip;]<\/p>\n","protected":false},"author":1,"featured_media":351265,"comment_status":"closed","ping_status":"open","sticky":false,"template":"","format":"standard","meta":{"_acf_changed":false,"footnotes":""},"categories":[3],"tags":[],"class_list":["post-351264","post","type-post","status-publish","format-standard","has-post-thumbnail","category-internacional"],"acf":{"antetitulo":""},"yoast_head":"<!-- This site is optimized with the Yoast SEO plugin v28.3 - https:\/\/yoast.com\/product\/yoast-seo-wordpress\/ -->\n<title>Israel y Bolivia restablecen sus relaciones diplom\u00e1ticas - El Diario - Bolivia<\/title>\n<meta name=\"robots\" content=\"index, follow, max-snippet:-1, max-image-preview:large, max-video-preview:-1\" \/>\n<link rel=\"canonical\" href=\"https:\/\/www.eldiario.net\/portal\/2025\/12\/10\/israel-y-bolivia-restablecen-sus-relaciones-diplomaticas\/\" \/>\n<meta property=\"og:locale\" content=\"es_ES\" \/>\n<meta property=\"og:type\" content=\"article\" \/>\n<meta property=\"og:title\" content=\"Israel y Bolivia restablecen sus relaciones diplom\u00e1ticas - El Diario - Bolivia\" \/>\n<meta property=\"og:description\" content=\"Los gobiernos de Israel y Bolivia decidieron restablecer sus relaciones diplom\u00e1ticas, interrumpidas hace dos a\u00f1os por el pa\u00eds latinoamericano debido a la guerra en la Franja de Gaza, anunci\u00f3 el Ministerio israel\u00ed de Relaciones Exteriores. El jefe de la diplomacia israel\u00ed, Gideon Sa\u2019ar, \u201cfirmar\u00e1 en Washington, junto con su hom\u00f3logo boliviano Fernando Aramayo, la reanudaci\u00f3n [&hellip;]\" \/>\n<meta property=\"og:url\" content=\"https:\/\/www.eldiario.net\/portal\/2025\/12\/10\/israel-y-bolivia-restablecen-sus-relaciones-diplomaticas\/\" \/>\n<meta property=\"og:site_name\" content=\"El Diario - Bolivia\" \/>\n<meta property=\"article:publisher\" content=\"https:\/\/www.facebook.com\/eldiario.bolivia\/\" \/>\n<meta property=\"article:published_time\" content=\"2025-12-10T10:03:28+00:00\" \/>\n<meta property=\"og:image\" content=\"https:\/\/www.eldiario.net\/portal\/wp-content\/uploads\/2025\/12\/ISRAEL-FOTO.webp\" \/>\n\t<meta property=\"og:image:width\" content=\"280\" \/>\n\t<meta property=\"og:image:height\" content=\"300\" \/>\n\t<meta property=\"og:image:type\" content=\"image\/webp\" \/>\n<meta name=\"author\" content=\"Jeanette\" \/>\n<meta name=\"twitter:card\" content=\"summary_large_image\" \/>\n<meta name=\"twitter:creator\" content=\"@eldiario_net\" \/>\n<meta name=\"twitter:site\" content=\"@eldiario_net\" \/>\n<meta name=\"twitter:label1\" content=\"Escrito por\" \/>\n\t<meta name=\"twitter:data1\" content=\"Jeanette\" \/>\n\t<meta name=\"twitter:label2\" content=\"Tiempo de lectura\" \/>\n\t<meta name=\"twitter:data2\" content=\"2 minutos\" \/>\n<script type=\"application\/ld+json\" class=\"yoast-schema-graph\">{\"@context\":\"https:\\\/\\\/schema.org\",\"@graph\":[{\"@type\":\"Article\",\"@id\":\"https:\\\/\\\/www.eldiario.net\\\/portal\\\/2025\\\/12\\\/10\\\/israel-y-bolivia-restablecen-sus-relaciones-diplomaticas\\\/#article\",\"isPartOf\":{\"@id\":\"https:\\\/\\\/www.eldiario.net\\\/portal\\\/2025\\\/12\\\/10\\\/israel-y-bolivia-restablecen-sus-relaciones-diplomaticas\\\/\"},\"author\":{\"name\":\"Jeanette\",\"@id\":\"https:\\\/\\\/www.eldiario.net\\\/portal\\\/#\\\/schema\\\/person\\\/f46445640444750d7d753ccd04ae01b7\"},\"headline\":\"Israel y Bolivia restablecen sus relaciones diplom\u00e1ticas\",\"datePublished\":\"2025-12-10T10:03:28+00:00\",\"mainEntityOfPage\":{\"@id\":\"https:\\\/\\\/www.eldiario.net\\\/portal\\\/2025\\\/12\\\/10\\\/israel-y-bolivia-restablecen-sus-relaciones-diplomaticas\\\/\"},\"wordCount\":286,\"publisher\":{\"@id\":\"https:\\\/\\\/www.eldiario.net\\\/portal\\\/#organization\"},\"image\":{\"@id\":\"https:\\\/\\\/www.eldiario.net\\\/portal\\\/2025\\\/12\\\/10\\\/israel-y-bolivia-restablecen-sus-relaciones-diplomaticas\\\/#primaryimage\"},\"thumbnailUrl\":\"https:\\\/\\\/www.eldiario.net\\\/portal\\\/wp-content\\\/uploads\\\/2025\\\/12\\\/ISRAEL-FOTO.webp\",\"articleSection\":[\"Internacional\"],\"inLanguage\":\"es\"},{\"@type\":\"WebPage\",\"@id\":\"https:\\\/\\\/www.eldiario.net\\\/portal\\\/2025\\\/12\\\/10\\\/israel-y-bolivia-restablecen-sus-relaciones-diplomaticas\\\/\",\"url\":\"https:\\\/\\\/www.eldiario.net\\\/portal\\\/2025\\\/12\\\/10\\\/israel-y-bolivia-restablecen-sus-relaciones-diplomaticas\\\/\",\"name\":\"Israel y Bolivia restablecen sus relaciones diplom\u00e1ticas - El Diario - Bolivia\",\"isPartOf\":{\"@id\":\"https:\\\/\\\/www.eldiario.net\\\/portal\\\/#website\"},\"primaryImageOfPage\":{\"@id\":\"https:\\\/\\\/www.eldiario.net\\\/portal\\\/2025\\\/12\\\/10\\\/israel-y-bolivia-restablecen-sus-relaciones-diplomaticas\\\/#primaryimage\"},\"image\":{\"@id\":\"https:\\\/\\\/www.eldiario.net\\\/portal\\\/2025\\\/12\\\/10\\\/israel-y-bolivia-restablecen-sus-relaciones-diplomaticas\\\/#primaryimage\"},\"thumbnailUrl\":\"https:\\\/\\\/www.eldiario.net\\\/portal\\\/wp-content\\\/uploads\\\/2025\\\/12\\\/ISRAEL-FOTO.webp\",\"datePublished\":\"2025-12-10T10:03:28+00:00\",\"breadcrumb\":{\"@id\":\"https:\\\/\\\/www.eldiario.net\\\/portal\\\/2025\\\/12\\\/10\\\/israel-y-bolivia-restablecen-sus-relaciones-diplomaticas\\\/#breadcrumb\"},\"inLanguage\":\"es\",\"potentialAction\":[{\"@type\":\"ReadAction\",\"target\":[\"https:\\\/\\\/www.eldiario.net\\\/portal\\\/2025\\\/12\\\/10\\\/israel-y-bolivia-restablecen-sus-relaciones-diplomaticas\\\/\"]}]},{\"@type\":\"ImageObject\",\"inLanguage\":\"es\",\"@id\":\"https:\\\/\\\/www.eldiario.net\\\/portal\\\/2025\\\/12\\\/10\\\/israel-y-bolivia-restablecen-sus-relaciones-diplomaticas\\\/#primaryimage\",\"url\":\"https:\\\/\\\/www.eldiario.net\\\/portal\\\/wp-content\\\/uploads\\\/2025\\\/12\\\/ISRAEL-FOTO.webp\",\"contentUrl\":\"https:\\\/\\\/www.eldiario.net\\\/portal\\\/wp-content\\\/uploads\\\/2025\\\/12\\\/ISRAEL-FOTO.webp\",\"width\":280,\"height\":300,\"caption\":\"Israel y Bolivia reanudan una relaci\u00f3n estrat\u00e9gica que abre una era de ciencia, cooperaci\u00f3n y beneficios mutuos. En la foto el canciller Fernando Aramayo Carrasco y el ministro de Relaciones Exteriores del Estado de Israel, Gideon Sa\u2019ar.\"},{\"@type\":\"BreadcrumbList\",\"@id\":\"https:\\\/\\\/www.eldiario.net\\\/portal\\\/2025\\\/12\\\/10\\\/israel-y-bolivia-restablecen-sus-relaciones-diplomaticas\\\/#breadcrumb\",\"itemListElement\":[{\"@type\":\"ListItem\",\"position\":1,\"name\":\"Portada\",\"item\":\"https:\\\/\\\/www.eldiario.net\\\/portal\\\/\"},{\"@type\":\"ListItem\",\"position\":2,\"name\":\"Israel y Bolivia restablecen sus relaciones diplom\u00e1ticas\"}]},{\"@type\":\"WebSite\",\"@id\":\"https:\\\/\\\/www.eldiario.net\\\/portal\\\/#website\",\"url\":\"https:\\\/\\\/www.eldiario.net\\\/portal\\\/\",\"name\":\"El Diario - Decano de la prensa nacional\",\"description\":\"El Diario - Decano de la prensa nacional\",\"publisher\":{\"@id\":\"https:\\\/\\\/www.eldiario.net\\\/portal\\\/#organization\"},\"potentialAction\":[{\"@type\":\"SearchAction\",\"target\":{\"@type\":\"EntryPoint\",\"urlTemplate\":\"https:\\\/\\\/www.eldiario.net\\\/portal\\\/?s={search_term_string}\"},\"query-input\":{\"@type\":\"PropertyValueSpecification\",\"valueRequired\":true,\"valueName\":\"search_term_string\"}}],\"inLanguage\":\"es\"},{\"@type\":\"Organization\",\"@id\":\"https:\\\/\\\/www.eldiario.net\\\/portal\\\/#organization\",\"name\":\"El Diario - Decano de la prensa nacional\",\"url\":\"https:\\\/\\\/www.eldiario.net\\\/portal\\\/\",\"logo\":{\"@type\":\"ImageObject\",\"inLanguage\":\"es\",\"@id\":\"https:\\\/\\\/www.eldiario.net\\\/portal\\\/#\\\/schema\\\/logo\\\/image\\\/\",\"url\":\"https:\\\/\\\/www.eldiario.net\\\/portal\\\/wp-content\\\/uploads\\\/2023\\\/07\\\/logo_ED.jpg\",\"contentUrl\":\"https:\\\/\\\/www.eldiario.net\\\/portal\\\/wp-content\\\/uploads\\\/2023\\\/07\\\/logo_ED.jpg\",\"width\":272,\"height\":52,\"caption\":\"El Diario - Decano de la prensa nacional\"},\"image\":{\"@id\":\"https:\\\/\\\/www.eldiario.net\\\/portal\\\/#\\\/schema\\\/logo\\\/image\\\/\"},\"sameAs\":[\"https:\\\/\\\/www.facebook.com\\\/eldiario.bolivia\\\/\",\"https:\\\/\\\/x.com\\\/eldiario_net\"]},{\"@type\":\"Person\",\"@id\":\"https:\\\/\\\/www.eldiario.net\\\/portal\\\/#\\\/schema\\\/person\\\/f46445640444750d7d753ccd04ae01b7\",\"name\":\"Jeanette\",\"image\":{\"@type\":\"ImageObject\",\"inLanguage\":\"es\",\"@id\":\"https:\\\/\\\/secure.gravatar.com\\\/avatar\\\/3ea2118a5f7dad2b7138b1187a6b7ee55f160b9968b66013c3a3ef39dd7e5798?s=96&d=mm&r=g\",\"url\":\"https:\\\/\\\/secure.gravatar.com\\\/avatar\\\/3ea2118a5f7dad2b7138b1187a6b7ee55f160b9968b66013c3a3ef39dd7e5798?s=96&d=mm&r=g\",\"contentUrl\":\"https:\\\/\\\/secure.gravatar.com\\\/avatar\\\/3ea2118a5f7dad2b7138b1187a6b7ee55f160b9968b66013c3a3ef39dd7e5798?s=96&d=mm&r=g\",\"caption\":\"Jeanette\"},\"sameAs\":[\"https:\\\/\\\/www.eldiario.net\\\/portal\"],\"url\":\"https:\\\/\\\/www.eldiario.net\\\/portal\\\/author\\\/jeanette\\\/\"}]}<\/script>\n<!-- \/ Yoast SEO plugin. -->","yoast_head_json":{"title":"Israel y Bolivia restablecen sus relaciones diplom\u00e1ticas - El Diario - Bolivia","robots":{"index":"index","follow":"follow","max-snippet":"max-snippet:-1","max-image-preview":"max-image-preview:large","max-video-preview":"max-video-preview:-1"},"canonical":"https:\/\/www.eldiario.net\/portal\/2025\/12\/10\/israel-y-bolivia-restablecen-sus-relaciones-diplomaticas\/","og_locale":"es_ES","og_type":"article","og_title":"Israel y Bolivia restablecen sus relaciones diplom\u00e1ticas - El Diario - Bolivia","og_description":"Los gobiernos de Israel y Bolivia decidieron restablecer sus relaciones diplom\u00e1ticas, interrumpidas hace dos a\u00f1os por el pa\u00eds latinoamericano debido a la guerra en la Franja de Gaza, anunci\u00f3 el Ministerio israel\u00ed de Relaciones Exteriores. El jefe de la diplomacia israel\u00ed, Gideon Sa\u2019ar, \u201cfirmar\u00e1 en Washington, junto con su hom\u00f3logo boliviano Fernando Aramayo, la reanudaci\u00f3n [&hellip;]","og_url":"https:\/\/www.eldiario.net\/portal\/2025\/12\/10\/israel-y-bolivia-restablecen-sus-relaciones-diplomaticas\/","og_site_name":"El Diario - Bolivia","article_publisher":"https:\/\/www.facebook.com\/eldiario.bolivia\/","article_published_time":"2025-12-10T10:03:28+00:00","og_image":[{"width":280,"height":300,"url":"https:\/\/www.eldiario.net\/portal\/wp-content\/uploads\/2025\/12\/ISRAEL-FOTO.webp","type":"image\/webp"}],"author":"Jeanette","twitter_card":"summary_large_image","twitter_creator":"@eldiario_net","twitter_site":"@eldiario_net","twitter_misc":{"Escrito por":"Jeanette","Tiempo de lectura":"2 minutos"},"schema":{"@context":"https:\/\/schema.org","@graph":[{"@type":"Article","@id":"https:\/\/www.eldiario.net\/portal\/2025\/12\/10\/israel-y-bolivia-restablecen-sus-relaciones-diplomaticas\/#article","isPartOf":{"@id":"https:\/\/www.eldiario.net\/portal\/2025\/12\/10\/israel-y-bolivia-restablecen-sus-relaciones-diplomaticas\/"},"author":{"name":"Jeanette","@id":"https:\/\/www.eldiario.net\/portal\/#\/schema\/person\/f46445640444750d7d753ccd04ae01b7"},"headline":"Israel y Bolivia restablecen sus relaciones diplom\u00e1ticas","datePublished":"2025-12-10T10:03:28+00:00","mainEntityOfPage":{"@id":"https:\/\/www.eldiario.net\/portal\/2025\/12\/10\/israel-y-bolivia-restablecen-sus-relaciones-diplomaticas\/"},"wordCount":286,"publisher":{"@id":"https:\/\/www.eldiario.net\/portal\/#organization"},"image":{"@id":"https:\/\/www.eldiario.net\/portal\/2025\/12\/10\/israel-y-bolivia-restablecen-sus-relaciones-diplomaticas\/#primaryimage"},"thumbnailUrl":"https:\/\/www.eldiario.net\/portal\/wp-content\/uploads\/2025\/12\/ISRAEL-FOTO.webp","articleSection":["Internacional"],"inLanguage":"es"},{"@type":"WebPage","@id":"https:\/\/www.eldiario.net\/portal\/2025\/12\/10\/israel-y-bolivia-restablecen-sus-relaciones-diplomaticas\/","url":"https:\/\/www.eldiario.net\/portal\/2025\/12\/10\/israel-y-bolivia-restablecen-sus-relaciones-diplomaticas\/","name":"Israel y Bolivia restablecen sus relaciones diplom\u00e1ticas - El Diario - Bolivia","isPartOf":{"@id":"https:\/\/www.eldiario.net\/portal\/#website"},"primaryImageOfPage":{"@id":"https:\/\/www.eldiario.net\/portal\/2025\/12\/10\/israel-y-bolivia-restablecen-sus-relaciones-diplomaticas\/#primaryimage"},"image":{"@id":"https:\/\/www.eldiario.net\/portal\/2025\/12\/10\/israel-y-bolivia-restablecen-sus-relaciones-diplomaticas\/#primaryimage"},"thumbnailUrl":"https:\/\/www.eldiario.net\/portal\/wp-content\/uploads\/2025\/12\/ISRAEL-FOTO.webp","datePublished":"2025-12-10T10:03:28+00:00","breadcrumb":{"@id":"https:\/\/www.eldiario.net\/portal\/2025\/12\/10\/israel-y-bolivia-restablecen-sus-relaciones-diplomaticas\/#breadcrumb"},"inLanguage":"es","potentialAction":[{"@type":"ReadAction","target":["https:\/\/www.eldiario.net\/portal\/2025\/12\/10\/israel-y-bolivia-restablecen-sus-relaciones-diplomaticas\/"]}]},{"@type":"ImageObject","inLanguage":"es","@id":"https:\/\/www.eldiario.net\/portal\/2025\/12\/10\/israel-y-bolivia-restablecen-sus-relaciones-diplomaticas\/#primaryimage","url":"https:\/\/www.eldiario.net\/portal\/wp-content\/uploads\/2025\/12\/ISRAEL-FOTO.webp","contentUrl":"https:\/\/www.eldiario.net\/portal\/wp-content\/uploads\/2025\/12\/ISRAEL-FOTO.webp","width":280,"height":300,"caption":"Israel y Bolivia reanudan una relaci\u00f3n estrat\u00e9gica que abre una era de ciencia, cooperaci\u00f3n y beneficios mutuos. En la foto el canciller Fernando Aramayo Carrasco y el ministro de Relaciones Exteriores del Estado de Israel, Gideon Sa\u2019ar."},{"@type":"BreadcrumbList","@id":"https:\/\/www.eldiario.net\/portal\/2025\/12\/10\/israel-y-bolivia-restablecen-sus-relaciones-diplomaticas\/#breadcrumb","itemListElement":[{"@type":"ListItem","position":1,"name":"Portada","item":"https:\/\/www.eldiario.net\/portal\/"},{"@type":"ListItem","position":2,"name":"Israel y Bolivia restablecen sus relaciones diplom\u00e1ticas"}]},{"@type":"WebSite","@id":"https:\/\/www.eldiario.net\/portal\/#website","url":"https:\/\/www.eldiario.net\/portal\/","name":"El Diario - Decano de la prensa nacional","description":"El Diario - Decano de la prensa nacional","publisher":{"@id":"https:\/\/www.eldiario.net\/portal\/#organization"},"potentialAction":[{"@type":"SearchAction","target":{"@type":"EntryPoint","urlTemplate":"https:\/\/www.eldiario.net\/portal\/?s={search_term_string}"},"query-input":{"@type":"PropertyValueSpecification","valueRequired":true,"valueName":"search_term_string"}}],"inLanguage":"es"},{"@type":"Organization","@id":"https:\/\/www.eldiario.net\/portal\/#organization","name":"El Diario - Decano de la prensa nacional","url":"https:\/\/www.eldiario.net\/portal\/","logo":{"@type":"ImageObject","inLanguage":"es","@id":"https:\/\/www.eldiario.net\/portal\/#\/schema\/logo\/image\/","url":"https:\/\/www.eldiario.net\/portal\/wp-content\/uploads\/2023\/07\/logo_ED.jpg","contentUrl":"https:\/\/www.eldiario.net\/portal\/wp-content\/uploads\/2023\/07\/logo_ED.jpg","width":272,"height":52,"caption":"El Diario - Decano de la prensa nacional"},"image":{"@id":"https:\/\/www.eldiario.net\/portal\/#\/schema\/logo\/image\/"},"sameAs":["https:\/\/www.facebook.com\/eldiario.bolivia\/","https:\/\/x.com\/eldiario_net"]},{"@type":"Person","@id":"https:\/\/www.eldiario.net\/portal\/#\/schema\/person\/f46445640444750d7d753ccd04ae01b7","name":"Jeanette","image":{"@type":"ImageObject","inLanguage":"es","@id":"https:\/\/secure.gravatar.com\/avatar\/3ea2118a5f7dad2b7138b1187a6b7ee55f160b9968b66013c3a3ef39dd7e5798?s=96&d=mm&r=g","url":"https:\/\/secure.gravatar.com\/avatar\/3ea2118a5f7dad2b7138b1187a6b7ee55f160b9968b66013c3a3ef39dd7e5798?s=96&d=mm&r=g","contentUrl":"https:\/\/secure.gravatar.com\/avatar\/3ea2118a5f7dad2b7138b1187a6b7ee55f160b9968b66013c3a3ef39dd7e5798?s=96&d=mm&r=g","caption":"Jeanette"},"sameAs":["https:\/\/www.eldiario.net\/portal"],"url":"https:\/\/www.eldiario.net\/portal\/author\/jeanette\/"}]}},"_links":{"self":[{"href":"https:\/\/www.eldiario.net\/portal\/wp-json\/wp\/v2\/posts\/351264","targetHints":{"allow":["GET"]}}],"collection":[{"href":"https:\/\/www.eldiario.net\/portal\/wp-json\/wp\/v2\/posts"}],"about":[{"href":"https:\/\/www.eldiario.net\/portal\/wp-json\/wp\/v2\/types\/post"}],"author":[{"embeddable":true,"href":"https:\/\/www.eldiario.net\/portal\/wp-json\/wp\/v2\/users\/1"}],"replies":[{"embeddable":true,"href":"https:\/\/www.eldiario.net\/portal\/wp-json\/wp\/v2\/comments?post=351264"}],"version-history":[{"count":1,"href":"https:\/\/www.eldiario.net\/portal\/wp-json\/wp\/v2\/posts\/351264\/revisions"}],"predecessor-version":[{"id":351266,"href":"https:\/\/www.eldiario.net\/portal\/wp-json\/wp\/v2\/posts\/351264\/revisions\/351266"}],"wp:featuredmedia":[{"embeddable":true,"href":"https:\/\/www.eldiario.net\/portal\/wp-json\/wp\/v2\/media\/351265"}],"wp:attachment":[{"href":"https:\/\/www.eldiario.net\/portal\/wp-json\/wp\/v2\/media?parent=351264"}],"wp:term":[{"taxonomy":"category","embeddable":true,"href":"https:\/\/www.eldiario.net\/portal\/wp-json\/wp\/v2\/categories?post=351264"},{"taxonomy":"post_tag","embeddable":true,"href":"https:\/\/www.eldiario.net\/portal\/wp-json\/wp\/v2\/tags?post=351264"}],"curies":[{"name":"wp","href":"https:\/\/api.w.org\/{rel}","templated":true}]}}