{"id":351258,"date":"2025-12-10T06:01:37","date_gmt":"2025-12-10T10:01:37","guid":{"rendered":"https:\/\/www.eldiario.net\/portal\/?p=351258"},"modified":"2025-12-10T06:01:37","modified_gmt":"2025-12-10T10:01:37","slug":"el-papa-expreso-a-zelenski-su-deseo-de-una-paz-justa","status":"publish","type":"post","link":"https:\/\/www.eldiario.net\/portal\/2025\/12\/10\/el-papa-expreso-a-zelenski-su-deseo-de-una-paz-justa\/","title":{"rendered":"El Papa expres\u00f3 a Zelenski su deseo de una paz justa"},"content":{"rendered":"<p>El papa Le\u00f3n XIV reiter\u00f3 ayer al presidente ucraniano, Volodimir Zelenski, la necesidad de continuar el di\u00e1logo, y renov\u00f3 el \u201curgente deseo de que las iniciativas diplom\u00e1ticas en curso puedan conducir a una paz justa y duradera\u201d, que ponga fin a la guerra con Rusia.<br \/>\n\u201cDurante la cordial conversaci\u00f3n, que se centr\u00f3 en la guerra en Ucrania, el Santo Padre reiter\u00f3 la necesidad de continuar el di\u00e1logo y renov\u00f3 el urgente deseo de que las iniciativas diplom\u00e1ticas en curso puedan conducir a una paz justa y duradera\u201d, inform\u00f3 la oficina de prensa de la Santa Sede.<br \/>\nLa reuni\u00f3n se celebr\u00f3 en la residencia papal de Castel Gandolfo, a las afueras de Roma. Zelenski lleg\u00f3 alrededor de las 9:40 hora local y parti\u00f3 poco despu\u00e9s de las 10:20 horas.<br \/>\nEn el transcurso del encuentro, explic\u00f3 la Santa Sede, el Papa hizo referencia \u201ca la cuesti\u00f3n de los prisioneros de guerra y a la necesidad de garantizar el regreso de los ni\u00f1os ucranianos a sus familias\u201d.<br \/>\nEs la tercera vez que Zelenski se re\u00fane con el Pont\u00edfice desde su elecci\u00f3n, despu\u00e9s que Le\u00f3n XIV recibiera al mandatario ucraniano en una audiencia tras la misa de inicio de su pontificado, el pasado 18 de mayo, y en un segundo encuentro el 9 de julio, tambi\u00e9n en Castel Gandolfo.<br \/>\nTras su reuni\u00f3n con el Papa, Zelenski tiene previsto reunirse con la primera ministra italiana, Giorgia Meloni, a las 15:00 hora local, en el marco de una ronda de contactos con los principales l\u00edderes europeos sobre el proceso de paz en Ucrania.<br \/>\nEl Papa ha urgido en reiteradas ocasiones a lograr un alto al fuego y, en sus \u00faltimas declaraciones, celebr\u00f3 los avances en las negociaciones de paz. (Dw)<\/p>\n<p>&nbsp;<\/p>\n","protected":false},"excerpt":{"rendered":"<p>El papa Le\u00f3n XIV reiter\u00f3 ayer al presidente ucraniano, Volodimir Zelenski, la necesidad de continuar el di\u00e1logo, y renov\u00f3 el \u201curgente deseo de que las iniciativas diplom\u00e1ticas en curso puedan conducir a una paz justa y duradera\u201d, que ponga fin a la guerra con Rusia. \u201cDurante la cordial conversaci\u00f3n, que se centr\u00f3 en la guerra [&hellip;]<\/p>\n","protected":false},"author":1,"featured_media":351259,"comment_status":"closed","ping_status":"open","sticky":false,"template":"","format":"standard","meta":{"_acf_changed":false,"footnotes":""},"categories":[3],"tags":[],"class_list":["post-351258","post","type-post","status-publish","format-standard","has-post-thumbnail","category-internacional"],"acf":{"antetitulo":""},"yoast_head":"<!-- This site is optimized with the Yoast SEO plugin v28.3 - https:\/\/yoast.com\/product\/yoast-seo-wordpress\/ -->\n<title>El Papa expres\u00f3 a Zelenski su deseo de una paz justa - El Diario - Bolivia<\/title>\n<meta name=\"robots\" content=\"index, follow, max-snippet:-1, max-image-preview:large, max-video-preview:-1\" \/>\n<link rel=\"canonical\" href=\"https:\/\/www.eldiario.net\/portal\/2025\/12\/10\/el-papa-expreso-a-zelenski-su-deseo-de-una-paz-justa\/\" \/>\n<meta property=\"og:locale\" content=\"es_ES\" \/>\n<meta property=\"og:type\" content=\"article\" \/>\n<meta property=\"og:title\" content=\"El Papa expres\u00f3 a Zelenski su deseo de una paz justa - El Diario - Bolivia\" \/>\n<meta property=\"og:description\" content=\"El papa Le\u00f3n XIV reiter\u00f3 ayer al presidente ucraniano, Volodimir Zelenski, la necesidad de continuar el di\u00e1logo, y renov\u00f3 el \u201curgente deseo de que las iniciativas diplom\u00e1ticas en curso puedan conducir a una paz justa y duradera\u201d, que ponga fin a la guerra con Rusia. \u201cDurante la cordial conversaci\u00f3n, que se centr\u00f3 en la guerra [&hellip;]\" \/>\n<meta property=\"og:url\" content=\"https:\/\/www.eldiario.net\/portal\/2025\/12\/10\/el-papa-expreso-a-zelenski-su-deseo-de-una-paz-justa\/\" \/>\n<meta property=\"og:site_name\" content=\"El Diario - Bolivia\" \/>\n<meta property=\"article:publisher\" content=\"https:\/\/www.facebook.com\/eldiario.bolivia\/\" \/>\n<meta property=\"article:published_time\" content=\"2025-12-10T10:01:37+00:00\" \/>\n<meta property=\"og:image\" content=\"https:\/\/www.eldiario.net\/portal\/wp-content\/uploads\/2025\/12\/PAPA-Reuters.webp\" \/>\n\t<meta property=\"og:image:width\" content=\"1200\" \/>\n\t<meta property=\"og:image:height\" content=\"525\" \/>\n\t<meta property=\"og:image:type\" content=\"image\/webp\" \/>\n<meta name=\"author\" content=\"Jeanette\" \/>\n<meta name=\"twitter:card\" content=\"summary_large_image\" \/>\n<meta name=\"twitter:creator\" content=\"@eldiario_net\" \/>\n<meta name=\"twitter:site\" content=\"@eldiario_net\" \/>\n<meta name=\"twitter:label1\" content=\"Escrito por\" \/>\n\t<meta name=\"twitter:data1\" content=\"Jeanette\" \/>\n\t<meta name=\"twitter:label2\" content=\"Tiempo de lectura\" \/>\n\t<meta name=\"twitter:data2\" content=\"2 minutos\" \/>\n<script type=\"application\/ld+json\" class=\"yoast-schema-graph\">{\"@context\":\"https:\\\/\\\/schema.org\",\"@graph\":[{\"@type\":\"Article\",\"@id\":\"https:\\\/\\\/www.eldiario.net\\\/portal\\\/2025\\\/12\\\/10\\\/el-papa-expreso-a-zelenski-su-deseo-de-una-paz-justa\\\/#article\",\"isPartOf\":{\"@id\":\"https:\\\/\\\/www.eldiario.net\\\/portal\\\/2025\\\/12\\\/10\\\/el-papa-expreso-a-zelenski-su-deseo-de-una-paz-justa\\\/\"},\"author\":{\"name\":\"Jeanette\",\"@id\":\"https:\\\/\\\/www.eldiario.net\\\/portal\\\/#\\\/schema\\\/person\\\/f46445640444750d7d753ccd04ae01b7\"},\"headline\":\"El Papa expres\u00f3 a Zelenski su deseo de una paz justa\",\"datePublished\":\"2025-12-10T10:01:37+00:00\",\"mainEntityOfPage\":{\"@id\":\"https:\\\/\\\/www.eldiario.net\\\/portal\\\/2025\\\/12\\\/10\\\/el-papa-expreso-a-zelenski-su-deseo-de-una-paz-justa\\\/\"},\"wordCount\":309,\"publisher\":{\"@id\":\"https:\\\/\\\/www.eldiario.net\\\/portal\\\/#organization\"},\"image\":{\"@id\":\"https:\\\/\\\/www.eldiario.net\\\/portal\\\/2025\\\/12\\\/10\\\/el-papa-expreso-a-zelenski-su-deseo-de-una-paz-justa\\\/#primaryimage\"},\"thumbnailUrl\":\"https:\\\/\\\/www.eldiario.net\\\/portal\\\/wp-content\\\/uploads\\\/2025\\\/12\\\/PAPA-Reuters.webp\",\"articleSection\":[\"Internacional\"],\"inLanguage\":\"es\"},{\"@type\":\"WebPage\",\"@id\":\"https:\\\/\\\/www.eldiario.net\\\/portal\\\/2025\\\/12\\\/10\\\/el-papa-expreso-a-zelenski-su-deseo-de-una-paz-justa\\\/\",\"url\":\"https:\\\/\\\/www.eldiario.net\\\/portal\\\/2025\\\/12\\\/10\\\/el-papa-expreso-a-zelenski-su-deseo-de-una-paz-justa\\\/\",\"name\":\"El Papa expres\u00f3 a Zelenski su deseo de una paz justa - El Diario - Bolivia\",\"isPartOf\":{\"@id\":\"https:\\\/\\\/www.eldiario.net\\\/portal\\\/#website\"},\"primaryImageOfPage\":{\"@id\":\"https:\\\/\\\/www.eldiario.net\\\/portal\\\/2025\\\/12\\\/10\\\/el-papa-expreso-a-zelenski-su-deseo-de-una-paz-justa\\\/#primaryimage\"},\"image\":{\"@id\":\"https:\\\/\\\/www.eldiario.net\\\/portal\\\/2025\\\/12\\\/10\\\/el-papa-expreso-a-zelenski-su-deseo-de-una-paz-justa\\\/#primaryimage\"},\"thumbnailUrl\":\"https:\\\/\\\/www.eldiario.net\\\/portal\\\/wp-content\\\/uploads\\\/2025\\\/12\\\/PAPA-Reuters.webp\",\"datePublished\":\"2025-12-10T10:01:37+00:00\",\"breadcrumb\":{\"@id\":\"https:\\\/\\\/www.eldiario.net\\\/portal\\\/2025\\\/12\\\/10\\\/el-papa-expreso-a-zelenski-su-deseo-de-una-paz-justa\\\/#breadcrumb\"},\"inLanguage\":\"es\",\"potentialAction\":[{\"@type\":\"ReadAction\",\"target\":[\"https:\\\/\\\/www.eldiario.net\\\/portal\\\/2025\\\/12\\\/10\\\/el-papa-expreso-a-zelenski-su-deseo-de-una-paz-justa\\\/\"]}]},{\"@type\":\"ImageObject\",\"inLanguage\":\"es\",\"@id\":\"https:\\\/\\\/www.eldiario.net\\\/portal\\\/2025\\\/12\\\/10\\\/el-papa-expreso-a-zelenski-su-deseo-de-una-paz-justa\\\/#primaryimage\",\"url\":\"https:\\\/\\\/www.eldiario.net\\\/portal\\\/wp-content\\\/uploads\\\/2025\\\/12\\\/PAPA-Reuters.webp\",\"contentUrl\":\"https:\\\/\\\/www.eldiario.net\\\/portal\\\/wp-content\\\/uploads\\\/2025\\\/12\\\/PAPA-Reuters.webp\",\"width\":1200,\"height\":525,\"caption\":\"El papa Le\u00f3n XIV recibi\u00f3 al presidente ucraniano, Volodimir Zelenski.\"},{\"@type\":\"BreadcrumbList\",\"@id\":\"https:\\\/\\\/www.eldiario.net\\\/portal\\\/2025\\\/12\\\/10\\\/el-papa-expreso-a-zelenski-su-deseo-de-una-paz-justa\\\/#breadcrumb\",\"itemListElement\":[{\"@type\":\"ListItem\",\"position\":1,\"name\":\"Portada\",\"item\":\"https:\\\/\\\/www.eldiario.net\\\/portal\\\/\"},{\"@type\":\"ListItem\",\"position\":2,\"name\":\"El Papa expres\u00f3 a Zelenski su deseo de una paz justa\"}]},{\"@type\":\"WebSite\",\"@id\":\"https:\\\/\\\/www.eldiario.net\\\/portal\\\/#website\",\"url\":\"https:\\\/\\\/www.eldiario.net\\\/portal\\\/\",\"name\":\"El Diario - Decano de la prensa nacional\",\"description\":\"El Diario - Decano de la prensa nacional\",\"publisher\":{\"@id\":\"https:\\\/\\\/www.eldiario.net\\\/portal\\\/#organization\"},\"potentialAction\":[{\"@type\":\"SearchAction\",\"target\":{\"@type\":\"EntryPoint\",\"urlTemplate\":\"https:\\\/\\\/www.eldiario.net\\\/portal\\\/?s={search_term_string}\"},\"query-input\":{\"@type\":\"PropertyValueSpecification\",\"valueRequired\":true,\"valueName\":\"search_term_string\"}}],\"inLanguage\":\"es\"},{\"@type\":\"Organization\",\"@id\":\"https:\\\/\\\/www.eldiario.net\\\/portal\\\/#organization\",\"name\":\"El Diario - Decano de la prensa nacional\",\"url\":\"https:\\\/\\\/www.eldiario.net\\\/portal\\\/\",\"logo\":{\"@type\":\"ImageObject\",\"inLanguage\":\"es\",\"@id\":\"https:\\\/\\\/www.eldiario.net\\\/portal\\\/#\\\/schema\\\/logo\\\/image\\\/\",\"url\":\"https:\\\/\\\/www.eldiario.net\\\/portal\\\/wp-content\\\/uploads\\\/2023\\\/07\\\/logo_ED.jpg\",\"contentUrl\":\"https:\\\/\\\/www.eldiario.net\\\/portal\\\/wp-content\\\/uploads\\\/2023\\\/07\\\/logo_ED.jpg\",\"width\":272,\"height\":52,\"caption\":\"El Diario - Decano de la prensa nacional\"},\"image\":{\"@id\":\"https:\\\/\\\/www.eldiario.net\\\/portal\\\/#\\\/schema\\\/logo\\\/image\\\/\"},\"sameAs\":[\"https:\\\/\\\/www.facebook.com\\\/eldiario.bolivia\\\/\",\"https:\\\/\\\/x.com\\\/eldiario_net\"]},{\"@type\":\"Person\",\"@id\":\"https:\\\/\\\/www.eldiario.net\\\/portal\\\/#\\\/schema\\\/person\\\/f46445640444750d7d753ccd04ae01b7\",\"name\":\"Jeanette\",\"image\":{\"@type\":\"ImageObject\",\"inLanguage\":\"es\",\"@id\":\"https:\\\/\\\/secure.gravatar.com\\\/avatar\\\/3ea2118a5f7dad2b7138b1187a6b7ee55f160b9968b66013c3a3ef39dd7e5798?s=96&d=mm&r=g\",\"url\":\"https:\\\/\\\/secure.gravatar.com\\\/avatar\\\/3ea2118a5f7dad2b7138b1187a6b7ee55f160b9968b66013c3a3ef39dd7e5798?s=96&d=mm&r=g\",\"contentUrl\":\"https:\\\/\\\/secure.gravatar.com\\\/avatar\\\/3ea2118a5f7dad2b7138b1187a6b7ee55f160b9968b66013c3a3ef39dd7e5798?s=96&d=mm&r=g\",\"caption\":\"Jeanette\"},\"sameAs\":[\"https:\\\/\\\/www.eldiario.net\\\/portal\"],\"url\":\"https:\\\/\\\/www.eldiario.net\\\/portal\\\/author\\\/jeanette\\\/\"}]}<\/script>\n<!-- \/ Yoast SEO plugin. -->","yoast_head_json":{"title":"El Papa expres\u00f3 a Zelenski su deseo de una paz justa - El Diario - Bolivia","robots":{"index":"index","follow":"follow","max-snippet":"max-snippet:-1","max-image-preview":"max-image-preview:large","max-video-preview":"max-video-preview:-1"},"canonical":"https:\/\/www.eldiario.net\/portal\/2025\/12\/10\/el-papa-expreso-a-zelenski-su-deseo-de-una-paz-justa\/","og_locale":"es_ES","og_type":"article","og_title":"El Papa expres\u00f3 a Zelenski su deseo de una paz justa - El Diario - Bolivia","og_description":"El papa Le\u00f3n XIV reiter\u00f3 ayer al presidente ucraniano, Volodimir Zelenski, la necesidad de continuar el di\u00e1logo, y renov\u00f3 el \u201curgente deseo de que las iniciativas diplom\u00e1ticas en curso puedan conducir a una paz justa y duradera\u201d, que ponga fin a la guerra con Rusia. \u201cDurante la cordial conversaci\u00f3n, que se centr\u00f3 en la guerra [&hellip;]","og_url":"https:\/\/www.eldiario.net\/portal\/2025\/12\/10\/el-papa-expreso-a-zelenski-su-deseo-de-una-paz-justa\/","og_site_name":"El Diario - Bolivia","article_publisher":"https:\/\/www.facebook.com\/eldiario.bolivia\/","article_published_time":"2025-12-10T10:01:37+00:00","og_image":[{"width":1200,"height":525,"url":"https:\/\/www.eldiario.net\/portal\/wp-content\/uploads\/2025\/12\/PAPA-Reuters.webp","type":"image\/webp"}],"author":"Jeanette","twitter_card":"summary_large_image","twitter_creator":"@eldiario_net","twitter_site":"@eldiario_net","twitter_misc":{"Escrito por":"Jeanette","Tiempo de lectura":"2 minutos"},"schema":{"@context":"https:\/\/schema.org","@graph":[{"@type":"Article","@id":"https:\/\/www.eldiario.net\/portal\/2025\/12\/10\/el-papa-expreso-a-zelenski-su-deseo-de-una-paz-justa\/#article","isPartOf":{"@id":"https:\/\/www.eldiario.net\/portal\/2025\/12\/10\/el-papa-expreso-a-zelenski-su-deseo-de-una-paz-justa\/"},"author":{"name":"Jeanette","@id":"https:\/\/www.eldiario.net\/portal\/#\/schema\/person\/f46445640444750d7d753ccd04ae01b7"},"headline":"El Papa expres\u00f3 a Zelenski su deseo de una paz justa","datePublished":"2025-12-10T10:01:37+00:00","mainEntityOfPage":{"@id":"https:\/\/www.eldiario.net\/portal\/2025\/12\/10\/el-papa-expreso-a-zelenski-su-deseo-de-una-paz-justa\/"},"wordCount":309,"publisher":{"@id":"https:\/\/www.eldiario.net\/portal\/#organization"},"image":{"@id":"https:\/\/www.eldiario.net\/portal\/2025\/12\/10\/el-papa-expreso-a-zelenski-su-deseo-de-una-paz-justa\/#primaryimage"},"thumbnailUrl":"https:\/\/www.eldiario.net\/portal\/wp-content\/uploads\/2025\/12\/PAPA-Reuters.webp","articleSection":["Internacional"],"inLanguage":"es"},{"@type":"WebPage","@id":"https:\/\/www.eldiario.net\/portal\/2025\/12\/10\/el-papa-expreso-a-zelenski-su-deseo-de-una-paz-justa\/","url":"https:\/\/www.eldiario.net\/portal\/2025\/12\/10\/el-papa-expreso-a-zelenski-su-deseo-de-una-paz-justa\/","name":"El Papa expres\u00f3 a Zelenski su deseo de una paz justa - El Diario - Bolivia","isPartOf":{"@id":"https:\/\/www.eldiario.net\/portal\/#website"},"primaryImageOfPage":{"@id":"https:\/\/www.eldiario.net\/portal\/2025\/12\/10\/el-papa-expreso-a-zelenski-su-deseo-de-una-paz-justa\/#primaryimage"},"image":{"@id":"https:\/\/www.eldiario.net\/portal\/2025\/12\/10\/el-papa-expreso-a-zelenski-su-deseo-de-una-paz-justa\/#primaryimage"},"thumbnailUrl":"https:\/\/www.eldiario.net\/portal\/wp-content\/uploads\/2025\/12\/PAPA-Reuters.webp","datePublished":"2025-12-10T10:01:37+00:00","breadcrumb":{"@id":"https:\/\/www.eldiario.net\/portal\/2025\/12\/10\/el-papa-expreso-a-zelenski-su-deseo-de-una-paz-justa\/#breadcrumb"},"inLanguage":"es","potentialAction":[{"@type":"ReadAction","target":["https:\/\/www.eldiario.net\/portal\/2025\/12\/10\/el-papa-expreso-a-zelenski-su-deseo-de-una-paz-justa\/"]}]},{"@type":"ImageObject","inLanguage":"es","@id":"https:\/\/www.eldiario.net\/portal\/2025\/12\/10\/el-papa-expreso-a-zelenski-su-deseo-de-una-paz-justa\/#primaryimage","url":"https:\/\/www.eldiario.net\/portal\/wp-content\/uploads\/2025\/12\/PAPA-Reuters.webp","contentUrl":"https:\/\/www.eldiario.net\/portal\/wp-content\/uploads\/2025\/12\/PAPA-Reuters.webp","width":1200,"height":525,"caption":"El papa Le\u00f3n XIV recibi\u00f3 al presidente ucraniano, Volodimir Zelenski."},{"@type":"BreadcrumbList","@id":"https:\/\/www.eldiario.net\/portal\/2025\/12\/10\/el-papa-expreso-a-zelenski-su-deseo-de-una-paz-justa\/#breadcrumb","itemListElement":[{"@type":"ListItem","position":1,"name":"Portada","item":"https:\/\/www.eldiario.net\/portal\/"},{"@type":"ListItem","position":2,"name":"El Papa expres\u00f3 a Zelenski su deseo de una paz justa"}]},{"@type":"WebSite","@id":"https:\/\/www.eldiario.net\/portal\/#website","url":"https:\/\/www.eldiario.net\/portal\/","name":"El Diario - Decano de la prensa nacional","description":"El Diario - Decano de la prensa nacional","publisher":{"@id":"https:\/\/www.eldiario.net\/portal\/#organization"},"potentialAction":[{"@type":"SearchAction","target":{"@type":"EntryPoint","urlTemplate":"https:\/\/www.eldiario.net\/portal\/?s={search_term_string}"},"query-input":{"@type":"PropertyValueSpecification","valueRequired":true,"valueName":"search_term_string"}}],"inLanguage":"es"},{"@type":"Organization","@id":"https:\/\/www.eldiario.net\/portal\/#organization","name":"El Diario - Decano de la prensa nacional","url":"https:\/\/www.eldiario.net\/portal\/","logo":{"@type":"ImageObject","inLanguage":"es","@id":"https:\/\/www.eldiario.net\/portal\/#\/schema\/logo\/image\/","url":"https:\/\/www.eldiario.net\/portal\/wp-content\/uploads\/2023\/07\/logo_ED.jpg","contentUrl":"https:\/\/www.eldiario.net\/portal\/wp-content\/uploads\/2023\/07\/logo_ED.jpg","width":272,"height":52,"caption":"El Diario - Decano de la prensa nacional"},"image":{"@id":"https:\/\/www.eldiario.net\/portal\/#\/schema\/logo\/image\/"},"sameAs":["https:\/\/www.facebook.com\/eldiario.bolivia\/","https:\/\/x.com\/eldiario_net"]},{"@type":"Person","@id":"https:\/\/www.eldiario.net\/portal\/#\/schema\/person\/f46445640444750d7d753ccd04ae01b7","name":"Jeanette","image":{"@type":"ImageObject","inLanguage":"es","@id":"https:\/\/secure.gravatar.com\/avatar\/3ea2118a5f7dad2b7138b1187a6b7ee55f160b9968b66013c3a3ef39dd7e5798?s=96&d=mm&r=g","url":"https:\/\/secure.gravatar.com\/avatar\/3ea2118a5f7dad2b7138b1187a6b7ee55f160b9968b66013c3a3ef39dd7e5798?s=96&d=mm&r=g","contentUrl":"https:\/\/secure.gravatar.com\/avatar\/3ea2118a5f7dad2b7138b1187a6b7ee55f160b9968b66013c3a3ef39dd7e5798?s=96&d=mm&r=g","caption":"Jeanette"},"sameAs":["https:\/\/www.eldiario.net\/portal"],"url":"https:\/\/www.eldiario.net\/portal\/author\/jeanette\/"}]}},"_links":{"self":[{"href":"https:\/\/www.eldiario.net\/portal\/wp-json\/wp\/v2\/posts\/351258","targetHints":{"allow":["GET"]}}],"collection":[{"href":"https:\/\/www.eldiario.net\/portal\/wp-json\/wp\/v2\/posts"}],"about":[{"href":"https:\/\/www.eldiario.net\/portal\/wp-json\/wp\/v2\/types\/post"}],"author":[{"embeddable":true,"href":"https:\/\/www.eldiario.net\/portal\/wp-json\/wp\/v2\/users\/1"}],"replies":[{"embeddable":true,"href":"https:\/\/www.eldiario.net\/portal\/wp-json\/wp\/v2\/comments?post=351258"}],"version-history":[{"count":1,"href":"https:\/\/www.eldiario.net\/portal\/wp-json\/wp\/v2\/posts\/351258\/revisions"}],"predecessor-version":[{"id":351260,"href":"https:\/\/www.eldiario.net\/portal\/wp-json\/wp\/v2\/posts\/351258\/revisions\/351260"}],"wp:featuredmedia":[{"embeddable":true,"href":"https:\/\/www.eldiario.net\/portal\/wp-json\/wp\/v2\/media\/351259"}],"wp:attachment":[{"href":"https:\/\/www.eldiario.net\/portal\/wp-json\/wp\/v2\/media?parent=351258"}],"wp:term":[{"taxonomy":"category","embeddable":true,"href":"https:\/\/www.eldiario.net\/portal\/wp-json\/wp\/v2\/categories?post=351258"},{"taxonomy":"post_tag","embeddable":true,"href":"https:\/\/www.eldiario.net\/portal\/wp-json\/wp\/v2\/tags?post=351258"}],"curies":[{"name":"wp","href":"https:\/\/api.w.org\/{rel}","templated":true}]}}