{"id":351254,"date":"2025-12-10T06:01:05","date_gmt":"2025-12-10T10:01:05","guid":{"rendered":"https:\/\/www.eldiario.net\/portal\/?p=351254"},"modified":"2025-12-10T06:01:05","modified_gmt":"2025-12-10T10:01:05","slug":"policia-intensifica-control-migratorio-y-detecta-permanencia-irregular-foranea","status":"publish","type":"post","link":"https:\/\/www.eldiario.net\/portal\/2025\/12\/10\/policia-intensifica-control-migratorio-y-detecta-permanencia-irregular-foranea\/","title":{"rendered":"Polic\u00eda intensifica control migratorio y  detecta permanencia irregular for\u00e1nea"},"content":{"rendered":"<p class=\"v1MsoNormal\"><span lang=\"ES-BO\">La estrategia, que se llev\u00f3 a cabo ayer, participaron 280 polic\u00edas en el distrito lime\u00f1o de Villa El Savaldor. La intervenci\u00f3n fue encabezada por los ministros del Interior, Vicente Tiburcio Orbezo, y de Relaciones Exteriores, Hugo de Zela, quienes recorrieron los puntos principales de la zona, junto al alcalde Guido I\u00f1igo y el equipo de seguridad ciudadana local.<\/span><\/p>\n<p class=\"v1MsoNormal\"><span lang=\"ES-BO\">Durante un operativo que ejecut\u00f3 el gobierno de Per\u00fa en la zona sur de Lima, se intervino a 100 ciudadanos extranjeros para verificar su situaci\u00f3n migratoria. Los individuos pasar\u00e1n controles obligatorios durante las siguientes 12 horas.<\/span><\/p>\n<p class=\"v1MsoNormal\"><span lang=\"ES-BO\">La estrategia, que se llev\u00f3 a cabo este martes 9 de diciembre, participaron 280 polic\u00edas en el distrito lime\u00f1o de Villa El Savaldor. La intervenci\u00f3n fue encabezada por los ministros del Interior, Vicente Tiburcio Orbezo, y de Relaciones Exteriores, Hugo de Zela, quienes recorrieron los puntos principales de la zona, junto al alcalde Guido I\u00f1igo y el equipo de seguridad ciudadana local. Entre los objetivos se encontraba supervisar el funcionamiento de la Subcentral de Videovigilancia y constatar la coordinaci\u00f3n de esfuerzos en el marco del estado de emergencia.<\/span><\/p>\n<p class=\"v1MsoNormal\"><span lang=\"ES-BO\">\u00abEstamos actuando en todo Lima, esta vez en Lima Sur, con una estrategia coordinada. La seguridad requiere que todas las instituciones trabajen juntas y con presencia real en la calle. Esta es la instrucci\u00f3n del Gobierno: proteger a las familias y recuperar el orden p\u00fablico\u00bb, se\u00f1al\u00f3 Tiburcio.<\/span><\/p>\n<p class=\"v1MsoNormal\"><span lang=\"ES-BO\">El Ministerio del Interior confirm\u00f3 que los operativos continuar\u00e1n durante esta semana, hasta el domingo 14 de diciembre, en otros distritos de la capital peruana. Se enfocar\u00e1n en fortalecer la prevenci\u00f3n y el control de identidad, adem\u00e1s de incrementar la lucha contra las organizaciones criminales y los delitos inform\u00e1ticos. Las autoridades recalcaron que la tecnolog\u00eda y la cooperaci\u00f3n seguir\u00e1n siendo ejes clave en los pr\u00f3ximos despliegues de seguridad.<\/span><\/p>\n<p class=\"v1MsoNormal\"><span lang=\"ES-BO\">Estas acciones fueron presentadas por las autoridades como parte de una estrategia integral, simult\u00e1nea y multisectorial, que busca combatir el crimen organizado en Lima Sur y atender la demanda ciudadana de mayor seguridad p\u00fablica.<\/span><\/p>\n<p class=\"v1MsoNormal\"><span lang=\"ES-BO\">\u00a0<\/span><\/p>\n<p class=\"v1MsoNormal\"><span lang=\"ES-BO\">CONTROLES MIGRATORIOS<\/span><\/p>\n<p class=\"v1MsoNormal\"><span lang=\"ES-BO\">Durante el recorrido, las autoridades verificaron la operatividad de 1.000 c\u00e1maras de videovigilancia en el distrito. Este sistema permite detectar situaciones delictivas en tiempo real, alertar a los patrullajes y coordinar intervenciones inmediatas, lo que incrementa la capacidad de respuesta ante incidentes reportados por vecinos y autoridades civiles.<\/span><\/p>\n<p class=\"v1MsoNormal\"><span lang=\"ES-BO\">El operativo incluy\u00f3 tambi\u00e9n la colaboraci\u00f3n de equipos municipales y Fuerzas Armadas en distintas etapas. Se prioriz\u00f3 el fortalecimiento de la prevenci\u00f3n y el control de identidad en espacios p\u00fablicos con alta afluencia, as\u00ed como la vigilancia de zonas comerciales y mercados.<\/span><\/p>\n<p class=\"v1MsoNormal\"><span lang=\"ES-BO\">La acci\u00f3n en Villa El Salvador se reforz\u00f3 en sitios estrat\u00e9gicos como el centro comercial Plaza Center y el mercado Villa Sur, ubicados en la avenida C\u00e9sar Vallejo. En estos puntos, se realizaron controles de identidad a cientos de transe\u00fantes.<\/span><\/p>\n<p class=\"v1MsoNormal\"><span lang=\"ES-BO\">\u00abVamos a verificar toda la documentaci\u00f3n de los ciudadanos extranjeros detenidos. A quienes se encuentren en situaci\u00f3n irregular los pondremos a disposici\u00f3n de Migraciones\u00bb, explic\u00f3 Tiburcio.<\/span><\/p>\n<p class=\"v1MsoNormal\"><span lang=\"ES-BO\">Paralelamente, en Villa Mar\u00eda del Triunfo cayeron dos mujeres extranjeras por situaci\u00f3n migratoria irregular. En Lur\u00edn, la Polic\u00eda desarticul\u00f3 una red criminal dedicada al tr\u00e1fico de drogas y detuvo a una persona involucrada en delitos inform\u00e1ticos.<\/span><\/p>\n<p class=\"v1MsoNormal\"><span lang=\"ES-BO\">En tanto, el Poder Ejecutivo tambi\u00e9n ha declarado estado de emergencia por 60 d\u00edas en varios distritos fronterizos de los departamentos de Amazonas, Cajamarca, Madre de Dios, Piura, Puno y Ucayali, para fortalecer la seguridad y el control migratorio frente a delitos como tr\u00e1fico de drogas, tr\u00e1fico de personas, contrabando y otras situaciones de violencia.(Infobae)<\/span><\/p>\n","protected":false},"excerpt":{"rendered":"<p>La estrategia, que se llev\u00f3 a cabo ayer, participaron 280 polic\u00edas en el distrito lime\u00f1o de Villa El Savaldor. La intervenci\u00f3n fue encabezada por los ministros del Interior, Vicente Tiburcio Orbezo, y de Relaciones Exteriores, Hugo de Zela, quienes recorrieron los puntos principales de la zona, junto al alcalde Guido I\u00f1igo y el equipo de [&hellip;]<\/p>\n","protected":false},"author":1,"featured_media":351256,"comment_status":"closed","ping_status":"open","sticky":false,"template":"","format":"standard","meta":{"_acf_changed":false,"footnotes":""},"categories":[3],"tags":[],"class_list":["post-351254","post","type-post","status-publish","format-standard","has-post-thumbnail","category-internacional"],"acf":{"antetitulo":"Per\u00fa"},"yoast_head":"<!-- This site is optimized with the Yoast SEO plugin v28.4 - https:\/\/yoast.com\/product\/yoast-seo-wordpress\/ -->\n<title>Polic\u00eda intensifica control migratorio y detecta permanencia irregular for\u00e1nea - El Diario - Bolivia<\/title>\n<meta name=\"robots\" content=\"index, follow, max-snippet:-1, max-image-preview:large, max-video-preview:-1\" \/>\n<link rel=\"canonical\" href=\"https:\/\/www.eldiario.net\/portal\/2025\/12\/10\/policia-intensifica-control-migratorio-y-detecta-permanencia-irregular-foranea\/\" \/>\n<meta property=\"og:locale\" content=\"es_ES\" \/>\n<meta property=\"og:type\" content=\"article\" \/>\n<meta property=\"og:title\" content=\"Polic\u00eda intensifica control migratorio y detecta permanencia irregular for\u00e1nea - El Diario - Bolivia\" \/>\n<meta property=\"og:description\" content=\"La estrategia, que se llev\u00f3 a cabo ayer, participaron 280 polic\u00edas en el distrito lime\u00f1o de Villa El Savaldor. La intervenci\u00f3n fue encabezada por los ministros del Interior, Vicente Tiburcio Orbezo, y de Relaciones Exteriores, Hugo de Zela, quienes recorrieron los puntos principales de la zona, junto al alcalde Guido I\u00f1igo y el equipo de [&hellip;]\" \/>\n<meta property=\"og:url\" content=\"https:\/\/www.eldiario.net\/portal\/2025\/12\/10\/policia-intensifica-control-migratorio-y-detecta-permanencia-irregular-foranea\/\" \/>\n<meta property=\"og:site_name\" content=\"El Diario - Bolivia\" \/>\n<meta property=\"article:publisher\" content=\"https:\/\/www.facebook.com\/eldiario.bolivia\/\" \/>\n<meta property=\"article:published_time\" content=\"2025-12-10T10:01:05+00:00\" \/>\n<meta property=\"og:image\" content=\"https:\/\/www.eldiario.net\/portal\/wp-content\/uploads\/2025\/12\/MIGRACION-Reuters-1.webp\" \/>\n\t<meta property=\"og:image:width\" content=\"992\" \/>\n\t<meta property=\"og:image:height\" content=\"661\" \/>\n\t<meta property=\"og:image:type\" content=\"image\/webp\" \/>\n<meta name=\"author\" content=\"Jeanette\" \/>\n<meta name=\"twitter:card\" content=\"summary_large_image\" \/>\n<meta name=\"twitter:creator\" content=\"@eldiario_net\" \/>\n<meta name=\"twitter:site\" content=\"@eldiario_net\" \/>\n<meta name=\"twitter:label1\" content=\"Escrito por\" \/>\n\t<meta name=\"twitter:data1\" content=\"Jeanette\" \/>\n\t<meta name=\"twitter:label2\" content=\"Tiempo de lectura\" \/>\n\t<meta name=\"twitter:data2\" content=\"3 minutos\" \/>\n<script type=\"application\/ld+json\" class=\"yoast-schema-graph\">{\"@context\":\"https:\\\/\\\/schema.org\",\"@graph\":[{\"@type\":\"Article\",\"@id\":\"https:\\\/\\\/www.eldiario.net\\\/portal\\\/2025\\\/12\\\/10\\\/policia-intensifica-control-migratorio-y-detecta-permanencia-irregular-foranea\\\/#article\",\"isPartOf\":{\"@id\":\"https:\\\/\\\/www.eldiario.net\\\/portal\\\/2025\\\/12\\\/10\\\/policia-intensifica-control-migratorio-y-detecta-permanencia-irregular-foranea\\\/\"},\"author\":{\"name\":\"Jeanette\",\"@id\":\"https:\\\/\\\/www.eldiario.net\\\/portal\\\/#\\\/schema\\\/person\\\/f46445640444750d7d753ccd04ae01b7\"},\"headline\":\"Polic\u00eda intensifica control migratorio y detecta permanencia irregular for\u00e1nea\",\"datePublished\":\"2025-12-10T10:01:05+00:00\",\"mainEntityOfPage\":{\"@id\":\"https:\\\/\\\/www.eldiario.net\\\/portal\\\/2025\\\/12\\\/10\\\/policia-intensifica-control-migratorio-y-detecta-permanencia-irregular-foranea\\\/\"},\"wordCount\":631,\"publisher\":{\"@id\":\"https:\\\/\\\/www.eldiario.net\\\/portal\\\/#organization\"},\"image\":{\"@id\":\"https:\\\/\\\/www.eldiario.net\\\/portal\\\/2025\\\/12\\\/10\\\/policia-intensifica-control-migratorio-y-detecta-permanencia-irregular-foranea\\\/#primaryimage\"},\"thumbnailUrl\":\"https:\\\/\\\/www.eldiario.net\\\/portal\\\/wp-content\\\/uploads\\\/2025\\\/12\\\/MIGRACION-Reuters-1.webp\",\"articleSection\":[\"Internacional\"],\"inLanguage\":\"es\"},{\"@type\":\"WebPage\",\"@id\":\"https:\\\/\\\/www.eldiario.net\\\/portal\\\/2025\\\/12\\\/10\\\/policia-intensifica-control-migratorio-y-detecta-permanencia-irregular-foranea\\\/\",\"url\":\"https:\\\/\\\/www.eldiario.net\\\/portal\\\/2025\\\/12\\\/10\\\/policia-intensifica-control-migratorio-y-detecta-permanencia-irregular-foranea\\\/\",\"name\":\"Polic\u00eda intensifica control migratorio y detecta permanencia irregular for\u00e1nea - El Diario - Bolivia\",\"isPartOf\":{\"@id\":\"https:\\\/\\\/www.eldiario.net\\\/portal\\\/#website\"},\"primaryImageOfPage\":{\"@id\":\"https:\\\/\\\/www.eldiario.net\\\/portal\\\/2025\\\/12\\\/10\\\/policia-intensifica-control-migratorio-y-detecta-permanencia-irregular-foranea\\\/#primaryimage\"},\"image\":{\"@id\":\"https:\\\/\\\/www.eldiario.net\\\/portal\\\/2025\\\/12\\\/10\\\/policia-intensifica-control-migratorio-y-detecta-permanencia-irregular-foranea\\\/#primaryimage\"},\"thumbnailUrl\":\"https:\\\/\\\/www.eldiario.net\\\/portal\\\/wp-content\\\/uploads\\\/2025\\\/12\\\/MIGRACION-Reuters-1.webp\",\"datePublished\":\"2025-12-10T10:01:05+00:00\",\"breadcrumb\":{\"@id\":\"https:\\\/\\\/www.eldiario.net\\\/portal\\\/2025\\\/12\\\/10\\\/policia-intensifica-control-migratorio-y-detecta-permanencia-irregular-foranea\\\/#breadcrumb\"},\"inLanguage\":\"es\",\"potentialAction\":[{\"@type\":\"ReadAction\",\"target\":[\"https:\\\/\\\/www.eldiario.net\\\/portal\\\/2025\\\/12\\\/10\\\/policia-intensifica-control-migratorio-y-detecta-permanencia-irregular-foranea\\\/\"]}]},{\"@type\":\"ImageObject\",\"inLanguage\":\"es\",\"@id\":\"https:\\\/\\\/www.eldiario.net\\\/portal\\\/2025\\\/12\\\/10\\\/policia-intensifica-control-migratorio-y-detecta-permanencia-irregular-foranea\\\/#primaryimage\",\"url\":\"https:\\\/\\\/www.eldiario.net\\\/portal\\\/wp-content\\\/uploads\\\/2025\\\/12\\\/MIGRACION-Reuters-1.webp\",\"contentUrl\":\"https:\\\/\\\/www.eldiario.net\\\/portal\\\/wp-content\\\/uploads\\\/2025\\\/12\\\/MIGRACION-Reuters-1.webp\",\"width\":992,\"height\":661,\"caption\":\"Per\u00fa intensifica seguridad migratoria. CREDITO: Reuters\"},{\"@type\":\"BreadcrumbList\",\"@id\":\"https:\\\/\\\/www.eldiario.net\\\/portal\\\/2025\\\/12\\\/10\\\/policia-intensifica-control-migratorio-y-detecta-permanencia-irregular-foranea\\\/#breadcrumb\",\"itemListElement\":[{\"@type\":\"ListItem\",\"position\":1,\"name\":\"Portada\",\"item\":\"https:\\\/\\\/www.eldiario.net\\\/portal\\\/\"},{\"@type\":\"ListItem\",\"position\":2,\"name\":\"Polic\u00eda intensifica control migratorio y detecta permanencia irregular for\u00e1nea\"}]},{\"@type\":\"WebSite\",\"@id\":\"https:\\\/\\\/www.eldiario.net\\\/portal\\\/#website\",\"url\":\"https:\\\/\\\/www.eldiario.net\\\/portal\\\/\",\"name\":\"El Diario - Decano de la prensa nacional\",\"description\":\"El Diario - Decano de la prensa nacional\",\"publisher\":{\"@id\":\"https:\\\/\\\/www.eldiario.net\\\/portal\\\/#organization\"},\"potentialAction\":[{\"@type\":\"SearchAction\",\"target\":{\"@type\":\"EntryPoint\",\"urlTemplate\":\"https:\\\/\\\/www.eldiario.net\\\/portal\\\/?s={search_term_string}\"},\"query-input\":{\"@type\":\"PropertyValueSpecification\",\"valueRequired\":true,\"valueName\":\"search_term_string\"}}],\"inLanguage\":\"es\"},{\"@type\":\"Organization\",\"@id\":\"https:\\\/\\\/www.eldiario.net\\\/portal\\\/#organization\",\"name\":\"El Diario - Decano de la prensa nacional\",\"url\":\"https:\\\/\\\/www.eldiario.net\\\/portal\\\/\",\"logo\":{\"@type\":\"ImageObject\",\"inLanguage\":\"es\",\"@id\":\"https:\\\/\\\/www.eldiario.net\\\/portal\\\/#\\\/schema\\\/logo\\\/image\\\/\",\"url\":\"https:\\\/\\\/www.eldiario.net\\\/portal\\\/wp-content\\\/uploads\\\/2023\\\/07\\\/logo_ED.jpg\",\"contentUrl\":\"https:\\\/\\\/www.eldiario.net\\\/portal\\\/wp-content\\\/uploads\\\/2023\\\/07\\\/logo_ED.jpg\",\"width\":272,\"height\":52,\"caption\":\"El Diario - Decano de la prensa nacional\"},\"image\":{\"@id\":\"https:\\\/\\\/www.eldiario.net\\\/portal\\\/#\\\/schema\\\/logo\\\/image\\\/\"},\"sameAs\":[\"https:\\\/\\\/www.facebook.com\\\/eldiario.bolivia\\\/\",\"https:\\\/\\\/x.com\\\/eldiario_net\"]},{\"@type\":\"Person\",\"@id\":\"https:\\\/\\\/www.eldiario.net\\\/portal\\\/#\\\/schema\\\/person\\\/f46445640444750d7d753ccd04ae01b7\",\"name\":\"Jeanette\",\"image\":{\"@type\":\"ImageObject\",\"inLanguage\":\"es\",\"@id\":\"https:\\\/\\\/secure.gravatar.com\\\/avatar\\\/3ea2118a5f7dad2b7138b1187a6b7ee55f160b9968b66013c3a3ef39dd7e5798?s=96&d=mm&r=g\",\"url\":\"https:\\\/\\\/secure.gravatar.com\\\/avatar\\\/3ea2118a5f7dad2b7138b1187a6b7ee55f160b9968b66013c3a3ef39dd7e5798?s=96&d=mm&r=g\",\"contentUrl\":\"https:\\\/\\\/secure.gravatar.com\\\/avatar\\\/3ea2118a5f7dad2b7138b1187a6b7ee55f160b9968b66013c3a3ef39dd7e5798?s=96&d=mm&r=g\",\"caption\":\"Jeanette\"},\"sameAs\":[\"https:\\\/\\\/www.eldiario.net\\\/portal\"],\"url\":\"https:\\\/\\\/www.eldiario.net\\\/portal\\\/author\\\/jeanette\\\/\"}]}<\/script>\n<!-- \/ Yoast SEO plugin. -->","yoast_head_json":{"title":"Polic\u00eda intensifica control migratorio y detecta permanencia irregular for\u00e1nea - El Diario - Bolivia","robots":{"index":"index","follow":"follow","max-snippet":"max-snippet:-1","max-image-preview":"max-image-preview:large","max-video-preview":"max-video-preview:-1"},"canonical":"https:\/\/www.eldiario.net\/portal\/2025\/12\/10\/policia-intensifica-control-migratorio-y-detecta-permanencia-irregular-foranea\/","og_locale":"es_ES","og_type":"article","og_title":"Polic\u00eda intensifica control migratorio y detecta permanencia irregular for\u00e1nea - El Diario - Bolivia","og_description":"La estrategia, que se llev\u00f3 a cabo ayer, participaron 280 polic\u00edas en el distrito lime\u00f1o de Villa El Savaldor. La intervenci\u00f3n fue encabezada por los ministros del Interior, Vicente Tiburcio Orbezo, y de Relaciones Exteriores, Hugo de Zela, quienes recorrieron los puntos principales de la zona, junto al alcalde Guido I\u00f1igo y el equipo de [&hellip;]","og_url":"https:\/\/www.eldiario.net\/portal\/2025\/12\/10\/policia-intensifica-control-migratorio-y-detecta-permanencia-irregular-foranea\/","og_site_name":"El Diario - Bolivia","article_publisher":"https:\/\/www.facebook.com\/eldiario.bolivia\/","article_published_time":"2025-12-10T10:01:05+00:00","og_image":[{"width":992,"height":661,"url":"https:\/\/www.eldiario.net\/portal\/wp-content\/uploads\/2025\/12\/MIGRACION-Reuters-1.webp","type":"image\/webp"}],"author":"Jeanette","twitter_card":"summary_large_image","twitter_creator":"@eldiario_net","twitter_site":"@eldiario_net","twitter_misc":{"Escrito por":"Jeanette","Tiempo de lectura":"3 minutos"},"schema":{"@context":"https:\/\/schema.org","@graph":[{"@type":"Article","@id":"https:\/\/www.eldiario.net\/portal\/2025\/12\/10\/policia-intensifica-control-migratorio-y-detecta-permanencia-irregular-foranea\/#article","isPartOf":{"@id":"https:\/\/www.eldiario.net\/portal\/2025\/12\/10\/policia-intensifica-control-migratorio-y-detecta-permanencia-irregular-foranea\/"},"author":{"name":"Jeanette","@id":"https:\/\/www.eldiario.net\/portal\/#\/schema\/person\/f46445640444750d7d753ccd04ae01b7"},"headline":"Polic\u00eda intensifica control migratorio y detecta permanencia irregular for\u00e1nea","datePublished":"2025-12-10T10:01:05+00:00","mainEntityOfPage":{"@id":"https:\/\/www.eldiario.net\/portal\/2025\/12\/10\/policia-intensifica-control-migratorio-y-detecta-permanencia-irregular-foranea\/"},"wordCount":631,"publisher":{"@id":"https:\/\/www.eldiario.net\/portal\/#organization"},"image":{"@id":"https:\/\/www.eldiario.net\/portal\/2025\/12\/10\/policia-intensifica-control-migratorio-y-detecta-permanencia-irregular-foranea\/#primaryimage"},"thumbnailUrl":"https:\/\/www.eldiario.net\/portal\/wp-content\/uploads\/2025\/12\/MIGRACION-Reuters-1.webp","articleSection":["Internacional"],"inLanguage":"es"},{"@type":"WebPage","@id":"https:\/\/www.eldiario.net\/portal\/2025\/12\/10\/policia-intensifica-control-migratorio-y-detecta-permanencia-irregular-foranea\/","url":"https:\/\/www.eldiario.net\/portal\/2025\/12\/10\/policia-intensifica-control-migratorio-y-detecta-permanencia-irregular-foranea\/","name":"Polic\u00eda intensifica control migratorio y detecta permanencia irregular for\u00e1nea - El Diario - Bolivia","isPartOf":{"@id":"https:\/\/www.eldiario.net\/portal\/#website"},"primaryImageOfPage":{"@id":"https:\/\/www.eldiario.net\/portal\/2025\/12\/10\/policia-intensifica-control-migratorio-y-detecta-permanencia-irregular-foranea\/#primaryimage"},"image":{"@id":"https:\/\/www.eldiario.net\/portal\/2025\/12\/10\/policia-intensifica-control-migratorio-y-detecta-permanencia-irregular-foranea\/#primaryimage"},"thumbnailUrl":"https:\/\/www.eldiario.net\/portal\/wp-content\/uploads\/2025\/12\/MIGRACION-Reuters-1.webp","datePublished":"2025-12-10T10:01:05+00:00","breadcrumb":{"@id":"https:\/\/www.eldiario.net\/portal\/2025\/12\/10\/policia-intensifica-control-migratorio-y-detecta-permanencia-irregular-foranea\/#breadcrumb"},"inLanguage":"es","potentialAction":[{"@type":"ReadAction","target":["https:\/\/www.eldiario.net\/portal\/2025\/12\/10\/policia-intensifica-control-migratorio-y-detecta-permanencia-irregular-foranea\/"]}]},{"@type":"ImageObject","inLanguage":"es","@id":"https:\/\/www.eldiario.net\/portal\/2025\/12\/10\/policia-intensifica-control-migratorio-y-detecta-permanencia-irregular-foranea\/#primaryimage","url":"https:\/\/www.eldiario.net\/portal\/wp-content\/uploads\/2025\/12\/MIGRACION-Reuters-1.webp","contentUrl":"https:\/\/www.eldiario.net\/portal\/wp-content\/uploads\/2025\/12\/MIGRACION-Reuters-1.webp","width":992,"height":661,"caption":"Per\u00fa intensifica seguridad migratoria. CREDITO: Reuters"},{"@type":"BreadcrumbList","@id":"https:\/\/www.eldiario.net\/portal\/2025\/12\/10\/policia-intensifica-control-migratorio-y-detecta-permanencia-irregular-foranea\/#breadcrumb","itemListElement":[{"@type":"ListItem","position":1,"name":"Portada","item":"https:\/\/www.eldiario.net\/portal\/"},{"@type":"ListItem","position":2,"name":"Polic\u00eda intensifica control migratorio y detecta permanencia irregular for\u00e1nea"}]},{"@type":"WebSite","@id":"https:\/\/www.eldiario.net\/portal\/#website","url":"https:\/\/www.eldiario.net\/portal\/","name":"El Diario - Decano de la prensa nacional","description":"El Diario - Decano de la prensa nacional","publisher":{"@id":"https:\/\/www.eldiario.net\/portal\/#organization"},"potentialAction":[{"@type":"SearchAction","target":{"@type":"EntryPoint","urlTemplate":"https:\/\/www.eldiario.net\/portal\/?s={search_term_string}"},"query-input":{"@type":"PropertyValueSpecification","valueRequired":true,"valueName":"search_term_string"}}],"inLanguage":"es"},{"@type":"Organization","@id":"https:\/\/www.eldiario.net\/portal\/#organization","name":"El Diario - Decano de la prensa nacional","url":"https:\/\/www.eldiario.net\/portal\/","logo":{"@type":"ImageObject","inLanguage":"es","@id":"https:\/\/www.eldiario.net\/portal\/#\/schema\/logo\/image\/","url":"https:\/\/www.eldiario.net\/portal\/wp-content\/uploads\/2023\/07\/logo_ED.jpg","contentUrl":"https:\/\/www.eldiario.net\/portal\/wp-content\/uploads\/2023\/07\/logo_ED.jpg","width":272,"height":52,"caption":"El Diario - Decano de la prensa nacional"},"image":{"@id":"https:\/\/www.eldiario.net\/portal\/#\/schema\/logo\/image\/"},"sameAs":["https:\/\/www.facebook.com\/eldiario.bolivia\/","https:\/\/x.com\/eldiario_net"]},{"@type":"Person","@id":"https:\/\/www.eldiario.net\/portal\/#\/schema\/person\/f46445640444750d7d753ccd04ae01b7","name":"Jeanette","image":{"@type":"ImageObject","inLanguage":"es","@id":"https:\/\/secure.gravatar.com\/avatar\/3ea2118a5f7dad2b7138b1187a6b7ee55f160b9968b66013c3a3ef39dd7e5798?s=96&d=mm&r=g","url":"https:\/\/secure.gravatar.com\/avatar\/3ea2118a5f7dad2b7138b1187a6b7ee55f160b9968b66013c3a3ef39dd7e5798?s=96&d=mm&r=g","contentUrl":"https:\/\/secure.gravatar.com\/avatar\/3ea2118a5f7dad2b7138b1187a6b7ee55f160b9968b66013c3a3ef39dd7e5798?s=96&d=mm&r=g","caption":"Jeanette"},"sameAs":["https:\/\/www.eldiario.net\/portal"],"url":"https:\/\/www.eldiario.net\/portal\/author\/jeanette\/"}]}},"_links":{"self":[{"href":"https:\/\/www.eldiario.net\/portal\/wp-json\/wp\/v2\/posts\/351254","targetHints":{"allow":["GET"]}}],"collection":[{"href":"https:\/\/www.eldiario.net\/portal\/wp-json\/wp\/v2\/posts"}],"about":[{"href":"https:\/\/www.eldiario.net\/portal\/wp-json\/wp\/v2\/types\/post"}],"author":[{"embeddable":true,"href":"https:\/\/www.eldiario.net\/portal\/wp-json\/wp\/v2\/users\/1"}],"replies":[{"embeddable":true,"href":"https:\/\/www.eldiario.net\/portal\/wp-json\/wp\/v2\/comments?post=351254"}],"version-history":[{"count":1,"href":"https:\/\/www.eldiario.net\/portal\/wp-json\/wp\/v2\/posts\/351254\/revisions"}],"predecessor-version":[{"id":351257,"href":"https:\/\/www.eldiario.net\/portal\/wp-json\/wp\/v2\/posts\/351254\/revisions\/351257"}],"wp:featuredmedia":[{"embeddable":true,"href":"https:\/\/www.eldiario.net\/portal\/wp-json\/wp\/v2\/media\/351256"}],"wp:attachment":[{"href":"https:\/\/www.eldiario.net\/portal\/wp-json\/wp\/v2\/media?parent=351254"}],"wp:term":[{"taxonomy":"category","embeddable":true,"href":"https:\/\/www.eldiario.net\/portal\/wp-json\/wp\/v2\/categories?post=351254"},{"taxonomy":"post_tag","embeddable":true,"href":"https:\/\/www.eldiario.net\/portal\/wp-json\/wp\/v2\/tags?post=351254"}],"curies":[{"name":"wp","href":"https:\/\/api.w.org\/{rel}","templated":true}]}}