{"id":35111,"date":"2021-10-08T05:35:56","date_gmt":"2021-10-08T09:35:56","guid":{"rendered":"https:\/\/www.eldiario.net\/portal\/?p=35111"},"modified":"2021-10-08T05:35:56","modified_gmt":"2021-10-08T09:35:56","slug":"almirante-arce-es-imputado-por-caso-golpe-de-estado-ii","status":"publish","type":"post","link":"https:\/\/www.eldiario.net\/portal\/2021\/10\/08\/almirante-arce-es-imputado-por-caso-golpe-de-estado-ii\/","title":{"rendered":"Almirante Arce es imputado  por caso golpe de Estado II"},"content":{"rendered":"<p>Con las mismas pruebas y los mismos argumentos que en el caso denominado golpe de Estado I, el exjefe del Estado Mayor Flavio Arce fue imputado por el caso golpe de Estado II, inform\u00f3 a EL DIARIO el abogado Roger Valverde a tiempo de aclarar que pidi\u00f3 la nulidad de la resoluci\u00f3n porque nadie puede ser juzgado dos veces por el mismo delito.<br \/>\nEl jurista precis\u00f3 que lo notificaron con la resoluci\u00f3n de imputaci\u00f3n el 5 de octubre y para ayer estaba programada una audiencia de medidas cautelares empero se suspendi\u00f3 para las 11.00 horas del pr\u00f3ximo 19 de octubre.<br \/>\n\u201cAntes de la audiencia, el juzgado tendr\u00eda que resolver los incidentes que hemos planteado para pedir la nulidad de todo ese proceso porque por un solo hecho no pueden haber m\u00e1s de un proceso\u201d, explic\u00f3.<br \/>\nLos delitos por el que fue imputado Arce en el caso golpe de Estado II son incumplimiento de deberes y resoluciones contrarias a la Constituci\u00f3n y leyes.<br \/>\n\u201cEl almirante no ten\u00eda facultades para emitir ninguna resoluci\u00f3n. Por no garantizar la presidencia de Evo Morales lo imputaron por incumplimiento de deberes, adem\u00e1s por no oponerse a la orden del Comandante donde sugiere la renuncia de Evo Morales y por haber participado en la imposici\u00f3n de la banda presidencial\u201d, precis\u00f3.<br \/>\nEl numeral II del art\u00edculo 117 de la Constituci\u00f3n Pol\u00edtica del Estado (CPE) se\u00f1ala: \u201cNadie ser\u00e1 procesado ni condenado m\u00e1s de una vez por el mismo hecho. La rehabilitaci\u00f3n en sus derechos restringidos ser\u00e1 inmediata al cumplimiento de su condena\u201d.<\/p>\n<p>DATOS<br \/>\nEl 12 de marzo de 2021, el almirante Arce fue enviado con detenci\u00f3n preventiva, por seis meses al penal de San Pedro de La Paz, imputado por los presuntos delitos de sedici\u00f3n, conspiraci\u00f3n y terrorismo dentro del caso denominado golpe de Estado.<br \/>\nEl 12 de septiembre se cumpli\u00f3 el plazo de la detenci\u00f3n preventiva, empero el 13 de septiembre el Ministerio P\u00fablico pidi\u00f3 la ampliaci\u00f3n de la medida por cuatro meses m\u00e1s.<br \/>\n\u201cEl Ministerio P\u00fablico hizo la solicitud fuera de plazo, en consecuencia nosotros hemos pedido la cesaci\u00f3n a la detenci\u00f3n preventiva, sin embargo, el juez nos ha rechazado sin ning\u00fan argumento y ha ampliado por cuatro meses m\u00e1s y esa decisi\u00f3n se encuentra en apelaci\u00f3n ante la Corte\u201d, explic\u00f3 el jurista.<br \/>\nEl 5 de octubre fue notificado con una nueva imputaci\u00f3n y la Fiscal\u00eda est\u00e1 pidiendo la detenci\u00f3n preventiva por seis meses porque falta realizar la Inspecci\u00f3n T\u00e9cnica Ocular en el Estado Mayor del Ej\u00e9rcito, la declaraci\u00f3n de testigos, la triangulaci\u00f3n de llamadas de los imputados, entre otros.<\/p>\n<p>SUSPENSI\u00d3N DE<br \/>\nDECLARACI\u00d3N<br \/>\nConsultado por la postergaci\u00f3n de la declaraci\u00f3n de los se\u00f1ores Jos\u00e9 Luis y Luis Fernando Camacho, el jurista dijo que ello no incide en la situaci\u00f3n de su patrocinado porque nunca tuvo contacto con ellos.<br \/>\n\u201cEl almirante nunca se ha reunido con el se\u00f1or Camacho, por lo tanto la declaraci\u00f3n de \u00e9l me temo que no nos beneficia ni nos perjudica\u201d, dijo.<br \/>\nSobre la prueba que consiste en una presunta declaraci\u00f3n de Luis Fernando Camacho donde refiere que su padre (Jos\u00e9 Luis Camacho) cerr\u00f3 con polic\u00edas y militares dijo que es muy general porque no especifica nombres.<br \/>\n\u201cEsa prueba est\u00e1 ah\u00ed como un elemento que no tiene ning\u00fan sustento y como se\u00f1al\u00f3 el almirante \u00e9l no los conoce, no se han reunido, por lo tanto no hay ninguna relaci\u00f3n con el se\u00f1or Camacho\u201d, apunt\u00f3.<\/p>\n","protected":false},"excerpt":{"rendered":"<p>Con las mismas pruebas y los mismos argumentos que en el caso denominado golpe de Estado I, el exjefe del Estado Mayor Flavio Arce fue imputado por el caso golpe de Estado II, inform\u00f3 a EL DIARIO el abogado Roger Valverde a tiempo de aclarar que pidi\u00f3 la nulidad de la resoluci\u00f3n porque nadie puede [&hellip;]<\/p>\n","protected":false},"author":1,"featured_media":35112,"comment_status":"closed","ping_status":"closed","sticky":false,"template":"","format":"standard","meta":{"_acf_changed":false,"footnotes":""},"categories":[39],"tags":[],"class_list":["post-35111","post","type-post","status-publish","format-standard","has-post-thumbnail","category-sociedad"],"acf":{"antetitulo":""},"yoast_head":"<!-- This site is optimized with the Yoast SEO plugin v28.3 - https:\/\/yoast.com\/product\/yoast-seo-wordpress\/ -->\n<title>Almirante Arce es imputado por caso golpe de Estado II - El Diario - Bolivia<\/title>\n<meta name=\"robots\" content=\"index, follow, max-snippet:-1, max-image-preview:large, max-video-preview:-1\" \/>\n<link rel=\"canonical\" href=\"https:\/\/www.eldiario.net\/portal\/2021\/10\/08\/almirante-arce-es-imputado-por-caso-golpe-de-estado-ii\/\" \/>\n<meta property=\"og:locale\" content=\"es_ES\" \/>\n<meta property=\"og:type\" content=\"article\" \/>\n<meta property=\"og:title\" content=\"Almirante Arce es imputado por caso golpe de Estado II - El Diario - Bolivia\" \/>\n<meta property=\"og:description\" content=\"Con las mismas pruebas y los mismos argumentos que en el caso denominado golpe de Estado I, el exjefe del Estado Mayor Flavio Arce fue imputado por el caso golpe de Estado II, inform\u00f3 a EL DIARIO el abogado Roger Valverde a tiempo de aclarar que pidi\u00f3 la nulidad de la resoluci\u00f3n porque nadie puede [&hellip;]\" \/>\n<meta property=\"og:url\" content=\"https:\/\/www.eldiario.net\/portal\/2021\/10\/08\/almirante-arce-es-imputado-por-caso-golpe-de-estado-ii\/\" \/>\n<meta property=\"og:site_name\" content=\"El Diario - Bolivia\" \/>\n<meta property=\"article:publisher\" content=\"https:\/\/www.facebook.com\/eldiario.bolivia\/\" \/>\n<meta property=\"article:published_time\" content=\"2021-10-08T09:35:56+00:00\" \/>\n<meta name=\"author\" content=\"Jeanette\" \/>\n<meta name=\"twitter:card\" content=\"summary_large_image\" \/>\n<meta name=\"twitter:creator\" content=\"@eldiario_net\" \/>\n<meta name=\"twitter:site\" content=\"@eldiario_net\" \/>\n<meta name=\"twitter:label1\" content=\"Escrito por\" \/>\n\t<meta name=\"twitter:data1\" content=\"Jeanette\" \/>\n\t<meta name=\"twitter:label2\" content=\"Tiempo de lectura\" \/>\n\t<meta name=\"twitter:data2\" content=\"3 minutos\" \/>\n<script type=\"application\/ld+json\" class=\"yoast-schema-graph\">{\"@context\":\"https:\\\/\\\/schema.org\",\"@graph\":[{\"@type\":\"Article\",\"@id\":\"https:\\\/\\\/www.eldiario.net\\\/portal\\\/2021\\\/10\\\/08\\\/almirante-arce-es-imputado-por-caso-golpe-de-estado-ii\\\/#article\",\"isPartOf\":{\"@id\":\"https:\\\/\\\/www.eldiario.net\\\/portal\\\/2021\\\/10\\\/08\\\/almirante-arce-es-imputado-por-caso-golpe-de-estado-ii\\\/\"},\"author\":{\"name\":\"Jeanette\",\"@id\":\"https:\\\/\\\/www.eldiario.net\\\/portal\\\/#\\\/schema\\\/person\\\/f46445640444750d7d753ccd04ae01b7\"},\"headline\":\"Almirante Arce es imputado por caso golpe de Estado II\",\"datePublished\":\"2021-10-08T09:35:56+00:00\",\"mainEntityOfPage\":{\"@id\":\"https:\\\/\\\/www.eldiario.net\\\/portal\\\/2021\\\/10\\\/08\\\/almirante-arce-es-imputado-por-caso-golpe-de-estado-ii\\\/\"},\"wordCount\":614,\"publisher\":{\"@id\":\"https:\\\/\\\/www.eldiario.net\\\/portal\\\/#organization\"},\"image\":{\"@id\":\"https:\\\/\\\/www.eldiario.net\\\/portal\\\/2021\\\/10\\\/08\\\/almirante-arce-es-imputado-por-caso-golpe-de-estado-ii\\\/#primaryimage\"},\"thumbnailUrl\":\"\",\"articleSection\":[\"Sociedad - Seguridad\"],\"inLanguage\":\"es\"},{\"@type\":\"WebPage\",\"@id\":\"https:\\\/\\\/www.eldiario.net\\\/portal\\\/2021\\\/10\\\/08\\\/almirante-arce-es-imputado-por-caso-golpe-de-estado-ii\\\/\",\"url\":\"https:\\\/\\\/www.eldiario.net\\\/portal\\\/2021\\\/10\\\/08\\\/almirante-arce-es-imputado-por-caso-golpe-de-estado-ii\\\/\",\"name\":\"Almirante Arce es imputado por caso golpe de Estado II - El Diario - Bolivia\",\"isPartOf\":{\"@id\":\"https:\\\/\\\/www.eldiario.net\\\/portal\\\/#website\"},\"primaryImageOfPage\":{\"@id\":\"https:\\\/\\\/www.eldiario.net\\\/portal\\\/2021\\\/10\\\/08\\\/almirante-arce-es-imputado-por-caso-golpe-de-estado-ii\\\/#primaryimage\"},\"image\":{\"@id\":\"https:\\\/\\\/www.eldiario.net\\\/portal\\\/2021\\\/10\\\/08\\\/almirante-arce-es-imputado-por-caso-golpe-de-estado-ii\\\/#primaryimage\"},\"thumbnailUrl\":\"\",\"datePublished\":\"2021-10-08T09:35:56+00:00\",\"breadcrumb\":{\"@id\":\"https:\\\/\\\/www.eldiario.net\\\/portal\\\/2021\\\/10\\\/08\\\/almirante-arce-es-imputado-por-caso-golpe-de-estado-ii\\\/#breadcrumb\"},\"inLanguage\":\"es\",\"potentialAction\":[{\"@type\":\"ReadAction\",\"target\":[\"https:\\\/\\\/www.eldiario.net\\\/portal\\\/2021\\\/10\\\/08\\\/almirante-arce-es-imputado-por-caso-golpe-de-estado-ii\\\/\"]}]},{\"@type\":\"ImageObject\",\"inLanguage\":\"es\",\"@id\":\"https:\\\/\\\/www.eldiario.net\\\/portal\\\/2021\\\/10\\\/08\\\/almirante-arce-es-imputado-por-caso-golpe-de-estado-ii\\\/#primaryimage\",\"url\":\"\",\"contentUrl\":\"\"},{\"@type\":\"BreadcrumbList\",\"@id\":\"https:\\\/\\\/www.eldiario.net\\\/portal\\\/2021\\\/10\\\/08\\\/almirante-arce-es-imputado-por-caso-golpe-de-estado-ii\\\/#breadcrumb\",\"itemListElement\":[{\"@type\":\"ListItem\",\"position\":1,\"name\":\"Portada\",\"item\":\"https:\\\/\\\/www.eldiario.net\\\/portal\\\/\"},{\"@type\":\"ListItem\",\"position\":2,\"name\":\"Almirante Arce es imputado por caso golpe de Estado II\"}]},{\"@type\":\"WebSite\",\"@id\":\"https:\\\/\\\/www.eldiario.net\\\/portal\\\/#website\",\"url\":\"https:\\\/\\\/www.eldiario.net\\\/portal\\\/\",\"name\":\"El Diario - Decano de la prensa nacional\",\"description\":\"El Diario - Decano de la prensa nacional\",\"publisher\":{\"@id\":\"https:\\\/\\\/www.eldiario.net\\\/portal\\\/#organization\"},\"potentialAction\":[{\"@type\":\"SearchAction\",\"target\":{\"@type\":\"EntryPoint\",\"urlTemplate\":\"https:\\\/\\\/www.eldiario.net\\\/portal\\\/?s={search_term_string}\"},\"query-input\":{\"@type\":\"PropertyValueSpecification\",\"valueRequired\":true,\"valueName\":\"search_term_string\"}}],\"inLanguage\":\"es\"},{\"@type\":\"Organization\",\"@id\":\"https:\\\/\\\/www.eldiario.net\\\/portal\\\/#organization\",\"name\":\"El Diario - Decano de la prensa nacional\",\"url\":\"https:\\\/\\\/www.eldiario.net\\\/portal\\\/\",\"logo\":{\"@type\":\"ImageObject\",\"inLanguage\":\"es\",\"@id\":\"https:\\\/\\\/www.eldiario.net\\\/portal\\\/#\\\/schema\\\/logo\\\/image\\\/\",\"url\":\"https:\\\/\\\/www.eldiario.net\\\/portal\\\/wp-content\\\/uploads\\\/2023\\\/07\\\/logo_ED.jpg\",\"contentUrl\":\"https:\\\/\\\/www.eldiario.net\\\/portal\\\/wp-content\\\/uploads\\\/2023\\\/07\\\/logo_ED.jpg\",\"width\":272,\"height\":52,\"caption\":\"El Diario - Decano de la prensa nacional\"},\"image\":{\"@id\":\"https:\\\/\\\/www.eldiario.net\\\/portal\\\/#\\\/schema\\\/logo\\\/image\\\/\"},\"sameAs\":[\"https:\\\/\\\/www.facebook.com\\\/eldiario.bolivia\\\/\",\"https:\\\/\\\/x.com\\\/eldiario_net\"]},{\"@type\":\"Person\",\"@id\":\"https:\\\/\\\/www.eldiario.net\\\/portal\\\/#\\\/schema\\\/person\\\/f46445640444750d7d753ccd04ae01b7\",\"name\":\"Jeanette\",\"image\":{\"@type\":\"ImageObject\",\"inLanguage\":\"es\",\"@id\":\"https:\\\/\\\/secure.gravatar.com\\\/avatar\\\/3ea2118a5f7dad2b7138b1187a6b7ee55f160b9968b66013c3a3ef39dd7e5798?s=96&d=mm&r=g\",\"url\":\"https:\\\/\\\/secure.gravatar.com\\\/avatar\\\/3ea2118a5f7dad2b7138b1187a6b7ee55f160b9968b66013c3a3ef39dd7e5798?s=96&d=mm&r=g\",\"contentUrl\":\"https:\\\/\\\/secure.gravatar.com\\\/avatar\\\/3ea2118a5f7dad2b7138b1187a6b7ee55f160b9968b66013c3a3ef39dd7e5798?s=96&d=mm&r=g\",\"caption\":\"Jeanette\"},\"sameAs\":[\"https:\\\/\\\/www.eldiario.net\\\/portal\"],\"url\":\"https:\\\/\\\/www.eldiario.net\\\/portal\\\/author\\\/jeanette\\\/\"}]}<\/script>\n<!-- \/ Yoast SEO plugin. -->","yoast_head_json":{"title":"Almirante Arce es imputado por caso golpe de Estado II - El Diario - Bolivia","robots":{"index":"index","follow":"follow","max-snippet":"max-snippet:-1","max-image-preview":"max-image-preview:large","max-video-preview":"max-video-preview:-1"},"canonical":"https:\/\/www.eldiario.net\/portal\/2021\/10\/08\/almirante-arce-es-imputado-por-caso-golpe-de-estado-ii\/","og_locale":"es_ES","og_type":"article","og_title":"Almirante Arce es imputado por caso golpe de Estado II - El Diario - Bolivia","og_description":"Con las mismas pruebas y los mismos argumentos que en el caso denominado golpe de Estado I, el exjefe del Estado Mayor Flavio Arce fue imputado por el caso golpe de Estado II, inform\u00f3 a EL DIARIO el abogado Roger Valverde a tiempo de aclarar que pidi\u00f3 la nulidad de la resoluci\u00f3n porque nadie puede [&hellip;]","og_url":"https:\/\/www.eldiario.net\/portal\/2021\/10\/08\/almirante-arce-es-imputado-por-caso-golpe-de-estado-ii\/","og_site_name":"El Diario - Bolivia","article_publisher":"https:\/\/www.facebook.com\/eldiario.bolivia\/","article_published_time":"2021-10-08T09:35:56+00:00","author":"Jeanette","twitter_card":"summary_large_image","twitter_creator":"@eldiario_net","twitter_site":"@eldiario_net","twitter_misc":{"Escrito por":"Jeanette","Tiempo de lectura":"3 minutos"},"schema":{"@context":"https:\/\/schema.org","@graph":[{"@type":"Article","@id":"https:\/\/www.eldiario.net\/portal\/2021\/10\/08\/almirante-arce-es-imputado-por-caso-golpe-de-estado-ii\/#article","isPartOf":{"@id":"https:\/\/www.eldiario.net\/portal\/2021\/10\/08\/almirante-arce-es-imputado-por-caso-golpe-de-estado-ii\/"},"author":{"name":"Jeanette","@id":"https:\/\/www.eldiario.net\/portal\/#\/schema\/person\/f46445640444750d7d753ccd04ae01b7"},"headline":"Almirante Arce es imputado por caso golpe de Estado II","datePublished":"2021-10-08T09:35:56+00:00","mainEntityOfPage":{"@id":"https:\/\/www.eldiario.net\/portal\/2021\/10\/08\/almirante-arce-es-imputado-por-caso-golpe-de-estado-ii\/"},"wordCount":614,"publisher":{"@id":"https:\/\/www.eldiario.net\/portal\/#organization"},"image":{"@id":"https:\/\/www.eldiario.net\/portal\/2021\/10\/08\/almirante-arce-es-imputado-por-caso-golpe-de-estado-ii\/#primaryimage"},"thumbnailUrl":"","articleSection":["Sociedad - Seguridad"],"inLanguage":"es"},{"@type":"WebPage","@id":"https:\/\/www.eldiario.net\/portal\/2021\/10\/08\/almirante-arce-es-imputado-por-caso-golpe-de-estado-ii\/","url":"https:\/\/www.eldiario.net\/portal\/2021\/10\/08\/almirante-arce-es-imputado-por-caso-golpe-de-estado-ii\/","name":"Almirante Arce es imputado por caso golpe de Estado II - El Diario - Bolivia","isPartOf":{"@id":"https:\/\/www.eldiario.net\/portal\/#website"},"primaryImageOfPage":{"@id":"https:\/\/www.eldiario.net\/portal\/2021\/10\/08\/almirante-arce-es-imputado-por-caso-golpe-de-estado-ii\/#primaryimage"},"image":{"@id":"https:\/\/www.eldiario.net\/portal\/2021\/10\/08\/almirante-arce-es-imputado-por-caso-golpe-de-estado-ii\/#primaryimage"},"thumbnailUrl":"","datePublished":"2021-10-08T09:35:56+00:00","breadcrumb":{"@id":"https:\/\/www.eldiario.net\/portal\/2021\/10\/08\/almirante-arce-es-imputado-por-caso-golpe-de-estado-ii\/#breadcrumb"},"inLanguage":"es","potentialAction":[{"@type":"ReadAction","target":["https:\/\/www.eldiario.net\/portal\/2021\/10\/08\/almirante-arce-es-imputado-por-caso-golpe-de-estado-ii\/"]}]},{"@type":"ImageObject","inLanguage":"es","@id":"https:\/\/www.eldiario.net\/portal\/2021\/10\/08\/almirante-arce-es-imputado-por-caso-golpe-de-estado-ii\/#primaryimage","url":"","contentUrl":""},{"@type":"BreadcrumbList","@id":"https:\/\/www.eldiario.net\/portal\/2021\/10\/08\/almirante-arce-es-imputado-por-caso-golpe-de-estado-ii\/#breadcrumb","itemListElement":[{"@type":"ListItem","position":1,"name":"Portada","item":"https:\/\/www.eldiario.net\/portal\/"},{"@type":"ListItem","position":2,"name":"Almirante Arce es imputado por caso golpe de Estado II"}]},{"@type":"WebSite","@id":"https:\/\/www.eldiario.net\/portal\/#website","url":"https:\/\/www.eldiario.net\/portal\/","name":"El Diario - Decano de la prensa nacional","description":"El Diario - Decano de la prensa nacional","publisher":{"@id":"https:\/\/www.eldiario.net\/portal\/#organization"},"potentialAction":[{"@type":"SearchAction","target":{"@type":"EntryPoint","urlTemplate":"https:\/\/www.eldiario.net\/portal\/?s={search_term_string}"},"query-input":{"@type":"PropertyValueSpecification","valueRequired":true,"valueName":"search_term_string"}}],"inLanguage":"es"},{"@type":"Organization","@id":"https:\/\/www.eldiario.net\/portal\/#organization","name":"El Diario - Decano de la prensa nacional","url":"https:\/\/www.eldiario.net\/portal\/","logo":{"@type":"ImageObject","inLanguage":"es","@id":"https:\/\/www.eldiario.net\/portal\/#\/schema\/logo\/image\/","url":"https:\/\/www.eldiario.net\/portal\/wp-content\/uploads\/2023\/07\/logo_ED.jpg","contentUrl":"https:\/\/www.eldiario.net\/portal\/wp-content\/uploads\/2023\/07\/logo_ED.jpg","width":272,"height":52,"caption":"El Diario - Decano de la prensa nacional"},"image":{"@id":"https:\/\/www.eldiario.net\/portal\/#\/schema\/logo\/image\/"},"sameAs":["https:\/\/www.facebook.com\/eldiario.bolivia\/","https:\/\/x.com\/eldiario_net"]},{"@type":"Person","@id":"https:\/\/www.eldiario.net\/portal\/#\/schema\/person\/f46445640444750d7d753ccd04ae01b7","name":"Jeanette","image":{"@type":"ImageObject","inLanguage":"es","@id":"https:\/\/secure.gravatar.com\/avatar\/3ea2118a5f7dad2b7138b1187a6b7ee55f160b9968b66013c3a3ef39dd7e5798?s=96&d=mm&r=g","url":"https:\/\/secure.gravatar.com\/avatar\/3ea2118a5f7dad2b7138b1187a6b7ee55f160b9968b66013c3a3ef39dd7e5798?s=96&d=mm&r=g","contentUrl":"https:\/\/secure.gravatar.com\/avatar\/3ea2118a5f7dad2b7138b1187a6b7ee55f160b9968b66013c3a3ef39dd7e5798?s=96&d=mm&r=g","caption":"Jeanette"},"sameAs":["https:\/\/www.eldiario.net\/portal"],"url":"https:\/\/www.eldiario.net\/portal\/author\/jeanette\/"}]}},"_links":{"self":[{"href":"https:\/\/www.eldiario.net\/portal\/wp-json\/wp\/v2\/posts\/35111","targetHints":{"allow":["GET"]}}],"collection":[{"href":"https:\/\/www.eldiario.net\/portal\/wp-json\/wp\/v2\/posts"}],"about":[{"href":"https:\/\/www.eldiario.net\/portal\/wp-json\/wp\/v2\/types\/post"}],"author":[{"embeddable":true,"href":"https:\/\/www.eldiario.net\/portal\/wp-json\/wp\/v2\/users\/1"}],"replies":[{"embeddable":true,"href":"https:\/\/www.eldiario.net\/portal\/wp-json\/wp\/v2\/comments?post=35111"}],"version-history":[{"count":0,"href":"https:\/\/www.eldiario.net\/portal\/wp-json\/wp\/v2\/posts\/35111\/revisions"}],"wp:attachment":[{"href":"https:\/\/www.eldiario.net\/portal\/wp-json\/wp\/v2\/media?parent=35111"}],"wp:term":[{"taxonomy":"category","embeddable":true,"href":"https:\/\/www.eldiario.net\/portal\/wp-json\/wp\/v2\/categories?post=35111"},{"taxonomy":"post_tag","embeddable":true,"href":"https:\/\/www.eldiario.net\/portal\/wp-json\/wp\/v2\/tags?post=35111"}],"curies":[{"name":"wp","href":"https:\/\/api.w.org\/{rel}","templated":true}]}}