{"id":35109,"date":"2021-10-08T05:34:58","date_gmt":"2021-10-08T09:34:58","guid":{"rendered":"https:\/\/www.eldiario.net\/portal\/?p=35109"},"modified":"2021-10-08T05:34:58","modified_gmt":"2021-10-08T09:34:58","slug":"mantienen-congelamiento-de-cuentas-de-expresidenta","status":"publish","type":"post","link":"https:\/\/www.eldiario.net\/portal\/2021\/10\/08\/mantienen-congelamiento-de-cuentas-de-expresidenta\/","title":{"rendered":"Mantienen congelamiento  de cuentas de expresidenta"},"content":{"rendered":"<p>En audiencia de apelaci\u00f3n, la justicia determin\u00f3 ratificar el congelamiento de cuentas de la expresidenta Jeanine A\u00f1ez y de los exministros \u00c1lvaro Co\u00edmbra y Rodrigo Guzm\u00e1n, quienes est\u00e1n encarcelados desde marzo por el caso denominado \u201cgolpe de Estado\u201d, inform\u00f3 ayer el abogado Luis Guill\u00e9n que patrocina a la exautoridad.<br \/>\nEl jurista precis\u00f3 que la audiencia fue programada con demora y que la autoridad judicial no cumpli\u00f3 con valorar los extremos argumentados para levantar la medida. Asimismo, denunci\u00f3 que un congelamiento de cuentas supone una \u201cmuerte civil anticipada\u201d para A\u00f1ez y sus exministros, al no poder disponer de sus recursos.<br \/>\n\u201cNo es una facultad del Ministerio P\u00fablico congelar cuentas, incluso de congelar los cr\u00e9ditos. Esto ya se constituye en una muerte civil que estar\u00edan recibiendo, una muerte civil anticipada que estar\u00edan recibiendo tanto la exmandataria, como los dos exministros. No pueden al d\u00eda de hoy disponer de sus recursos econ\u00f3micos, no pueden pagar sus cr\u00e9ditos y esta situaci\u00f3n es una vulneraci\u00f3n a derechos\u201d, manifest\u00f3 el jurista.<br \/>\nEn ese marco, Guill\u00e9n anunci\u00f3 que presentar\u00e1n una acci\u00f3n de amparo para precautelar los derechos de los imputados en este caso.<br \/>\nGuill\u00e9n explic\u00f3 que el congelamiento de cuentas se decidi\u00f3 bajo el argumento de precautelar una eventual reparaci\u00f3n del da\u00f1o, pero consider\u00f3 que en este proceso \u2013que es por los delitos de sedici\u00f3n, conspiraci\u00f3n y terrorismo\u2013 no es posible una cuantificaci\u00f3n de dinero como deber\u00eda existir como condici\u00f3n para establecer esa restricci\u00f3n.<br \/>\nA\u00f1ez y los exministros cumplen detenci\u00f3n preventiva por el caso denominado \u201cgolpe\u201d desde marzo. El plazo de la medida cautelar era hasta mediados de septiembre, pero la justicia decidi\u00f3 extenderlo por cinco meses m\u00e1s para las investigaciones. (Erbol)<\/p>\n","protected":false},"excerpt":{"rendered":"<p>En audiencia de apelaci\u00f3n, la justicia determin\u00f3 ratificar el congelamiento de cuentas de la expresidenta Jeanine A\u00f1ez y de los exministros \u00c1lvaro Co\u00edmbra y Rodrigo Guzm\u00e1n, quienes est\u00e1n encarcelados desde marzo por el caso denominado \u201cgolpe de Estado\u201d, inform\u00f3 ayer el abogado Luis Guill\u00e9n que patrocina a la exautoridad. El jurista precis\u00f3 que la audiencia [&hellip;]<\/p>\n","protected":false},"author":1,"featured_media":35107,"comment_status":"closed","ping_status":"closed","sticky":false,"template":"","format":"standard","meta":{"_acf_changed":false,"footnotes":""},"categories":[39],"tags":[],"class_list":["post-35109","post","type-post","status-publish","format-standard","has-post-thumbnail","category-sociedad"],"acf":{"antetitulo":""},"yoast_head":"<!-- This site is optimized with the Yoast SEO plugin v28.3 - https:\/\/yoast.com\/product\/yoast-seo-wordpress\/ -->\n<title>Mantienen congelamiento de cuentas de expresidenta - El Diario - Bolivia<\/title>\n<meta name=\"robots\" content=\"index, follow, max-snippet:-1, max-image-preview:large, max-video-preview:-1\" \/>\n<link rel=\"canonical\" href=\"https:\/\/www.eldiario.net\/portal\/2021\/10\/08\/mantienen-congelamiento-de-cuentas-de-expresidenta\/\" \/>\n<meta property=\"og:locale\" content=\"es_ES\" \/>\n<meta property=\"og:type\" content=\"article\" \/>\n<meta property=\"og:title\" content=\"Mantienen congelamiento de cuentas de expresidenta - El Diario - Bolivia\" \/>\n<meta property=\"og:description\" content=\"En audiencia de apelaci\u00f3n, la justicia determin\u00f3 ratificar el congelamiento de cuentas de la expresidenta Jeanine A\u00f1ez y de los exministros \u00c1lvaro Co\u00edmbra y Rodrigo Guzm\u00e1n, quienes est\u00e1n encarcelados desde marzo por el caso denominado \u201cgolpe de Estado\u201d, inform\u00f3 ayer el abogado Luis Guill\u00e9n que patrocina a la exautoridad. El jurista precis\u00f3 que la audiencia [&hellip;]\" \/>\n<meta property=\"og:url\" content=\"https:\/\/www.eldiario.net\/portal\/2021\/10\/08\/mantienen-congelamiento-de-cuentas-de-expresidenta\/\" \/>\n<meta property=\"og:site_name\" content=\"El Diario - Bolivia\" \/>\n<meta property=\"article:publisher\" content=\"https:\/\/www.facebook.com\/eldiario.bolivia\/\" \/>\n<meta property=\"article:published_time\" content=\"2021-10-08T09:34:58+00:00\" \/>\n<meta name=\"author\" content=\"Jeanette\" \/>\n<meta name=\"twitter:card\" content=\"summary_large_image\" \/>\n<meta name=\"twitter:creator\" content=\"@eldiario_net\" \/>\n<meta name=\"twitter:site\" content=\"@eldiario_net\" \/>\n<meta name=\"twitter:label1\" content=\"Escrito por\" \/>\n\t<meta name=\"twitter:data1\" content=\"Jeanette\" \/>\n\t<meta name=\"twitter:label2\" content=\"Tiempo de lectura\" \/>\n\t<meta name=\"twitter:data2\" content=\"2 minutos\" \/>\n<script type=\"application\/ld+json\" class=\"yoast-schema-graph\">{\"@context\":\"https:\\\/\\\/schema.org\",\"@graph\":[{\"@type\":\"Article\",\"@id\":\"https:\\\/\\\/www.eldiario.net\\\/portal\\\/2021\\\/10\\\/08\\\/mantienen-congelamiento-de-cuentas-de-expresidenta\\\/#article\",\"isPartOf\":{\"@id\":\"https:\\\/\\\/www.eldiario.net\\\/portal\\\/2021\\\/10\\\/08\\\/mantienen-congelamiento-de-cuentas-de-expresidenta\\\/\"},\"author\":{\"name\":\"Jeanette\",\"@id\":\"https:\\\/\\\/www.eldiario.net\\\/portal\\\/#\\\/schema\\\/person\\\/f46445640444750d7d753ccd04ae01b7\"},\"headline\":\"Mantienen congelamiento de cuentas de expresidenta\",\"datePublished\":\"2021-10-08T09:34:58+00:00\",\"mainEntityOfPage\":{\"@id\":\"https:\\\/\\\/www.eldiario.net\\\/portal\\\/2021\\\/10\\\/08\\\/mantienen-congelamiento-de-cuentas-de-expresidenta\\\/\"},\"wordCount\":312,\"publisher\":{\"@id\":\"https:\\\/\\\/www.eldiario.net\\\/portal\\\/#organization\"},\"image\":{\"@id\":\"https:\\\/\\\/www.eldiario.net\\\/portal\\\/2021\\\/10\\\/08\\\/mantienen-congelamiento-de-cuentas-de-expresidenta\\\/#primaryimage\"},\"thumbnailUrl\":\"\",\"articleSection\":[\"Sociedad - Seguridad\"],\"inLanguage\":\"es\"},{\"@type\":\"WebPage\",\"@id\":\"https:\\\/\\\/www.eldiario.net\\\/portal\\\/2021\\\/10\\\/08\\\/mantienen-congelamiento-de-cuentas-de-expresidenta\\\/\",\"url\":\"https:\\\/\\\/www.eldiario.net\\\/portal\\\/2021\\\/10\\\/08\\\/mantienen-congelamiento-de-cuentas-de-expresidenta\\\/\",\"name\":\"Mantienen congelamiento de cuentas de expresidenta - El Diario - Bolivia\",\"isPartOf\":{\"@id\":\"https:\\\/\\\/www.eldiario.net\\\/portal\\\/#website\"},\"primaryImageOfPage\":{\"@id\":\"https:\\\/\\\/www.eldiario.net\\\/portal\\\/2021\\\/10\\\/08\\\/mantienen-congelamiento-de-cuentas-de-expresidenta\\\/#primaryimage\"},\"image\":{\"@id\":\"https:\\\/\\\/www.eldiario.net\\\/portal\\\/2021\\\/10\\\/08\\\/mantienen-congelamiento-de-cuentas-de-expresidenta\\\/#primaryimage\"},\"thumbnailUrl\":\"\",\"datePublished\":\"2021-10-08T09:34:58+00:00\",\"breadcrumb\":{\"@id\":\"https:\\\/\\\/www.eldiario.net\\\/portal\\\/2021\\\/10\\\/08\\\/mantienen-congelamiento-de-cuentas-de-expresidenta\\\/#breadcrumb\"},\"inLanguage\":\"es\",\"potentialAction\":[{\"@type\":\"ReadAction\",\"target\":[\"https:\\\/\\\/www.eldiario.net\\\/portal\\\/2021\\\/10\\\/08\\\/mantienen-congelamiento-de-cuentas-de-expresidenta\\\/\"]}]},{\"@type\":\"ImageObject\",\"inLanguage\":\"es\",\"@id\":\"https:\\\/\\\/www.eldiario.net\\\/portal\\\/2021\\\/10\\\/08\\\/mantienen-congelamiento-de-cuentas-de-expresidenta\\\/#primaryimage\",\"url\":\"\",\"contentUrl\":\"\"},{\"@type\":\"BreadcrumbList\",\"@id\":\"https:\\\/\\\/www.eldiario.net\\\/portal\\\/2021\\\/10\\\/08\\\/mantienen-congelamiento-de-cuentas-de-expresidenta\\\/#breadcrumb\",\"itemListElement\":[{\"@type\":\"ListItem\",\"position\":1,\"name\":\"Portada\",\"item\":\"https:\\\/\\\/www.eldiario.net\\\/portal\\\/\"},{\"@type\":\"ListItem\",\"position\":2,\"name\":\"Mantienen congelamiento de cuentas de expresidenta\"}]},{\"@type\":\"WebSite\",\"@id\":\"https:\\\/\\\/www.eldiario.net\\\/portal\\\/#website\",\"url\":\"https:\\\/\\\/www.eldiario.net\\\/portal\\\/\",\"name\":\"El Diario - Decano de la prensa nacional\",\"description\":\"El Diario - Decano de la prensa nacional\",\"publisher\":{\"@id\":\"https:\\\/\\\/www.eldiario.net\\\/portal\\\/#organization\"},\"potentialAction\":[{\"@type\":\"SearchAction\",\"target\":{\"@type\":\"EntryPoint\",\"urlTemplate\":\"https:\\\/\\\/www.eldiario.net\\\/portal\\\/?s={search_term_string}\"},\"query-input\":{\"@type\":\"PropertyValueSpecification\",\"valueRequired\":true,\"valueName\":\"search_term_string\"}}],\"inLanguage\":\"es\"},{\"@type\":\"Organization\",\"@id\":\"https:\\\/\\\/www.eldiario.net\\\/portal\\\/#organization\",\"name\":\"El Diario - Decano de la prensa nacional\",\"url\":\"https:\\\/\\\/www.eldiario.net\\\/portal\\\/\",\"logo\":{\"@type\":\"ImageObject\",\"inLanguage\":\"es\",\"@id\":\"https:\\\/\\\/www.eldiario.net\\\/portal\\\/#\\\/schema\\\/logo\\\/image\\\/\",\"url\":\"https:\\\/\\\/www.eldiario.net\\\/portal\\\/wp-content\\\/uploads\\\/2023\\\/07\\\/logo_ED.jpg\",\"contentUrl\":\"https:\\\/\\\/www.eldiario.net\\\/portal\\\/wp-content\\\/uploads\\\/2023\\\/07\\\/logo_ED.jpg\",\"width\":272,\"height\":52,\"caption\":\"El Diario - Decano de la prensa nacional\"},\"image\":{\"@id\":\"https:\\\/\\\/www.eldiario.net\\\/portal\\\/#\\\/schema\\\/logo\\\/image\\\/\"},\"sameAs\":[\"https:\\\/\\\/www.facebook.com\\\/eldiario.bolivia\\\/\",\"https:\\\/\\\/x.com\\\/eldiario_net\"]},{\"@type\":\"Person\",\"@id\":\"https:\\\/\\\/www.eldiario.net\\\/portal\\\/#\\\/schema\\\/person\\\/f46445640444750d7d753ccd04ae01b7\",\"name\":\"Jeanette\",\"image\":{\"@type\":\"ImageObject\",\"inLanguage\":\"es\",\"@id\":\"https:\\\/\\\/secure.gravatar.com\\\/avatar\\\/3ea2118a5f7dad2b7138b1187a6b7ee55f160b9968b66013c3a3ef39dd7e5798?s=96&d=mm&r=g\",\"url\":\"https:\\\/\\\/secure.gravatar.com\\\/avatar\\\/3ea2118a5f7dad2b7138b1187a6b7ee55f160b9968b66013c3a3ef39dd7e5798?s=96&d=mm&r=g\",\"contentUrl\":\"https:\\\/\\\/secure.gravatar.com\\\/avatar\\\/3ea2118a5f7dad2b7138b1187a6b7ee55f160b9968b66013c3a3ef39dd7e5798?s=96&d=mm&r=g\",\"caption\":\"Jeanette\"},\"sameAs\":[\"https:\\\/\\\/www.eldiario.net\\\/portal\"],\"url\":\"https:\\\/\\\/www.eldiario.net\\\/portal\\\/author\\\/jeanette\\\/\"}]}<\/script>\n<!-- \/ Yoast SEO plugin. -->","yoast_head_json":{"title":"Mantienen congelamiento de cuentas de expresidenta - El Diario - Bolivia","robots":{"index":"index","follow":"follow","max-snippet":"max-snippet:-1","max-image-preview":"max-image-preview:large","max-video-preview":"max-video-preview:-1"},"canonical":"https:\/\/www.eldiario.net\/portal\/2021\/10\/08\/mantienen-congelamiento-de-cuentas-de-expresidenta\/","og_locale":"es_ES","og_type":"article","og_title":"Mantienen congelamiento de cuentas de expresidenta - El Diario - Bolivia","og_description":"En audiencia de apelaci\u00f3n, la justicia determin\u00f3 ratificar el congelamiento de cuentas de la expresidenta Jeanine A\u00f1ez y de los exministros \u00c1lvaro Co\u00edmbra y Rodrigo Guzm\u00e1n, quienes est\u00e1n encarcelados desde marzo por el caso denominado \u201cgolpe de Estado\u201d, inform\u00f3 ayer el abogado Luis Guill\u00e9n que patrocina a la exautoridad. El jurista precis\u00f3 que la audiencia [&hellip;]","og_url":"https:\/\/www.eldiario.net\/portal\/2021\/10\/08\/mantienen-congelamiento-de-cuentas-de-expresidenta\/","og_site_name":"El Diario - Bolivia","article_publisher":"https:\/\/www.facebook.com\/eldiario.bolivia\/","article_published_time":"2021-10-08T09:34:58+00:00","author":"Jeanette","twitter_card":"summary_large_image","twitter_creator":"@eldiario_net","twitter_site":"@eldiario_net","twitter_misc":{"Escrito por":"Jeanette","Tiempo de lectura":"2 minutos"},"schema":{"@context":"https:\/\/schema.org","@graph":[{"@type":"Article","@id":"https:\/\/www.eldiario.net\/portal\/2021\/10\/08\/mantienen-congelamiento-de-cuentas-de-expresidenta\/#article","isPartOf":{"@id":"https:\/\/www.eldiario.net\/portal\/2021\/10\/08\/mantienen-congelamiento-de-cuentas-de-expresidenta\/"},"author":{"name":"Jeanette","@id":"https:\/\/www.eldiario.net\/portal\/#\/schema\/person\/f46445640444750d7d753ccd04ae01b7"},"headline":"Mantienen congelamiento de cuentas de expresidenta","datePublished":"2021-10-08T09:34:58+00:00","mainEntityOfPage":{"@id":"https:\/\/www.eldiario.net\/portal\/2021\/10\/08\/mantienen-congelamiento-de-cuentas-de-expresidenta\/"},"wordCount":312,"publisher":{"@id":"https:\/\/www.eldiario.net\/portal\/#organization"},"image":{"@id":"https:\/\/www.eldiario.net\/portal\/2021\/10\/08\/mantienen-congelamiento-de-cuentas-de-expresidenta\/#primaryimage"},"thumbnailUrl":"","articleSection":["Sociedad - Seguridad"],"inLanguage":"es"},{"@type":"WebPage","@id":"https:\/\/www.eldiario.net\/portal\/2021\/10\/08\/mantienen-congelamiento-de-cuentas-de-expresidenta\/","url":"https:\/\/www.eldiario.net\/portal\/2021\/10\/08\/mantienen-congelamiento-de-cuentas-de-expresidenta\/","name":"Mantienen congelamiento de cuentas de expresidenta - El Diario - Bolivia","isPartOf":{"@id":"https:\/\/www.eldiario.net\/portal\/#website"},"primaryImageOfPage":{"@id":"https:\/\/www.eldiario.net\/portal\/2021\/10\/08\/mantienen-congelamiento-de-cuentas-de-expresidenta\/#primaryimage"},"image":{"@id":"https:\/\/www.eldiario.net\/portal\/2021\/10\/08\/mantienen-congelamiento-de-cuentas-de-expresidenta\/#primaryimage"},"thumbnailUrl":"","datePublished":"2021-10-08T09:34:58+00:00","breadcrumb":{"@id":"https:\/\/www.eldiario.net\/portal\/2021\/10\/08\/mantienen-congelamiento-de-cuentas-de-expresidenta\/#breadcrumb"},"inLanguage":"es","potentialAction":[{"@type":"ReadAction","target":["https:\/\/www.eldiario.net\/portal\/2021\/10\/08\/mantienen-congelamiento-de-cuentas-de-expresidenta\/"]}]},{"@type":"ImageObject","inLanguage":"es","@id":"https:\/\/www.eldiario.net\/portal\/2021\/10\/08\/mantienen-congelamiento-de-cuentas-de-expresidenta\/#primaryimage","url":"","contentUrl":""},{"@type":"BreadcrumbList","@id":"https:\/\/www.eldiario.net\/portal\/2021\/10\/08\/mantienen-congelamiento-de-cuentas-de-expresidenta\/#breadcrumb","itemListElement":[{"@type":"ListItem","position":1,"name":"Portada","item":"https:\/\/www.eldiario.net\/portal\/"},{"@type":"ListItem","position":2,"name":"Mantienen congelamiento de cuentas de expresidenta"}]},{"@type":"WebSite","@id":"https:\/\/www.eldiario.net\/portal\/#website","url":"https:\/\/www.eldiario.net\/portal\/","name":"El Diario - Decano de la prensa nacional","description":"El Diario - Decano de la prensa nacional","publisher":{"@id":"https:\/\/www.eldiario.net\/portal\/#organization"},"potentialAction":[{"@type":"SearchAction","target":{"@type":"EntryPoint","urlTemplate":"https:\/\/www.eldiario.net\/portal\/?s={search_term_string}"},"query-input":{"@type":"PropertyValueSpecification","valueRequired":true,"valueName":"search_term_string"}}],"inLanguage":"es"},{"@type":"Organization","@id":"https:\/\/www.eldiario.net\/portal\/#organization","name":"El Diario - Decano de la prensa nacional","url":"https:\/\/www.eldiario.net\/portal\/","logo":{"@type":"ImageObject","inLanguage":"es","@id":"https:\/\/www.eldiario.net\/portal\/#\/schema\/logo\/image\/","url":"https:\/\/www.eldiario.net\/portal\/wp-content\/uploads\/2023\/07\/logo_ED.jpg","contentUrl":"https:\/\/www.eldiario.net\/portal\/wp-content\/uploads\/2023\/07\/logo_ED.jpg","width":272,"height":52,"caption":"El Diario - Decano de la prensa nacional"},"image":{"@id":"https:\/\/www.eldiario.net\/portal\/#\/schema\/logo\/image\/"},"sameAs":["https:\/\/www.facebook.com\/eldiario.bolivia\/","https:\/\/x.com\/eldiario_net"]},{"@type":"Person","@id":"https:\/\/www.eldiario.net\/portal\/#\/schema\/person\/f46445640444750d7d753ccd04ae01b7","name":"Jeanette","image":{"@type":"ImageObject","inLanguage":"es","@id":"https:\/\/secure.gravatar.com\/avatar\/3ea2118a5f7dad2b7138b1187a6b7ee55f160b9968b66013c3a3ef39dd7e5798?s=96&d=mm&r=g","url":"https:\/\/secure.gravatar.com\/avatar\/3ea2118a5f7dad2b7138b1187a6b7ee55f160b9968b66013c3a3ef39dd7e5798?s=96&d=mm&r=g","contentUrl":"https:\/\/secure.gravatar.com\/avatar\/3ea2118a5f7dad2b7138b1187a6b7ee55f160b9968b66013c3a3ef39dd7e5798?s=96&d=mm&r=g","caption":"Jeanette"},"sameAs":["https:\/\/www.eldiario.net\/portal"],"url":"https:\/\/www.eldiario.net\/portal\/author\/jeanette\/"}]}},"_links":{"self":[{"href":"https:\/\/www.eldiario.net\/portal\/wp-json\/wp\/v2\/posts\/35109","targetHints":{"allow":["GET"]}}],"collection":[{"href":"https:\/\/www.eldiario.net\/portal\/wp-json\/wp\/v2\/posts"}],"about":[{"href":"https:\/\/www.eldiario.net\/portal\/wp-json\/wp\/v2\/types\/post"}],"author":[{"embeddable":true,"href":"https:\/\/www.eldiario.net\/portal\/wp-json\/wp\/v2\/users\/1"}],"replies":[{"embeddable":true,"href":"https:\/\/www.eldiario.net\/portal\/wp-json\/wp\/v2\/comments?post=35109"}],"version-history":[{"count":0,"href":"https:\/\/www.eldiario.net\/portal\/wp-json\/wp\/v2\/posts\/35109\/revisions"}],"wp:attachment":[{"href":"https:\/\/www.eldiario.net\/portal\/wp-json\/wp\/v2\/media?parent=35109"}],"wp:term":[{"taxonomy":"category","embeddable":true,"href":"https:\/\/www.eldiario.net\/portal\/wp-json\/wp\/v2\/categories?post=35109"},{"taxonomy":"post_tag","embeddable":true,"href":"https:\/\/www.eldiario.net\/portal\/wp-json\/wp\/v2\/tags?post=35109"}],"curies":[{"name":"wp","href":"https:\/\/api.w.org\/{rel}","templated":true}]}}