{"id":350376,"date":"2025-12-06T07:29:58","date_gmt":"2025-12-06T11:29:58","guid":{"rendered":"https:\/\/www.eldiario.net\/portal\/?p=350376"},"modified":"2025-12-06T07:29:58","modified_gmt":"2025-12-06T11:29:58","slug":"aprueban-pge-2026-y-gobierno-tiene-hasta-febrero-para-cambiarlo","status":"publish","type":"post","link":"https:\/\/www.eldiario.net\/portal\/2025\/12\/06\/aprueban-pge-2026-y-gobierno-tiene-hasta-febrero-para-cambiarlo\/","title":{"rendered":"Aprueban PGE 2026 y Gobierno tiene hasta febrero para cambiarlo"},"content":{"rendered":"<p>Ante el corto tiempo de modificar el Presupuesto General del Estado (PGE) 2026, el ministro de Econom\u00eda y Finanzas P\u00fablicas, Gabriel Espinoza, anunci\u00f3 que la misma se aprobar\u00eda tal cual, pero incluir\u00edan un art\u00edculo para que puedan realizar las modificaciones hasta febrero. La Comisi\u00f3n de Planificaci\u00f3n de la C\u00e1mara de Diputados aprob\u00f3 el proyecto de ley del presupuesto elaborado por la anterior administraci\u00f3n de Estado, el Movimiento al Socialismo (MAS).<br \/>\nComo se recordar\u00e1, el PGE 2026 proyecta un crecimiento de 0,9% y una inflaci\u00f3n de 10,3%. El ministro Gabriel Espinoza, en conferencia de prensa, indic\u00f3 que los n\u00fameros se modificar\u00e1n, aunque no sostuvo si para arriba o abajo, y que se incluir\u00e1 una reducci\u00f3n de recursos destinado a las empresas p\u00fablicas.<br \/>\nEn su \u00faltima conferencia de prensa en el Ministerio de Econom\u00eda, la autoridad adelant\u00f3 que el Presupuesto General del Estado 2026 se aprobar\u00eda tal cual y fue enviado a la Asamblea Legislativa Plurinacional (ALP), pero con un a\u00f1adido de abrir su modificaci\u00f3n y ajustar el presupuesto a la reducci\u00f3n del d\u00e9ficit fiscal.<br \/>\nEn campa\u00f1a pol\u00edtica los partidos anunciaban una reducci\u00f3n del Estado y cortar todos los gastos superfluos, a trav\u00e9s de la eliminaci\u00f3n de ministerios; sin embargo, el recorte qued\u00f3 todav\u00eda corto.<br \/>\nEn entrevista con el medio televisivo F10, el analista econ\u00f3mico Alberto Bonadona calific\u00f3 las declaraciones de las autoridades del sector econ\u00f3mico como \u201cpuro anuncios\u201d, ya que no da detalles de los cortes que va a realizar el Gobierno.<br \/>\nEl asunto es mostrar en d\u00f3nde va a cortar para llegar a una reducci\u00f3n del d\u00e9ficit de 12% a 7%, cuestion\u00f3 a tiempo de indicar que podr\u00eda ser gasto o tal vez un aumento de recursos. \u201cTodav\u00eda no se ha mostrado\u201d, dijo.<br \/>\nLuego de la sesi\u00f3n de la Comisi\u00f3n de Planificaci\u00f3n de la C\u00e1mara de Diputados, Espinoza declar\u00f3 ante los medios que se aprob\u00f3 tal cual para que siga funcionando el aparato estatal.<br \/>\nExplic\u00f3 que se plante\u00f3 una regla clara para reformular el presupuesto para que sea m\u00e1s eficiente, adem\u00e1s adelant\u00f3 que ya no habr\u00e1 sobreestimaci\u00f3n del crecimiento e inflaci\u00f3n, y no se va distorsionar las variables macroecon\u00f3micas, ya que el PGE es una herramienta de pol\u00edtica fiscal.<\/p>\n<p>Presupuesto<br \/>\nEl art\u00edculo 2 del PGE se\u00f1ala: \u201cSe aprueba el Presupuesto General del Estado, para su vigencia durante la Gesti\u00f3n Fiscal del 1 de enero al 31 de diciembre de 2026, por un importe total agregado de Bs 377.836.882.810.- (Trescientos Setenta y Siete Mil Ochocientos Treinta y Seis Millones Ochocientos Ochenta y Dos Mil Ochocientos Diez 00\/100 Bolivianos), y un consolidado de Bs 298.331.567.707.- (Doscientos Noventa y Ocho Mil Trescientos Treinta y Uno Millones Quinientos Sesenta y Siete Mil Setecientos Siete 00\/100 Bolivianos), seg\u00fan detalle de recursos y gastos consignados en los Tomos I y II adjuntos\u201d.<br \/>\nEn las disposiciones, en la segunda el documento sostiene que \u201cse autoriza al Ministerio de Econom\u00eda y Finanzas P\u00fablicas, realizar todos los ajustes en los recursos y gastos, para adecuar el Presupuesto General del Estado Gesti\u00f3n 2026 en el marco de las nuevas variables macroecon\u00f3micas, las pol\u00edticas de austeridad nacionales y la reducci\u00f3n del d\u00e9ficit fiscal del treinta por ciento (30%) respecto al Presupuesto General del Estado Gesti\u00f3n 2025 ejecutado, debiendo presentar los mismos a la Asamblea Legislativa Plurinacional en un plazo de hasta 90 d\u00edas calendario a partir de la vigencia de la presente ley\u201d.<br \/>\nAsimismo, el presupuesto autoriza al Ministerio de Econom\u00eda y Finanzas P\u00fablicas, en el marco de lo establecido en los numerales 8 y 10 del Par\u00e1grafo I del Art\u00edculo 158, y el Art\u00edculo 322 de la Constituci\u00f3n Pol\u00edtica del Estado, en representaci\u00f3n del Estado Plurinacional de Bolivia, celebrar operaciones de deuda p\u00fablica en los mercados de capital externos por un monto de hasta $us 3.500.000.000.- (Tres mil quinientos millones 00\/100 d\u00f3lares estadounidenses) o su equivalente en otras monedas, para apoyo presupuestario y\/o manejo de pasivos.<br \/>\nNo obstante, en la gesti\u00f3n de Evo Morales se pusieron en el mercado privado Bonos Soberanos que el Ejecutivo paga cada a\u00f1o y los mismos est\u00e1n cerca de su vencimiento. Pero el expresidente Luis Arce no se qued\u00f3 atr\u00e1s, ya que en su gesti\u00f3n tambi\u00e9n se puso a la venta el mismo mecanismo y logr\u00f3 apenas 850 millones.<\/p>\n","protected":false},"excerpt":{"rendered":"<p>Ante el corto tiempo de modificar el Presupuesto General del Estado (PGE) 2026, el ministro de Econom\u00eda y Finanzas P\u00fablicas, Gabriel Espinoza, anunci\u00f3 que la misma se aprobar\u00eda tal cual, pero incluir\u00edan un art\u00edculo para que puedan realizar las modificaciones hasta febrero. La Comisi\u00f3n de Planificaci\u00f3n de la C\u00e1mara de Diputados aprob\u00f3 el proyecto de [&hellip;]<\/p>\n","protected":false},"author":1,"featured_media":350377,"comment_status":"closed","ping_status":"open","sticky":false,"template":"","format":"standard","meta":{"_acf_changed":false,"footnotes":""},"categories":[7],"tags":[],"class_list":["post-350376","post","type-post","status-publish","format-standard","has-post-thumbnail","category-economia"],"acf":{"antetitulo":""},"yoast_head":"<!-- This site is optimized with the Yoast SEO plugin v28.3 - https:\/\/yoast.com\/product\/yoast-seo-wordpress\/ -->\n<title>Aprueban PGE 2026 y Gobierno tiene hasta febrero para cambiarlo - El Diario - Bolivia<\/title>\n<meta name=\"robots\" content=\"index, follow, max-snippet:-1, max-image-preview:large, max-video-preview:-1\" \/>\n<link rel=\"canonical\" href=\"https:\/\/www.eldiario.net\/portal\/2025\/12\/06\/aprueban-pge-2026-y-gobierno-tiene-hasta-febrero-para-cambiarlo\/\" \/>\n<meta property=\"og:locale\" content=\"es_ES\" \/>\n<meta property=\"og:type\" content=\"article\" \/>\n<meta property=\"og:title\" content=\"Aprueban PGE 2026 y Gobierno tiene hasta febrero para cambiarlo - El Diario - Bolivia\" \/>\n<meta property=\"og:description\" content=\"Ante el corto tiempo de modificar el Presupuesto General del Estado (PGE) 2026, el ministro de Econom\u00eda y Finanzas P\u00fablicas, Gabriel Espinoza, anunci\u00f3 que la misma se aprobar\u00eda tal cual, pero incluir\u00edan un art\u00edculo para que puedan realizar las modificaciones hasta febrero. La Comisi\u00f3n de Planificaci\u00f3n de la C\u00e1mara de Diputados aprob\u00f3 el proyecto de [&hellip;]\" \/>\n<meta property=\"og:url\" content=\"https:\/\/www.eldiario.net\/portal\/2025\/12\/06\/aprueban-pge-2026-y-gobierno-tiene-hasta-febrero-para-cambiarlo\/\" \/>\n<meta property=\"og:site_name\" content=\"El Diario - Bolivia\" \/>\n<meta property=\"article:publisher\" content=\"https:\/\/www.facebook.com\/eldiario.bolivia\/\" \/>\n<meta property=\"article:published_time\" content=\"2025-12-06T11:29:58+00:00\" \/>\n<meta property=\"og:image\" content=\"https:\/\/www.eldiario.net\/portal\/wp-content\/uploads\/2025\/12\/pge.webp\" \/>\n\t<meta property=\"og:image:width\" content=\"1024\" \/>\n\t<meta property=\"og:image:height\" content=\"682\" \/>\n\t<meta property=\"og:image:type\" content=\"image\/webp\" \/>\n<meta name=\"author\" content=\"Jeanette\" \/>\n<meta name=\"twitter:card\" content=\"summary_large_image\" \/>\n<meta name=\"twitter:creator\" content=\"@eldiario_net\" \/>\n<meta name=\"twitter:site\" content=\"@eldiario_net\" \/>\n<meta name=\"twitter:label1\" content=\"Escrito por\" \/>\n\t<meta name=\"twitter:data1\" content=\"Jeanette\" \/>\n\t<meta name=\"twitter:label2\" content=\"Tiempo de lectura\" \/>\n\t<meta name=\"twitter:data2\" content=\"4 minutos\" \/>\n<script type=\"application\/ld+json\" class=\"yoast-schema-graph\">{\"@context\":\"https:\\\/\\\/schema.org\",\"@graph\":[{\"@type\":\"Article\",\"@id\":\"https:\\\/\\\/www.eldiario.net\\\/portal\\\/2025\\\/12\\\/06\\\/aprueban-pge-2026-y-gobierno-tiene-hasta-febrero-para-cambiarlo\\\/#article\",\"isPartOf\":{\"@id\":\"https:\\\/\\\/www.eldiario.net\\\/portal\\\/2025\\\/12\\\/06\\\/aprueban-pge-2026-y-gobierno-tiene-hasta-febrero-para-cambiarlo\\\/\"},\"author\":{\"name\":\"Jeanette\",\"@id\":\"https:\\\/\\\/www.eldiario.net\\\/portal\\\/#\\\/schema\\\/person\\\/f46445640444750d7d753ccd04ae01b7\"},\"headline\":\"Aprueban PGE 2026 y Gobierno tiene hasta febrero para cambiarlo\",\"datePublished\":\"2025-12-06T11:29:58+00:00\",\"mainEntityOfPage\":{\"@id\":\"https:\\\/\\\/www.eldiario.net\\\/portal\\\/2025\\\/12\\\/06\\\/aprueban-pge-2026-y-gobierno-tiene-hasta-febrero-para-cambiarlo\\\/\"},\"wordCount\":753,\"publisher\":{\"@id\":\"https:\\\/\\\/www.eldiario.net\\\/portal\\\/#organization\"},\"image\":{\"@id\":\"https:\\\/\\\/www.eldiario.net\\\/portal\\\/2025\\\/12\\\/06\\\/aprueban-pge-2026-y-gobierno-tiene-hasta-febrero-para-cambiarlo\\\/#primaryimage\"},\"thumbnailUrl\":\"https:\\\/\\\/www.eldiario.net\\\/portal\\\/wp-content\\\/uploads\\\/2025\\\/12\\\/pge.webp\",\"articleSection\":[\"Econom\u00eda\"],\"inLanguage\":\"es\"},{\"@type\":\"WebPage\",\"@id\":\"https:\\\/\\\/www.eldiario.net\\\/portal\\\/2025\\\/12\\\/06\\\/aprueban-pge-2026-y-gobierno-tiene-hasta-febrero-para-cambiarlo\\\/\",\"url\":\"https:\\\/\\\/www.eldiario.net\\\/portal\\\/2025\\\/12\\\/06\\\/aprueban-pge-2026-y-gobierno-tiene-hasta-febrero-para-cambiarlo\\\/\",\"name\":\"Aprueban PGE 2026 y Gobierno tiene hasta febrero para cambiarlo - El Diario - Bolivia\",\"isPartOf\":{\"@id\":\"https:\\\/\\\/www.eldiario.net\\\/portal\\\/#website\"},\"primaryImageOfPage\":{\"@id\":\"https:\\\/\\\/www.eldiario.net\\\/portal\\\/2025\\\/12\\\/06\\\/aprueban-pge-2026-y-gobierno-tiene-hasta-febrero-para-cambiarlo\\\/#primaryimage\"},\"image\":{\"@id\":\"https:\\\/\\\/www.eldiario.net\\\/portal\\\/2025\\\/12\\\/06\\\/aprueban-pge-2026-y-gobierno-tiene-hasta-febrero-para-cambiarlo\\\/#primaryimage\"},\"thumbnailUrl\":\"https:\\\/\\\/www.eldiario.net\\\/portal\\\/wp-content\\\/uploads\\\/2025\\\/12\\\/pge.webp\",\"datePublished\":\"2025-12-06T11:29:58+00:00\",\"breadcrumb\":{\"@id\":\"https:\\\/\\\/www.eldiario.net\\\/portal\\\/2025\\\/12\\\/06\\\/aprueban-pge-2026-y-gobierno-tiene-hasta-febrero-para-cambiarlo\\\/#breadcrumb\"},\"inLanguage\":\"es\",\"potentialAction\":[{\"@type\":\"ReadAction\",\"target\":[\"https:\\\/\\\/www.eldiario.net\\\/portal\\\/2025\\\/12\\\/06\\\/aprueban-pge-2026-y-gobierno-tiene-hasta-febrero-para-cambiarlo\\\/\"]}]},{\"@type\":\"ImageObject\",\"inLanguage\":\"es\",\"@id\":\"https:\\\/\\\/www.eldiario.net\\\/portal\\\/2025\\\/12\\\/06\\\/aprueban-pge-2026-y-gobierno-tiene-hasta-febrero-para-cambiarlo\\\/#primaryimage\",\"url\":\"https:\\\/\\\/www.eldiario.net\\\/portal\\\/wp-content\\\/uploads\\\/2025\\\/12\\\/pge.webp\",\"contentUrl\":\"https:\\\/\\\/www.eldiario.net\\\/portal\\\/wp-content\\\/uploads\\\/2025\\\/12\\\/pge.webp\",\"width\":1024,\"height\":682,\"caption\":\"Comisi\u00f3n de Planificaci\u00f3n de la C\u00e1mara de Diputados.\"},{\"@type\":\"BreadcrumbList\",\"@id\":\"https:\\\/\\\/www.eldiario.net\\\/portal\\\/2025\\\/12\\\/06\\\/aprueban-pge-2026-y-gobierno-tiene-hasta-febrero-para-cambiarlo\\\/#breadcrumb\",\"itemListElement\":[{\"@type\":\"ListItem\",\"position\":1,\"name\":\"Portada\",\"item\":\"https:\\\/\\\/www.eldiario.net\\\/portal\\\/\"},{\"@type\":\"ListItem\",\"position\":2,\"name\":\"Aprueban PGE 2026 y Gobierno tiene hasta febrero para cambiarlo\"}]},{\"@type\":\"WebSite\",\"@id\":\"https:\\\/\\\/www.eldiario.net\\\/portal\\\/#website\",\"url\":\"https:\\\/\\\/www.eldiario.net\\\/portal\\\/\",\"name\":\"El Diario - Decano de la prensa nacional\",\"description\":\"El Diario - Decano de la prensa nacional\",\"publisher\":{\"@id\":\"https:\\\/\\\/www.eldiario.net\\\/portal\\\/#organization\"},\"potentialAction\":[{\"@type\":\"SearchAction\",\"target\":{\"@type\":\"EntryPoint\",\"urlTemplate\":\"https:\\\/\\\/www.eldiario.net\\\/portal\\\/?s={search_term_string}\"},\"query-input\":{\"@type\":\"PropertyValueSpecification\",\"valueRequired\":true,\"valueName\":\"search_term_string\"}}],\"inLanguage\":\"es\"},{\"@type\":\"Organization\",\"@id\":\"https:\\\/\\\/www.eldiario.net\\\/portal\\\/#organization\",\"name\":\"El Diario - Decano de la prensa nacional\",\"url\":\"https:\\\/\\\/www.eldiario.net\\\/portal\\\/\",\"logo\":{\"@type\":\"ImageObject\",\"inLanguage\":\"es\",\"@id\":\"https:\\\/\\\/www.eldiario.net\\\/portal\\\/#\\\/schema\\\/logo\\\/image\\\/\",\"url\":\"https:\\\/\\\/www.eldiario.net\\\/portal\\\/wp-content\\\/uploads\\\/2023\\\/07\\\/logo_ED.jpg\",\"contentUrl\":\"https:\\\/\\\/www.eldiario.net\\\/portal\\\/wp-content\\\/uploads\\\/2023\\\/07\\\/logo_ED.jpg\",\"width\":272,\"height\":52,\"caption\":\"El Diario - Decano de la prensa nacional\"},\"image\":{\"@id\":\"https:\\\/\\\/www.eldiario.net\\\/portal\\\/#\\\/schema\\\/logo\\\/image\\\/\"},\"sameAs\":[\"https:\\\/\\\/www.facebook.com\\\/eldiario.bolivia\\\/\",\"https:\\\/\\\/x.com\\\/eldiario_net\"]},{\"@type\":\"Person\",\"@id\":\"https:\\\/\\\/www.eldiario.net\\\/portal\\\/#\\\/schema\\\/person\\\/f46445640444750d7d753ccd04ae01b7\",\"name\":\"Jeanette\",\"image\":{\"@type\":\"ImageObject\",\"inLanguage\":\"es\",\"@id\":\"https:\\\/\\\/secure.gravatar.com\\\/avatar\\\/3ea2118a5f7dad2b7138b1187a6b7ee55f160b9968b66013c3a3ef39dd7e5798?s=96&d=mm&r=g\",\"url\":\"https:\\\/\\\/secure.gravatar.com\\\/avatar\\\/3ea2118a5f7dad2b7138b1187a6b7ee55f160b9968b66013c3a3ef39dd7e5798?s=96&d=mm&r=g\",\"contentUrl\":\"https:\\\/\\\/secure.gravatar.com\\\/avatar\\\/3ea2118a5f7dad2b7138b1187a6b7ee55f160b9968b66013c3a3ef39dd7e5798?s=96&d=mm&r=g\",\"caption\":\"Jeanette\"},\"sameAs\":[\"https:\\\/\\\/www.eldiario.net\\\/portal\"],\"url\":\"https:\\\/\\\/www.eldiario.net\\\/portal\\\/author\\\/jeanette\\\/\"}]}<\/script>\n<!-- \/ Yoast SEO plugin. -->","yoast_head_json":{"title":"Aprueban PGE 2026 y Gobierno tiene hasta febrero para cambiarlo - El Diario - Bolivia","robots":{"index":"index","follow":"follow","max-snippet":"max-snippet:-1","max-image-preview":"max-image-preview:large","max-video-preview":"max-video-preview:-1"},"canonical":"https:\/\/www.eldiario.net\/portal\/2025\/12\/06\/aprueban-pge-2026-y-gobierno-tiene-hasta-febrero-para-cambiarlo\/","og_locale":"es_ES","og_type":"article","og_title":"Aprueban PGE 2026 y Gobierno tiene hasta febrero para cambiarlo - El Diario - Bolivia","og_description":"Ante el corto tiempo de modificar el Presupuesto General del Estado (PGE) 2026, el ministro de Econom\u00eda y Finanzas P\u00fablicas, Gabriel Espinoza, anunci\u00f3 que la misma se aprobar\u00eda tal cual, pero incluir\u00edan un art\u00edculo para que puedan realizar las modificaciones hasta febrero. La Comisi\u00f3n de Planificaci\u00f3n de la C\u00e1mara de Diputados aprob\u00f3 el proyecto de [&hellip;]","og_url":"https:\/\/www.eldiario.net\/portal\/2025\/12\/06\/aprueban-pge-2026-y-gobierno-tiene-hasta-febrero-para-cambiarlo\/","og_site_name":"El Diario - Bolivia","article_publisher":"https:\/\/www.facebook.com\/eldiario.bolivia\/","article_published_time":"2025-12-06T11:29:58+00:00","og_image":[{"width":1024,"height":682,"url":"https:\/\/www.eldiario.net\/portal\/wp-content\/uploads\/2025\/12\/pge.webp","type":"image\/webp"}],"author":"Jeanette","twitter_card":"summary_large_image","twitter_creator":"@eldiario_net","twitter_site":"@eldiario_net","twitter_misc":{"Escrito por":"Jeanette","Tiempo de lectura":"4 minutos"},"schema":{"@context":"https:\/\/schema.org","@graph":[{"@type":"Article","@id":"https:\/\/www.eldiario.net\/portal\/2025\/12\/06\/aprueban-pge-2026-y-gobierno-tiene-hasta-febrero-para-cambiarlo\/#article","isPartOf":{"@id":"https:\/\/www.eldiario.net\/portal\/2025\/12\/06\/aprueban-pge-2026-y-gobierno-tiene-hasta-febrero-para-cambiarlo\/"},"author":{"name":"Jeanette","@id":"https:\/\/www.eldiario.net\/portal\/#\/schema\/person\/f46445640444750d7d753ccd04ae01b7"},"headline":"Aprueban PGE 2026 y Gobierno tiene hasta febrero para cambiarlo","datePublished":"2025-12-06T11:29:58+00:00","mainEntityOfPage":{"@id":"https:\/\/www.eldiario.net\/portal\/2025\/12\/06\/aprueban-pge-2026-y-gobierno-tiene-hasta-febrero-para-cambiarlo\/"},"wordCount":753,"publisher":{"@id":"https:\/\/www.eldiario.net\/portal\/#organization"},"image":{"@id":"https:\/\/www.eldiario.net\/portal\/2025\/12\/06\/aprueban-pge-2026-y-gobierno-tiene-hasta-febrero-para-cambiarlo\/#primaryimage"},"thumbnailUrl":"https:\/\/www.eldiario.net\/portal\/wp-content\/uploads\/2025\/12\/pge.webp","articleSection":["Econom\u00eda"],"inLanguage":"es"},{"@type":"WebPage","@id":"https:\/\/www.eldiario.net\/portal\/2025\/12\/06\/aprueban-pge-2026-y-gobierno-tiene-hasta-febrero-para-cambiarlo\/","url":"https:\/\/www.eldiario.net\/portal\/2025\/12\/06\/aprueban-pge-2026-y-gobierno-tiene-hasta-febrero-para-cambiarlo\/","name":"Aprueban PGE 2026 y Gobierno tiene hasta febrero para cambiarlo - El Diario - Bolivia","isPartOf":{"@id":"https:\/\/www.eldiario.net\/portal\/#website"},"primaryImageOfPage":{"@id":"https:\/\/www.eldiario.net\/portal\/2025\/12\/06\/aprueban-pge-2026-y-gobierno-tiene-hasta-febrero-para-cambiarlo\/#primaryimage"},"image":{"@id":"https:\/\/www.eldiario.net\/portal\/2025\/12\/06\/aprueban-pge-2026-y-gobierno-tiene-hasta-febrero-para-cambiarlo\/#primaryimage"},"thumbnailUrl":"https:\/\/www.eldiario.net\/portal\/wp-content\/uploads\/2025\/12\/pge.webp","datePublished":"2025-12-06T11:29:58+00:00","breadcrumb":{"@id":"https:\/\/www.eldiario.net\/portal\/2025\/12\/06\/aprueban-pge-2026-y-gobierno-tiene-hasta-febrero-para-cambiarlo\/#breadcrumb"},"inLanguage":"es","potentialAction":[{"@type":"ReadAction","target":["https:\/\/www.eldiario.net\/portal\/2025\/12\/06\/aprueban-pge-2026-y-gobierno-tiene-hasta-febrero-para-cambiarlo\/"]}]},{"@type":"ImageObject","inLanguage":"es","@id":"https:\/\/www.eldiario.net\/portal\/2025\/12\/06\/aprueban-pge-2026-y-gobierno-tiene-hasta-febrero-para-cambiarlo\/#primaryimage","url":"https:\/\/www.eldiario.net\/portal\/wp-content\/uploads\/2025\/12\/pge.webp","contentUrl":"https:\/\/www.eldiario.net\/portal\/wp-content\/uploads\/2025\/12\/pge.webp","width":1024,"height":682,"caption":"Comisi\u00f3n de Planificaci\u00f3n de la C\u00e1mara de Diputados."},{"@type":"BreadcrumbList","@id":"https:\/\/www.eldiario.net\/portal\/2025\/12\/06\/aprueban-pge-2026-y-gobierno-tiene-hasta-febrero-para-cambiarlo\/#breadcrumb","itemListElement":[{"@type":"ListItem","position":1,"name":"Portada","item":"https:\/\/www.eldiario.net\/portal\/"},{"@type":"ListItem","position":2,"name":"Aprueban PGE 2026 y Gobierno tiene hasta febrero para cambiarlo"}]},{"@type":"WebSite","@id":"https:\/\/www.eldiario.net\/portal\/#website","url":"https:\/\/www.eldiario.net\/portal\/","name":"El Diario - Decano de la prensa nacional","description":"El Diario - Decano de la prensa nacional","publisher":{"@id":"https:\/\/www.eldiario.net\/portal\/#organization"},"potentialAction":[{"@type":"SearchAction","target":{"@type":"EntryPoint","urlTemplate":"https:\/\/www.eldiario.net\/portal\/?s={search_term_string}"},"query-input":{"@type":"PropertyValueSpecification","valueRequired":true,"valueName":"search_term_string"}}],"inLanguage":"es"},{"@type":"Organization","@id":"https:\/\/www.eldiario.net\/portal\/#organization","name":"El Diario - Decano de la prensa nacional","url":"https:\/\/www.eldiario.net\/portal\/","logo":{"@type":"ImageObject","inLanguage":"es","@id":"https:\/\/www.eldiario.net\/portal\/#\/schema\/logo\/image\/","url":"https:\/\/www.eldiario.net\/portal\/wp-content\/uploads\/2023\/07\/logo_ED.jpg","contentUrl":"https:\/\/www.eldiario.net\/portal\/wp-content\/uploads\/2023\/07\/logo_ED.jpg","width":272,"height":52,"caption":"El Diario - Decano de la prensa nacional"},"image":{"@id":"https:\/\/www.eldiario.net\/portal\/#\/schema\/logo\/image\/"},"sameAs":["https:\/\/www.facebook.com\/eldiario.bolivia\/","https:\/\/x.com\/eldiario_net"]},{"@type":"Person","@id":"https:\/\/www.eldiario.net\/portal\/#\/schema\/person\/f46445640444750d7d753ccd04ae01b7","name":"Jeanette","image":{"@type":"ImageObject","inLanguage":"es","@id":"https:\/\/secure.gravatar.com\/avatar\/3ea2118a5f7dad2b7138b1187a6b7ee55f160b9968b66013c3a3ef39dd7e5798?s=96&d=mm&r=g","url":"https:\/\/secure.gravatar.com\/avatar\/3ea2118a5f7dad2b7138b1187a6b7ee55f160b9968b66013c3a3ef39dd7e5798?s=96&d=mm&r=g","contentUrl":"https:\/\/secure.gravatar.com\/avatar\/3ea2118a5f7dad2b7138b1187a6b7ee55f160b9968b66013c3a3ef39dd7e5798?s=96&d=mm&r=g","caption":"Jeanette"},"sameAs":["https:\/\/www.eldiario.net\/portal"],"url":"https:\/\/www.eldiario.net\/portal\/author\/jeanette\/"}]}},"_links":{"self":[{"href":"https:\/\/www.eldiario.net\/portal\/wp-json\/wp\/v2\/posts\/350376","targetHints":{"allow":["GET"]}}],"collection":[{"href":"https:\/\/www.eldiario.net\/portal\/wp-json\/wp\/v2\/posts"}],"about":[{"href":"https:\/\/www.eldiario.net\/portal\/wp-json\/wp\/v2\/types\/post"}],"author":[{"embeddable":true,"href":"https:\/\/www.eldiario.net\/portal\/wp-json\/wp\/v2\/users\/1"}],"replies":[{"embeddable":true,"href":"https:\/\/www.eldiario.net\/portal\/wp-json\/wp\/v2\/comments?post=350376"}],"version-history":[{"count":2,"href":"https:\/\/www.eldiario.net\/portal\/wp-json\/wp\/v2\/posts\/350376\/revisions"}],"predecessor-version":[{"id":350379,"href":"https:\/\/www.eldiario.net\/portal\/wp-json\/wp\/v2\/posts\/350376\/revisions\/350379"}],"wp:featuredmedia":[{"embeddable":true,"href":"https:\/\/www.eldiario.net\/portal\/wp-json\/wp\/v2\/media\/350377"}],"wp:attachment":[{"href":"https:\/\/www.eldiario.net\/portal\/wp-json\/wp\/v2\/media?parent=350376"}],"wp:term":[{"taxonomy":"category","embeddable":true,"href":"https:\/\/www.eldiario.net\/portal\/wp-json\/wp\/v2\/categories?post=350376"},{"taxonomy":"post_tag","embeddable":true,"href":"https:\/\/www.eldiario.net\/portal\/wp-json\/wp\/v2\/tags?post=350376"}],"curies":[{"name":"wp","href":"https:\/\/api.w.org\/{rel}","templated":true}]}}