{"id":350373,"date":"2025-12-06T07:28:57","date_gmt":"2025-12-06T11:28:57","guid":{"rendered":"https:\/\/www.eldiario.net\/portal\/?p=350373"},"modified":"2025-12-06T07:28:57","modified_gmt":"2025-12-06T11:28:57","slug":"inflacion-al-mes-de-noviembre-baja-a-040-y-el-acumulado-sube-a-1969","status":"publish","type":"post","link":"https:\/\/www.eldiario.net\/portal\/2025\/12\/06\/inflacion-al-mes-de-noviembre-baja-a-040-y-el-acumulado-sube-a-1969\/","title":{"rendered":"Inflaci\u00f3n al mes de noviembre baja a  0,40% y el acumulado sube a 19,69%"},"content":{"rendered":"<p>En noviembre 2025, el \u00cdndice de Precios al Consumidor (IPC) registr\u00f3 una variaci\u00f3n positiva de 0,40% respecto a octubre y la acumulada fue de 19,69%, de acuerdo con el reporte del Instituto Nacional de Estad\u00edstica (INE). Los productos con mayor incidencia fueron: carne de res sin hueso, tomate, carne de pollo, carne de res con hueso, almuerzo y plato extra\/especial.<br \/>\nSeg\u00fan el INE, el incremento de 0,40% del IPC registrado en noviembre de 2025, se explica, principalmente, por la variaci\u00f3n positiva de los precios en las divisiones de alimentos y bebidas no alcoh\u00f3licas; alimentos y bebidas consumidas fuera del hogar; bebidas alcoh\u00f3licas y tabaco; vivienda y servicios b\u00e1sicos; salud y educaci\u00f3n.<br \/>\nEl incremento de precios reportado se dio en las ciudades capitales y conurbaciones: Tarija 1,61%; Oruro 0,84%; Sucre 0,61%; Trinidad 0,37%; Conurbaci\u00f3n La Paz 0,36%; Conurbaci\u00f3n Santa Cruz 0,31%; Regi\u00f3n Metropolitana Kanata 0,30% y Potos\u00ed 0,29%.<br \/>\nSi bien los \u00faltimos meses se han registrado datos de 1% de incremento en el IPC o menos, la inflaci\u00f3n acumulada en el a\u00f1o bordea el 20% debido a los registros inflacionarios a mediados de 2025.<br \/>\nMediante comunicado, el Ministerio de Planificaci\u00f3n del Desarrollo y Medio Ambiente no s\u00f3lo destac\u00f3 la baja en la inflaci\u00f3n, sino tambi\u00e9n resalt\u00f3 que lo mismo ocurre con los precios de la mayor parte de los productos importados, debido a la disminuci\u00f3n del tipo de cambio del d\u00f3lar, report\u00f3 Erbol.<br \/>\n\u201cEstos factores hacen que, por primera vez en este a\u00f1o, la cantidad de productos cotizados en el \u00cdndice de Precios al Consumidor (IPC) que bajan, sea mayor que aquellos que suben\u201d, indic\u00f3 la entidad estatal.<br \/>\nCon este escenario, sostuvo que tambi\u00e9n se avizora una baja del IPC en los siguientes meses.<\/p>\n<p>Precios<br \/>\nSin embargo, las familias observan que los productos de la canasta familiar no bajan de valor, pese a la ca\u00edda del d\u00f3lar, y la p\u00e9rdida del poder adquisitivo se mantiene.<br \/>\nA pesar de haber bajado la cotizaci\u00f3n de la divisa estadounidense, la devaluaci\u00f3n defacto es un hecho y los economistas indicaron que el valor no vuelve al tipo de cambio oficial fijo.<\/p>\n","protected":false},"excerpt":{"rendered":"<p>En noviembre 2025, el \u00cdndice de Precios al Consumidor (IPC) registr\u00f3 una variaci\u00f3n positiva de 0,40% respecto a octubre y la acumulada fue de 19,69%, de acuerdo con el reporte del Instituto Nacional de Estad\u00edstica (INE). Los productos con mayor incidencia fueron: carne de res sin hueso, tomate, carne de pollo, carne de res con [&hellip;]<\/p>\n","protected":false},"author":1,"featured_media":350374,"comment_status":"closed","ping_status":"open","sticky":false,"template":"","format":"standard","meta":{"_acf_changed":false,"footnotes":""},"categories":[7],"tags":[],"class_list":["post-350373","post","type-post","status-publish","format-standard","has-post-thumbnail","category-economia"],"acf":{"antetitulo":""},"yoast_head":"<!-- This site is optimized with the Yoast SEO plugin v28.3 - https:\/\/yoast.com\/product\/yoast-seo-wordpress\/ -->\n<title>Inflaci\u00f3n al mes de noviembre baja a 0,40% y el acumulado sube a 19,69% - El Diario - Bolivia<\/title>\n<meta name=\"robots\" content=\"index, follow, max-snippet:-1, max-image-preview:large, max-video-preview:-1\" \/>\n<link rel=\"canonical\" href=\"https:\/\/www.eldiario.net\/portal\/2025\/12\/06\/inflacion-al-mes-de-noviembre-baja-a-040-y-el-acumulado-sube-a-1969\/\" \/>\n<meta property=\"og:locale\" content=\"es_ES\" \/>\n<meta property=\"og:type\" content=\"article\" \/>\n<meta property=\"og:title\" content=\"Inflaci\u00f3n al mes de noviembre baja a 0,40% y el acumulado sube a 19,69% - El Diario - Bolivia\" \/>\n<meta property=\"og:description\" content=\"En noviembre 2025, el \u00cdndice de Precios al Consumidor (IPC) registr\u00f3 una variaci\u00f3n positiva de 0,40% respecto a octubre y la acumulada fue de 19,69%, de acuerdo con el reporte del Instituto Nacional de Estad\u00edstica (INE). Los productos con mayor incidencia fueron: carne de res sin hueso, tomate, carne de pollo, carne de res con [&hellip;]\" \/>\n<meta property=\"og:url\" content=\"https:\/\/www.eldiario.net\/portal\/2025\/12\/06\/inflacion-al-mes-de-noviembre-baja-a-040-y-el-acumulado-sube-a-1969\/\" \/>\n<meta property=\"og:site_name\" content=\"El Diario - Bolivia\" \/>\n<meta property=\"article:publisher\" content=\"https:\/\/www.facebook.com\/eldiario.bolivia\/\" \/>\n<meta property=\"article:published_time\" content=\"2025-12-06T11:28:57+00:00\" \/>\n<meta property=\"og:image\" content=\"https:\/\/www.eldiario.net\/portal\/wp-content\/uploads\/2025\/12\/ipc.webp\" \/>\n\t<meta property=\"og:image:width\" content=\"568\" \/>\n\t<meta property=\"og:image:height\" content=\"354\" \/>\n\t<meta property=\"og:image:type\" content=\"image\/webp\" \/>\n<meta name=\"author\" content=\"Jeanette\" \/>\n<meta name=\"twitter:card\" content=\"summary_large_image\" \/>\n<meta name=\"twitter:creator\" content=\"@eldiario_net\" \/>\n<meta name=\"twitter:site\" content=\"@eldiario_net\" \/>\n<meta name=\"twitter:label1\" content=\"Escrito por\" \/>\n\t<meta name=\"twitter:data1\" content=\"Jeanette\" \/>\n\t<meta name=\"twitter:label2\" content=\"Tiempo de lectura\" \/>\n\t<meta name=\"twitter:data2\" content=\"2 minutos\" \/>\n<script type=\"application\/ld+json\" class=\"yoast-schema-graph\">{\"@context\":\"https:\\\/\\\/schema.org\",\"@graph\":[{\"@type\":\"Article\",\"@id\":\"https:\\\/\\\/www.eldiario.net\\\/portal\\\/2025\\\/12\\\/06\\\/inflacion-al-mes-de-noviembre-baja-a-040-y-el-acumulado-sube-a-1969\\\/#article\",\"isPartOf\":{\"@id\":\"https:\\\/\\\/www.eldiario.net\\\/portal\\\/2025\\\/12\\\/06\\\/inflacion-al-mes-de-noviembre-baja-a-040-y-el-acumulado-sube-a-1969\\\/\"},\"author\":{\"name\":\"Jeanette\",\"@id\":\"https:\\\/\\\/www.eldiario.net\\\/portal\\\/#\\\/schema\\\/person\\\/f46445640444750d7d753ccd04ae01b7\"},\"headline\":\"Inflaci\u00f3n al mes de noviembre baja a 0,40% y el acumulado sube a 19,69%\",\"datePublished\":\"2025-12-06T11:28:57+00:00\",\"mainEntityOfPage\":{\"@id\":\"https:\\\/\\\/www.eldiario.net\\\/portal\\\/2025\\\/12\\\/06\\\/inflacion-al-mes-de-noviembre-baja-a-040-y-el-acumulado-sube-a-1969\\\/\"},\"wordCount\":370,\"publisher\":{\"@id\":\"https:\\\/\\\/www.eldiario.net\\\/portal\\\/#organization\"},\"image\":{\"@id\":\"https:\\\/\\\/www.eldiario.net\\\/portal\\\/2025\\\/12\\\/06\\\/inflacion-al-mes-de-noviembre-baja-a-040-y-el-acumulado-sube-a-1969\\\/#primaryimage\"},\"thumbnailUrl\":\"https:\\\/\\\/www.eldiario.net\\\/portal\\\/wp-content\\\/uploads\\\/2025\\\/12\\\/ipc.webp\",\"articleSection\":[\"Econom\u00eda\"],\"inLanguage\":\"es\"},{\"@type\":\"WebPage\",\"@id\":\"https:\\\/\\\/www.eldiario.net\\\/portal\\\/2025\\\/12\\\/06\\\/inflacion-al-mes-de-noviembre-baja-a-040-y-el-acumulado-sube-a-1969\\\/\",\"url\":\"https:\\\/\\\/www.eldiario.net\\\/portal\\\/2025\\\/12\\\/06\\\/inflacion-al-mes-de-noviembre-baja-a-040-y-el-acumulado-sube-a-1969\\\/\",\"name\":\"Inflaci\u00f3n al mes de noviembre baja a 0,40% y el acumulado sube a 19,69% - El Diario - Bolivia\",\"isPartOf\":{\"@id\":\"https:\\\/\\\/www.eldiario.net\\\/portal\\\/#website\"},\"primaryImageOfPage\":{\"@id\":\"https:\\\/\\\/www.eldiario.net\\\/portal\\\/2025\\\/12\\\/06\\\/inflacion-al-mes-de-noviembre-baja-a-040-y-el-acumulado-sube-a-1969\\\/#primaryimage\"},\"image\":{\"@id\":\"https:\\\/\\\/www.eldiario.net\\\/portal\\\/2025\\\/12\\\/06\\\/inflacion-al-mes-de-noviembre-baja-a-040-y-el-acumulado-sube-a-1969\\\/#primaryimage\"},\"thumbnailUrl\":\"https:\\\/\\\/www.eldiario.net\\\/portal\\\/wp-content\\\/uploads\\\/2025\\\/12\\\/ipc.webp\",\"datePublished\":\"2025-12-06T11:28:57+00:00\",\"breadcrumb\":{\"@id\":\"https:\\\/\\\/www.eldiario.net\\\/portal\\\/2025\\\/12\\\/06\\\/inflacion-al-mes-de-noviembre-baja-a-040-y-el-acumulado-sube-a-1969\\\/#breadcrumb\"},\"inLanguage\":\"es\",\"potentialAction\":[{\"@type\":\"ReadAction\",\"target\":[\"https:\\\/\\\/www.eldiario.net\\\/portal\\\/2025\\\/12\\\/06\\\/inflacion-al-mes-de-noviembre-baja-a-040-y-el-acumulado-sube-a-1969\\\/\"]}]},{\"@type\":\"ImageObject\",\"inLanguage\":\"es\",\"@id\":\"https:\\\/\\\/www.eldiario.net\\\/portal\\\/2025\\\/12\\\/06\\\/inflacion-al-mes-de-noviembre-baja-a-040-y-el-acumulado-sube-a-1969\\\/#primaryimage\",\"url\":\"https:\\\/\\\/www.eldiario.net\\\/portal\\\/wp-content\\\/uploads\\\/2025\\\/12\\\/ipc.webp\",\"contentUrl\":\"https:\\\/\\\/www.eldiario.net\\\/portal\\\/wp-content\\\/uploads\\\/2025\\\/12\\\/ipc.webp\",\"width\":568,\"height\":354},{\"@type\":\"BreadcrumbList\",\"@id\":\"https:\\\/\\\/www.eldiario.net\\\/portal\\\/2025\\\/12\\\/06\\\/inflacion-al-mes-de-noviembre-baja-a-040-y-el-acumulado-sube-a-1969\\\/#breadcrumb\",\"itemListElement\":[{\"@type\":\"ListItem\",\"position\":1,\"name\":\"Portada\",\"item\":\"https:\\\/\\\/www.eldiario.net\\\/portal\\\/\"},{\"@type\":\"ListItem\",\"position\":2,\"name\":\"Inflaci\u00f3n al mes de noviembre baja a 0,40% y el acumulado sube a 19,69%\"}]},{\"@type\":\"WebSite\",\"@id\":\"https:\\\/\\\/www.eldiario.net\\\/portal\\\/#website\",\"url\":\"https:\\\/\\\/www.eldiario.net\\\/portal\\\/\",\"name\":\"El Diario - Decano de la prensa nacional\",\"description\":\"El Diario - Decano de la prensa nacional\",\"publisher\":{\"@id\":\"https:\\\/\\\/www.eldiario.net\\\/portal\\\/#organization\"},\"potentialAction\":[{\"@type\":\"SearchAction\",\"target\":{\"@type\":\"EntryPoint\",\"urlTemplate\":\"https:\\\/\\\/www.eldiario.net\\\/portal\\\/?s={search_term_string}\"},\"query-input\":{\"@type\":\"PropertyValueSpecification\",\"valueRequired\":true,\"valueName\":\"search_term_string\"}}],\"inLanguage\":\"es\"},{\"@type\":\"Organization\",\"@id\":\"https:\\\/\\\/www.eldiario.net\\\/portal\\\/#organization\",\"name\":\"El Diario - Decano de la prensa nacional\",\"url\":\"https:\\\/\\\/www.eldiario.net\\\/portal\\\/\",\"logo\":{\"@type\":\"ImageObject\",\"inLanguage\":\"es\",\"@id\":\"https:\\\/\\\/www.eldiario.net\\\/portal\\\/#\\\/schema\\\/logo\\\/image\\\/\",\"url\":\"https:\\\/\\\/www.eldiario.net\\\/portal\\\/wp-content\\\/uploads\\\/2023\\\/07\\\/logo_ED.jpg\",\"contentUrl\":\"https:\\\/\\\/www.eldiario.net\\\/portal\\\/wp-content\\\/uploads\\\/2023\\\/07\\\/logo_ED.jpg\",\"width\":272,\"height\":52,\"caption\":\"El Diario - Decano de la prensa nacional\"},\"image\":{\"@id\":\"https:\\\/\\\/www.eldiario.net\\\/portal\\\/#\\\/schema\\\/logo\\\/image\\\/\"},\"sameAs\":[\"https:\\\/\\\/www.facebook.com\\\/eldiario.bolivia\\\/\",\"https:\\\/\\\/x.com\\\/eldiario_net\"]},{\"@type\":\"Person\",\"@id\":\"https:\\\/\\\/www.eldiario.net\\\/portal\\\/#\\\/schema\\\/person\\\/f46445640444750d7d753ccd04ae01b7\",\"name\":\"Jeanette\",\"image\":{\"@type\":\"ImageObject\",\"inLanguage\":\"es\",\"@id\":\"https:\\\/\\\/secure.gravatar.com\\\/avatar\\\/3ea2118a5f7dad2b7138b1187a6b7ee55f160b9968b66013c3a3ef39dd7e5798?s=96&d=mm&r=g\",\"url\":\"https:\\\/\\\/secure.gravatar.com\\\/avatar\\\/3ea2118a5f7dad2b7138b1187a6b7ee55f160b9968b66013c3a3ef39dd7e5798?s=96&d=mm&r=g\",\"contentUrl\":\"https:\\\/\\\/secure.gravatar.com\\\/avatar\\\/3ea2118a5f7dad2b7138b1187a6b7ee55f160b9968b66013c3a3ef39dd7e5798?s=96&d=mm&r=g\",\"caption\":\"Jeanette\"},\"sameAs\":[\"https:\\\/\\\/www.eldiario.net\\\/portal\"],\"url\":\"https:\\\/\\\/www.eldiario.net\\\/portal\\\/author\\\/jeanette\\\/\"}]}<\/script>\n<!-- \/ Yoast SEO plugin. -->","yoast_head_json":{"title":"Inflaci\u00f3n al mes de noviembre baja a 0,40% y el acumulado sube a 19,69% - El Diario - Bolivia","robots":{"index":"index","follow":"follow","max-snippet":"max-snippet:-1","max-image-preview":"max-image-preview:large","max-video-preview":"max-video-preview:-1"},"canonical":"https:\/\/www.eldiario.net\/portal\/2025\/12\/06\/inflacion-al-mes-de-noviembre-baja-a-040-y-el-acumulado-sube-a-1969\/","og_locale":"es_ES","og_type":"article","og_title":"Inflaci\u00f3n al mes de noviembre baja a 0,40% y el acumulado sube a 19,69% - El Diario - Bolivia","og_description":"En noviembre 2025, el \u00cdndice de Precios al Consumidor (IPC) registr\u00f3 una variaci\u00f3n positiva de 0,40% respecto a octubre y la acumulada fue de 19,69%, de acuerdo con el reporte del Instituto Nacional de Estad\u00edstica (INE). Los productos con mayor incidencia fueron: carne de res sin hueso, tomate, carne de pollo, carne de res con [&hellip;]","og_url":"https:\/\/www.eldiario.net\/portal\/2025\/12\/06\/inflacion-al-mes-de-noviembre-baja-a-040-y-el-acumulado-sube-a-1969\/","og_site_name":"El Diario - Bolivia","article_publisher":"https:\/\/www.facebook.com\/eldiario.bolivia\/","article_published_time":"2025-12-06T11:28:57+00:00","og_image":[{"width":568,"height":354,"url":"https:\/\/www.eldiario.net\/portal\/wp-content\/uploads\/2025\/12\/ipc.webp","type":"image\/webp"}],"author":"Jeanette","twitter_card":"summary_large_image","twitter_creator":"@eldiario_net","twitter_site":"@eldiario_net","twitter_misc":{"Escrito por":"Jeanette","Tiempo de lectura":"2 minutos"},"schema":{"@context":"https:\/\/schema.org","@graph":[{"@type":"Article","@id":"https:\/\/www.eldiario.net\/portal\/2025\/12\/06\/inflacion-al-mes-de-noviembre-baja-a-040-y-el-acumulado-sube-a-1969\/#article","isPartOf":{"@id":"https:\/\/www.eldiario.net\/portal\/2025\/12\/06\/inflacion-al-mes-de-noviembre-baja-a-040-y-el-acumulado-sube-a-1969\/"},"author":{"name":"Jeanette","@id":"https:\/\/www.eldiario.net\/portal\/#\/schema\/person\/f46445640444750d7d753ccd04ae01b7"},"headline":"Inflaci\u00f3n al mes de noviembre baja a 0,40% y el acumulado sube a 19,69%","datePublished":"2025-12-06T11:28:57+00:00","mainEntityOfPage":{"@id":"https:\/\/www.eldiario.net\/portal\/2025\/12\/06\/inflacion-al-mes-de-noviembre-baja-a-040-y-el-acumulado-sube-a-1969\/"},"wordCount":370,"publisher":{"@id":"https:\/\/www.eldiario.net\/portal\/#organization"},"image":{"@id":"https:\/\/www.eldiario.net\/portal\/2025\/12\/06\/inflacion-al-mes-de-noviembre-baja-a-040-y-el-acumulado-sube-a-1969\/#primaryimage"},"thumbnailUrl":"https:\/\/www.eldiario.net\/portal\/wp-content\/uploads\/2025\/12\/ipc.webp","articleSection":["Econom\u00eda"],"inLanguage":"es"},{"@type":"WebPage","@id":"https:\/\/www.eldiario.net\/portal\/2025\/12\/06\/inflacion-al-mes-de-noviembre-baja-a-040-y-el-acumulado-sube-a-1969\/","url":"https:\/\/www.eldiario.net\/portal\/2025\/12\/06\/inflacion-al-mes-de-noviembre-baja-a-040-y-el-acumulado-sube-a-1969\/","name":"Inflaci\u00f3n al mes de noviembre baja a 0,40% y el acumulado sube a 19,69% - El Diario - Bolivia","isPartOf":{"@id":"https:\/\/www.eldiario.net\/portal\/#website"},"primaryImageOfPage":{"@id":"https:\/\/www.eldiario.net\/portal\/2025\/12\/06\/inflacion-al-mes-de-noviembre-baja-a-040-y-el-acumulado-sube-a-1969\/#primaryimage"},"image":{"@id":"https:\/\/www.eldiario.net\/portal\/2025\/12\/06\/inflacion-al-mes-de-noviembre-baja-a-040-y-el-acumulado-sube-a-1969\/#primaryimage"},"thumbnailUrl":"https:\/\/www.eldiario.net\/portal\/wp-content\/uploads\/2025\/12\/ipc.webp","datePublished":"2025-12-06T11:28:57+00:00","breadcrumb":{"@id":"https:\/\/www.eldiario.net\/portal\/2025\/12\/06\/inflacion-al-mes-de-noviembre-baja-a-040-y-el-acumulado-sube-a-1969\/#breadcrumb"},"inLanguage":"es","potentialAction":[{"@type":"ReadAction","target":["https:\/\/www.eldiario.net\/portal\/2025\/12\/06\/inflacion-al-mes-de-noviembre-baja-a-040-y-el-acumulado-sube-a-1969\/"]}]},{"@type":"ImageObject","inLanguage":"es","@id":"https:\/\/www.eldiario.net\/portal\/2025\/12\/06\/inflacion-al-mes-de-noviembre-baja-a-040-y-el-acumulado-sube-a-1969\/#primaryimage","url":"https:\/\/www.eldiario.net\/portal\/wp-content\/uploads\/2025\/12\/ipc.webp","contentUrl":"https:\/\/www.eldiario.net\/portal\/wp-content\/uploads\/2025\/12\/ipc.webp","width":568,"height":354},{"@type":"BreadcrumbList","@id":"https:\/\/www.eldiario.net\/portal\/2025\/12\/06\/inflacion-al-mes-de-noviembre-baja-a-040-y-el-acumulado-sube-a-1969\/#breadcrumb","itemListElement":[{"@type":"ListItem","position":1,"name":"Portada","item":"https:\/\/www.eldiario.net\/portal\/"},{"@type":"ListItem","position":2,"name":"Inflaci\u00f3n al mes de noviembre baja a 0,40% y el acumulado sube a 19,69%"}]},{"@type":"WebSite","@id":"https:\/\/www.eldiario.net\/portal\/#website","url":"https:\/\/www.eldiario.net\/portal\/","name":"El Diario - Decano de la prensa nacional","description":"El Diario - Decano de la prensa nacional","publisher":{"@id":"https:\/\/www.eldiario.net\/portal\/#organization"},"potentialAction":[{"@type":"SearchAction","target":{"@type":"EntryPoint","urlTemplate":"https:\/\/www.eldiario.net\/portal\/?s={search_term_string}"},"query-input":{"@type":"PropertyValueSpecification","valueRequired":true,"valueName":"search_term_string"}}],"inLanguage":"es"},{"@type":"Organization","@id":"https:\/\/www.eldiario.net\/portal\/#organization","name":"El Diario - Decano de la prensa nacional","url":"https:\/\/www.eldiario.net\/portal\/","logo":{"@type":"ImageObject","inLanguage":"es","@id":"https:\/\/www.eldiario.net\/portal\/#\/schema\/logo\/image\/","url":"https:\/\/www.eldiario.net\/portal\/wp-content\/uploads\/2023\/07\/logo_ED.jpg","contentUrl":"https:\/\/www.eldiario.net\/portal\/wp-content\/uploads\/2023\/07\/logo_ED.jpg","width":272,"height":52,"caption":"El Diario - Decano de la prensa nacional"},"image":{"@id":"https:\/\/www.eldiario.net\/portal\/#\/schema\/logo\/image\/"},"sameAs":["https:\/\/www.facebook.com\/eldiario.bolivia\/","https:\/\/x.com\/eldiario_net"]},{"@type":"Person","@id":"https:\/\/www.eldiario.net\/portal\/#\/schema\/person\/f46445640444750d7d753ccd04ae01b7","name":"Jeanette","image":{"@type":"ImageObject","inLanguage":"es","@id":"https:\/\/secure.gravatar.com\/avatar\/3ea2118a5f7dad2b7138b1187a6b7ee55f160b9968b66013c3a3ef39dd7e5798?s=96&d=mm&r=g","url":"https:\/\/secure.gravatar.com\/avatar\/3ea2118a5f7dad2b7138b1187a6b7ee55f160b9968b66013c3a3ef39dd7e5798?s=96&d=mm&r=g","contentUrl":"https:\/\/secure.gravatar.com\/avatar\/3ea2118a5f7dad2b7138b1187a6b7ee55f160b9968b66013c3a3ef39dd7e5798?s=96&d=mm&r=g","caption":"Jeanette"},"sameAs":["https:\/\/www.eldiario.net\/portal"],"url":"https:\/\/www.eldiario.net\/portal\/author\/jeanette\/"}]}},"_links":{"self":[{"href":"https:\/\/www.eldiario.net\/portal\/wp-json\/wp\/v2\/posts\/350373","targetHints":{"allow":["GET"]}}],"collection":[{"href":"https:\/\/www.eldiario.net\/portal\/wp-json\/wp\/v2\/posts"}],"about":[{"href":"https:\/\/www.eldiario.net\/portal\/wp-json\/wp\/v2\/types\/post"}],"author":[{"embeddable":true,"href":"https:\/\/www.eldiario.net\/portal\/wp-json\/wp\/v2\/users\/1"}],"replies":[{"embeddable":true,"href":"https:\/\/www.eldiario.net\/portal\/wp-json\/wp\/v2\/comments?post=350373"}],"version-history":[{"count":1,"href":"https:\/\/www.eldiario.net\/portal\/wp-json\/wp\/v2\/posts\/350373\/revisions"}],"predecessor-version":[{"id":350375,"href":"https:\/\/www.eldiario.net\/portal\/wp-json\/wp\/v2\/posts\/350373\/revisions\/350375"}],"wp:featuredmedia":[{"embeddable":true,"href":"https:\/\/www.eldiario.net\/portal\/wp-json\/wp\/v2\/media\/350374"}],"wp:attachment":[{"href":"https:\/\/www.eldiario.net\/portal\/wp-json\/wp\/v2\/media?parent=350373"}],"wp:term":[{"taxonomy":"category","embeddable":true,"href":"https:\/\/www.eldiario.net\/portal\/wp-json\/wp\/v2\/categories?post=350373"},{"taxonomy":"post_tag","embeddable":true,"href":"https:\/\/www.eldiario.net\/portal\/wp-json\/wp\/v2\/tags?post=350373"}],"curies":[{"name":"wp","href":"https:\/\/api.w.org\/{rel}","templated":true}]}}