{"id":350370,"date":"2025-12-06T07:28:30","date_gmt":"2025-12-06T11:28:30","guid":{"rendered":"https:\/\/www.eldiario.net\/portal\/?p=350370"},"modified":"2025-12-06T07:28:30","modified_gmt":"2025-12-06T11:28:30","slug":"reuniones-buscan-impulsar-la-produccion-y-las-exportaciones","status":"publish","type":"post","link":"https:\/\/www.eldiario.net\/portal\/2025\/12\/06\/reuniones-buscan-impulsar-la-produccion-y-las-exportaciones\/","title":{"rendered":"Reuniones buscan impulsar la  producci\u00f3n y las exportaciones"},"content":{"rendered":"<p>Con el objetivo de escuchar sus demandas y propuestas para avanzar en un trabajo conjunto que impulse el desarrollo econ\u00f3mico del pa\u00eds, el ministro de Desarrollo Productivo, Rural y Agua, \u00d3scar Mario Justiniano y el viceministro de Comercio y Log\u00edstica Interna, Gustavo Serrano, se trasladaron al departamento de Santa Cruz para reunirse con los principales representantes del sector productivo.<br \/>\nDurante la reuni\u00f3n se definieron pasos para conformar las tareas que permitir\u00e1n optimizar los procesos productivos y fortalecer la presencia de Bolivia en los mercados internacionales, en l\u00ednea con la visi\u00f3n del presidente Rodrigo Paz, de \u201cBolivia en el mundo y el mundo en Bolivia\u201d.<br \/>\n\u201cNuestro modelo es abierto, transparente\u2026 tenemos la oportunidad de llevar adelante los grandes consensos, que son parte de los compromisos que nosotros hemos arrancado\u201d, expres\u00f3 Justiniano. En el encuentro asistieron representantes de la CAO, Caniob, Cadex, Fedeple, Fegasacruz, ADA Santa Cruz, Adepor Santa Cruz, Anapo y Acricer.<br \/>\nLa autoridad tambi\u00e9n manifest\u00f3 el trabajo que se realiza desde el nivel central para eliminar las trabas que durante mucho tiempo afectaron al sector productivo. \u201cCuando se habla del Estado tranca, se habla de los que generaron la mayor cantidad de extorsi\u00f3n que se ha tenido, no solamente en Bolivia sino tambi\u00e9n afuera\u201d, remarc\u00f3 Justiniano.<br \/>\nEsa iniciativa promueve un di\u00e1logo p\u00fablico\u2013privado que busca fortalecer la productividad, incentivar las exportaciones, fomentar la inversi\u00f3n y generar mayores oportunidades de desarrollo econ\u00f3mico para el pa\u00eds.<br \/>\nDemandas<br \/>\nLos sectores productivos ya expresaron sus demandas para mejorar la producci\u00f3n y los ingresos para el pa\u00eds, como el uso masivo de la biotecnolog\u00eda, as\u00ed como la liberaci\u00f3n de las exportaciones.<br \/>\nAdem\u00e1s de frenar los bloqueos que perjudican el tr\u00e1nsito de la mercader\u00eda en el mercado nacional, pero tambi\u00e9n a puertos vecinos para su exportaci\u00f3n a los mercados internacionales.<br \/>\nTambi\u00e9n est\u00e1 el abastecimiento de combustibles, que puso en jaque a los productores en la siembra y en la cosecha, ya que la oferta no abasteci\u00f3 la demanda que se registr\u00f3 durante el per\u00edodo agr\u00edcola.<\/p>\n","protected":false},"excerpt":{"rendered":"<p>Con el objetivo de escuchar sus demandas y propuestas para avanzar en un trabajo conjunto que impulse el desarrollo econ\u00f3mico del pa\u00eds, el ministro de Desarrollo Productivo, Rural y Agua, \u00d3scar Mario Justiniano y el viceministro de Comercio y Log\u00edstica Interna, Gustavo Serrano, se trasladaron al departamento de Santa Cruz para reunirse con los principales [&hellip;]<\/p>\n","protected":false},"author":1,"featured_media":350371,"comment_status":"closed","ping_status":"open","sticky":false,"template":"","format":"standard","meta":{"_acf_changed":false,"footnotes":""},"categories":[7],"tags":[],"class_list":["post-350370","post","type-post","status-publish","format-standard","has-post-thumbnail","category-economia"],"acf":{"antetitulo":"Reuni\u00f3n entre ministro Justiniano y sectores productores"},"yoast_head":"<!-- This site is optimized with the Yoast SEO plugin v28.3 - https:\/\/yoast.com\/product\/yoast-seo-wordpress\/ -->\n<title>Reuniones buscan impulsar la producci\u00f3n y las exportaciones - El Diario - Bolivia<\/title>\n<meta name=\"robots\" content=\"index, follow, max-snippet:-1, max-image-preview:large, max-video-preview:-1\" \/>\n<link rel=\"canonical\" href=\"https:\/\/www.eldiario.net\/portal\/2025\/12\/06\/reuniones-buscan-impulsar-la-produccion-y-las-exportaciones\/\" \/>\n<meta property=\"og:locale\" content=\"es_ES\" \/>\n<meta property=\"og:type\" content=\"article\" \/>\n<meta property=\"og:title\" content=\"Reuniones buscan impulsar la producci\u00f3n y las exportaciones - El Diario - Bolivia\" \/>\n<meta property=\"og:description\" content=\"Con el objetivo de escuchar sus demandas y propuestas para avanzar en un trabajo conjunto que impulse el desarrollo econ\u00f3mico del pa\u00eds, el ministro de Desarrollo Productivo, Rural y Agua, \u00d3scar Mario Justiniano y el viceministro de Comercio y Log\u00edstica Interna, Gustavo Serrano, se trasladaron al departamento de Santa Cruz para reunirse con los principales [&hellip;]\" \/>\n<meta property=\"og:url\" content=\"https:\/\/www.eldiario.net\/portal\/2025\/12\/06\/reuniones-buscan-impulsar-la-produccion-y-las-exportaciones\/\" \/>\n<meta property=\"og:site_name\" content=\"El Diario - Bolivia\" \/>\n<meta property=\"article:publisher\" content=\"https:\/\/www.facebook.com\/eldiario.bolivia\/\" \/>\n<meta property=\"article:published_time\" content=\"2025-12-06T11:28:30+00:00\" \/>\n<meta property=\"og:image\" content=\"https:\/\/www.eldiario.net\/portal\/wp-content\/uploads\/2025\/12\/desarrollo.webp\" \/>\n\t<meta property=\"og:image:width\" content=\"1280\" \/>\n\t<meta property=\"og:image:height\" content=\"960\" \/>\n\t<meta property=\"og:image:type\" content=\"image\/webp\" \/>\n<meta name=\"author\" content=\"Jeanette\" \/>\n<meta name=\"twitter:card\" content=\"summary_large_image\" \/>\n<meta name=\"twitter:creator\" content=\"@eldiario_net\" \/>\n<meta name=\"twitter:site\" content=\"@eldiario_net\" \/>\n<meta name=\"twitter:label1\" content=\"Escrito por\" \/>\n\t<meta name=\"twitter:data1\" content=\"Jeanette\" \/>\n\t<meta name=\"twitter:label2\" content=\"Tiempo de lectura\" \/>\n\t<meta name=\"twitter:data2\" content=\"2 minutos\" \/>\n<script type=\"application\/ld+json\" class=\"yoast-schema-graph\">{\"@context\":\"https:\\\/\\\/schema.org\",\"@graph\":[{\"@type\":\"Article\",\"@id\":\"https:\\\/\\\/www.eldiario.net\\\/portal\\\/2025\\\/12\\\/06\\\/reuniones-buscan-impulsar-la-produccion-y-las-exportaciones\\\/#article\",\"isPartOf\":{\"@id\":\"https:\\\/\\\/www.eldiario.net\\\/portal\\\/2025\\\/12\\\/06\\\/reuniones-buscan-impulsar-la-produccion-y-las-exportaciones\\\/\"},\"author\":{\"name\":\"Jeanette\",\"@id\":\"https:\\\/\\\/www.eldiario.net\\\/portal\\\/#\\\/schema\\\/person\\\/f46445640444750d7d753ccd04ae01b7\"},\"headline\":\"Reuniones buscan impulsar la producci\u00f3n y las exportaciones\",\"datePublished\":\"2025-12-06T11:28:30+00:00\",\"mainEntityOfPage\":{\"@id\":\"https:\\\/\\\/www.eldiario.net\\\/portal\\\/2025\\\/12\\\/06\\\/reuniones-buscan-impulsar-la-produccion-y-las-exportaciones\\\/\"},\"wordCount\":365,\"publisher\":{\"@id\":\"https:\\\/\\\/www.eldiario.net\\\/portal\\\/#organization\"},\"image\":{\"@id\":\"https:\\\/\\\/www.eldiario.net\\\/portal\\\/2025\\\/12\\\/06\\\/reuniones-buscan-impulsar-la-produccion-y-las-exportaciones\\\/#primaryimage\"},\"thumbnailUrl\":\"https:\\\/\\\/www.eldiario.net\\\/portal\\\/wp-content\\\/uploads\\\/2025\\\/12\\\/desarrollo.webp\",\"articleSection\":[\"Econom\u00eda\"],\"inLanguage\":\"es\"},{\"@type\":\"WebPage\",\"@id\":\"https:\\\/\\\/www.eldiario.net\\\/portal\\\/2025\\\/12\\\/06\\\/reuniones-buscan-impulsar-la-produccion-y-las-exportaciones\\\/\",\"url\":\"https:\\\/\\\/www.eldiario.net\\\/portal\\\/2025\\\/12\\\/06\\\/reuniones-buscan-impulsar-la-produccion-y-las-exportaciones\\\/\",\"name\":\"Reuniones buscan impulsar la producci\u00f3n y las exportaciones - El Diario - Bolivia\",\"isPartOf\":{\"@id\":\"https:\\\/\\\/www.eldiario.net\\\/portal\\\/#website\"},\"primaryImageOfPage\":{\"@id\":\"https:\\\/\\\/www.eldiario.net\\\/portal\\\/2025\\\/12\\\/06\\\/reuniones-buscan-impulsar-la-produccion-y-las-exportaciones\\\/#primaryimage\"},\"image\":{\"@id\":\"https:\\\/\\\/www.eldiario.net\\\/portal\\\/2025\\\/12\\\/06\\\/reuniones-buscan-impulsar-la-produccion-y-las-exportaciones\\\/#primaryimage\"},\"thumbnailUrl\":\"https:\\\/\\\/www.eldiario.net\\\/portal\\\/wp-content\\\/uploads\\\/2025\\\/12\\\/desarrollo.webp\",\"datePublished\":\"2025-12-06T11:28:30+00:00\",\"breadcrumb\":{\"@id\":\"https:\\\/\\\/www.eldiario.net\\\/portal\\\/2025\\\/12\\\/06\\\/reuniones-buscan-impulsar-la-produccion-y-las-exportaciones\\\/#breadcrumb\"},\"inLanguage\":\"es\",\"potentialAction\":[{\"@type\":\"ReadAction\",\"target\":[\"https:\\\/\\\/www.eldiario.net\\\/portal\\\/2025\\\/12\\\/06\\\/reuniones-buscan-impulsar-la-produccion-y-las-exportaciones\\\/\"]}]},{\"@type\":\"ImageObject\",\"inLanguage\":\"es\",\"@id\":\"https:\\\/\\\/www.eldiario.net\\\/portal\\\/2025\\\/12\\\/06\\\/reuniones-buscan-impulsar-la-produccion-y-las-exportaciones\\\/#primaryimage\",\"url\":\"https:\\\/\\\/www.eldiario.net\\\/portal\\\/wp-content\\\/uploads\\\/2025\\\/12\\\/desarrollo.webp\",\"contentUrl\":\"https:\\\/\\\/www.eldiario.net\\\/portal\\\/wp-content\\\/uploads\\\/2025\\\/12\\\/desarrollo.webp\",\"width\":1280,\"height\":960,\"caption\":\"reuniones entre autoridades de gobierno y productores.\"},{\"@type\":\"BreadcrumbList\",\"@id\":\"https:\\\/\\\/www.eldiario.net\\\/portal\\\/2025\\\/12\\\/06\\\/reuniones-buscan-impulsar-la-produccion-y-las-exportaciones\\\/#breadcrumb\",\"itemListElement\":[{\"@type\":\"ListItem\",\"position\":1,\"name\":\"Portada\",\"item\":\"https:\\\/\\\/www.eldiario.net\\\/portal\\\/\"},{\"@type\":\"ListItem\",\"position\":2,\"name\":\"Reuniones buscan impulsar la producci\u00f3n y las exportaciones\"}]},{\"@type\":\"WebSite\",\"@id\":\"https:\\\/\\\/www.eldiario.net\\\/portal\\\/#website\",\"url\":\"https:\\\/\\\/www.eldiario.net\\\/portal\\\/\",\"name\":\"El Diario - Decano de la prensa nacional\",\"description\":\"El Diario - Decano de la prensa nacional\",\"publisher\":{\"@id\":\"https:\\\/\\\/www.eldiario.net\\\/portal\\\/#organization\"},\"potentialAction\":[{\"@type\":\"SearchAction\",\"target\":{\"@type\":\"EntryPoint\",\"urlTemplate\":\"https:\\\/\\\/www.eldiario.net\\\/portal\\\/?s={search_term_string}\"},\"query-input\":{\"@type\":\"PropertyValueSpecification\",\"valueRequired\":true,\"valueName\":\"search_term_string\"}}],\"inLanguage\":\"es\"},{\"@type\":\"Organization\",\"@id\":\"https:\\\/\\\/www.eldiario.net\\\/portal\\\/#organization\",\"name\":\"El Diario - Decano de la prensa nacional\",\"url\":\"https:\\\/\\\/www.eldiario.net\\\/portal\\\/\",\"logo\":{\"@type\":\"ImageObject\",\"inLanguage\":\"es\",\"@id\":\"https:\\\/\\\/www.eldiario.net\\\/portal\\\/#\\\/schema\\\/logo\\\/image\\\/\",\"url\":\"https:\\\/\\\/www.eldiario.net\\\/portal\\\/wp-content\\\/uploads\\\/2023\\\/07\\\/logo_ED.jpg\",\"contentUrl\":\"https:\\\/\\\/www.eldiario.net\\\/portal\\\/wp-content\\\/uploads\\\/2023\\\/07\\\/logo_ED.jpg\",\"width\":272,\"height\":52,\"caption\":\"El Diario - Decano de la prensa nacional\"},\"image\":{\"@id\":\"https:\\\/\\\/www.eldiario.net\\\/portal\\\/#\\\/schema\\\/logo\\\/image\\\/\"},\"sameAs\":[\"https:\\\/\\\/www.facebook.com\\\/eldiario.bolivia\\\/\",\"https:\\\/\\\/x.com\\\/eldiario_net\"]},{\"@type\":\"Person\",\"@id\":\"https:\\\/\\\/www.eldiario.net\\\/portal\\\/#\\\/schema\\\/person\\\/f46445640444750d7d753ccd04ae01b7\",\"name\":\"Jeanette\",\"image\":{\"@type\":\"ImageObject\",\"inLanguage\":\"es\",\"@id\":\"https:\\\/\\\/secure.gravatar.com\\\/avatar\\\/3ea2118a5f7dad2b7138b1187a6b7ee55f160b9968b66013c3a3ef39dd7e5798?s=96&d=mm&r=g\",\"url\":\"https:\\\/\\\/secure.gravatar.com\\\/avatar\\\/3ea2118a5f7dad2b7138b1187a6b7ee55f160b9968b66013c3a3ef39dd7e5798?s=96&d=mm&r=g\",\"contentUrl\":\"https:\\\/\\\/secure.gravatar.com\\\/avatar\\\/3ea2118a5f7dad2b7138b1187a6b7ee55f160b9968b66013c3a3ef39dd7e5798?s=96&d=mm&r=g\",\"caption\":\"Jeanette\"},\"sameAs\":[\"https:\\\/\\\/www.eldiario.net\\\/portal\"],\"url\":\"https:\\\/\\\/www.eldiario.net\\\/portal\\\/author\\\/jeanette\\\/\"}]}<\/script>\n<!-- \/ Yoast SEO plugin. -->","yoast_head_json":{"title":"Reuniones buscan impulsar la producci\u00f3n y las exportaciones - El Diario - Bolivia","robots":{"index":"index","follow":"follow","max-snippet":"max-snippet:-1","max-image-preview":"max-image-preview:large","max-video-preview":"max-video-preview:-1"},"canonical":"https:\/\/www.eldiario.net\/portal\/2025\/12\/06\/reuniones-buscan-impulsar-la-produccion-y-las-exportaciones\/","og_locale":"es_ES","og_type":"article","og_title":"Reuniones buscan impulsar la producci\u00f3n y las exportaciones - El Diario - Bolivia","og_description":"Con el objetivo de escuchar sus demandas y propuestas para avanzar en un trabajo conjunto que impulse el desarrollo econ\u00f3mico del pa\u00eds, el ministro de Desarrollo Productivo, Rural y Agua, \u00d3scar Mario Justiniano y el viceministro de Comercio y Log\u00edstica Interna, Gustavo Serrano, se trasladaron al departamento de Santa Cruz para reunirse con los principales [&hellip;]","og_url":"https:\/\/www.eldiario.net\/portal\/2025\/12\/06\/reuniones-buscan-impulsar-la-produccion-y-las-exportaciones\/","og_site_name":"El Diario - Bolivia","article_publisher":"https:\/\/www.facebook.com\/eldiario.bolivia\/","article_published_time":"2025-12-06T11:28:30+00:00","og_image":[{"width":1280,"height":960,"url":"https:\/\/www.eldiario.net\/portal\/wp-content\/uploads\/2025\/12\/desarrollo.webp","type":"image\/webp"}],"author":"Jeanette","twitter_card":"summary_large_image","twitter_creator":"@eldiario_net","twitter_site":"@eldiario_net","twitter_misc":{"Escrito por":"Jeanette","Tiempo de lectura":"2 minutos"},"schema":{"@context":"https:\/\/schema.org","@graph":[{"@type":"Article","@id":"https:\/\/www.eldiario.net\/portal\/2025\/12\/06\/reuniones-buscan-impulsar-la-produccion-y-las-exportaciones\/#article","isPartOf":{"@id":"https:\/\/www.eldiario.net\/portal\/2025\/12\/06\/reuniones-buscan-impulsar-la-produccion-y-las-exportaciones\/"},"author":{"name":"Jeanette","@id":"https:\/\/www.eldiario.net\/portal\/#\/schema\/person\/f46445640444750d7d753ccd04ae01b7"},"headline":"Reuniones buscan impulsar la producci\u00f3n y las exportaciones","datePublished":"2025-12-06T11:28:30+00:00","mainEntityOfPage":{"@id":"https:\/\/www.eldiario.net\/portal\/2025\/12\/06\/reuniones-buscan-impulsar-la-produccion-y-las-exportaciones\/"},"wordCount":365,"publisher":{"@id":"https:\/\/www.eldiario.net\/portal\/#organization"},"image":{"@id":"https:\/\/www.eldiario.net\/portal\/2025\/12\/06\/reuniones-buscan-impulsar-la-produccion-y-las-exportaciones\/#primaryimage"},"thumbnailUrl":"https:\/\/www.eldiario.net\/portal\/wp-content\/uploads\/2025\/12\/desarrollo.webp","articleSection":["Econom\u00eda"],"inLanguage":"es"},{"@type":"WebPage","@id":"https:\/\/www.eldiario.net\/portal\/2025\/12\/06\/reuniones-buscan-impulsar-la-produccion-y-las-exportaciones\/","url":"https:\/\/www.eldiario.net\/portal\/2025\/12\/06\/reuniones-buscan-impulsar-la-produccion-y-las-exportaciones\/","name":"Reuniones buscan impulsar la producci\u00f3n y las exportaciones - El Diario - Bolivia","isPartOf":{"@id":"https:\/\/www.eldiario.net\/portal\/#website"},"primaryImageOfPage":{"@id":"https:\/\/www.eldiario.net\/portal\/2025\/12\/06\/reuniones-buscan-impulsar-la-produccion-y-las-exportaciones\/#primaryimage"},"image":{"@id":"https:\/\/www.eldiario.net\/portal\/2025\/12\/06\/reuniones-buscan-impulsar-la-produccion-y-las-exportaciones\/#primaryimage"},"thumbnailUrl":"https:\/\/www.eldiario.net\/portal\/wp-content\/uploads\/2025\/12\/desarrollo.webp","datePublished":"2025-12-06T11:28:30+00:00","breadcrumb":{"@id":"https:\/\/www.eldiario.net\/portal\/2025\/12\/06\/reuniones-buscan-impulsar-la-produccion-y-las-exportaciones\/#breadcrumb"},"inLanguage":"es","potentialAction":[{"@type":"ReadAction","target":["https:\/\/www.eldiario.net\/portal\/2025\/12\/06\/reuniones-buscan-impulsar-la-produccion-y-las-exportaciones\/"]}]},{"@type":"ImageObject","inLanguage":"es","@id":"https:\/\/www.eldiario.net\/portal\/2025\/12\/06\/reuniones-buscan-impulsar-la-produccion-y-las-exportaciones\/#primaryimage","url":"https:\/\/www.eldiario.net\/portal\/wp-content\/uploads\/2025\/12\/desarrollo.webp","contentUrl":"https:\/\/www.eldiario.net\/portal\/wp-content\/uploads\/2025\/12\/desarrollo.webp","width":1280,"height":960,"caption":"reuniones entre autoridades de gobierno y productores."},{"@type":"BreadcrumbList","@id":"https:\/\/www.eldiario.net\/portal\/2025\/12\/06\/reuniones-buscan-impulsar-la-produccion-y-las-exportaciones\/#breadcrumb","itemListElement":[{"@type":"ListItem","position":1,"name":"Portada","item":"https:\/\/www.eldiario.net\/portal\/"},{"@type":"ListItem","position":2,"name":"Reuniones buscan impulsar la producci\u00f3n y las exportaciones"}]},{"@type":"WebSite","@id":"https:\/\/www.eldiario.net\/portal\/#website","url":"https:\/\/www.eldiario.net\/portal\/","name":"El Diario - Decano de la prensa nacional","description":"El Diario - Decano de la prensa nacional","publisher":{"@id":"https:\/\/www.eldiario.net\/portal\/#organization"},"potentialAction":[{"@type":"SearchAction","target":{"@type":"EntryPoint","urlTemplate":"https:\/\/www.eldiario.net\/portal\/?s={search_term_string}"},"query-input":{"@type":"PropertyValueSpecification","valueRequired":true,"valueName":"search_term_string"}}],"inLanguage":"es"},{"@type":"Organization","@id":"https:\/\/www.eldiario.net\/portal\/#organization","name":"El Diario - Decano de la prensa nacional","url":"https:\/\/www.eldiario.net\/portal\/","logo":{"@type":"ImageObject","inLanguage":"es","@id":"https:\/\/www.eldiario.net\/portal\/#\/schema\/logo\/image\/","url":"https:\/\/www.eldiario.net\/portal\/wp-content\/uploads\/2023\/07\/logo_ED.jpg","contentUrl":"https:\/\/www.eldiario.net\/portal\/wp-content\/uploads\/2023\/07\/logo_ED.jpg","width":272,"height":52,"caption":"El Diario - Decano de la prensa nacional"},"image":{"@id":"https:\/\/www.eldiario.net\/portal\/#\/schema\/logo\/image\/"},"sameAs":["https:\/\/www.facebook.com\/eldiario.bolivia\/","https:\/\/x.com\/eldiario_net"]},{"@type":"Person","@id":"https:\/\/www.eldiario.net\/portal\/#\/schema\/person\/f46445640444750d7d753ccd04ae01b7","name":"Jeanette","image":{"@type":"ImageObject","inLanguage":"es","@id":"https:\/\/secure.gravatar.com\/avatar\/3ea2118a5f7dad2b7138b1187a6b7ee55f160b9968b66013c3a3ef39dd7e5798?s=96&d=mm&r=g","url":"https:\/\/secure.gravatar.com\/avatar\/3ea2118a5f7dad2b7138b1187a6b7ee55f160b9968b66013c3a3ef39dd7e5798?s=96&d=mm&r=g","contentUrl":"https:\/\/secure.gravatar.com\/avatar\/3ea2118a5f7dad2b7138b1187a6b7ee55f160b9968b66013c3a3ef39dd7e5798?s=96&d=mm&r=g","caption":"Jeanette"},"sameAs":["https:\/\/www.eldiario.net\/portal"],"url":"https:\/\/www.eldiario.net\/portal\/author\/jeanette\/"}]}},"_links":{"self":[{"href":"https:\/\/www.eldiario.net\/portal\/wp-json\/wp\/v2\/posts\/350370","targetHints":{"allow":["GET"]}}],"collection":[{"href":"https:\/\/www.eldiario.net\/portal\/wp-json\/wp\/v2\/posts"}],"about":[{"href":"https:\/\/www.eldiario.net\/portal\/wp-json\/wp\/v2\/types\/post"}],"author":[{"embeddable":true,"href":"https:\/\/www.eldiario.net\/portal\/wp-json\/wp\/v2\/users\/1"}],"replies":[{"embeddable":true,"href":"https:\/\/www.eldiario.net\/portal\/wp-json\/wp\/v2\/comments?post=350370"}],"version-history":[{"count":1,"href":"https:\/\/www.eldiario.net\/portal\/wp-json\/wp\/v2\/posts\/350370\/revisions"}],"predecessor-version":[{"id":350372,"href":"https:\/\/www.eldiario.net\/portal\/wp-json\/wp\/v2\/posts\/350370\/revisions\/350372"}],"wp:featuredmedia":[{"embeddable":true,"href":"https:\/\/www.eldiario.net\/portal\/wp-json\/wp\/v2\/media\/350371"}],"wp:attachment":[{"href":"https:\/\/www.eldiario.net\/portal\/wp-json\/wp\/v2\/media?parent=350370"}],"wp:term":[{"taxonomy":"category","embeddable":true,"href":"https:\/\/www.eldiario.net\/portal\/wp-json\/wp\/v2\/categories?post=350370"},{"taxonomy":"post_tag","embeddable":true,"href":"https:\/\/www.eldiario.net\/portal\/wp-json\/wp\/v2\/tags?post=350370"}],"curies":[{"name":"wp","href":"https:\/\/api.w.org\/{rel}","templated":true}]}}