{"id":350367,"date":"2025-12-06T07:26:49","date_gmt":"2025-12-06T11:26:49","guid":{"rendered":"https:\/\/www.eldiario.net\/portal\/?p=350367"},"modified":"2025-12-06T07:26:49","modified_gmt":"2025-12-06T11:26:49","slug":"administradora-de-puerto-arica-compromete-maquinaria-y-recursos-para-agilizar-despachos","status":"publish","type":"post","link":"https:\/\/www.eldiario.net\/portal\/2025\/12\/06\/administradora-de-puerto-arica-compromete-maquinaria-y-recursos-para-agilizar-despachos\/","title":{"rendered":"Administradora de Puerto Arica compromete  maquinaria y recursos para agilizar despachos"},"content":{"rendered":"<p>La Administraci\u00f3n de Servicios Portuarios \u2013 Bolivia (ASP-B) inform\u00f3 que se ha coordinado medidas operativas con la administraci\u00f3n de la Terminal Puerto Arica (TPA). Estas acciones est\u00e1n orientadas a mitigar las demoras y optimizar el flujo de despacho en beneficio del transporte pesado boliviano, conforme se comunic\u00f3 oportunamente.<br \/>\nAnte la inquietud del sector del transporte pesado, es oportuno informar que en atenci\u00f3n a los requerimientos de la ASP-B, el 28 de noviembre se trat\u00f3 esta situaci\u00f3n en el Centro de Informaci\u00f3n y Coordinaci\u00f3n (CIC) del Puerto de Arica, instancia que re\u00fane al operador TPA, la ASP-B y representantes del sector del transporte, con el fin de acordar y aplicar soluciones operativas que permitan acelerar la atenci\u00f3n de la carga boliviana, se\u00f1ala una nota de prensa de la entidad p\u00fablica.<br \/>\nEn dicha reuni\u00f3n, el TPA se comprometi\u00f3 a atender de manera inmediata los despachos con mayor retraso y solicit\u00f3 una tolerancia de diez d\u00edas para regularizar progresivamente el ritmo de atenci\u00f3n, a trav\u00e9s de la asignaci\u00f3n prioritaria de recursos, la incorporaci\u00f3n de personal adicional y la habilitaci\u00f3n de maquinaria especializada que refuerce su capacidad operativa.<br \/>\nProducto de las acciones implementadas, los operadores del TPA est\u00e1n regularizando de forma gradual los despachos, en particular del servicio desconsolidado, donde se evidenciaron las mayores demoras.<br \/>\nPara atender la demanda de los transportistas, la tarde del viernes se program\u00f3 realizar una mesa de trabajo con autoridades de la Canciller\u00eda de Bolivia; el Ministerio de Obras P\u00fablicas, Servicios y Vivienda; los ejecutivos de la Administraci\u00f3n de Servicios Portuarios \u2013 Bolivia y los dirigentes del transporte pesado internacional.<br \/>\nLa ASP-B ratifica que continuar\u00e1 gestionando y coordinando las acciones necesarias, en el marco de sus funciones, con el objetivo de facilitar un flujo continuo de carga y garantizar un servicio portuario eficiente que resguarde la econom\u00eda de los operadores de comercio exterior y del transporte pesado internacional.<\/p>\n","protected":false},"excerpt":{"rendered":"<p>La Administraci\u00f3n de Servicios Portuarios \u2013 Bolivia (ASP-B) inform\u00f3 que se ha coordinado medidas operativas con la administraci\u00f3n de la Terminal Puerto Arica (TPA). Estas acciones est\u00e1n orientadas a mitigar las demoras y optimizar el flujo de despacho en beneficio del transporte pesado boliviano, conforme se comunic\u00f3 oportunamente. Ante la inquietud del sector del transporte [&hellip;]<\/p>\n","protected":false},"author":1,"featured_media":350368,"comment_status":"closed","ping_status":"open","sticky":false,"template":"","format":"standard","meta":{"_acf_changed":false,"footnotes":""},"categories":[7],"tags":[],"class_list":["post-350367","post","type-post","status-publish","format-standard","has-post-thumbnail","category-economia"],"acf":{"antetitulo":""},"yoast_head":"<!-- This site is optimized with the Yoast SEO plugin v28.3 - https:\/\/yoast.com\/product\/yoast-seo-wordpress\/ -->\n<title>Administradora de Puerto Arica compromete maquinaria y recursos para agilizar despachos - El Diario - Bolivia<\/title>\n<meta name=\"robots\" content=\"index, follow, max-snippet:-1, max-image-preview:large, max-video-preview:-1\" \/>\n<link rel=\"canonical\" href=\"https:\/\/www.eldiario.net\/portal\/2025\/12\/06\/administradora-de-puerto-arica-compromete-maquinaria-y-recursos-para-agilizar-despachos\/\" \/>\n<meta property=\"og:locale\" content=\"es_ES\" \/>\n<meta property=\"og:type\" content=\"article\" \/>\n<meta property=\"og:title\" content=\"Administradora de Puerto Arica compromete maquinaria y recursos para agilizar despachos - El Diario - Bolivia\" \/>\n<meta property=\"og:description\" content=\"La Administraci\u00f3n de Servicios Portuarios \u2013 Bolivia (ASP-B) inform\u00f3 que se ha coordinado medidas operativas con la administraci\u00f3n de la Terminal Puerto Arica (TPA). Estas acciones est\u00e1n orientadas a mitigar las demoras y optimizar el flujo de despacho en beneficio del transporte pesado boliviano, conforme se comunic\u00f3 oportunamente. Ante la inquietud del sector del transporte [&hellip;]\" \/>\n<meta property=\"og:url\" content=\"https:\/\/www.eldiario.net\/portal\/2025\/12\/06\/administradora-de-puerto-arica-compromete-maquinaria-y-recursos-para-agilizar-despachos\/\" \/>\n<meta property=\"og:site_name\" content=\"El Diario - Bolivia\" \/>\n<meta property=\"article:publisher\" content=\"https:\/\/www.facebook.com\/eldiario.bolivia\/\" \/>\n<meta property=\"article:published_time\" content=\"2025-12-06T11:26:49+00:00\" \/>\n<meta property=\"og:image\" content=\"https:\/\/www.eldiario.net\/portal\/wp-content\/uploads\/2025\/12\/asp.webp\" \/>\n\t<meta property=\"og:image:width\" content=\"1080\" \/>\n\t<meta property=\"og:image:height\" content=\"978\" \/>\n\t<meta property=\"og:image:type\" content=\"image\/webp\" \/>\n<meta name=\"author\" content=\"Jeanette\" \/>\n<meta name=\"twitter:card\" content=\"summary_large_image\" \/>\n<meta name=\"twitter:creator\" content=\"@eldiario_net\" \/>\n<meta name=\"twitter:site\" content=\"@eldiario_net\" \/>\n<meta name=\"twitter:label1\" content=\"Escrito por\" \/>\n\t<meta name=\"twitter:data1\" content=\"Jeanette\" \/>\n\t<meta name=\"twitter:label2\" content=\"Tiempo de lectura\" \/>\n\t<meta name=\"twitter:data2\" content=\"2 minutos\" \/>\n<script type=\"application\/ld+json\" class=\"yoast-schema-graph\">{\"@context\":\"https:\\\/\\\/schema.org\",\"@graph\":[{\"@type\":\"Article\",\"@id\":\"https:\\\/\\\/www.eldiario.net\\\/portal\\\/2025\\\/12\\\/06\\\/administradora-de-puerto-arica-compromete-maquinaria-y-recursos-para-agilizar-despachos\\\/#article\",\"isPartOf\":{\"@id\":\"https:\\\/\\\/www.eldiario.net\\\/portal\\\/2025\\\/12\\\/06\\\/administradora-de-puerto-arica-compromete-maquinaria-y-recursos-para-agilizar-despachos\\\/\"},\"author\":{\"name\":\"Jeanette\",\"@id\":\"https:\\\/\\\/www.eldiario.net\\\/portal\\\/#\\\/schema\\\/person\\\/f46445640444750d7d753ccd04ae01b7\"},\"headline\":\"Administradora de Puerto Arica compromete maquinaria y recursos para agilizar despachos\",\"datePublished\":\"2025-12-06T11:26:49+00:00\",\"mainEntityOfPage\":{\"@id\":\"https:\\\/\\\/www.eldiario.net\\\/portal\\\/2025\\\/12\\\/06\\\/administradora-de-puerto-arica-compromete-maquinaria-y-recursos-para-agilizar-despachos\\\/\"},\"wordCount\":340,\"publisher\":{\"@id\":\"https:\\\/\\\/www.eldiario.net\\\/portal\\\/#organization\"},\"image\":{\"@id\":\"https:\\\/\\\/www.eldiario.net\\\/portal\\\/2025\\\/12\\\/06\\\/administradora-de-puerto-arica-compromete-maquinaria-y-recursos-para-agilizar-despachos\\\/#primaryimage\"},\"thumbnailUrl\":\"https:\\\/\\\/www.eldiario.net\\\/portal\\\/wp-content\\\/uploads\\\/2025\\\/12\\\/asp.webp\",\"articleSection\":[\"Econom\u00eda\"],\"inLanguage\":\"es\"},{\"@type\":\"WebPage\",\"@id\":\"https:\\\/\\\/www.eldiario.net\\\/portal\\\/2025\\\/12\\\/06\\\/administradora-de-puerto-arica-compromete-maquinaria-y-recursos-para-agilizar-despachos\\\/\",\"url\":\"https:\\\/\\\/www.eldiario.net\\\/portal\\\/2025\\\/12\\\/06\\\/administradora-de-puerto-arica-compromete-maquinaria-y-recursos-para-agilizar-despachos\\\/\",\"name\":\"Administradora de Puerto Arica compromete maquinaria y recursos para agilizar despachos - El Diario - Bolivia\",\"isPartOf\":{\"@id\":\"https:\\\/\\\/www.eldiario.net\\\/portal\\\/#website\"},\"primaryImageOfPage\":{\"@id\":\"https:\\\/\\\/www.eldiario.net\\\/portal\\\/2025\\\/12\\\/06\\\/administradora-de-puerto-arica-compromete-maquinaria-y-recursos-para-agilizar-despachos\\\/#primaryimage\"},\"image\":{\"@id\":\"https:\\\/\\\/www.eldiario.net\\\/portal\\\/2025\\\/12\\\/06\\\/administradora-de-puerto-arica-compromete-maquinaria-y-recursos-para-agilizar-despachos\\\/#primaryimage\"},\"thumbnailUrl\":\"https:\\\/\\\/www.eldiario.net\\\/portal\\\/wp-content\\\/uploads\\\/2025\\\/12\\\/asp.webp\",\"datePublished\":\"2025-12-06T11:26:49+00:00\",\"breadcrumb\":{\"@id\":\"https:\\\/\\\/www.eldiario.net\\\/portal\\\/2025\\\/12\\\/06\\\/administradora-de-puerto-arica-compromete-maquinaria-y-recursos-para-agilizar-despachos\\\/#breadcrumb\"},\"inLanguage\":\"es\",\"potentialAction\":[{\"@type\":\"ReadAction\",\"target\":[\"https:\\\/\\\/www.eldiario.net\\\/portal\\\/2025\\\/12\\\/06\\\/administradora-de-puerto-arica-compromete-maquinaria-y-recursos-para-agilizar-despachos\\\/\"]}]},{\"@type\":\"ImageObject\",\"inLanguage\":\"es\",\"@id\":\"https:\\\/\\\/www.eldiario.net\\\/portal\\\/2025\\\/12\\\/06\\\/administradora-de-puerto-arica-compromete-maquinaria-y-recursos-para-agilizar-despachos\\\/#primaryimage\",\"url\":\"https:\\\/\\\/www.eldiario.net\\\/portal\\\/wp-content\\\/uploads\\\/2025\\\/12\\\/asp.webp\",\"contentUrl\":\"https:\\\/\\\/www.eldiario.net\\\/portal\\\/wp-content\\\/uploads\\\/2025\\\/12\\\/asp.webp\",\"width\":1080,\"height\":978,\"caption\":\"Puerto de Arica\"},{\"@type\":\"BreadcrumbList\",\"@id\":\"https:\\\/\\\/www.eldiario.net\\\/portal\\\/2025\\\/12\\\/06\\\/administradora-de-puerto-arica-compromete-maquinaria-y-recursos-para-agilizar-despachos\\\/#breadcrumb\",\"itemListElement\":[{\"@type\":\"ListItem\",\"position\":1,\"name\":\"Portada\",\"item\":\"https:\\\/\\\/www.eldiario.net\\\/portal\\\/\"},{\"@type\":\"ListItem\",\"position\":2,\"name\":\"Administradora de Puerto Arica compromete maquinaria y recursos para agilizar despachos\"}]},{\"@type\":\"WebSite\",\"@id\":\"https:\\\/\\\/www.eldiario.net\\\/portal\\\/#website\",\"url\":\"https:\\\/\\\/www.eldiario.net\\\/portal\\\/\",\"name\":\"El Diario - Decano de la prensa nacional\",\"description\":\"El Diario - Decano de la prensa nacional\",\"publisher\":{\"@id\":\"https:\\\/\\\/www.eldiario.net\\\/portal\\\/#organization\"},\"potentialAction\":[{\"@type\":\"SearchAction\",\"target\":{\"@type\":\"EntryPoint\",\"urlTemplate\":\"https:\\\/\\\/www.eldiario.net\\\/portal\\\/?s={search_term_string}\"},\"query-input\":{\"@type\":\"PropertyValueSpecification\",\"valueRequired\":true,\"valueName\":\"search_term_string\"}}],\"inLanguage\":\"es\"},{\"@type\":\"Organization\",\"@id\":\"https:\\\/\\\/www.eldiario.net\\\/portal\\\/#organization\",\"name\":\"El Diario - Decano de la prensa nacional\",\"url\":\"https:\\\/\\\/www.eldiario.net\\\/portal\\\/\",\"logo\":{\"@type\":\"ImageObject\",\"inLanguage\":\"es\",\"@id\":\"https:\\\/\\\/www.eldiario.net\\\/portal\\\/#\\\/schema\\\/logo\\\/image\\\/\",\"url\":\"https:\\\/\\\/www.eldiario.net\\\/portal\\\/wp-content\\\/uploads\\\/2023\\\/07\\\/logo_ED.jpg\",\"contentUrl\":\"https:\\\/\\\/www.eldiario.net\\\/portal\\\/wp-content\\\/uploads\\\/2023\\\/07\\\/logo_ED.jpg\",\"width\":272,\"height\":52,\"caption\":\"El Diario - Decano de la prensa nacional\"},\"image\":{\"@id\":\"https:\\\/\\\/www.eldiario.net\\\/portal\\\/#\\\/schema\\\/logo\\\/image\\\/\"},\"sameAs\":[\"https:\\\/\\\/www.facebook.com\\\/eldiario.bolivia\\\/\",\"https:\\\/\\\/x.com\\\/eldiario_net\"]},{\"@type\":\"Person\",\"@id\":\"https:\\\/\\\/www.eldiario.net\\\/portal\\\/#\\\/schema\\\/person\\\/f46445640444750d7d753ccd04ae01b7\",\"name\":\"Jeanette\",\"image\":{\"@type\":\"ImageObject\",\"inLanguage\":\"es\",\"@id\":\"https:\\\/\\\/secure.gravatar.com\\\/avatar\\\/3ea2118a5f7dad2b7138b1187a6b7ee55f160b9968b66013c3a3ef39dd7e5798?s=96&d=mm&r=g\",\"url\":\"https:\\\/\\\/secure.gravatar.com\\\/avatar\\\/3ea2118a5f7dad2b7138b1187a6b7ee55f160b9968b66013c3a3ef39dd7e5798?s=96&d=mm&r=g\",\"contentUrl\":\"https:\\\/\\\/secure.gravatar.com\\\/avatar\\\/3ea2118a5f7dad2b7138b1187a6b7ee55f160b9968b66013c3a3ef39dd7e5798?s=96&d=mm&r=g\",\"caption\":\"Jeanette\"},\"sameAs\":[\"https:\\\/\\\/www.eldiario.net\\\/portal\"],\"url\":\"https:\\\/\\\/www.eldiario.net\\\/portal\\\/author\\\/jeanette\\\/\"}]}<\/script>\n<!-- \/ Yoast SEO plugin. -->","yoast_head_json":{"title":"Administradora de Puerto Arica compromete maquinaria y recursos para agilizar despachos - El Diario - Bolivia","robots":{"index":"index","follow":"follow","max-snippet":"max-snippet:-1","max-image-preview":"max-image-preview:large","max-video-preview":"max-video-preview:-1"},"canonical":"https:\/\/www.eldiario.net\/portal\/2025\/12\/06\/administradora-de-puerto-arica-compromete-maquinaria-y-recursos-para-agilizar-despachos\/","og_locale":"es_ES","og_type":"article","og_title":"Administradora de Puerto Arica compromete maquinaria y recursos para agilizar despachos - El Diario - Bolivia","og_description":"La Administraci\u00f3n de Servicios Portuarios \u2013 Bolivia (ASP-B) inform\u00f3 que se ha coordinado medidas operativas con la administraci\u00f3n de la Terminal Puerto Arica (TPA). Estas acciones est\u00e1n orientadas a mitigar las demoras y optimizar el flujo de despacho en beneficio del transporte pesado boliviano, conforme se comunic\u00f3 oportunamente. Ante la inquietud del sector del transporte [&hellip;]","og_url":"https:\/\/www.eldiario.net\/portal\/2025\/12\/06\/administradora-de-puerto-arica-compromete-maquinaria-y-recursos-para-agilizar-despachos\/","og_site_name":"El Diario - Bolivia","article_publisher":"https:\/\/www.facebook.com\/eldiario.bolivia\/","article_published_time":"2025-12-06T11:26:49+00:00","og_image":[{"width":1080,"height":978,"url":"https:\/\/www.eldiario.net\/portal\/wp-content\/uploads\/2025\/12\/asp.webp","type":"image\/webp"}],"author":"Jeanette","twitter_card":"summary_large_image","twitter_creator":"@eldiario_net","twitter_site":"@eldiario_net","twitter_misc":{"Escrito por":"Jeanette","Tiempo de lectura":"2 minutos"},"schema":{"@context":"https:\/\/schema.org","@graph":[{"@type":"Article","@id":"https:\/\/www.eldiario.net\/portal\/2025\/12\/06\/administradora-de-puerto-arica-compromete-maquinaria-y-recursos-para-agilizar-despachos\/#article","isPartOf":{"@id":"https:\/\/www.eldiario.net\/portal\/2025\/12\/06\/administradora-de-puerto-arica-compromete-maquinaria-y-recursos-para-agilizar-despachos\/"},"author":{"name":"Jeanette","@id":"https:\/\/www.eldiario.net\/portal\/#\/schema\/person\/f46445640444750d7d753ccd04ae01b7"},"headline":"Administradora de Puerto Arica compromete maquinaria y recursos para agilizar despachos","datePublished":"2025-12-06T11:26:49+00:00","mainEntityOfPage":{"@id":"https:\/\/www.eldiario.net\/portal\/2025\/12\/06\/administradora-de-puerto-arica-compromete-maquinaria-y-recursos-para-agilizar-despachos\/"},"wordCount":340,"publisher":{"@id":"https:\/\/www.eldiario.net\/portal\/#organization"},"image":{"@id":"https:\/\/www.eldiario.net\/portal\/2025\/12\/06\/administradora-de-puerto-arica-compromete-maquinaria-y-recursos-para-agilizar-despachos\/#primaryimage"},"thumbnailUrl":"https:\/\/www.eldiario.net\/portal\/wp-content\/uploads\/2025\/12\/asp.webp","articleSection":["Econom\u00eda"],"inLanguage":"es"},{"@type":"WebPage","@id":"https:\/\/www.eldiario.net\/portal\/2025\/12\/06\/administradora-de-puerto-arica-compromete-maquinaria-y-recursos-para-agilizar-despachos\/","url":"https:\/\/www.eldiario.net\/portal\/2025\/12\/06\/administradora-de-puerto-arica-compromete-maquinaria-y-recursos-para-agilizar-despachos\/","name":"Administradora de Puerto Arica compromete maquinaria y recursos para agilizar despachos - El Diario - Bolivia","isPartOf":{"@id":"https:\/\/www.eldiario.net\/portal\/#website"},"primaryImageOfPage":{"@id":"https:\/\/www.eldiario.net\/portal\/2025\/12\/06\/administradora-de-puerto-arica-compromete-maquinaria-y-recursos-para-agilizar-despachos\/#primaryimage"},"image":{"@id":"https:\/\/www.eldiario.net\/portal\/2025\/12\/06\/administradora-de-puerto-arica-compromete-maquinaria-y-recursos-para-agilizar-despachos\/#primaryimage"},"thumbnailUrl":"https:\/\/www.eldiario.net\/portal\/wp-content\/uploads\/2025\/12\/asp.webp","datePublished":"2025-12-06T11:26:49+00:00","breadcrumb":{"@id":"https:\/\/www.eldiario.net\/portal\/2025\/12\/06\/administradora-de-puerto-arica-compromete-maquinaria-y-recursos-para-agilizar-despachos\/#breadcrumb"},"inLanguage":"es","potentialAction":[{"@type":"ReadAction","target":["https:\/\/www.eldiario.net\/portal\/2025\/12\/06\/administradora-de-puerto-arica-compromete-maquinaria-y-recursos-para-agilizar-despachos\/"]}]},{"@type":"ImageObject","inLanguage":"es","@id":"https:\/\/www.eldiario.net\/portal\/2025\/12\/06\/administradora-de-puerto-arica-compromete-maquinaria-y-recursos-para-agilizar-despachos\/#primaryimage","url":"https:\/\/www.eldiario.net\/portal\/wp-content\/uploads\/2025\/12\/asp.webp","contentUrl":"https:\/\/www.eldiario.net\/portal\/wp-content\/uploads\/2025\/12\/asp.webp","width":1080,"height":978,"caption":"Puerto de Arica"},{"@type":"BreadcrumbList","@id":"https:\/\/www.eldiario.net\/portal\/2025\/12\/06\/administradora-de-puerto-arica-compromete-maquinaria-y-recursos-para-agilizar-despachos\/#breadcrumb","itemListElement":[{"@type":"ListItem","position":1,"name":"Portada","item":"https:\/\/www.eldiario.net\/portal\/"},{"@type":"ListItem","position":2,"name":"Administradora de Puerto Arica compromete maquinaria y recursos para agilizar despachos"}]},{"@type":"WebSite","@id":"https:\/\/www.eldiario.net\/portal\/#website","url":"https:\/\/www.eldiario.net\/portal\/","name":"El Diario - Decano de la prensa nacional","description":"El Diario - Decano de la prensa nacional","publisher":{"@id":"https:\/\/www.eldiario.net\/portal\/#organization"},"potentialAction":[{"@type":"SearchAction","target":{"@type":"EntryPoint","urlTemplate":"https:\/\/www.eldiario.net\/portal\/?s={search_term_string}"},"query-input":{"@type":"PropertyValueSpecification","valueRequired":true,"valueName":"search_term_string"}}],"inLanguage":"es"},{"@type":"Organization","@id":"https:\/\/www.eldiario.net\/portal\/#organization","name":"El Diario - Decano de la prensa nacional","url":"https:\/\/www.eldiario.net\/portal\/","logo":{"@type":"ImageObject","inLanguage":"es","@id":"https:\/\/www.eldiario.net\/portal\/#\/schema\/logo\/image\/","url":"https:\/\/www.eldiario.net\/portal\/wp-content\/uploads\/2023\/07\/logo_ED.jpg","contentUrl":"https:\/\/www.eldiario.net\/portal\/wp-content\/uploads\/2023\/07\/logo_ED.jpg","width":272,"height":52,"caption":"El Diario - Decano de la prensa nacional"},"image":{"@id":"https:\/\/www.eldiario.net\/portal\/#\/schema\/logo\/image\/"},"sameAs":["https:\/\/www.facebook.com\/eldiario.bolivia\/","https:\/\/x.com\/eldiario_net"]},{"@type":"Person","@id":"https:\/\/www.eldiario.net\/portal\/#\/schema\/person\/f46445640444750d7d753ccd04ae01b7","name":"Jeanette","image":{"@type":"ImageObject","inLanguage":"es","@id":"https:\/\/secure.gravatar.com\/avatar\/3ea2118a5f7dad2b7138b1187a6b7ee55f160b9968b66013c3a3ef39dd7e5798?s=96&d=mm&r=g","url":"https:\/\/secure.gravatar.com\/avatar\/3ea2118a5f7dad2b7138b1187a6b7ee55f160b9968b66013c3a3ef39dd7e5798?s=96&d=mm&r=g","contentUrl":"https:\/\/secure.gravatar.com\/avatar\/3ea2118a5f7dad2b7138b1187a6b7ee55f160b9968b66013c3a3ef39dd7e5798?s=96&d=mm&r=g","caption":"Jeanette"},"sameAs":["https:\/\/www.eldiario.net\/portal"],"url":"https:\/\/www.eldiario.net\/portal\/author\/jeanette\/"}]}},"_links":{"self":[{"href":"https:\/\/www.eldiario.net\/portal\/wp-json\/wp\/v2\/posts\/350367","targetHints":{"allow":["GET"]}}],"collection":[{"href":"https:\/\/www.eldiario.net\/portal\/wp-json\/wp\/v2\/posts"}],"about":[{"href":"https:\/\/www.eldiario.net\/portal\/wp-json\/wp\/v2\/types\/post"}],"author":[{"embeddable":true,"href":"https:\/\/www.eldiario.net\/portal\/wp-json\/wp\/v2\/users\/1"}],"replies":[{"embeddable":true,"href":"https:\/\/www.eldiario.net\/portal\/wp-json\/wp\/v2\/comments?post=350367"}],"version-history":[{"count":1,"href":"https:\/\/www.eldiario.net\/portal\/wp-json\/wp\/v2\/posts\/350367\/revisions"}],"predecessor-version":[{"id":350369,"href":"https:\/\/www.eldiario.net\/portal\/wp-json\/wp\/v2\/posts\/350367\/revisions\/350369"}],"wp:featuredmedia":[{"embeddable":true,"href":"https:\/\/www.eldiario.net\/portal\/wp-json\/wp\/v2\/media\/350368"}],"wp:attachment":[{"href":"https:\/\/www.eldiario.net\/portal\/wp-json\/wp\/v2\/media?parent=350367"}],"wp:term":[{"taxonomy":"category","embeddable":true,"href":"https:\/\/www.eldiario.net\/portal\/wp-json\/wp\/v2\/categories?post=350367"},{"taxonomy":"post_tag","embeddable":true,"href":"https:\/\/www.eldiario.net\/portal\/wp-json\/wp\/v2\/tags?post=350367"}],"curies":[{"name":"wp","href":"https:\/\/api.w.org\/{rel}","templated":true}]}}