{"id":348928,"date":"2025-11-30T07:44:57","date_gmt":"2025-11-30T11:44:57","guid":{"rendered":"https:\/\/www.eldiario.net\/portal\/?p=348928"},"modified":"2025-11-30T07:44:57","modified_gmt":"2025-11-30T11:44:57","slug":"el-ministerio-que-murio-por-una-discusion","status":"publish","type":"post","link":"https:\/\/www.eldiario.net\/portal\/2025\/11\/30\/el-ministerio-que-murio-por-una-discusion\/","title":{"rendered":"El ministerio que muri\u00f3 por una discusi\u00f3n"},"content":{"rendered":"<p>La escena pol\u00edtica boliviana vuelve a demostrar que las tensiones m\u00e1s profundas no siempre estallan en los grandes debates nacionales, sino en los pasillos palaciegos del poder, donde la fragilidad de las relaciones personales puede alterar por completo el rumbo institucional. La reciente pugna entre el presidente Rodrigo Paz Pereira y su vicepresidente, Edmand Lara, es un ejemplo claro de c\u00f3mo un conflicto aparentemente administrativo puede terminar revelando fracturas mucho m\u00e1s profundas.<br \/>\nTodo comenz\u00f3 con el enredo en la cartera de Justicia. Ese ministerio, que deber\u00eda garantizar transparencia y equilibrio, termin\u00f3 exhibiendo justo lo contrario. El nombramiento de un nuevo titular destap\u00f3 la sentencia ejecutoriada contra Freddy Vidovic, exministro y hombre de absoluta confianza del Vicepresidente. Lara decidi\u00f3 defenderlo sin matices, \u201cmeti\u00f3 las manos al fuego\u201d en vivo y en directo. Una defensa arriesgada, quiz\u00e1 innecesaria, pero que mostraba con claridad sus lealtades.<br \/>\nLo que vino despu\u00e9s fue a\u00fan m\u00e1s inc\u00f3modo: el reemplazante de Vidovic, Jorge Garc\u00eda, tambi\u00e9n cargaba con denuncias y fue Lara, en su estilo sin filtros, quien las puso sobre la mesa. Ese gesto \u2014m\u00e1s frontal que estrat\u00e9gico\u2014 rompi\u00f3 la discreci\u00f3n m\u00ednima que se espera en un gobierno que intenta mostrar cohesi\u00f3n. Lo expuso todo: el desorden interno, la falta de filtros, la debilidad de los procesos de selecci\u00f3n y, sobre todo, el desentendimiento pol\u00edtico entre las dos cabezas del Ejecutivo.<br \/>\nLa reacci\u00f3n del entorno presidencial no tard\u00f3. Garc\u00eda anunci\u00f3 un juicio por difamaci\u00f3n. Y en ese punto la disputa dej\u00f3 de ser una diferencia interna y se convirti\u00f3 en un espect\u00e1culo nacional. El da\u00f1o ya estaba hecho: la ciudadan\u00eda vio a dos altas autoridades lanz\u00e1ndose acusaciones en un pa\u00eds donde la confianza institucional ya es un recurso escaso.<br \/>\nEntonces lleg\u00f3 el golpe m\u00e1s duro: el cierre del Ministerio de Justicia. El Presidente argument\u00f3 que solo estaba cumpliendo una promesa de campa\u00f1a electoral. Pero la secuencia de hechos habla por s\u00ed sola. \u00bfPor qu\u00e9 eliminar el ministerio justo despu\u00e9s de la pol\u00e9mica? \u00bfPor qu\u00e9 ahora y no antes? Es dif\u00edcil aceptar la narrativa oficial sin levantar una ceja.<br \/>\nEl cierre luce m\u00e1s como un movimiento defensivo, casi un manotazo pol\u00edtico para cortar de ra\u00edz la disputa y recuperar control, que como una decisi\u00f3n de Estado. Se us\u00f3 una promesa de campa\u00f1a \u2014real o reinterpretada\u2014 como cortina para resolver una crisis que ya se hab\u00eda desbordado. Y al hacerlo, el Presidente no solo desactiv\u00f3 el conflicto: tambi\u00e9n redujo el margen de influencia de su Vicepresidente, dej\u00e1ndolo expuesto y aislado.<br \/>\nNo se trata simplemente de una an\u00e9cdota pol\u00edtica. Es una se\u00f1al preocupante. El bicefalismo en el poder requiere articulaci\u00f3n, confianza, reglas claras de juego. Hoy, nada de eso parece estar firme. El Vicepresidente act\u00faa como un fiscalizador que dinamita desde adentro y el Presidente toma decisiones dr\u00e1sticas para bloquearlo. Ninguno parece dispuesto a ceder o a reconstruir el puente roto.<br \/>\nY ah\u00ed est\u00e1 el problema de fondo: cuando la relaci\u00f3n entre quienes conducen el Estado se rompe, lo primero que sufre no es su imagen pol\u00edtica, sino la institucionalidad. La disputa por el Ministerio de Justicia termin\u00f3, s\u00ed. Pero la crisis de confianza en el coraz\u00f3n del poder reci\u00e9n comienza. Y cuando la desconfianza se instala en la c\u00faspide, inevitablemente se filtra hacia abajo. Bolivia ya ha visto este tipo de fracturas antes. Ninguna termin\u00f3 bien.<\/p>\n<p>El autor es Periodista &#8211; Comunicador Social.<\/p>\n","protected":false},"excerpt":{"rendered":"<p>La escena pol\u00edtica boliviana vuelve a demostrar que las tensiones m\u00e1s profundas no siempre estallan en los grandes debates nacionales, sino en los pasillos palaciegos del poder, donde la fragilidad de las relaciones personales puede alterar por completo el rumbo institucional. La reciente pugna entre el presidente Rodrigo Paz Pereira y su vicepresidente, Edmand Lara, [&hellip;]<\/p>\n","protected":false},"author":1,"featured_media":322208,"comment_status":"closed","ping_status":"open","sticky":false,"template":"","format":"standard","meta":{"_acf_changed":false,"footnotes":""},"categories":[9],"tags":[],"class_list":["post-348928","post","type-post","status-publish","format-standard","has-post-thumbnail","category-opinion"],"acf":{"antetitulo":""},"yoast_head":"<!-- This site is optimized with the Yoast SEO plugin v28.3 - https:\/\/yoast.com\/product\/yoast-seo-wordpress\/ -->\n<title>El ministerio que muri\u00f3 por una discusi\u00f3n - El Diario - Bolivia<\/title>\n<meta name=\"robots\" content=\"index, follow, max-snippet:-1, max-image-preview:large, max-video-preview:-1\" \/>\n<link rel=\"canonical\" href=\"https:\/\/www.eldiario.net\/portal\/2025\/11\/30\/el-ministerio-que-murio-por-una-discusion\/\" \/>\n<meta property=\"og:locale\" content=\"es_ES\" \/>\n<meta property=\"og:type\" content=\"article\" \/>\n<meta property=\"og:title\" content=\"El ministerio que muri\u00f3 por una discusi\u00f3n - El Diario - Bolivia\" \/>\n<meta property=\"og:description\" content=\"La escena pol\u00edtica boliviana vuelve a demostrar que las tensiones m\u00e1s profundas no siempre estallan en los grandes debates nacionales, sino en los pasillos palaciegos del poder, donde la fragilidad de las relaciones personales puede alterar por completo el rumbo institucional. La reciente pugna entre el presidente Rodrigo Paz Pereira y su vicepresidente, Edmand Lara, [&hellip;]\" \/>\n<meta property=\"og:url\" content=\"https:\/\/www.eldiario.net\/portal\/2025\/11\/30\/el-ministerio-que-murio-por-una-discusion\/\" \/>\n<meta property=\"og:site_name\" content=\"El Diario - Bolivia\" \/>\n<meta property=\"article:publisher\" content=\"https:\/\/www.facebook.com\/eldiario.bolivia\/\" \/>\n<meta property=\"article:published_time\" content=\"2025-11-30T11:44:57+00:00\" \/>\n<meta property=\"og:image\" content=\"https:\/\/www.eldiario.net\/portal\/wp-content\/uploads\/2025\/08\/Jhonny-Salazar-Socpaza.webp\" \/>\n\t<meta property=\"og:image:width\" content=\"1200\" \/>\n\t<meta property=\"og:image:height\" content=\"628\" \/>\n\t<meta property=\"og:image:type\" content=\"image\/webp\" \/>\n<meta name=\"author\" content=\"Jeanette\" \/>\n<meta name=\"twitter:card\" content=\"summary_large_image\" \/>\n<meta name=\"twitter:creator\" content=\"@eldiario_net\" \/>\n<meta name=\"twitter:site\" content=\"@eldiario_net\" \/>\n<meta name=\"twitter:label1\" content=\"Escrito por\" \/>\n\t<meta name=\"twitter:data1\" content=\"Jeanette\" \/>\n\t<meta name=\"twitter:label2\" content=\"Tiempo de lectura\" \/>\n\t<meta name=\"twitter:data2\" content=\"3 minutos\" \/>\n<script type=\"application\/ld+json\" class=\"yoast-schema-graph\">{\"@context\":\"https:\\\/\\\/schema.org\",\"@graph\":[{\"@type\":\"Article\",\"@id\":\"https:\\\/\\\/www.eldiario.net\\\/portal\\\/2025\\\/11\\\/30\\\/el-ministerio-que-murio-por-una-discusion\\\/#article\",\"isPartOf\":{\"@id\":\"https:\\\/\\\/www.eldiario.net\\\/portal\\\/2025\\\/11\\\/30\\\/el-ministerio-que-murio-por-una-discusion\\\/\"},\"author\":{\"name\":\"Jeanette\",\"@id\":\"https:\\\/\\\/www.eldiario.net\\\/portal\\\/#\\\/schema\\\/person\\\/f46445640444750d7d753ccd04ae01b7\"},\"headline\":\"El ministerio que muri\u00f3 por una discusi\u00f3n\",\"datePublished\":\"2025-11-30T11:44:57+00:00\",\"mainEntityOfPage\":{\"@id\":\"https:\\\/\\\/www.eldiario.net\\\/portal\\\/2025\\\/11\\\/30\\\/el-ministerio-que-murio-por-una-discusion\\\/\"},\"wordCount\":612,\"publisher\":{\"@id\":\"https:\\\/\\\/www.eldiario.net\\\/portal\\\/#organization\"},\"image\":{\"@id\":\"https:\\\/\\\/www.eldiario.net\\\/portal\\\/2025\\\/11\\\/30\\\/el-ministerio-que-murio-por-una-discusion\\\/#primaryimage\"},\"thumbnailUrl\":\"https:\\\/\\\/www.eldiario.net\\\/portal\\\/wp-content\\\/uploads\\\/2025\\\/08\\\/Jhonny-Salazar-Socpaza.webp\",\"articleSection\":[\"Opini\u00f3n\"],\"inLanguage\":\"es\"},{\"@type\":\"WebPage\",\"@id\":\"https:\\\/\\\/www.eldiario.net\\\/portal\\\/2025\\\/11\\\/30\\\/el-ministerio-que-murio-por-una-discusion\\\/\",\"url\":\"https:\\\/\\\/www.eldiario.net\\\/portal\\\/2025\\\/11\\\/30\\\/el-ministerio-que-murio-por-una-discusion\\\/\",\"name\":\"El ministerio que muri\u00f3 por una discusi\u00f3n - El Diario - Bolivia\",\"isPartOf\":{\"@id\":\"https:\\\/\\\/www.eldiario.net\\\/portal\\\/#website\"},\"primaryImageOfPage\":{\"@id\":\"https:\\\/\\\/www.eldiario.net\\\/portal\\\/2025\\\/11\\\/30\\\/el-ministerio-que-murio-por-una-discusion\\\/#primaryimage\"},\"image\":{\"@id\":\"https:\\\/\\\/www.eldiario.net\\\/portal\\\/2025\\\/11\\\/30\\\/el-ministerio-que-murio-por-una-discusion\\\/#primaryimage\"},\"thumbnailUrl\":\"https:\\\/\\\/www.eldiario.net\\\/portal\\\/wp-content\\\/uploads\\\/2025\\\/08\\\/Jhonny-Salazar-Socpaza.webp\",\"datePublished\":\"2025-11-30T11:44:57+00:00\",\"breadcrumb\":{\"@id\":\"https:\\\/\\\/www.eldiario.net\\\/portal\\\/2025\\\/11\\\/30\\\/el-ministerio-que-murio-por-una-discusion\\\/#breadcrumb\"},\"inLanguage\":\"es\",\"potentialAction\":[{\"@type\":\"ReadAction\",\"target\":[\"https:\\\/\\\/www.eldiario.net\\\/portal\\\/2025\\\/11\\\/30\\\/el-ministerio-que-murio-por-una-discusion\\\/\"]}]},{\"@type\":\"ImageObject\",\"inLanguage\":\"es\",\"@id\":\"https:\\\/\\\/www.eldiario.net\\\/portal\\\/2025\\\/11\\\/30\\\/el-ministerio-que-murio-por-una-discusion\\\/#primaryimage\",\"url\":\"https:\\\/\\\/www.eldiario.net\\\/portal\\\/wp-content\\\/uploads\\\/2025\\\/08\\\/Jhonny-Salazar-Socpaza.webp\",\"contentUrl\":\"https:\\\/\\\/www.eldiario.net\\\/portal\\\/wp-content\\\/uploads\\\/2025\\\/08\\\/Jhonny-Salazar-Socpaza.webp\",\"width\":1200,\"height\":628,\"caption\":\"Jhonny Salazar Socpaza\"},{\"@type\":\"BreadcrumbList\",\"@id\":\"https:\\\/\\\/www.eldiario.net\\\/portal\\\/2025\\\/11\\\/30\\\/el-ministerio-que-murio-por-una-discusion\\\/#breadcrumb\",\"itemListElement\":[{\"@type\":\"ListItem\",\"position\":1,\"name\":\"Portada\",\"item\":\"https:\\\/\\\/www.eldiario.net\\\/portal\\\/\"},{\"@type\":\"ListItem\",\"position\":2,\"name\":\"El ministerio que muri\u00f3 por una discusi\u00f3n\"}]},{\"@type\":\"WebSite\",\"@id\":\"https:\\\/\\\/www.eldiario.net\\\/portal\\\/#website\",\"url\":\"https:\\\/\\\/www.eldiario.net\\\/portal\\\/\",\"name\":\"El Diario - Decano de la prensa nacional\",\"description\":\"El Diario - Decano de la prensa nacional\",\"publisher\":{\"@id\":\"https:\\\/\\\/www.eldiario.net\\\/portal\\\/#organization\"},\"potentialAction\":[{\"@type\":\"SearchAction\",\"target\":{\"@type\":\"EntryPoint\",\"urlTemplate\":\"https:\\\/\\\/www.eldiario.net\\\/portal\\\/?s={search_term_string}\"},\"query-input\":{\"@type\":\"PropertyValueSpecification\",\"valueRequired\":true,\"valueName\":\"search_term_string\"}}],\"inLanguage\":\"es\"},{\"@type\":\"Organization\",\"@id\":\"https:\\\/\\\/www.eldiario.net\\\/portal\\\/#organization\",\"name\":\"El Diario - Decano de la prensa nacional\",\"url\":\"https:\\\/\\\/www.eldiario.net\\\/portal\\\/\",\"logo\":{\"@type\":\"ImageObject\",\"inLanguage\":\"es\",\"@id\":\"https:\\\/\\\/www.eldiario.net\\\/portal\\\/#\\\/schema\\\/logo\\\/image\\\/\",\"url\":\"https:\\\/\\\/www.eldiario.net\\\/portal\\\/wp-content\\\/uploads\\\/2023\\\/07\\\/logo_ED.jpg\",\"contentUrl\":\"https:\\\/\\\/www.eldiario.net\\\/portal\\\/wp-content\\\/uploads\\\/2023\\\/07\\\/logo_ED.jpg\",\"width\":272,\"height\":52,\"caption\":\"El Diario - Decano de la prensa nacional\"},\"image\":{\"@id\":\"https:\\\/\\\/www.eldiario.net\\\/portal\\\/#\\\/schema\\\/logo\\\/image\\\/\"},\"sameAs\":[\"https:\\\/\\\/www.facebook.com\\\/eldiario.bolivia\\\/\",\"https:\\\/\\\/x.com\\\/eldiario_net\"]},{\"@type\":\"Person\",\"@id\":\"https:\\\/\\\/www.eldiario.net\\\/portal\\\/#\\\/schema\\\/person\\\/f46445640444750d7d753ccd04ae01b7\",\"name\":\"Jeanette\",\"image\":{\"@type\":\"ImageObject\",\"inLanguage\":\"es\",\"@id\":\"https:\\\/\\\/secure.gravatar.com\\\/avatar\\\/3ea2118a5f7dad2b7138b1187a6b7ee55f160b9968b66013c3a3ef39dd7e5798?s=96&d=mm&r=g\",\"url\":\"https:\\\/\\\/secure.gravatar.com\\\/avatar\\\/3ea2118a5f7dad2b7138b1187a6b7ee55f160b9968b66013c3a3ef39dd7e5798?s=96&d=mm&r=g\",\"contentUrl\":\"https:\\\/\\\/secure.gravatar.com\\\/avatar\\\/3ea2118a5f7dad2b7138b1187a6b7ee55f160b9968b66013c3a3ef39dd7e5798?s=96&d=mm&r=g\",\"caption\":\"Jeanette\"},\"sameAs\":[\"https:\\\/\\\/www.eldiario.net\\\/portal\"],\"url\":\"https:\\\/\\\/www.eldiario.net\\\/portal\\\/author\\\/jeanette\\\/\"}]}<\/script>\n<!-- \/ Yoast SEO plugin. -->","yoast_head_json":{"title":"El ministerio que muri\u00f3 por una discusi\u00f3n - El Diario - Bolivia","robots":{"index":"index","follow":"follow","max-snippet":"max-snippet:-1","max-image-preview":"max-image-preview:large","max-video-preview":"max-video-preview:-1"},"canonical":"https:\/\/www.eldiario.net\/portal\/2025\/11\/30\/el-ministerio-que-murio-por-una-discusion\/","og_locale":"es_ES","og_type":"article","og_title":"El ministerio que muri\u00f3 por una discusi\u00f3n - El Diario - Bolivia","og_description":"La escena pol\u00edtica boliviana vuelve a demostrar que las tensiones m\u00e1s profundas no siempre estallan en los grandes debates nacionales, sino en los pasillos palaciegos del poder, donde la fragilidad de las relaciones personales puede alterar por completo el rumbo institucional. La reciente pugna entre el presidente Rodrigo Paz Pereira y su vicepresidente, Edmand Lara, [&hellip;]","og_url":"https:\/\/www.eldiario.net\/portal\/2025\/11\/30\/el-ministerio-que-murio-por-una-discusion\/","og_site_name":"El Diario - Bolivia","article_publisher":"https:\/\/www.facebook.com\/eldiario.bolivia\/","article_published_time":"2025-11-30T11:44:57+00:00","og_image":[{"width":1200,"height":628,"url":"https:\/\/www.eldiario.net\/portal\/wp-content\/uploads\/2025\/08\/Jhonny-Salazar-Socpaza.webp","type":"image\/webp"}],"author":"Jeanette","twitter_card":"summary_large_image","twitter_creator":"@eldiario_net","twitter_site":"@eldiario_net","twitter_misc":{"Escrito por":"Jeanette","Tiempo de lectura":"3 minutos"},"schema":{"@context":"https:\/\/schema.org","@graph":[{"@type":"Article","@id":"https:\/\/www.eldiario.net\/portal\/2025\/11\/30\/el-ministerio-que-murio-por-una-discusion\/#article","isPartOf":{"@id":"https:\/\/www.eldiario.net\/portal\/2025\/11\/30\/el-ministerio-que-murio-por-una-discusion\/"},"author":{"name":"Jeanette","@id":"https:\/\/www.eldiario.net\/portal\/#\/schema\/person\/f46445640444750d7d753ccd04ae01b7"},"headline":"El ministerio que muri\u00f3 por una discusi\u00f3n","datePublished":"2025-11-30T11:44:57+00:00","mainEntityOfPage":{"@id":"https:\/\/www.eldiario.net\/portal\/2025\/11\/30\/el-ministerio-que-murio-por-una-discusion\/"},"wordCount":612,"publisher":{"@id":"https:\/\/www.eldiario.net\/portal\/#organization"},"image":{"@id":"https:\/\/www.eldiario.net\/portal\/2025\/11\/30\/el-ministerio-que-murio-por-una-discusion\/#primaryimage"},"thumbnailUrl":"https:\/\/www.eldiario.net\/portal\/wp-content\/uploads\/2025\/08\/Jhonny-Salazar-Socpaza.webp","articleSection":["Opini\u00f3n"],"inLanguage":"es"},{"@type":"WebPage","@id":"https:\/\/www.eldiario.net\/portal\/2025\/11\/30\/el-ministerio-que-murio-por-una-discusion\/","url":"https:\/\/www.eldiario.net\/portal\/2025\/11\/30\/el-ministerio-que-murio-por-una-discusion\/","name":"El ministerio que muri\u00f3 por una discusi\u00f3n - El Diario - Bolivia","isPartOf":{"@id":"https:\/\/www.eldiario.net\/portal\/#website"},"primaryImageOfPage":{"@id":"https:\/\/www.eldiario.net\/portal\/2025\/11\/30\/el-ministerio-que-murio-por-una-discusion\/#primaryimage"},"image":{"@id":"https:\/\/www.eldiario.net\/portal\/2025\/11\/30\/el-ministerio-que-murio-por-una-discusion\/#primaryimage"},"thumbnailUrl":"https:\/\/www.eldiario.net\/portal\/wp-content\/uploads\/2025\/08\/Jhonny-Salazar-Socpaza.webp","datePublished":"2025-11-30T11:44:57+00:00","breadcrumb":{"@id":"https:\/\/www.eldiario.net\/portal\/2025\/11\/30\/el-ministerio-que-murio-por-una-discusion\/#breadcrumb"},"inLanguage":"es","potentialAction":[{"@type":"ReadAction","target":["https:\/\/www.eldiario.net\/portal\/2025\/11\/30\/el-ministerio-que-murio-por-una-discusion\/"]}]},{"@type":"ImageObject","inLanguage":"es","@id":"https:\/\/www.eldiario.net\/portal\/2025\/11\/30\/el-ministerio-que-murio-por-una-discusion\/#primaryimage","url":"https:\/\/www.eldiario.net\/portal\/wp-content\/uploads\/2025\/08\/Jhonny-Salazar-Socpaza.webp","contentUrl":"https:\/\/www.eldiario.net\/portal\/wp-content\/uploads\/2025\/08\/Jhonny-Salazar-Socpaza.webp","width":1200,"height":628,"caption":"Jhonny Salazar Socpaza"},{"@type":"BreadcrumbList","@id":"https:\/\/www.eldiario.net\/portal\/2025\/11\/30\/el-ministerio-que-murio-por-una-discusion\/#breadcrumb","itemListElement":[{"@type":"ListItem","position":1,"name":"Portada","item":"https:\/\/www.eldiario.net\/portal\/"},{"@type":"ListItem","position":2,"name":"El ministerio que muri\u00f3 por una discusi\u00f3n"}]},{"@type":"WebSite","@id":"https:\/\/www.eldiario.net\/portal\/#website","url":"https:\/\/www.eldiario.net\/portal\/","name":"El Diario - Decano de la prensa nacional","description":"El Diario - Decano de la prensa nacional","publisher":{"@id":"https:\/\/www.eldiario.net\/portal\/#organization"},"potentialAction":[{"@type":"SearchAction","target":{"@type":"EntryPoint","urlTemplate":"https:\/\/www.eldiario.net\/portal\/?s={search_term_string}"},"query-input":{"@type":"PropertyValueSpecification","valueRequired":true,"valueName":"search_term_string"}}],"inLanguage":"es"},{"@type":"Organization","@id":"https:\/\/www.eldiario.net\/portal\/#organization","name":"El Diario - Decano de la prensa nacional","url":"https:\/\/www.eldiario.net\/portal\/","logo":{"@type":"ImageObject","inLanguage":"es","@id":"https:\/\/www.eldiario.net\/portal\/#\/schema\/logo\/image\/","url":"https:\/\/www.eldiario.net\/portal\/wp-content\/uploads\/2023\/07\/logo_ED.jpg","contentUrl":"https:\/\/www.eldiario.net\/portal\/wp-content\/uploads\/2023\/07\/logo_ED.jpg","width":272,"height":52,"caption":"El Diario - Decano de la prensa nacional"},"image":{"@id":"https:\/\/www.eldiario.net\/portal\/#\/schema\/logo\/image\/"},"sameAs":["https:\/\/www.facebook.com\/eldiario.bolivia\/","https:\/\/x.com\/eldiario_net"]},{"@type":"Person","@id":"https:\/\/www.eldiario.net\/portal\/#\/schema\/person\/f46445640444750d7d753ccd04ae01b7","name":"Jeanette","image":{"@type":"ImageObject","inLanguage":"es","@id":"https:\/\/secure.gravatar.com\/avatar\/3ea2118a5f7dad2b7138b1187a6b7ee55f160b9968b66013c3a3ef39dd7e5798?s=96&d=mm&r=g","url":"https:\/\/secure.gravatar.com\/avatar\/3ea2118a5f7dad2b7138b1187a6b7ee55f160b9968b66013c3a3ef39dd7e5798?s=96&d=mm&r=g","contentUrl":"https:\/\/secure.gravatar.com\/avatar\/3ea2118a5f7dad2b7138b1187a6b7ee55f160b9968b66013c3a3ef39dd7e5798?s=96&d=mm&r=g","caption":"Jeanette"},"sameAs":["https:\/\/www.eldiario.net\/portal"],"url":"https:\/\/www.eldiario.net\/portal\/author\/jeanette\/"}]}},"_links":{"self":[{"href":"https:\/\/www.eldiario.net\/portal\/wp-json\/wp\/v2\/posts\/348928","targetHints":{"allow":["GET"]}}],"collection":[{"href":"https:\/\/www.eldiario.net\/portal\/wp-json\/wp\/v2\/posts"}],"about":[{"href":"https:\/\/www.eldiario.net\/portal\/wp-json\/wp\/v2\/types\/post"}],"author":[{"embeddable":true,"href":"https:\/\/www.eldiario.net\/portal\/wp-json\/wp\/v2\/users\/1"}],"replies":[{"embeddable":true,"href":"https:\/\/www.eldiario.net\/portal\/wp-json\/wp\/v2\/comments?post=348928"}],"version-history":[{"count":1,"href":"https:\/\/www.eldiario.net\/portal\/wp-json\/wp\/v2\/posts\/348928\/revisions"}],"predecessor-version":[{"id":348929,"href":"https:\/\/www.eldiario.net\/portal\/wp-json\/wp\/v2\/posts\/348928\/revisions\/348929"}],"wp:featuredmedia":[{"embeddable":true,"href":"https:\/\/www.eldiario.net\/portal\/wp-json\/wp\/v2\/media\/322208"}],"wp:attachment":[{"href":"https:\/\/www.eldiario.net\/portal\/wp-json\/wp\/v2\/media?parent=348928"}],"wp:term":[{"taxonomy":"category","embeddable":true,"href":"https:\/\/www.eldiario.net\/portal\/wp-json\/wp\/v2\/categories?post=348928"},{"taxonomy":"post_tag","embeddable":true,"href":"https:\/\/www.eldiario.net\/portal\/wp-json\/wp\/v2\/tags?post=348928"}],"curies":[{"name":"wp","href":"https:\/\/api.w.org\/{rel}","templated":true}]}}