{"id":348923,"date":"2025-11-30T07:44:30","date_gmt":"2025-11-30T11:44:30","guid":{"rendered":"https:\/\/www.eldiario.net\/portal\/?p=348923"},"modified":"2025-11-30T07:44:30","modified_gmt":"2025-11-30T11:44:30","slug":"plantean-tres-escenarios-economicos-si-el-gobierno-apuesta-a-la-estabilizacion","status":"publish","type":"post","link":"https:\/\/www.eldiario.net\/portal\/2025\/11\/30\/plantean-tres-escenarios-economicos-si-el-gobierno-apuesta-a-la-estabilizacion\/","title":{"rendered":"Plantean tres escenarios econ\u00f3micos s\u00ed el Gobierno apuesta a la estabilizaci\u00f3n"},"content":{"rendered":"<p>Ante la disyuntiva entre el gradualismo y un ajuste m\u00e1s dr\u00e1stico, el economista Hugo Siles advierte que, si el Gobierno decide aplicar en serio un plan de estabilizaci\u00f3n con eliminaci\u00f3n de subsidios y medidas para atraer inversi\u00f3n privada, el pa\u00eds enfrentar\u00e1 un escenario de ca\u00edda del crecimiento y una inflaci\u00f3n superior al 30%, con resultados positivos reci\u00e9n hacia 2030; mientras tanto, organismos como la Fundaci\u00f3n Milenio subrayan la importancia de la liquidez y la estabilidad financiera.<br \/>\nSiles se\u00f1ala que la Fundaci\u00f3n Milenio en su \u00faltimo informe de la econom\u00eda, presentado el pasado jueves, elabor\u00f3 tres escenarios prospectivos: base, estabilizaci\u00f3n y crecimiento.<br \/>\nEn el primero, Milenio sostiene que, si el actual Gobierno no realiza cambios en la econom\u00eda, la tasa de crecimiento del Producto Interno Bruto (PIB) entre 2025 y 2030 se ubicar\u00e1 entre -1,1% y -0,9% en 2030. La inflaci\u00f3n se ubicar\u00eda entre 32,93% en 2025 y 22% en 2030.<br \/>\nEn el segundo caso, si se levanta el subsidio a los hidrocarburos y se realiza ajustes fiscales para reducir el d\u00e9ficit p\u00fablico, la tasa de crecimiento del PIB se ubicar\u00e1 en 2025 en -1,1% y en 2030 en 1,1%. La inflaci\u00f3n en 2025 ser\u00e1 de 32,9% y en 2030 de 5,99%.<br \/>\nEn el tercer caso, si adem\u00e1s de levantar el subsidio a los hidrocarburos, se realizan ajustes fiscales y se promueven pol\u00edticas de crecimiento (ecosistema propicio para la inversi\u00f3n privada con ajustes a la normativa), el crecimiento en 2025 ser\u00e1 de -1,1% y en 2030 de 4,4%. La inflaci\u00f3n en 2025 llegar\u00e1 a 32,93% y en 2030 a 2,97%.<\/p>\n<p>Liquidez<br \/>\nEn su momento, el economista y docente de la Universidad T\u00e9cnica de Oruro (UTO), Ernesto Bernal, anunci\u00f3 que la estabilizaci\u00f3n de la econom\u00eda requerir\u00e1 recursos, de unos 10.000 millones de d\u00f3lares.<br \/>\nEntre sus planes del excandidato de la Alianza Libre, Jorge Quiroga Ram\u00edrez, estaba 12.000 millones de d\u00f3lares, mientras ahora la nueva administraci\u00f3n del Estado, al frente de Rodrigo Paz, mediante su ministro de Econom\u00eda Gabriel Espinoza, anunci\u00f3 que esperan lograr 9.000 millones de d\u00f3lares para los pr\u00f3ximos tres a\u00f1os.<br \/>\nTambi\u00e9n el analista econ\u00f3mico se anim\u00f3 a dar algunas cifras que requerir\u00e1 la econom\u00eda nacional para estabilizar el tipo de cambio, garantizar la importaci\u00f3n de combustibles y cumplir con sus obligaciones internacionales, como la deuda externa.<\/p>\n<p>An\u00e1lisis<br \/>\nEn la presentaci\u00f3n, Milenio hizo \u00e9nfasis en que el rubro de alimentos es el principal motor inflacionario, alcanzando una tasa de 36.2% a septiembre de 2025. La pol\u00edtica de subsidios podr\u00eda estar ocultando inflaci\u00f3n reprimida.<br \/>\nRecientemente, la eliminaci\u00f3n del subsidio a los panificadores va provocar la elevaci\u00f3n de la marraqueta, entre 70 a 80% de incremento, similar situaci\u00f3n pasar\u00e1 con los combustibles, que tambi\u00e9n provocar\u00e1 un aumento de precios de los productos de la canasta familiar.<\/p>\n<p>Crecimiento<br \/>\nEn el escenario de crecimiento, Milenio proyecta que la tasa de desempleo se reduzca al 2,70% hacia 2029, pero requiere una agresiva reforma estructural.<br \/>\nYa los economistas han se\u00f1alado, como Dar\u00edo Monasterio, la restituci\u00f3n de la institucionalidad, as\u00ed como brindar las condiciones para atraer inversiones extranjeras.<br \/>\nAdem\u00e1s, indica la ca\u00edda de las exportaciones de hidrocarburos en 35% entre enero a septiembre de 2025, siendo un factor central en la crisis de divisas e ingresos fiscales.<br \/>\nEl gasto en importaciones de di\u00e9sel y gasolina se proyecta 2.890 millones de d\u00f3lares para 2025. El subsidio, ajustado al tipo de cambio paralelo, rondar\u00eda los 2 mil millones.<br \/>\nLa deuda p\u00fablica alcanz\u00f3 los 44.060 millones de d\u00f3lares a agosto de 2025. La tasa Deuda\/PIB desciende al 78.5% nominal, gracias al efecto estad\u00edstico de la alta inflaci\u00f3n en el PIB.<br \/>\nEntretanto, el sector p\u00fablico mantiene un elevado d\u00e9ficit fiscal, proyectado en torno al 10% anual para 2025, repitiendo niveles previos y exacerbando las presiones internas. Sin embargo, analistas econ\u00f3micos proyectan una cifra cercana al 11%.<\/p>\n<p>La crisis econ\u00f3mica<br \/>\nse profundiz\u00f3<br \/>\nMilenio asegura que en la gesti\u00f3n 2025, el pa\u00eds soporta un deterioro general de los indicadores fiscales, monetarios, financieros, comerciales y productivos. Como era previsible, la econom\u00eda ha entrado en una fase de recesi\u00f3n, que ahonda los desequilibrios macroecon\u00f3micos y hace m\u00e1s dif\u00edcil restablecer la estabilidad econ\u00f3mica y social.<br \/>\nAn\u00e1lisis de expertos en econom\u00eda coinciden con la de Fundaci\u00f3n Milenio, donde se\u00f1ala que la escasez de combustibles, acelerada inflaci\u00f3n e incremento del costo de vida, as\u00ed como la carencia de d\u00f3lares, la volatilidad del precio de la divisa en el mercado, menor actividad econ\u00f3mica, precarizaci\u00f3n del empleo y la reducci\u00f3n de los ingresos laborales y familiares, son los efectos de la crisis que presenta el pa\u00eds.<br \/>\n\u201cEl gobierno de Luis Arce no pudo frenar el avance de la crisis. Su desempe\u00f1o, signado de populismo fiscal, despilfarro de recursos, inflaci\u00f3n ascendente, desabastecimientos cr\u00f3nicos, agotamiento de reservas y descontrol macroecon\u00f3mico es consustancial con la debacle de la econom\u00eda boliviana\u201d, indica el resumen de Milenio.<\/p>\n<p>Reformulaci\u00f3n<br \/>\nLa semana pasada el ministro de Econom\u00eda y Finanzas P\u00fablicas, Gabriel Espinoza, anunci\u00f3 tres determinaciones a tomar: el pago de las deudas, la reformulaci\u00f3n del Presupuesto General del Estado (PGE) 2026 y la eliminaci\u00f3n de cuatro impuestos, que pondr\u00e1n a consideraci\u00f3n de la Asamblea Legislativa: Impuesto a las Grandes Fortunas (IGF), Impuesto a las Transferencias Financieras (ITF), impuesto a los juego y promociones empresariales.<br \/>\nPor otro lado, el ministro de Hidrocarburos y Energ\u00eda, Mauricio Medinaceli, afirm\u00f3 que en tres semanas dar\u00e1n una respuesta al tema de la subvenci\u00f3n a los combustibles, una vez que terminen los an\u00e1lisis de los costos de operaci\u00f3n.<\/p>\n\r\n                <style type=\"text\/css\">\r\n                    \r\n                    #tdi_1  .td-doubleSlider-2 .td-item1 {\r\n                        background: url(https:\/\/www.eldiario.net\/portal\/wp-content\/uploads\/2025\/11\/milenio-2-80x60.webp) 0 0 no-repeat;\r\n                    }\r\n                    #tdi_1  .td-doubleSlider-2 .td-item2 {\r\n                        background: url(https:\/\/www.eldiario.net\/portal\/wp-content\/uploads\/2025\/11\/milenio-80x60.webp) 0 0 no-repeat;\r\n                    }\r\n                    #tdi_1  .td-doubleSlider-2 .td-item3 {\r\n                        background: url(https:\/\/www.eldiario.net\/portal\/wp-content\/uploads\/2025\/11\/milenio-3-80x60.webp) 0 0 no-repeat;\r\n                    }\r\n                <\/style>\r\n\r\n                <div id=\"tdi_1\" class=\"td-gallery td-slide-on-2-columns\">\r\n                    <div class=\"post_td_gallery\">\r\n                        <div class=\"td-gallery-slide-top\">\r\n                           <div class=\"td-gallery-title\"><\/div>\r\n\r\n                            <div class=\"td-gallery-controls-wrapper\">\r\n                                <div class=\"td-gallery-slide-count\"><span class=\"td-gallery-slide-item-focus\">1<\/span> de 3<\/div>\r\n                                <div class=\"td-gallery-slide-prev-next-but\">\r\n                                    <i class = \"td-icon-left doubleSliderPrevButton\"><\/i>\r\n                                    <i class = \"td-icon-right doubleSliderNextButton\"><\/i>\r\n                                <\/div>\r\n                            <\/div>\r\n                        <\/div>\r\n\r\n                        <div class = \"td-doubleSlider-1 \">\r\n                            <div class = \"td-slider\">\r\n                                \r\n                    <div class = \"td-slide-item td-item1\">\r\n                        <figure class=\"td-slide-galery-figure td-slide-popup-gallery\">\r\n                            <a class=\"slide-gallery-image-link\" href=\"https:\/\/www.eldiario.net\/portal\/wp-content\/uploads\/2025\/11\/milenio-2.webp\" title=\"milenio-2\"  data-caption=\"\"  data-description=\"\">\r\n                                <img decoding=\"async\" src=\"https:\/\/www.eldiario.net\/portal\/wp-content\/uploads\/2025\/11\/milenio-2-420x420.webp\" srcset=\"https:\/\/www.eldiario.net\/portal\/wp-content\/uploads\/2025\/11\/milenio-2-420x420.webp 420w, https:\/\/www.eldiario.net\/portal\/wp-content\/uploads\/2025\/11\/milenio-2-300x300.webp 300w, https:\/\/www.eldiario.net\/portal\/wp-content\/uploads\/2025\/11\/milenio-2-150x150.webp 150w, https:\/\/www.eldiario.net\/portal\/wp-content\/uploads\/2025\/11\/milenio-2-768x767.webp 768w, https:\/\/www.eldiario.net\/portal\/wp-content\/uploads\/2025\/11\/milenio-2-696x695.webp 696w, https:\/\/www.eldiario.net\/portal\/wp-content\/uploads\/2025\/11\/milenio-2.webp 1021w\" sizes=\"(max-width: 420px) 100vw, 420px\" alt=\"\">\r\n                            <\/a>\r\n                            \r\n                        <\/figure>\r\n                    <\/div>\r\n                    <div class = \"td-slide-item td-item2\">\r\n                        <figure class=\"td-slide-galery-figure td-slide-popup-gallery\">\r\n                            <a class=\"slide-gallery-image-link\" href=\"https:\/\/www.eldiario.net\/portal\/wp-content\/uploads\/2025\/11\/milenio.webp\" title=\"milenio\"  data-caption=\"\"  data-description=\"\">\r\n                                <img decoding=\"async\" src=\"https:\/\/www.eldiario.net\/portal\/wp-content\/uploads\/2025\/11\/milenio-607x420.webp\" srcset=\"https:\/\/www.eldiario.net\/portal\/wp-content\/uploads\/2025\/11\/milenio-607x420.webp 607w, https:\/\/www.eldiario.net\/portal\/wp-content\/uploads\/2025\/11\/milenio-300x208.webp 300w, https:\/\/www.eldiario.net\/portal\/wp-content\/uploads\/2025\/11\/milenio-1024x708.webp 1024w, https:\/\/www.eldiario.net\/portal\/wp-content\/uploads\/2025\/11\/milenio-768x531.webp 768w, https:\/\/www.eldiario.net\/portal\/wp-content\/uploads\/2025\/11\/milenio-150x104.webp 150w, https:\/\/www.eldiario.net\/portal\/wp-content\/uploads\/2025\/11\/milenio-218x150.webp 218w, https:\/\/www.eldiario.net\/portal\/wp-content\/uploads\/2025\/11\/milenio-696x481.webp 696w, https:\/\/www.eldiario.net\/portal\/wp-content\/uploads\/2025\/11\/milenio-1068x739.webp 1068w, https:\/\/www.eldiario.net\/portal\/wp-content\/uploads\/2025\/11\/milenio.webp 1346w\" sizes=\"(max-width: 607px) 100vw, 607px\" alt=\"\">\r\n                            <\/a>\r\n                            \r\n                        <\/figure>\r\n                    <\/div>\r\n                    <div class = \"td-slide-item td-item3\">\r\n                        <figure class=\"td-slide-galery-figure td-slide-popup-gallery\">\r\n                            <a class=\"slide-gallery-image-link\" href=\"https:\/\/www.eldiario.net\/portal\/wp-content\/uploads\/2025\/11\/milenio-3.webp\" title=\"milenio 3\"  data-caption=\"\"  data-description=\"\">\r\n                                <img decoding=\"async\" src=\"https:\/\/www.eldiario.net\/portal\/wp-content\/uploads\/2025\/11\/milenio-3-566x420.webp\" srcset=\"https:\/\/www.eldiario.net\/portal\/wp-content\/uploads\/2025\/11\/milenio-3-566x420.webp 566w, https:\/\/www.eldiario.net\/portal\/wp-content\/uploads\/2025\/11\/milenio-3-300x223.webp 300w, https:\/\/www.eldiario.net\/portal\/wp-content\/uploads\/2025\/11\/milenio-3-768x570.webp 768w, https:\/\/www.eldiario.net\/portal\/wp-content\/uploads\/2025\/11\/milenio-3-80x60.webp 80w, https:\/\/www.eldiario.net\/portal\/wp-content\/uploads\/2025\/11\/milenio-3-150x111.webp 150w, https:\/\/www.eldiario.net\/portal\/wp-content\/uploads\/2025\/11\/milenio-3-485x360.webp 485w, https:\/\/www.eldiario.net\/portal\/wp-content\/uploads\/2025\/11\/milenio-3-696x516.webp 696w, https:\/\/www.eldiario.net\/portal\/wp-content\/uploads\/2025\/11\/milenio-3.webp 853w\" sizes=\"(max-width: 566px) 100vw, 566px\" alt=\"\">\r\n                            <\/a>\r\n                            \r\n                        <\/figure>\r\n                    <\/div>\r\n                            <\/div>\r\n                        <\/div>\r\n\r\n                        <div class = \"td-doubleSlider-2\">\r\n                            <div class = \"td-slider\">\r\n                                \r\n                    <div class = \"td-button td-item1\">\r\n                        <div class = \"td-border\"><\/div>\r\n                    <\/div>\r\n                    <div class = \"td-button td-item2\">\r\n                        <div class = \"td-border\"><\/div>\r\n                    <\/div>\r\n                    <div class = \"td-button td-item3\">\r\n                        <div class = \"td-border\"><\/div>\r\n                    <\/div>\r\n                            <\/div>\r\n                        <\/div>\r\n\r\n                    <\/div>\r\n\r\n                <\/div>\r\n                \n","protected":false},"excerpt":{"rendered":"<p>Ante la disyuntiva entre el gradualismo y un ajuste m\u00e1s dr\u00e1stico, el economista Hugo Siles advierte que, si el Gobierno decide aplicar en serio un plan de estabilizaci\u00f3n con eliminaci\u00f3n de subsidios y medidas para atraer inversi\u00f3n privada, el pa\u00eds enfrentar\u00e1 un escenario de ca\u00edda del crecimiento y una inflaci\u00f3n superior al 30%, con resultados [&hellip;]<\/p>\n","protected":false},"author":1,"featured_media":348926,"comment_status":"closed","ping_status":"open","sticky":false,"template":"","format":"standard","meta":{"_acf_changed":false,"footnotes":""},"categories":[7],"tags":[],"class_list":["post-348923","post","type-post","status-publish","format-standard","has-post-thumbnail","category-economia"],"acf":{"antetitulo":""},"yoast_head":"<!-- This site is optimized with the Yoast SEO plugin v28.3 - https:\/\/yoast.com\/product\/yoast-seo-wordpress\/ -->\n<title>Plantean tres escenarios econ\u00f3micos s\u00ed el Gobierno apuesta a la estabilizaci\u00f3n - El Diario - Bolivia<\/title>\n<meta name=\"robots\" content=\"index, follow, max-snippet:-1, max-image-preview:large, max-video-preview:-1\" \/>\n<link rel=\"canonical\" href=\"https:\/\/www.eldiario.net\/portal\/2025\/11\/30\/plantean-tres-escenarios-economicos-si-el-gobierno-apuesta-a-la-estabilizacion\/\" \/>\n<meta property=\"og:locale\" content=\"es_ES\" \/>\n<meta property=\"og:type\" content=\"article\" \/>\n<meta property=\"og:title\" content=\"Plantean tres escenarios econ\u00f3micos s\u00ed el Gobierno apuesta a la estabilizaci\u00f3n - El Diario - Bolivia\" \/>\n<meta property=\"og:description\" content=\"Ante la disyuntiva entre el gradualismo y un ajuste m\u00e1s dr\u00e1stico, el economista Hugo Siles advierte que, si el Gobierno decide aplicar en serio un plan de estabilizaci\u00f3n con eliminaci\u00f3n de subsidios y medidas para atraer inversi\u00f3n privada, el pa\u00eds enfrentar\u00e1 un escenario de ca\u00edda del crecimiento y una inflaci\u00f3n superior al 30%, con resultados [&hellip;]\" \/>\n<meta property=\"og:url\" content=\"https:\/\/www.eldiario.net\/portal\/2025\/11\/30\/plantean-tres-escenarios-economicos-si-el-gobierno-apuesta-a-la-estabilizacion\/\" \/>\n<meta property=\"og:site_name\" content=\"El Diario - Bolivia\" \/>\n<meta property=\"article:publisher\" content=\"https:\/\/www.facebook.com\/eldiario.bolivia\/\" \/>\n<meta property=\"article:published_time\" content=\"2025-11-30T11:44:30+00:00\" \/>\n<meta property=\"og:image\" content=\"https:\/\/www.eldiario.net\/portal\/wp-content\/uploads\/2025\/11\/milenio-3.webp\" \/>\n\t<meta property=\"og:image:width\" content=\"853\" \/>\n\t<meta property=\"og:image:height\" content=\"633\" \/>\n\t<meta property=\"og:image:type\" content=\"image\/webp\" \/>\n<meta name=\"author\" content=\"Jeanette\" \/>\n<meta name=\"twitter:card\" content=\"summary_large_image\" \/>\n<meta name=\"twitter:creator\" content=\"@eldiario_net\" \/>\n<meta name=\"twitter:site\" content=\"@eldiario_net\" \/>\n<meta name=\"twitter:label1\" content=\"Escrito por\" \/>\n\t<meta name=\"twitter:data1\" content=\"Jeanette\" \/>\n\t<meta name=\"twitter:label2\" content=\"Tiempo de lectura\" \/>\n\t<meta name=\"twitter:data2\" content=\"5 minutos\" \/>\n<script type=\"application\/ld+json\" class=\"yoast-schema-graph\">{\"@context\":\"https:\\\/\\\/schema.org\",\"@graph\":[{\"@type\":\"Article\",\"@id\":\"https:\\\/\\\/www.eldiario.net\\\/portal\\\/2025\\\/11\\\/30\\\/plantean-tres-escenarios-economicos-si-el-gobierno-apuesta-a-la-estabilizacion\\\/#article\",\"isPartOf\":{\"@id\":\"https:\\\/\\\/www.eldiario.net\\\/portal\\\/2025\\\/11\\\/30\\\/plantean-tres-escenarios-economicos-si-el-gobierno-apuesta-a-la-estabilizacion\\\/\"},\"author\":{\"name\":\"Jeanette\",\"@id\":\"https:\\\/\\\/www.eldiario.net\\\/portal\\\/#\\\/schema\\\/person\\\/f46445640444750d7d753ccd04ae01b7\"},\"headline\":\"Plantean tres escenarios econ\u00f3micos s\u00ed el Gobierno apuesta a la estabilizaci\u00f3n\",\"datePublished\":\"2025-11-30T11:44:30+00:00\",\"mainEntityOfPage\":{\"@id\":\"https:\\\/\\\/www.eldiario.net\\\/portal\\\/2025\\\/11\\\/30\\\/plantean-tres-escenarios-economicos-si-el-gobierno-apuesta-a-la-estabilizacion\\\/\"},\"wordCount\":971,\"publisher\":{\"@id\":\"https:\\\/\\\/www.eldiario.net\\\/portal\\\/#organization\"},\"image\":{\"@id\":\"https:\\\/\\\/www.eldiario.net\\\/portal\\\/2025\\\/11\\\/30\\\/plantean-tres-escenarios-economicos-si-el-gobierno-apuesta-a-la-estabilizacion\\\/#primaryimage\"},\"thumbnailUrl\":\"https:\\\/\\\/www.eldiario.net\\\/portal\\\/wp-content\\\/uploads\\\/2025\\\/11\\\/milenio-3.webp\",\"articleSection\":[\"Econom\u00eda\"],\"inLanguage\":\"es\"},{\"@type\":\"WebPage\",\"@id\":\"https:\\\/\\\/www.eldiario.net\\\/portal\\\/2025\\\/11\\\/30\\\/plantean-tres-escenarios-economicos-si-el-gobierno-apuesta-a-la-estabilizacion\\\/\",\"url\":\"https:\\\/\\\/www.eldiario.net\\\/portal\\\/2025\\\/11\\\/30\\\/plantean-tres-escenarios-economicos-si-el-gobierno-apuesta-a-la-estabilizacion\\\/\",\"name\":\"Plantean tres escenarios econ\u00f3micos s\u00ed el Gobierno apuesta a la estabilizaci\u00f3n - El Diario - Bolivia\",\"isPartOf\":{\"@id\":\"https:\\\/\\\/www.eldiario.net\\\/portal\\\/#website\"},\"primaryImageOfPage\":{\"@id\":\"https:\\\/\\\/www.eldiario.net\\\/portal\\\/2025\\\/11\\\/30\\\/plantean-tres-escenarios-economicos-si-el-gobierno-apuesta-a-la-estabilizacion\\\/#primaryimage\"},\"image\":{\"@id\":\"https:\\\/\\\/www.eldiario.net\\\/portal\\\/2025\\\/11\\\/30\\\/plantean-tres-escenarios-economicos-si-el-gobierno-apuesta-a-la-estabilizacion\\\/#primaryimage\"},\"thumbnailUrl\":\"https:\\\/\\\/www.eldiario.net\\\/portal\\\/wp-content\\\/uploads\\\/2025\\\/11\\\/milenio-3.webp\",\"datePublished\":\"2025-11-30T11:44:30+00:00\",\"breadcrumb\":{\"@id\":\"https:\\\/\\\/www.eldiario.net\\\/portal\\\/2025\\\/11\\\/30\\\/plantean-tres-escenarios-economicos-si-el-gobierno-apuesta-a-la-estabilizacion\\\/#breadcrumb\"},\"inLanguage\":\"es\",\"potentialAction\":[{\"@type\":\"ReadAction\",\"target\":[\"https:\\\/\\\/www.eldiario.net\\\/portal\\\/2025\\\/11\\\/30\\\/plantean-tres-escenarios-economicos-si-el-gobierno-apuesta-a-la-estabilizacion\\\/\"]}]},{\"@type\":\"ImageObject\",\"inLanguage\":\"es\",\"@id\":\"https:\\\/\\\/www.eldiario.net\\\/portal\\\/2025\\\/11\\\/30\\\/plantean-tres-escenarios-economicos-si-el-gobierno-apuesta-a-la-estabilizacion\\\/#primaryimage\",\"url\":\"https:\\\/\\\/www.eldiario.net\\\/portal\\\/wp-content\\\/uploads\\\/2025\\\/11\\\/milenio-3.webp\",\"contentUrl\":\"https:\\\/\\\/www.eldiario.net\\\/portal\\\/wp-content\\\/uploads\\\/2025\\\/11\\\/milenio-3.webp\",\"width\":853,\"height\":633},{\"@type\":\"BreadcrumbList\",\"@id\":\"https:\\\/\\\/www.eldiario.net\\\/portal\\\/2025\\\/11\\\/30\\\/plantean-tres-escenarios-economicos-si-el-gobierno-apuesta-a-la-estabilizacion\\\/#breadcrumb\",\"itemListElement\":[{\"@type\":\"ListItem\",\"position\":1,\"name\":\"Portada\",\"item\":\"https:\\\/\\\/www.eldiario.net\\\/portal\\\/\"},{\"@type\":\"ListItem\",\"position\":2,\"name\":\"Plantean tres escenarios econ\u00f3micos s\u00ed el Gobierno apuesta a la estabilizaci\u00f3n\"}]},{\"@type\":\"WebSite\",\"@id\":\"https:\\\/\\\/www.eldiario.net\\\/portal\\\/#website\",\"url\":\"https:\\\/\\\/www.eldiario.net\\\/portal\\\/\",\"name\":\"El Diario - Decano de la prensa nacional\",\"description\":\"El Diario - Decano de la prensa nacional\",\"publisher\":{\"@id\":\"https:\\\/\\\/www.eldiario.net\\\/portal\\\/#organization\"},\"potentialAction\":[{\"@type\":\"SearchAction\",\"target\":{\"@type\":\"EntryPoint\",\"urlTemplate\":\"https:\\\/\\\/www.eldiario.net\\\/portal\\\/?s={search_term_string}\"},\"query-input\":{\"@type\":\"PropertyValueSpecification\",\"valueRequired\":true,\"valueName\":\"search_term_string\"}}],\"inLanguage\":\"es\"},{\"@type\":\"Organization\",\"@id\":\"https:\\\/\\\/www.eldiario.net\\\/portal\\\/#organization\",\"name\":\"El Diario - Decano de la prensa nacional\",\"url\":\"https:\\\/\\\/www.eldiario.net\\\/portal\\\/\",\"logo\":{\"@type\":\"ImageObject\",\"inLanguage\":\"es\",\"@id\":\"https:\\\/\\\/www.eldiario.net\\\/portal\\\/#\\\/schema\\\/logo\\\/image\\\/\",\"url\":\"https:\\\/\\\/www.eldiario.net\\\/portal\\\/wp-content\\\/uploads\\\/2023\\\/07\\\/logo_ED.jpg\",\"contentUrl\":\"https:\\\/\\\/www.eldiario.net\\\/portal\\\/wp-content\\\/uploads\\\/2023\\\/07\\\/logo_ED.jpg\",\"width\":272,\"height\":52,\"caption\":\"El Diario - Decano de la prensa nacional\"},\"image\":{\"@id\":\"https:\\\/\\\/www.eldiario.net\\\/portal\\\/#\\\/schema\\\/logo\\\/image\\\/\"},\"sameAs\":[\"https:\\\/\\\/www.facebook.com\\\/eldiario.bolivia\\\/\",\"https:\\\/\\\/x.com\\\/eldiario_net\"]},{\"@type\":\"Person\",\"@id\":\"https:\\\/\\\/www.eldiario.net\\\/portal\\\/#\\\/schema\\\/person\\\/f46445640444750d7d753ccd04ae01b7\",\"name\":\"Jeanette\",\"image\":{\"@type\":\"ImageObject\",\"inLanguage\":\"es\",\"@id\":\"https:\\\/\\\/secure.gravatar.com\\\/avatar\\\/3ea2118a5f7dad2b7138b1187a6b7ee55f160b9968b66013c3a3ef39dd7e5798?s=96&d=mm&r=g\",\"url\":\"https:\\\/\\\/secure.gravatar.com\\\/avatar\\\/3ea2118a5f7dad2b7138b1187a6b7ee55f160b9968b66013c3a3ef39dd7e5798?s=96&d=mm&r=g\",\"contentUrl\":\"https:\\\/\\\/secure.gravatar.com\\\/avatar\\\/3ea2118a5f7dad2b7138b1187a6b7ee55f160b9968b66013c3a3ef39dd7e5798?s=96&d=mm&r=g\",\"caption\":\"Jeanette\"},\"sameAs\":[\"https:\\\/\\\/www.eldiario.net\\\/portal\"],\"url\":\"https:\\\/\\\/www.eldiario.net\\\/portal\\\/author\\\/jeanette\\\/\"}]}<\/script>\n<!-- \/ Yoast SEO plugin. -->","yoast_head_json":{"title":"Plantean tres escenarios econ\u00f3micos s\u00ed el Gobierno apuesta a la estabilizaci\u00f3n - El Diario - Bolivia","robots":{"index":"index","follow":"follow","max-snippet":"max-snippet:-1","max-image-preview":"max-image-preview:large","max-video-preview":"max-video-preview:-1"},"canonical":"https:\/\/www.eldiario.net\/portal\/2025\/11\/30\/plantean-tres-escenarios-economicos-si-el-gobierno-apuesta-a-la-estabilizacion\/","og_locale":"es_ES","og_type":"article","og_title":"Plantean tres escenarios econ\u00f3micos s\u00ed el Gobierno apuesta a la estabilizaci\u00f3n - El Diario - Bolivia","og_description":"Ante la disyuntiva entre el gradualismo y un ajuste m\u00e1s dr\u00e1stico, el economista Hugo Siles advierte que, si el Gobierno decide aplicar en serio un plan de estabilizaci\u00f3n con eliminaci\u00f3n de subsidios y medidas para atraer inversi\u00f3n privada, el pa\u00eds enfrentar\u00e1 un escenario de ca\u00edda del crecimiento y una inflaci\u00f3n superior al 30%, con resultados [&hellip;]","og_url":"https:\/\/www.eldiario.net\/portal\/2025\/11\/30\/plantean-tres-escenarios-economicos-si-el-gobierno-apuesta-a-la-estabilizacion\/","og_site_name":"El Diario - Bolivia","article_publisher":"https:\/\/www.facebook.com\/eldiario.bolivia\/","article_published_time":"2025-11-30T11:44:30+00:00","og_image":[{"width":853,"height":633,"url":"https:\/\/www.eldiario.net\/portal\/wp-content\/uploads\/2025\/11\/milenio-3.webp","type":"image\/webp"}],"author":"Jeanette","twitter_card":"summary_large_image","twitter_creator":"@eldiario_net","twitter_site":"@eldiario_net","twitter_misc":{"Escrito por":"Jeanette","Tiempo de lectura":"5 minutos"},"schema":{"@context":"https:\/\/schema.org","@graph":[{"@type":"Article","@id":"https:\/\/www.eldiario.net\/portal\/2025\/11\/30\/plantean-tres-escenarios-economicos-si-el-gobierno-apuesta-a-la-estabilizacion\/#article","isPartOf":{"@id":"https:\/\/www.eldiario.net\/portal\/2025\/11\/30\/plantean-tres-escenarios-economicos-si-el-gobierno-apuesta-a-la-estabilizacion\/"},"author":{"name":"Jeanette","@id":"https:\/\/www.eldiario.net\/portal\/#\/schema\/person\/f46445640444750d7d753ccd04ae01b7"},"headline":"Plantean tres escenarios econ\u00f3micos s\u00ed el Gobierno apuesta a la estabilizaci\u00f3n","datePublished":"2025-11-30T11:44:30+00:00","mainEntityOfPage":{"@id":"https:\/\/www.eldiario.net\/portal\/2025\/11\/30\/plantean-tres-escenarios-economicos-si-el-gobierno-apuesta-a-la-estabilizacion\/"},"wordCount":971,"publisher":{"@id":"https:\/\/www.eldiario.net\/portal\/#organization"},"image":{"@id":"https:\/\/www.eldiario.net\/portal\/2025\/11\/30\/plantean-tres-escenarios-economicos-si-el-gobierno-apuesta-a-la-estabilizacion\/#primaryimage"},"thumbnailUrl":"https:\/\/www.eldiario.net\/portal\/wp-content\/uploads\/2025\/11\/milenio-3.webp","articleSection":["Econom\u00eda"],"inLanguage":"es"},{"@type":"WebPage","@id":"https:\/\/www.eldiario.net\/portal\/2025\/11\/30\/plantean-tres-escenarios-economicos-si-el-gobierno-apuesta-a-la-estabilizacion\/","url":"https:\/\/www.eldiario.net\/portal\/2025\/11\/30\/plantean-tres-escenarios-economicos-si-el-gobierno-apuesta-a-la-estabilizacion\/","name":"Plantean tres escenarios econ\u00f3micos s\u00ed el Gobierno apuesta a la estabilizaci\u00f3n - El Diario - Bolivia","isPartOf":{"@id":"https:\/\/www.eldiario.net\/portal\/#website"},"primaryImageOfPage":{"@id":"https:\/\/www.eldiario.net\/portal\/2025\/11\/30\/plantean-tres-escenarios-economicos-si-el-gobierno-apuesta-a-la-estabilizacion\/#primaryimage"},"image":{"@id":"https:\/\/www.eldiario.net\/portal\/2025\/11\/30\/plantean-tres-escenarios-economicos-si-el-gobierno-apuesta-a-la-estabilizacion\/#primaryimage"},"thumbnailUrl":"https:\/\/www.eldiario.net\/portal\/wp-content\/uploads\/2025\/11\/milenio-3.webp","datePublished":"2025-11-30T11:44:30+00:00","breadcrumb":{"@id":"https:\/\/www.eldiario.net\/portal\/2025\/11\/30\/plantean-tres-escenarios-economicos-si-el-gobierno-apuesta-a-la-estabilizacion\/#breadcrumb"},"inLanguage":"es","potentialAction":[{"@type":"ReadAction","target":["https:\/\/www.eldiario.net\/portal\/2025\/11\/30\/plantean-tres-escenarios-economicos-si-el-gobierno-apuesta-a-la-estabilizacion\/"]}]},{"@type":"ImageObject","inLanguage":"es","@id":"https:\/\/www.eldiario.net\/portal\/2025\/11\/30\/plantean-tres-escenarios-economicos-si-el-gobierno-apuesta-a-la-estabilizacion\/#primaryimage","url":"https:\/\/www.eldiario.net\/portal\/wp-content\/uploads\/2025\/11\/milenio-3.webp","contentUrl":"https:\/\/www.eldiario.net\/portal\/wp-content\/uploads\/2025\/11\/milenio-3.webp","width":853,"height":633},{"@type":"BreadcrumbList","@id":"https:\/\/www.eldiario.net\/portal\/2025\/11\/30\/plantean-tres-escenarios-economicos-si-el-gobierno-apuesta-a-la-estabilizacion\/#breadcrumb","itemListElement":[{"@type":"ListItem","position":1,"name":"Portada","item":"https:\/\/www.eldiario.net\/portal\/"},{"@type":"ListItem","position":2,"name":"Plantean tres escenarios econ\u00f3micos s\u00ed el Gobierno apuesta a la estabilizaci\u00f3n"}]},{"@type":"WebSite","@id":"https:\/\/www.eldiario.net\/portal\/#website","url":"https:\/\/www.eldiario.net\/portal\/","name":"El Diario - Decano de la prensa nacional","description":"El Diario - Decano de la prensa nacional","publisher":{"@id":"https:\/\/www.eldiario.net\/portal\/#organization"},"potentialAction":[{"@type":"SearchAction","target":{"@type":"EntryPoint","urlTemplate":"https:\/\/www.eldiario.net\/portal\/?s={search_term_string}"},"query-input":{"@type":"PropertyValueSpecification","valueRequired":true,"valueName":"search_term_string"}}],"inLanguage":"es"},{"@type":"Organization","@id":"https:\/\/www.eldiario.net\/portal\/#organization","name":"El Diario - Decano de la prensa nacional","url":"https:\/\/www.eldiario.net\/portal\/","logo":{"@type":"ImageObject","inLanguage":"es","@id":"https:\/\/www.eldiario.net\/portal\/#\/schema\/logo\/image\/","url":"https:\/\/www.eldiario.net\/portal\/wp-content\/uploads\/2023\/07\/logo_ED.jpg","contentUrl":"https:\/\/www.eldiario.net\/portal\/wp-content\/uploads\/2023\/07\/logo_ED.jpg","width":272,"height":52,"caption":"El Diario - Decano de la prensa nacional"},"image":{"@id":"https:\/\/www.eldiario.net\/portal\/#\/schema\/logo\/image\/"},"sameAs":["https:\/\/www.facebook.com\/eldiario.bolivia\/","https:\/\/x.com\/eldiario_net"]},{"@type":"Person","@id":"https:\/\/www.eldiario.net\/portal\/#\/schema\/person\/f46445640444750d7d753ccd04ae01b7","name":"Jeanette","image":{"@type":"ImageObject","inLanguage":"es","@id":"https:\/\/secure.gravatar.com\/avatar\/3ea2118a5f7dad2b7138b1187a6b7ee55f160b9968b66013c3a3ef39dd7e5798?s=96&d=mm&r=g","url":"https:\/\/secure.gravatar.com\/avatar\/3ea2118a5f7dad2b7138b1187a6b7ee55f160b9968b66013c3a3ef39dd7e5798?s=96&d=mm&r=g","contentUrl":"https:\/\/secure.gravatar.com\/avatar\/3ea2118a5f7dad2b7138b1187a6b7ee55f160b9968b66013c3a3ef39dd7e5798?s=96&d=mm&r=g","caption":"Jeanette"},"sameAs":["https:\/\/www.eldiario.net\/portal"],"url":"https:\/\/www.eldiario.net\/portal\/author\/jeanette\/"}]}},"_links":{"self":[{"href":"https:\/\/www.eldiario.net\/portal\/wp-json\/wp\/v2\/posts\/348923","targetHints":{"allow":["GET"]}}],"collection":[{"href":"https:\/\/www.eldiario.net\/portal\/wp-json\/wp\/v2\/posts"}],"about":[{"href":"https:\/\/www.eldiario.net\/portal\/wp-json\/wp\/v2\/types\/post"}],"author":[{"embeddable":true,"href":"https:\/\/www.eldiario.net\/portal\/wp-json\/wp\/v2\/users\/1"}],"replies":[{"embeddable":true,"href":"https:\/\/www.eldiario.net\/portal\/wp-json\/wp\/v2\/comments?post=348923"}],"version-history":[{"count":1,"href":"https:\/\/www.eldiario.net\/portal\/wp-json\/wp\/v2\/posts\/348923\/revisions"}],"predecessor-version":[{"id":348927,"href":"https:\/\/www.eldiario.net\/portal\/wp-json\/wp\/v2\/posts\/348923\/revisions\/348927"}],"wp:featuredmedia":[{"embeddable":true,"href":"https:\/\/www.eldiario.net\/portal\/wp-json\/wp\/v2\/media\/348926"}],"wp:attachment":[{"href":"https:\/\/www.eldiario.net\/portal\/wp-json\/wp\/v2\/media?parent=348923"}],"wp:term":[{"taxonomy":"category","embeddable":true,"href":"https:\/\/www.eldiario.net\/portal\/wp-json\/wp\/v2\/categories?post=348923"},{"taxonomy":"post_tag","embeddable":true,"href":"https:\/\/www.eldiario.net\/portal\/wp-json\/wp\/v2\/tags?post=348923"}],"curies":[{"name":"wp","href":"https:\/\/api.w.org\/{rel}","templated":true}]}}