{"id":348920,"date":"2025-11-30T07:43:07","date_gmt":"2025-11-30T11:43:07","guid":{"rendered":"https:\/\/www.eldiario.net\/portal\/?p=348920"},"modified":"2025-11-30T07:43:07","modified_gmt":"2025-11-30T11:43:07","slug":"firman-acuerdo-para-integrar-industria-y-con-la-academia","status":"publish","type":"post","link":"https:\/\/www.eldiario.net\/portal\/2025\/11\/30\/firman-acuerdo-para-integrar-industria-y-con-la-academia\/","title":{"rendered":"Firman acuerdo para integrar  industria y con la academia"},"content":{"rendered":"<p>La firma de un convenio entre la C\u00e1mara Departamental de Industrias de La Paz (Cadinpaz) y la Universidad Mayor de San Andr\u00e9s (UMSA), busca fortalecer la articulaci\u00f3n entre la industria y la academia, promoviendo acciones conjuntas en investigaci\u00f3n aplicada, innovaci\u00f3n, emprendimiento y desarrollo tecnol\u00f3gico.<br \/>\nEl acuerdo fue firmado por el presidente de Cadinpaz, Jos\u00e9 Eduardo Iriarte Tineo y la rectora de la UMSA, Mar\u00eda Eugenia Garc\u00eda Moreno, consolidando una alianza que busca integrar las capacidades cient\u00edficas y t\u00e9cnicas de la Universidad con las necesidades y desaf\u00edos del sector productivo pace\u00f1o.<br \/>\nEn la oportunidad, Iriarte destac\u00f3 la importancia de transformar la realidad productiva del departamento. \u201cQueremos que la industria sea un laboratorio vivo, donde el talento universitario pueda generar soluciones reales de impacto econ\u00f3mico y social\u201d, dijo.<br \/>\nDe esta forma se posibilitar\u00e1 la investigaci\u00f3n aplicada, programas de emprendimiento y el desarrollo de soluciones innovadoras con impacto econ\u00f3mico y social.<br \/>\nCon la firma de este convenio, la Cadinpaz y la UMSA reafirman su compromiso con el desarrollo sostenible del departamento, fortaleciendo la vinculaci\u00f3n entre la academia y la industria como pilares fundamentales para la competitividad, la productividad y el progreso tecnol\u00f3gico de La Paz.<br \/>\nPosteriormente, tuvieron lugar dos charlas magistrales sobre soluciones tecnol\u00f3gicas para la industria, oportunidades para los sectores de energ\u00eda y medioambiente y los bioprocesos sostenibles para la industria: innovaci\u00f3n, aplicaciones y perspectivas desde la UMSA.<br \/>\nLa firma del convenio se dio en el marco de la Expo UMSA 2025, evento que re\u00fane los proyectos m\u00e1s innovadores y soluciones para la transformaci\u00f3n del pa\u00eds.<br \/>\nLos organismos internacionales plantean que los pa\u00edses deben fortalecer sus recursos humanos, mediante un apoyo efectivo a la educaci\u00f3n y a la formaci\u00f3n de profesionales.<br \/>\nBolivia est\u00e1 rezagada en la preparaci\u00f3n de recursos humanos, y m\u00e1s con la puesta en marcha de la Ley Avelino Si\u00f1ani, que ahora los educadores y otros sectores opinan que debe cambiarse, pues s\u00f3lo perjudic\u00f3 al estudiantado.<br \/>\nAs\u00ed lo demuestra un estudio realizado en la presente gesti\u00f3n, en el que evidenciaron la mala preparaci\u00f3n en matem\u00e1ticas y lenguaje.<br \/>\nLas universidades ya indicaron que los bachilleres llegan a las casas de estudio con deficiencias y se pierde tiempo actualizarlos y prepararlos para ingresar a la academia.<\/p>\n","protected":false},"excerpt":{"rendered":"<p>La firma de un convenio entre la C\u00e1mara Departamental de Industrias de La Paz (Cadinpaz) y la Universidad Mayor de San Andr\u00e9s (UMSA), busca fortalecer la articulaci\u00f3n entre la industria y la academia, promoviendo acciones conjuntas en investigaci\u00f3n aplicada, innovaci\u00f3n, emprendimiento y desarrollo tecnol\u00f3gico. El acuerdo fue firmado por el presidente de Cadinpaz, Jos\u00e9 Eduardo [&hellip;]<\/p>\n","protected":false},"author":1,"featured_media":348921,"comment_status":"closed","ping_status":"open","sticky":false,"template":"","format":"standard","meta":{"_acf_changed":false,"footnotes":""},"categories":[7],"tags":[],"class_list":["post-348920","post","type-post","status-publish","format-standard","has-post-thumbnail","category-economia"],"acf":{"antetitulo":""},"yoast_head":"<!-- This site is optimized with the Yoast SEO plugin v28.3 - https:\/\/yoast.com\/product\/yoast-seo-wordpress\/ -->\n<title>Firman acuerdo para integrar industria y con la academia - El Diario - Bolivia<\/title>\n<meta name=\"robots\" content=\"index, follow, max-snippet:-1, max-image-preview:large, max-video-preview:-1\" \/>\n<link rel=\"canonical\" href=\"https:\/\/www.eldiario.net\/portal\/2025\/11\/30\/firman-acuerdo-para-integrar-industria-y-con-la-academia\/\" \/>\n<meta property=\"og:locale\" content=\"es_ES\" \/>\n<meta property=\"og:type\" content=\"article\" \/>\n<meta property=\"og:title\" content=\"Firman acuerdo para integrar industria y con la academia - El Diario - Bolivia\" \/>\n<meta property=\"og:description\" content=\"La firma de un convenio entre la C\u00e1mara Departamental de Industrias de La Paz (Cadinpaz) y la Universidad Mayor de San Andr\u00e9s (UMSA), busca fortalecer la articulaci\u00f3n entre la industria y la academia, promoviendo acciones conjuntas en investigaci\u00f3n aplicada, innovaci\u00f3n, emprendimiento y desarrollo tecnol\u00f3gico. El acuerdo fue firmado por el presidente de Cadinpaz, Jos\u00e9 Eduardo [&hellip;]\" \/>\n<meta property=\"og:url\" content=\"https:\/\/www.eldiario.net\/portal\/2025\/11\/30\/firman-acuerdo-para-integrar-industria-y-con-la-academia\/\" \/>\n<meta property=\"og:site_name\" content=\"El Diario - Bolivia\" \/>\n<meta property=\"article:publisher\" content=\"https:\/\/www.facebook.com\/eldiario.bolivia\/\" \/>\n<meta property=\"article:published_time\" content=\"2025-11-30T11:43:07+00:00\" \/>\n<meta property=\"og:image\" content=\"https:\/\/www.eldiario.net\/portal\/wp-content\/uploads\/2025\/11\/uni.webp\" \/>\n\t<meta property=\"og:image:width\" content=\"1240\" \/>\n\t<meta property=\"og:image:height\" content=\"827\" \/>\n\t<meta property=\"og:image:type\" content=\"image\/webp\" \/>\n<meta name=\"author\" content=\"Jeanette\" \/>\n<meta name=\"twitter:card\" content=\"summary_large_image\" \/>\n<meta name=\"twitter:creator\" content=\"@eldiario_net\" \/>\n<meta name=\"twitter:site\" content=\"@eldiario_net\" \/>\n<meta name=\"twitter:label1\" content=\"Escrito por\" \/>\n\t<meta name=\"twitter:data1\" content=\"Jeanette\" \/>\n\t<meta name=\"twitter:label2\" content=\"Tiempo de lectura\" \/>\n\t<meta name=\"twitter:data2\" content=\"2 minutos\" \/>\n<script type=\"application\/ld+json\" class=\"yoast-schema-graph\">{\"@context\":\"https:\\\/\\\/schema.org\",\"@graph\":[{\"@type\":\"Article\",\"@id\":\"https:\\\/\\\/www.eldiario.net\\\/portal\\\/2025\\\/11\\\/30\\\/firman-acuerdo-para-integrar-industria-y-con-la-academia\\\/#article\",\"isPartOf\":{\"@id\":\"https:\\\/\\\/www.eldiario.net\\\/portal\\\/2025\\\/11\\\/30\\\/firman-acuerdo-para-integrar-industria-y-con-la-academia\\\/\"},\"author\":{\"name\":\"Jeanette\",\"@id\":\"https:\\\/\\\/www.eldiario.net\\\/portal\\\/#\\\/schema\\\/person\\\/f46445640444750d7d753ccd04ae01b7\"},\"headline\":\"Firman acuerdo para integrar industria y con la academia\",\"datePublished\":\"2025-11-30T11:43:07+00:00\",\"mainEntityOfPage\":{\"@id\":\"https:\\\/\\\/www.eldiario.net\\\/portal\\\/2025\\\/11\\\/30\\\/firman-acuerdo-para-integrar-industria-y-con-la-academia\\\/\"},\"wordCount\":406,\"publisher\":{\"@id\":\"https:\\\/\\\/www.eldiario.net\\\/portal\\\/#organization\"},\"image\":{\"@id\":\"https:\\\/\\\/www.eldiario.net\\\/portal\\\/2025\\\/11\\\/30\\\/firman-acuerdo-para-integrar-industria-y-con-la-academia\\\/#primaryimage\"},\"thumbnailUrl\":\"https:\\\/\\\/www.eldiario.net\\\/portal\\\/wp-content\\\/uploads\\\/2025\\\/11\\\/uni.webp\",\"articleSection\":[\"Econom\u00eda\"],\"inLanguage\":\"es\"},{\"@type\":\"WebPage\",\"@id\":\"https:\\\/\\\/www.eldiario.net\\\/portal\\\/2025\\\/11\\\/30\\\/firman-acuerdo-para-integrar-industria-y-con-la-academia\\\/\",\"url\":\"https:\\\/\\\/www.eldiario.net\\\/portal\\\/2025\\\/11\\\/30\\\/firman-acuerdo-para-integrar-industria-y-con-la-academia\\\/\",\"name\":\"Firman acuerdo para integrar industria y con la academia - El Diario - Bolivia\",\"isPartOf\":{\"@id\":\"https:\\\/\\\/www.eldiario.net\\\/portal\\\/#website\"},\"primaryImageOfPage\":{\"@id\":\"https:\\\/\\\/www.eldiario.net\\\/portal\\\/2025\\\/11\\\/30\\\/firman-acuerdo-para-integrar-industria-y-con-la-academia\\\/#primaryimage\"},\"image\":{\"@id\":\"https:\\\/\\\/www.eldiario.net\\\/portal\\\/2025\\\/11\\\/30\\\/firman-acuerdo-para-integrar-industria-y-con-la-academia\\\/#primaryimage\"},\"thumbnailUrl\":\"https:\\\/\\\/www.eldiario.net\\\/portal\\\/wp-content\\\/uploads\\\/2025\\\/11\\\/uni.webp\",\"datePublished\":\"2025-11-30T11:43:07+00:00\",\"breadcrumb\":{\"@id\":\"https:\\\/\\\/www.eldiario.net\\\/portal\\\/2025\\\/11\\\/30\\\/firman-acuerdo-para-integrar-industria-y-con-la-academia\\\/#breadcrumb\"},\"inLanguage\":\"es\",\"potentialAction\":[{\"@type\":\"ReadAction\",\"target\":[\"https:\\\/\\\/www.eldiario.net\\\/portal\\\/2025\\\/11\\\/30\\\/firman-acuerdo-para-integrar-industria-y-con-la-academia\\\/\"]}]},{\"@type\":\"ImageObject\",\"inLanguage\":\"es\",\"@id\":\"https:\\\/\\\/www.eldiario.net\\\/portal\\\/2025\\\/11\\\/30\\\/firman-acuerdo-para-integrar-industria-y-con-la-academia\\\/#primaryimage\",\"url\":\"https:\\\/\\\/www.eldiario.net\\\/portal\\\/wp-content\\\/uploads\\\/2025\\\/11\\\/uni.webp\",\"contentUrl\":\"https:\\\/\\\/www.eldiario.net\\\/portal\\\/wp-content\\\/uploads\\\/2025\\\/11\\\/uni.webp\",\"width\":1240,\"height\":827,\"caption\":\"momentos de la firma del acuerdo.\"},{\"@type\":\"BreadcrumbList\",\"@id\":\"https:\\\/\\\/www.eldiario.net\\\/portal\\\/2025\\\/11\\\/30\\\/firman-acuerdo-para-integrar-industria-y-con-la-academia\\\/#breadcrumb\",\"itemListElement\":[{\"@type\":\"ListItem\",\"position\":1,\"name\":\"Portada\",\"item\":\"https:\\\/\\\/www.eldiario.net\\\/portal\\\/\"},{\"@type\":\"ListItem\",\"position\":2,\"name\":\"Firman acuerdo para integrar industria y con la academia\"}]},{\"@type\":\"WebSite\",\"@id\":\"https:\\\/\\\/www.eldiario.net\\\/portal\\\/#website\",\"url\":\"https:\\\/\\\/www.eldiario.net\\\/portal\\\/\",\"name\":\"El Diario - Decano de la prensa nacional\",\"description\":\"El Diario - Decano de la prensa nacional\",\"publisher\":{\"@id\":\"https:\\\/\\\/www.eldiario.net\\\/portal\\\/#organization\"},\"potentialAction\":[{\"@type\":\"SearchAction\",\"target\":{\"@type\":\"EntryPoint\",\"urlTemplate\":\"https:\\\/\\\/www.eldiario.net\\\/portal\\\/?s={search_term_string}\"},\"query-input\":{\"@type\":\"PropertyValueSpecification\",\"valueRequired\":true,\"valueName\":\"search_term_string\"}}],\"inLanguage\":\"es\"},{\"@type\":\"Organization\",\"@id\":\"https:\\\/\\\/www.eldiario.net\\\/portal\\\/#organization\",\"name\":\"El Diario - Decano de la prensa nacional\",\"url\":\"https:\\\/\\\/www.eldiario.net\\\/portal\\\/\",\"logo\":{\"@type\":\"ImageObject\",\"inLanguage\":\"es\",\"@id\":\"https:\\\/\\\/www.eldiario.net\\\/portal\\\/#\\\/schema\\\/logo\\\/image\\\/\",\"url\":\"https:\\\/\\\/www.eldiario.net\\\/portal\\\/wp-content\\\/uploads\\\/2023\\\/07\\\/logo_ED.jpg\",\"contentUrl\":\"https:\\\/\\\/www.eldiario.net\\\/portal\\\/wp-content\\\/uploads\\\/2023\\\/07\\\/logo_ED.jpg\",\"width\":272,\"height\":52,\"caption\":\"El Diario - Decano de la prensa nacional\"},\"image\":{\"@id\":\"https:\\\/\\\/www.eldiario.net\\\/portal\\\/#\\\/schema\\\/logo\\\/image\\\/\"},\"sameAs\":[\"https:\\\/\\\/www.facebook.com\\\/eldiario.bolivia\\\/\",\"https:\\\/\\\/x.com\\\/eldiario_net\"]},{\"@type\":\"Person\",\"@id\":\"https:\\\/\\\/www.eldiario.net\\\/portal\\\/#\\\/schema\\\/person\\\/f46445640444750d7d753ccd04ae01b7\",\"name\":\"Jeanette\",\"image\":{\"@type\":\"ImageObject\",\"inLanguage\":\"es\",\"@id\":\"https:\\\/\\\/secure.gravatar.com\\\/avatar\\\/3ea2118a5f7dad2b7138b1187a6b7ee55f160b9968b66013c3a3ef39dd7e5798?s=96&d=mm&r=g\",\"url\":\"https:\\\/\\\/secure.gravatar.com\\\/avatar\\\/3ea2118a5f7dad2b7138b1187a6b7ee55f160b9968b66013c3a3ef39dd7e5798?s=96&d=mm&r=g\",\"contentUrl\":\"https:\\\/\\\/secure.gravatar.com\\\/avatar\\\/3ea2118a5f7dad2b7138b1187a6b7ee55f160b9968b66013c3a3ef39dd7e5798?s=96&d=mm&r=g\",\"caption\":\"Jeanette\"},\"sameAs\":[\"https:\\\/\\\/www.eldiario.net\\\/portal\"],\"url\":\"https:\\\/\\\/www.eldiario.net\\\/portal\\\/author\\\/jeanette\\\/\"}]}<\/script>\n<!-- \/ Yoast SEO plugin. -->","yoast_head_json":{"title":"Firman acuerdo para integrar industria y con la academia - El Diario - Bolivia","robots":{"index":"index","follow":"follow","max-snippet":"max-snippet:-1","max-image-preview":"max-image-preview:large","max-video-preview":"max-video-preview:-1"},"canonical":"https:\/\/www.eldiario.net\/portal\/2025\/11\/30\/firman-acuerdo-para-integrar-industria-y-con-la-academia\/","og_locale":"es_ES","og_type":"article","og_title":"Firman acuerdo para integrar industria y con la academia - El Diario - Bolivia","og_description":"La firma de un convenio entre la C\u00e1mara Departamental de Industrias de La Paz (Cadinpaz) y la Universidad Mayor de San Andr\u00e9s (UMSA), busca fortalecer la articulaci\u00f3n entre la industria y la academia, promoviendo acciones conjuntas en investigaci\u00f3n aplicada, innovaci\u00f3n, emprendimiento y desarrollo tecnol\u00f3gico. El acuerdo fue firmado por el presidente de Cadinpaz, Jos\u00e9 Eduardo [&hellip;]","og_url":"https:\/\/www.eldiario.net\/portal\/2025\/11\/30\/firman-acuerdo-para-integrar-industria-y-con-la-academia\/","og_site_name":"El Diario - Bolivia","article_publisher":"https:\/\/www.facebook.com\/eldiario.bolivia\/","article_published_time":"2025-11-30T11:43:07+00:00","og_image":[{"width":1240,"height":827,"url":"https:\/\/www.eldiario.net\/portal\/wp-content\/uploads\/2025\/11\/uni.webp","type":"image\/webp"}],"author":"Jeanette","twitter_card":"summary_large_image","twitter_creator":"@eldiario_net","twitter_site":"@eldiario_net","twitter_misc":{"Escrito por":"Jeanette","Tiempo de lectura":"2 minutos"},"schema":{"@context":"https:\/\/schema.org","@graph":[{"@type":"Article","@id":"https:\/\/www.eldiario.net\/portal\/2025\/11\/30\/firman-acuerdo-para-integrar-industria-y-con-la-academia\/#article","isPartOf":{"@id":"https:\/\/www.eldiario.net\/portal\/2025\/11\/30\/firman-acuerdo-para-integrar-industria-y-con-la-academia\/"},"author":{"name":"Jeanette","@id":"https:\/\/www.eldiario.net\/portal\/#\/schema\/person\/f46445640444750d7d753ccd04ae01b7"},"headline":"Firman acuerdo para integrar industria y con la academia","datePublished":"2025-11-30T11:43:07+00:00","mainEntityOfPage":{"@id":"https:\/\/www.eldiario.net\/portal\/2025\/11\/30\/firman-acuerdo-para-integrar-industria-y-con-la-academia\/"},"wordCount":406,"publisher":{"@id":"https:\/\/www.eldiario.net\/portal\/#organization"},"image":{"@id":"https:\/\/www.eldiario.net\/portal\/2025\/11\/30\/firman-acuerdo-para-integrar-industria-y-con-la-academia\/#primaryimage"},"thumbnailUrl":"https:\/\/www.eldiario.net\/portal\/wp-content\/uploads\/2025\/11\/uni.webp","articleSection":["Econom\u00eda"],"inLanguage":"es"},{"@type":"WebPage","@id":"https:\/\/www.eldiario.net\/portal\/2025\/11\/30\/firman-acuerdo-para-integrar-industria-y-con-la-academia\/","url":"https:\/\/www.eldiario.net\/portal\/2025\/11\/30\/firman-acuerdo-para-integrar-industria-y-con-la-academia\/","name":"Firman acuerdo para integrar industria y con la academia - El Diario - Bolivia","isPartOf":{"@id":"https:\/\/www.eldiario.net\/portal\/#website"},"primaryImageOfPage":{"@id":"https:\/\/www.eldiario.net\/portal\/2025\/11\/30\/firman-acuerdo-para-integrar-industria-y-con-la-academia\/#primaryimage"},"image":{"@id":"https:\/\/www.eldiario.net\/portal\/2025\/11\/30\/firman-acuerdo-para-integrar-industria-y-con-la-academia\/#primaryimage"},"thumbnailUrl":"https:\/\/www.eldiario.net\/portal\/wp-content\/uploads\/2025\/11\/uni.webp","datePublished":"2025-11-30T11:43:07+00:00","breadcrumb":{"@id":"https:\/\/www.eldiario.net\/portal\/2025\/11\/30\/firman-acuerdo-para-integrar-industria-y-con-la-academia\/#breadcrumb"},"inLanguage":"es","potentialAction":[{"@type":"ReadAction","target":["https:\/\/www.eldiario.net\/portal\/2025\/11\/30\/firman-acuerdo-para-integrar-industria-y-con-la-academia\/"]}]},{"@type":"ImageObject","inLanguage":"es","@id":"https:\/\/www.eldiario.net\/portal\/2025\/11\/30\/firman-acuerdo-para-integrar-industria-y-con-la-academia\/#primaryimage","url":"https:\/\/www.eldiario.net\/portal\/wp-content\/uploads\/2025\/11\/uni.webp","contentUrl":"https:\/\/www.eldiario.net\/portal\/wp-content\/uploads\/2025\/11\/uni.webp","width":1240,"height":827,"caption":"momentos de la firma del acuerdo."},{"@type":"BreadcrumbList","@id":"https:\/\/www.eldiario.net\/portal\/2025\/11\/30\/firman-acuerdo-para-integrar-industria-y-con-la-academia\/#breadcrumb","itemListElement":[{"@type":"ListItem","position":1,"name":"Portada","item":"https:\/\/www.eldiario.net\/portal\/"},{"@type":"ListItem","position":2,"name":"Firman acuerdo para integrar industria y con la academia"}]},{"@type":"WebSite","@id":"https:\/\/www.eldiario.net\/portal\/#website","url":"https:\/\/www.eldiario.net\/portal\/","name":"El Diario - Decano de la prensa nacional","description":"El Diario - Decano de la prensa nacional","publisher":{"@id":"https:\/\/www.eldiario.net\/portal\/#organization"},"potentialAction":[{"@type":"SearchAction","target":{"@type":"EntryPoint","urlTemplate":"https:\/\/www.eldiario.net\/portal\/?s={search_term_string}"},"query-input":{"@type":"PropertyValueSpecification","valueRequired":true,"valueName":"search_term_string"}}],"inLanguage":"es"},{"@type":"Organization","@id":"https:\/\/www.eldiario.net\/portal\/#organization","name":"El Diario - Decano de la prensa nacional","url":"https:\/\/www.eldiario.net\/portal\/","logo":{"@type":"ImageObject","inLanguage":"es","@id":"https:\/\/www.eldiario.net\/portal\/#\/schema\/logo\/image\/","url":"https:\/\/www.eldiario.net\/portal\/wp-content\/uploads\/2023\/07\/logo_ED.jpg","contentUrl":"https:\/\/www.eldiario.net\/portal\/wp-content\/uploads\/2023\/07\/logo_ED.jpg","width":272,"height":52,"caption":"El Diario - Decano de la prensa nacional"},"image":{"@id":"https:\/\/www.eldiario.net\/portal\/#\/schema\/logo\/image\/"},"sameAs":["https:\/\/www.facebook.com\/eldiario.bolivia\/","https:\/\/x.com\/eldiario_net"]},{"@type":"Person","@id":"https:\/\/www.eldiario.net\/portal\/#\/schema\/person\/f46445640444750d7d753ccd04ae01b7","name":"Jeanette","image":{"@type":"ImageObject","inLanguage":"es","@id":"https:\/\/secure.gravatar.com\/avatar\/3ea2118a5f7dad2b7138b1187a6b7ee55f160b9968b66013c3a3ef39dd7e5798?s=96&d=mm&r=g","url":"https:\/\/secure.gravatar.com\/avatar\/3ea2118a5f7dad2b7138b1187a6b7ee55f160b9968b66013c3a3ef39dd7e5798?s=96&d=mm&r=g","contentUrl":"https:\/\/secure.gravatar.com\/avatar\/3ea2118a5f7dad2b7138b1187a6b7ee55f160b9968b66013c3a3ef39dd7e5798?s=96&d=mm&r=g","caption":"Jeanette"},"sameAs":["https:\/\/www.eldiario.net\/portal"],"url":"https:\/\/www.eldiario.net\/portal\/author\/jeanette\/"}]}},"_links":{"self":[{"href":"https:\/\/www.eldiario.net\/portal\/wp-json\/wp\/v2\/posts\/348920","targetHints":{"allow":["GET"]}}],"collection":[{"href":"https:\/\/www.eldiario.net\/portal\/wp-json\/wp\/v2\/posts"}],"about":[{"href":"https:\/\/www.eldiario.net\/portal\/wp-json\/wp\/v2\/types\/post"}],"author":[{"embeddable":true,"href":"https:\/\/www.eldiario.net\/portal\/wp-json\/wp\/v2\/users\/1"}],"replies":[{"embeddable":true,"href":"https:\/\/www.eldiario.net\/portal\/wp-json\/wp\/v2\/comments?post=348920"}],"version-history":[{"count":1,"href":"https:\/\/www.eldiario.net\/portal\/wp-json\/wp\/v2\/posts\/348920\/revisions"}],"predecessor-version":[{"id":348922,"href":"https:\/\/www.eldiario.net\/portal\/wp-json\/wp\/v2\/posts\/348920\/revisions\/348922"}],"wp:featuredmedia":[{"embeddable":true,"href":"https:\/\/www.eldiario.net\/portal\/wp-json\/wp\/v2\/media\/348921"}],"wp:attachment":[{"href":"https:\/\/www.eldiario.net\/portal\/wp-json\/wp\/v2\/media?parent=348920"}],"wp:term":[{"taxonomy":"category","embeddable":true,"href":"https:\/\/www.eldiario.net\/portal\/wp-json\/wp\/v2\/categories?post=348920"},{"taxonomy":"post_tag","embeddable":true,"href":"https:\/\/www.eldiario.net\/portal\/wp-json\/wp\/v2\/tags?post=348920"}],"curies":[{"name":"wp","href":"https:\/\/api.w.org\/{rel}","templated":true}]}}