{"id":348918,"date":"2025-11-30T07:42:04","date_gmt":"2025-11-30T11:42:04","guid":{"rendered":"https:\/\/www.eldiario.net\/portal\/?p=348918"},"modified":"2025-11-30T07:42:04","modified_gmt":"2025-11-30T11:42:04","slug":"empresa-privada-y-el-desarrollo-boliviano","status":"publish","type":"post","link":"https:\/\/www.eldiario.net\/portal\/2025\/11\/30\/empresa-privada-y-el-desarrollo-boliviano\/","title":{"rendered":"Empresa privada y el desarrollo boliviano"},"content":{"rendered":"<p>En un momento cr\u00edtico para la econom\u00eda boliviana, urge reconocer un hecho inevitable: sin una participaci\u00f3n m\u00e1s fuerte y din\u00e1mica de la empresa privada, el pa\u00eds no podr\u00e1 retomar la senda del crecimiento. La reciente afirmaci\u00f3n del presidente Rodrigo Paz \u2014\u201cnos dejaron sin nada en las arcas\u2026 se gastaron toda la platita\u201d\u2014 no solo describe la realidad fiscal heredada; tambi\u00e9n evidencia que el Estado, por s\u00ed solo, no podr\u00e1 generar la inversi\u00f3n ni el empleo que el pa\u00eds requiere con urgencia.<br \/>\nDurante a\u00f1os, el emprendimiento ha enfrentado obst\u00e1culos como inestabilidad institucional, tr\u00e1mites excesivos, incertidumbre normativa y competencia desigual con empresas estatales. Esto ha desalentado la inversi\u00f3n y empujado a un 85% de la poblaci\u00f3n econ\u00f3micamente activa hacia la informalidad, un escenario nada bueno para el desarrollo del pa\u00eds.<br \/>\nLos principales retos empresariales se concentran en lo siguiente: la incertidumbre macroecon\u00f3mica; la dependencia de recursos naturales; la necesidad de diversificar cadenas productivas; la dificultad para acceder a financiamiento, especialmente para PYMES y startups; la burocracia; la falta de seguridad jur\u00eddica; y las limitaciones log\u00edsticas que frenan la competitividad exportadora. Responder a estos desaf\u00edos es clave para que Bolivia pueda aprovechar plenamente su potencial productivo.<br \/>\nPara el sector empresarial boliviano, la Carta Magna es el marco fundamental que garantiza la seguridad jur\u00eddica, la libertad de iniciativa privada y el respeto a la propiedad, como pilares esenciales para el desarrollo econ\u00f3mico.<br \/>\nNos permitimos sugerir una modificaci\u00f3n de la Constituci\u00f3n Pol\u00edtica del Estado para generar mayor desarrollo en el sector minero, petrolero, arbitraje y otros.<br \/>\nA pesar de las dificultades, el pa\u00eds ofrece oportunidades significativas. La agroindustria destaca por su capacidad de generar valor agregado mediante la transformaci\u00f3n de materias primas para exportaci\u00f3n. El sector tecnol\u00f3gico y fintech crece con fuerza gracias al surgimiento de nuevas startups e incubadoras, con oportunidades en pagos digitales, log\u00edstica y agrotech. La miner\u00eda sigue siendo estrat\u00e9gica, siempre que cuente con reglas claras que incentiven la inversi\u00f3n responsable. Asimismo, el turismo y la hoteler\u00eda se proyectan como sectores atractivos para nuevas inversiones, especialmente mediante marcas internacionales y modelos de franquicia que fortalezcan la oferta de servicios. Juntos, pueden detonar un crecimiento sostenido impulsado por la iniciativa privada.<br \/>\nPara materializar ese potencial, los empresarios deben apostar por estrategias de financiamiento mixto que combinen capital local con fondos regionales e inversiones extranjeras. Aprovechar programas de incubaci\u00f3n puede generar crecimiento, fortaleciendo la innovaci\u00f3n y ampliando el acceso a mercados internacionales.<br \/>\nCon una econom\u00eda que requiere dinamismo inmediato, el rol del sector privado se vuelve nuevamente central. Sin inversi\u00f3n nacional y extranjera no habr\u00e1 generaci\u00f3n de divisas, ni aumento del PIB ni expansi\u00f3n de la capacidad productiva. Por ello, es imprescindible que Bolivia ofrezca seguridad jur\u00eddica, reglas del juego estables y un marco normativo predecible. En un pa\u00eds con bajo ahorro interno, cerrarse al capital externo ser\u00eda un error estrat\u00e9gico.<br \/>\nEl empresariado boliviano ha demostrado resiliencia y compromiso, generando empleo e innovaci\u00f3n, incluso en contextos adversos. Pero para sostener ese esfuerzo se requiere un entorno institucional s\u00f3lido, donde el Estado no interfiera de manera arbitraria, sino que dialogue y genere confianza. Como ha se\u00f1alado el sector privado, construir un pa\u00eds viable exige estabilidad y claridad normativa. En ese marco, los empresarios estamos listos para asumir un rol protag\u00f3nico en la reconstrucci\u00f3n econ\u00f3mica del pa\u00eds. El desarrollo no se decreta: se construye. Y sin empresa privada, no habr\u00e1 empleo, producci\u00f3n ni crecimiento. Lo que est\u00e1 en juego no es un inter\u00e9s sectorial, sino el futuro econ\u00f3mico de Bolivia.<\/p>\n<p>El autor es economista, Acad\u00e9mico de n\u00famero de la ABCE y presidente de la Federaci\u00f3n de Empresarios Privados de La Paz (FEPLP).<\/p>\n","protected":false},"excerpt":{"rendered":"<p>En un momento cr\u00edtico para la econom\u00eda boliviana, urge reconocer un hecho inevitable: sin una participaci\u00f3n m\u00e1s fuerte y din\u00e1mica de la empresa privada, el pa\u00eds no podr\u00e1 retomar la senda del crecimiento. La reciente afirmaci\u00f3n del presidente Rodrigo Paz \u2014\u201cnos dejaron sin nada en las arcas\u2026 se gastaron toda la platita\u201d\u2014 no solo describe [&hellip;]<\/p>\n","protected":false},"author":1,"featured_media":158113,"comment_status":"closed","ping_status":"open","sticky":false,"template":"","format":"standard","meta":{"_acf_changed":false,"footnotes":""},"categories":[9],"tags":[],"class_list":["post-348918","post","type-post","status-publish","format-standard","has-post-thumbnail","category-opinion"],"acf":{"antetitulo":""},"yoast_head":"<!-- This site is optimized with the Yoast SEO plugin v28.3 - https:\/\/yoast.com\/product\/yoast-seo-wordpress\/ -->\n<title>Empresa privada y el desarrollo boliviano - El Diario - Bolivia<\/title>\n<meta name=\"robots\" content=\"index, follow, max-snippet:-1, max-image-preview:large, max-video-preview:-1\" \/>\n<link rel=\"canonical\" href=\"https:\/\/www.eldiario.net\/portal\/2025\/11\/30\/empresa-privada-y-el-desarrollo-boliviano\/\" \/>\n<meta property=\"og:locale\" content=\"es_ES\" \/>\n<meta property=\"og:type\" content=\"article\" \/>\n<meta property=\"og:title\" content=\"Empresa privada y el desarrollo boliviano - El Diario - Bolivia\" \/>\n<meta property=\"og:description\" content=\"En un momento cr\u00edtico para la econom\u00eda boliviana, urge reconocer un hecho inevitable: sin una participaci\u00f3n m\u00e1s fuerte y din\u00e1mica de la empresa privada, el pa\u00eds no podr\u00e1 retomar la senda del crecimiento. La reciente afirmaci\u00f3n del presidente Rodrigo Paz \u2014\u201cnos dejaron sin nada en las arcas\u2026 se gastaron toda la platita\u201d\u2014 no solo describe [&hellip;]\" \/>\n<meta property=\"og:url\" content=\"https:\/\/www.eldiario.net\/portal\/2025\/11\/30\/empresa-privada-y-el-desarrollo-boliviano\/\" \/>\n<meta property=\"og:site_name\" content=\"El Diario - Bolivia\" \/>\n<meta property=\"article:publisher\" content=\"https:\/\/www.facebook.com\/eldiario.bolivia\/\" \/>\n<meta property=\"article:published_time\" content=\"2025-11-30T11:42:04+00:00\" \/>\n<meta property=\"og:image\" content=\"https:\/\/www.eldiario.net\/portal\/wp-content\/uploads\/2023\/06\/Rolando-Kempff-Bacigalupo2.jpg\" \/>\n\t<meta property=\"og:image:width\" content=\"1200\" \/>\n\t<meta property=\"og:image:height\" content=\"628\" \/>\n\t<meta property=\"og:image:type\" content=\"image\/jpeg\" \/>\n<meta name=\"author\" content=\"Jeanette\" \/>\n<meta name=\"twitter:card\" content=\"summary_large_image\" \/>\n<meta name=\"twitter:creator\" content=\"@eldiario_net\" \/>\n<meta name=\"twitter:site\" content=\"@eldiario_net\" \/>\n<meta name=\"twitter:label1\" content=\"Escrito por\" \/>\n\t<meta name=\"twitter:data1\" content=\"Jeanette\" \/>\n\t<meta name=\"twitter:label2\" content=\"Tiempo de lectura\" \/>\n\t<meta name=\"twitter:data2\" content=\"3 minutos\" \/>\n<script type=\"application\/ld+json\" class=\"yoast-schema-graph\">{\"@context\":\"https:\\\/\\\/schema.org\",\"@graph\":[{\"@type\":\"Article\",\"@id\":\"https:\\\/\\\/www.eldiario.net\\\/portal\\\/2025\\\/11\\\/30\\\/empresa-privada-y-el-desarrollo-boliviano\\\/#article\",\"isPartOf\":{\"@id\":\"https:\\\/\\\/www.eldiario.net\\\/portal\\\/2025\\\/11\\\/30\\\/empresa-privada-y-el-desarrollo-boliviano\\\/\"},\"author\":{\"name\":\"Jeanette\",\"@id\":\"https:\\\/\\\/www.eldiario.net\\\/portal\\\/#\\\/schema\\\/person\\\/f46445640444750d7d753ccd04ae01b7\"},\"headline\":\"Empresa privada y el desarrollo boliviano\",\"datePublished\":\"2025-11-30T11:42:04+00:00\",\"mainEntityOfPage\":{\"@id\":\"https:\\\/\\\/www.eldiario.net\\\/portal\\\/2025\\\/11\\\/30\\\/empresa-privada-y-el-desarrollo-boliviano\\\/\"},\"wordCount\":660,\"publisher\":{\"@id\":\"https:\\\/\\\/www.eldiario.net\\\/portal\\\/#organization\"},\"image\":{\"@id\":\"https:\\\/\\\/www.eldiario.net\\\/portal\\\/2025\\\/11\\\/30\\\/empresa-privada-y-el-desarrollo-boliviano\\\/#primaryimage\"},\"thumbnailUrl\":\"https:\\\/\\\/www.eldiario.net\\\/portal\\\/wp-content\\\/uploads\\\/2023\\\/06\\\/Rolando-Kempff-Bacigalupo2.jpg\",\"articleSection\":[\"Opini\u00f3n\"],\"inLanguage\":\"es\"},{\"@type\":\"WebPage\",\"@id\":\"https:\\\/\\\/www.eldiario.net\\\/portal\\\/2025\\\/11\\\/30\\\/empresa-privada-y-el-desarrollo-boliviano\\\/\",\"url\":\"https:\\\/\\\/www.eldiario.net\\\/portal\\\/2025\\\/11\\\/30\\\/empresa-privada-y-el-desarrollo-boliviano\\\/\",\"name\":\"Empresa privada y el desarrollo boliviano - El Diario - Bolivia\",\"isPartOf\":{\"@id\":\"https:\\\/\\\/www.eldiario.net\\\/portal\\\/#website\"},\"primaryImageOfPage\":{\"@id\":\"https:\\\/\\\/www.eldiario.net\\\/portal\\\/2025\\\/11\\\/30\\\/empresa-privada-y-el-desarrollo-boliviano\\\/#primaryimage\"},\"image\":{\"@id\":\"https:\\\/\\\/www.eldiario.net\\\/portal\\\/2025\\\/11\\\/30\\\/empresa-privada-y-el-desarrollo-boliviano\\\/#primaryimage\"},\"thumbnailUrl\":\"https:\\\/\\\/www.eldiario.net\\\/portal\\\/wp-content\\\/uploads\\\/2023\\\/06\\\/Rolando-Kempff-Bacigalupo2.jpg\",\"datePublished\":\"2025-11-30T11:42:04+00:00\",\"breadcrumb\":{\"@id\":\"https:\\\/\\\/www.eldiario.net\\\/portal\\\/2025\\\/11\\\/30\\\/empresa-privada-y-el-desarrollo-boliviano\\\/#breadcrumb\"},\"inLanguage\":\"es\",\"potentialAction\":[{\"@type\":\"ReadAction\",\"target\":[\"https:\\\/\\\/www.eldiario.net\\\/portal\\\/2025\\\/11\\\/30\\\/empresa-privada-y-el-desarrollo-boliviano\\\/\"]}]},{\"@type\":\"ImageObject\",\"inLanguage\":\"es\",\"@id\":\"https:\\\/\\\/www.eldiario.net\\\/portal\\\/2025\\\/11\\\/30\\\/empresa-privada-y-el-desarrollo-boliviano\\\/#primaryimage\",\"url\":\"https:\\\/\\\/www.eldiario.net\\\/portal\\\/wp-content\\\/uploads\\\/2023\\\/06\\\/Rolando-Kempff-Bacigalupo2.jpg\",\"contentUrl\":\"https:\\\/\\\/www.eldiario.net\\\/portal\\\/wp-content\\\/uploads\\\/2023\\\/06\\\/Rolando-Kempff-Bacigalupo2.jpg\",\"width\":1200,\"height\":628},{\"@type\":\"BreadcrumbList\",\"@id\":\"https:\\\/\\\/www.eldiario.net\\\/portal\\\/2025\\\/11\\\/30\\\/empresa-privada-y-el-desarrollo-boliviano\\\/#breadcrumb\",\"itemListElement\":[{\"@type\":\"ListItem\",\"position\":1,\"name\":\"Portada\",\"item\":\"https:\\\/\\\/www.eldiario.net\\\/portal\\\/\"},{\"@type\":\"ListItem\",\"position\":2,\"name\":\"Empresa privada y el desarrollo boliviano\"}]},{\"@type\":\"WebSite\",\"@id\":\"https:\\\/\\\/www.eldiario.net\\\/portal\\\/#website\",\"url\":\"https:\\\/\\\/www.eldiario.net\\\/portal\\\/\",\"name\":\"El Diario - Decano de la prensa nacional\",\"description\":\"El Diario - Decano de la prensa nacional\",\"publisher\":{\"@id\":\"https:\\\/\\\/www.eldiario.net\\\/portal\\\/#organization\"},\"potentialAction\":[{\"@type\":\"SearchAction\",\"target\":{\"@type\":\"EntryPoint\",\"urlTemplate\":\"https:\\\/\\\/www.eldiario.net\\\/portal\\\/?s={search_term_string}\"},\"query-input\":{\"@type\":\"PropertyValueSpecification\",\"valueRequired\":true,\"valueName\":\"search_term_string\"}}],\"inLanguage\":\"es\"},{\"@type\":\"Organization\",\"@id\":\"https:\\\/\\\/www.eldiario.net\\\/portal\\\/#organization\",\"name\":\"El Diario - Decano de la prensa nacional\",\"url\":\"https:\\\/\\\/www.eldiario.net\\\/portal\\\/\",\"logo\":{\"@type\":\"ImageObject\",\"inLanguage\":\"es\",\"@id\":\"https:\\\/\\\/www.eldiario.net\\\/portal\\\/#\\\/schema\\\/logo\\\/image\\\/\",\"url\":\"https:\\\/\\\/www.eldiario.net\\\/portal\\\/wp-content\\\/uploads\\\/2023\\\/07\\\/logo_ED.jpg\",\"contentUrl\":\"https:\\\/\\\/www.eldiario.net\\\/portal\\\/wp-content\\\/uploads\\\/2023\\\/07\\\/logo_ED.jpg\",\"width\":272,\"height\":52,\"caption\":\"El Diario - Decano de la prensa nacional\"},\"image\":{\"@id\":\"https:\\\/\\\/www.eldiario.net\\\/portal\\\/#\\\/schema\\\/logo\\\/image\\\/\"},\"sameAs\":[\"https:\\\/\\\/www.facebook.com\\\/eldiario.bolivia\\\/\",\"https:\\\/\\\/x.com\\\/eldiario_net\"]},{\"@type\":\"Person\",\"@id\":\"https:\\\/\\\/www.eldiario.net\\\/portal\\\/#\\\/schema\\\/person\\\/f46445640444750d7d753ccd04ae01b7\",\"name\":\"Jeanette\",\"image\":{\"@type\":\"ImageObject\",\"inLanguage\":\"es\",\"@id\":\"https:\\\/\\\/secure.gravatar.com\\\/avatar\\\/3ea2118a5f7dad2b7138b1187a6b7ee55f160b9968b66013c3a3ef39dd7e5798?s=96&d=mm&r=g\",\"url\":\"https:\\\/\\\/secure.gravatar.com\\\/avatar\\\/3ea2118a5f7dad2b7138b1187a6b7ee55f160b9968b66013c3a3ef39dd7e5798?s=96&d=mm&r=g\",\"contentUrl\":\"https:\\\/\\\/secure.gravatar.com\\\/avatar\\\/3ea2118a5f7dad2b7138b1187a6b7ee55f160b9968b66013c3a3ef39dd7e5798?s=96&d=mm&r=g\",\"caption\":\"Jeanette\"},\"sameAs\":[\"https:\\\/\\\/www.eldiario.net\\\/portal\"],\"url\":\"https:\\\/\\\/www.eldiario.net\\\/portal\\\/author\\\/jeanette\\\/\"}]}<\/script>\n<!-- \/ Yoast SEO plugin. -->","yoast_head_json":{"title":"Empresa privada y el desarrollo boliviano - El Diario - Bolivia","robots":{"index":"index","follow":"follow","max-snippet":"max-snippet:-1","max-image-preview":"max-image-preview:large","max-video-preview":"max-video-preview:-1"},"canonical":"https:\/\/www.eldiario.net\/portal\/2025\/11\/30\/empresa-privada-y-el-desarrollo-boliviano\/","og_locale":"es_ES","og_type":"article","og_title":"Empresa privada y el desarrollo boliviano - El Diario - Bolivia","og_description":"En un momento cr\u00edtico para la econom\u00eda boliviana, urge reconocer un hecho inevitable: sin una participaci\u00f3n m\u00e1s fuerte y din\u00e1mica de la empresa privada, el pa\u00eds no podr\u00e1 retomar la senda del crecimiento. La reciente afirmaci\u00f3n del presidente Rodrigo Paz \u2014\u201cnos dejaron sin nada en las arcas\u2026 se gastaron toda la platita\u201d\u2014 no solo describe [&hellip;]","og_url":"https:\/\/www.eldiario.net\/portal\/2025\/11\/30\/empresa-privada-y-el-desarrollo-boliviano\/","og_site_name":"El Diario - Bolivia","article_publisher":"https:\/\/www.facebook.com\/eldiario.bolivia\/","article_published_time":"2025-11-30T11:42:04+00:00","og_image":[{"width":1200,"height":628,"url":"https:\/\/www.eldiario.net\/portal\/wp-content\/uploads\/2023\/06\/Rolando-Kempff-Bacigalupo2.jpg","type":"image\/jpeg"}],"author":"Jeanette","twitter_card":"summary_large_image","twitter_creator":"@eldiario_net","twitter_site":"@eldiario_net","twitter_misc":{"Escrito por":"Jeanette","Tiempo de lectura":"3 minutos"},"schema":{"@context":"https:\/\/schema.org","@graph":[{"@type":"Article","@id":"https:\/\/www.eldiario.net\/portal\/2025\/11\/30\/empresa-privada-y-el-desarrollo-boliviano\/#article","isPartOf":{"@id":"https:\/\/www.eldiario.net\/portal\/2025\/11\/30\/empresa-privada-y-el-desarrollo-boliviano\/"},"author":{"name":"Jeanette","@id":"https:\/\/www.eldiario.net\/portal\/#\/schema\/person\/f46445640444750d7d753ccd04ae01b7"},"headline":"Empresa privada y el desarrollo boliviano","datePublished":"2025-11-30T11:42:04+00:00","mainEntityOfPage":{"@id":"https:\/\/www.eldiario.net\/portal\/2025\/11\/30\/empresa-privada-y-el-desarrollo-boliviano\/"},"wordCount":660,"publisher":{"@id":"https:\/\/www.eldiario.net\/portal\/#organization"},"image":{"@id":"https:\/\/www.eldiario.net\/portal\/2025\/11\/30\/empresa-privada-y-el-desarrollo-boliviano\/#primaryimage"},"thumbnailUrl":"https:\/\/www.eldiario.net\/portal\/wp-content\/uploads\/2023\/06\/Rolando-Kempff-Bacigalupo2.jpg","articleSection":["Opini\u00f3n"],"inLanguage":"es"},{"@type":"WebPage","@id":"https:\/\/www.eldiario.net\/portal\/2025\/11\/30\/empresa-privada-y-el-desarrollo-boliviano\/","url":"https:\/\/www.eldiario.net\/portal\/2025\/11\/30\/empresa-privada-y-el-desarrollo-boliviano\/","name":"Empresa privada y el desarrollo boliviano - El Diario - Bolivia","isPartOf":{"@id":"https:\/\/www.eldiario.net\/portal\/#website"},"primaryImageOfPage":{"@id":"https:\/\/www.eldiario.net\/portal\/2025\/11\/30\/empresa-privada-y-el-desarrollo-boliviano\/#primaryimage"},"image":{"@id":"https:\/\/www.eldiario.net\/portal\/2025\/11\/30\/empresa-privada-y-el-desarrollo-boliviano\/#primaryimage"},"thumbnailUrl":"https:\/\/www.eldiario.net\/portal\/wp-content\/uploads\/2023\/06\/Rolando-Kempff-Bacigalupo2.jpg","datePublished":"2025-11-30T11:42:04+00:00","breadcrumb":{"@id":"https:\/\/www.eldiario.net\/portal\/2025\/11\/30\/empresa-privada-y-el-desarrollo-boliviano\/#breadcrumb"},"inLanguage":"es","potentialAction":[{"@type":"ReadAction","target":["https:\/\/www.eldiario.net\/portal\/2025\/11\/30\/empresa-privada-y-el-desarrollo-boliviano\/"]}]},{"@type":"ImageObject","inLanguage":"es","@id":"https:\/\/www.eldiario.net\/portal\/2025\/11\/30\/empresa-privada-y-el-desarrollo-boliviano\/#primaryimage","url":"https:\/\/www.eldiario.net\/portal\/wp-content\/uploads\/2023\/06\/Rolando-Kempff-Bacigalupo2.jpg","contentUrl":"https:\/\/www.eldiario.net\/portal\/wp-content\/uploads\/2023\/06\/Rolando-Kempff-Bacigalupo2.jpg","width":1200,"height":628},{"@type":"BreadcrumbList","@id":"https:\/\/www.eldiario.net\/portal\/2025\/11\/30\/empresa-privada-y-el-desarrollo-boliviano\/#breadcrumb","itemListElement":[{"@type":"ListItem","position":1,"name":"Portada","item":"https:\/\/www.eldiario.net\/portal\/"},{"@type":"ListItem","position":2,"name":"Empresa privada y el desarrollo boliviano"}]},{"@type":"WebSite","@id":"https:\/\/www.eldiario.net\/portal\/#website","url":"https:\/\/www.eldiario.net\/portal\/","name":"El Diario - Decano de la prensa nacional","description":"El Diario - Decano de la prensa nacional","publisher":{"@id":"https:\/\/www.eldiario.net\/portal\/#organization"},"potentialAction":[{"@type":"SearchAction","target":{"@type":"EntryPoint","urlTemplate":"https:\/\/www.eldiario.net\/portal\/?s={search_term_string}"},"query-input":{"@type":"PropertyValueSpecification","valueRequired":true,"valueName":"search_term_string"}}],"inLanguage":"es"},{"@type":"Organization","@id":"https:\/\/www.eldiario.net\/portal\/#organization","name":"El Diario - Decano de la prensa nacional","url":"https:\/\/www.eldiario.net\/portal\/","logo":{"@type":"ImageObject","inLanguage":"es","@id":"https:\/\/www.eldiario.net\/portal\/#\/schema\/logo\/image\/","url":"https:\/\/www.eldiario.net\/portal\/wp-content\/uploads\/2023\/07\/logo_ED.jpg","contentUrl":"https:\/\/www.eldiario.net\/portal\/wp-content\/uploads\/2023\/07\/logo_ED.jpg","width":272,"height":52,"caption":"El Diario - Decano de la prensa nacional"},"image":{"@id":"https:\/\/www.eldiario.net\/portal\/#\/schema\/logo\/image\/"},"sameAs":["https:\/\/www.facebook.com\/eldiario.bolivia\/","https:\/\/x.com\/eldiario_net"]},{"@type":"Person","@id":"https:\/\/www.eldiario.net\/portal\/#\/schema\/person\/f46445640444750d7d753ccd04ae01b7","name":"Jeanette","image":{"@type":"ImageObject","inLanguage":"es","@id":"https:\/\/secure.gravatar.com\/avatar\/3ea2118a5f7dad2b7138b1187a6b7ee55f160b9968b66013c3a3ef39dd7e5798?s=96&d=mm&r=g","url":"https:\/\/secure.gravatar.com\/avatar\/3ea2118a5f7dad2b7138b1187a6b7ee55f160b9968b66013c3a3ef39dd7e5798?s=96&d=mm&r=g","contentUrl":"https:\/\/secure.gravatar.com\/avatar\/3ea2118a5f7dad2b7138b1187a6b7ee55f160b9968b66013c3a3ef39dd7e5798?s=96&d=mm&r=g","caption":"Jeanette"},"sameAs":["https:\/\/www.eldiario.net\/portal"],"url":"https:\/\/www.eldiario.net\/portal\/author\/jeanette\/"}]}},"_links":{"self":[{"href":"https:\/\/www.eldiario.net\/portal\/wp-json\/wp\/v2\/posts\/348918","targetHints":{"allow":["GET"]}}],"collection":[{"href":"https:\/\/www.eldiario.net\/portal\/wp-json\/wp\/v2\/posts"}],"about":[{"href":"https:\/\/www.eldiario.net\/portal\/wp-json\/wp\/v2\/types\/post"}],"author":[{"embeddable":true,"href":"https:\/\/www.eldiario.net\/portal\/wp-json\/wp\/v2\/users\/1"}],"replies":[{"embeddable":true,"href":"https:\/\/www.eldiario.net\/portal\/wp-json\/wp\/v2\/comments?post=348918"}],"version-history":[{"count":1,"href":"https:\/\/www.eldiario.net\/portal\/wp-json\/wp\/v2\/posts\/348918\/revisions"}],"predecessor-version":[{"id":348919,"href":"https:\/\/www.eldiario.net\/portal\/wp-json\/wp\/v2\/posts\/348918\/revisions\/348919"}],"wp:featuredmedia":[{"embeddable":true,"href":"https:\/\/www.eldiario.net\/portal\/wp-json\/wp\/v2\/media\/158113"}],"wp:attachment":[{"href":"https:\/\/www.eldiario.net\/portal\/wp-json\/wp\/v2\/media?parent=348918"}],"wp:term":[{"taxonomy":"category","embeddable":true,"href":"https:\/\/www.eldiario.net\/portal\/wp-json\/wp\/v2\/categories?post=348918"},{"taxonomy":"post_tag","embeddable":true,"href":"https:\/\/www.eldiario.net\/portal\/wp-json\/wp\/v2\/tags?post=348918"}],"curies":[{"name":"wp","href":"https:\/\/api.w.org\/{rel}","templated":true}]}}