{"id":348916,"date":"2025-11-30T07:41:33","date_gmt":"2025-11-30T11:41:33","guid":{"rendered":"https:\/\/www.eldiario.net\/portal\/?p=348916"},"modified":"2025-11-30T07:41:33","modified_gmt":"2025-11-30T11:41:33","slug":"el-objetivo-inmediato-del-nuevo-gobierno","status":"publish","type":"post","link":"https:\/\/www.eldiario.net\/portal\/2025\/11\/30\/el-objetivo-inmediato-del-nuevo-gobierno\/","title":{"rendered":"El objetivo inmediato del nuevo gobierno"},"content":{"rendered":"<p>El objetivo inmediato del gobierno entrante, es reconducir la Patria en ruinas. Ratificando la vocaci\u00f3n de servicio incondicional. Resta\u00f1ando sus heridas provocadas por desprop\u00f3sitos de orden pol\u00edtico. Aceptando los retos de la coyuntura, que son tan cruciales y decisivos. Tomando medidas que contribuyan a la reconstrucci\u00f3n nacional. En la hist\u00f3rica perspectiva de promover progreso y engrandecimiento de Bolivia. Y desarrollo sostenible, como se\u00f1alan algunos. Dejando de lado las suspicacias. Aprovechando la paciencia, la tolerancia y el respaldo ciudadano, que puede variar de un momento a otro. El cambio no se lograr\u00e1 de la noche a la ma\u00f1ana. Tampoco ser\u00e1 sencillo. Lo bueno es que se puso la piedra fundamental.<br \/>\nInmerso en la problem\u00e1tica nacional, asume la apertura econ\u00f3mica. Levanta los impuestos a las grandes fortunas. Con ello buscar\u00eda que retorne la inversi\u00f3n nacional y extranjera, el ingreso de d\u00f3lares y la generaci\u00f3n de nuevos empleos. Estuvo buscando, adem\u00e1s, recursos para los damnificados de Samaipata. Redujo ministerios y viceministerios. En una l\u00ednea de austeridad. Se esfuerza por atraer d\u00f3lares y regularizar la distribuci\u00f3n de combustibles. Intentar\u00e1 identificar a quienes saquearon las arcas del Estado. Particularmente en el \u00e1rea de hidrocarburos. Pero la canasta familiar a\u00fan se mantiene en las nubes, los sueldos y salarios est\u00e1n deteriorados. Lo mismo sucede con la renta de los jubilados. Muchos sectores esperan se hagan realidad las otras ofertas electorales. El incumplimiento rayar\u00eda con la demagogia barata.<br \/>\nOposici\u00f3n siempre hubo. La revoluci\u00f3n nacional tuvo de opositores a comunistas, trotskistas y falangistas. Quienes no se cansaban de cuestionar sus medidas. Pero las conquistas fueron irreversibles. No hubo, hasta el momento, un gobierno que haya superado tales logros. Ni entre el militarismo ni el civilismo. Por ello es necesario construir hitos hist\u00f3ricos.<br \/>\nEs cierto que los enemigos conviven con quienes alientan una causa. Con quienes trabajan denodadamente por alcanzar metas de cambio. Sin escatimar esfuerzos ni sacrificios. Sin prestarse a las manipulaciones. Sin propalar incoherencias que confunden a la ciudadan\u00eda. Trabajan de buena fe. Mientras los supuestos amigos, cumplen, al pie de la letra, con el libreto de sus mentores. Hay quienes respiran por la herida. Desear\u00edan nuevas elecciones. Por ello buscan pelos en la sopa. No les interesa Bolivia. Pero los tiempos han cambiado, no son propicios para golpes ni para sucesiones constitucionales. La democracia adquiri\u00f3 un cauce hist\u00f3rico.<br \/>\nBolivia est\u00e1 en la mira de muchos pa\u00edses, prestos para ayudarla, en el nuevo ciclo pol\u00edtico. Posiblemente son de tendencia democr\u00e1tica. Pero algunos cuestionan y rechazan tales actitudes de solidaridad. Son sectores aleccionados ideol\u00f3gicamente. Preferir\u00edan que Bolivia permanezca aislada e invisibilizada. Porque solo de esa manera impondr\u00edan sus designios. No les conviene una apertura hacia el mundo, porque eso significar\u00eda el final de sus actividades.<br \/>\nEn suma: vemos cambios, en hora buena.<\/p>\n","protected":false},"excerpt":{"rendered":"<p>El objetivo inmediato del gobierno entrante, es reconducir la Patria en ruinas. Ratificando la vocaci\u00f3n de servicio incondicional. Resta\u00f1ando sus heridas provocadas por desprop\u00f3sitos de orden pol\u00edtico. Aceptando los retos de la coyuntura, que son tan cruciales y decisivos. Tomando medidas que contribuyan a la reconstrucci\u00f3n nacional. En la hist\u00f3rica perspectiva de promover progreso y [&hellip;]<\/p>\n","protected":false},"author":1,"featured_media":158618,"comment_status":"closed","ping_status":"open","sticky":false,"template":"","format":"standard","meta":{"_acf_changed":false,"footnotes":""},"categories":[9],"tags":[],"class_list":["post-348916","post","type-post","status-publish","format-standard","has-post-thumbnail","category-opinion"],"acf":{"antetitulo":""},"yoast_head":"<!-- This site is optimized with the Yoast SEO plugin v28.3 - https:\/\/yoast.com\/product\/yoast-seo-wordpress\/ -->\n<title>El objetivo inmediato del nuevo gobierno - El Diario - Bolivia<\/title>\n<meta name=\"robots\" content=\"index, follow, max-snippet:-1, max-image-preview:large, max-video-preview:-1\" \/>\n<link rel=\"canonical\" href=\"https:\/\/www.eldiario.net\/portal\/2025\/11\/30\/el-objetivo-inmediato-del-nuevo-gobierno\/\" \/>\n<meta property=\"og:locale\" content=\"es_ES\" \/>\n<meta property=\"og:type\" content=\"article\" \/>\n<meta property=\"og:title\" content=\"El objetivo inmediato del nuevo gobierno - El Diario - Bolivia\" \/>\n<meta property=\"og:description\" content=\"El objetivo inmediato del gobierno entrante, es reconducir la Patria en ruinas. Ratificando la vocaci\u00f3n de servicio incondicional. Resta\u00f1ando sus heridas provocadas por desprop\u00f3sitos de orden pol\u00edtico. Aceptando los retos de la coyuntura, que son tan cruciales y decisivos. Tomando medidas que contribuyan a la reconstrucci\u00f3n nacional. En la hist\u00f3rica perspectiva de promover progreso y [&hellip;]\" \/>\n<meta property=\"og:url\" content=\"https:\/\/www.eldiario.net\/portal\/2025\/11\/30\/el-objetivo-inmediato-del-nuevo-gobierno\/\" \/>\n<meta property=\"og:site_name\" content=\"El Diario - Bolivia\" \/>\n<meta property=\"article:publisher\" content=\"https:\/\/www.facebook.com\/eldiario.bolivia\/\" \/>\n<meta property=\"article:published_time\" content=\"2025-11-30T11:41:33+00:00\" \/>\n<meta property=\"og:image\" content=\"https:\/\/www.eldiario.net\/portal\/wp-content\/uploads\/2023\/06\/Severo-Cruz-1.jpg\" \/>\n\t<meta property=\"og:image:width\" content=\"1200\" \/>\n\t<meta property=\"og:image:height\" content=\"628\" \/>\n\t<meta property=\"og:image:type\" content=\"image\/jpeg\" \/>\n<meta name=\"author\" content=\"Jeanette\" \/>\n<meta name=\"twitter:card\" content=\"summary_large_image\" \/>\n<meta name=\"twitter:creator\" content=\"@eldiario_net\" \/>\n<meta name=\"twitter:site\" content=\"@eldiario_net\" \/>\n<meta name=\"twitter:label1\" content=\"Escrito por\" \/>\n\t<meta name=\"twitter:data1\" content=\"Jeanette\" \/>\n\t<meta name=\"twitter:label2\" content=\"Tiempo de lectura\" \/>\n\t<meta name=\"twitter:data2\" content=\"3 minutos\" \/>\n<script type=\"application\/ld+json\" class=\"yoast-schema-graph\">{\"@context\":\"https:\\\/\\\/schema.org\",\"@graph\":[{\"@type\":\"Article\",\"@id\":\"https:\\\/\\\/www.eldiario.net\\\/portal\\\/2025\\\/11\\\/30\\\/el-objetivo-inmediato-del-nuevo-gobierno\\\/#article\",\"isPartOf\":{\"@id\":\"https:\\\/\\\/www.eldiario.net\\\/portal\\\/2025\\\/11\\\/30\\\/el-objetivo-inmediato-del-nuevo-gobierno\\\/\"},\"author\":{\"name\":\"Jeanette\",\"@id\":\"https:\\\/\\\/www.eldiario.net\\\/portal\\\/#\\\/schema\\\/person\\\/f46445640444750d7d753ccd04ae01b7\"},\"headline\":\"El objetivo inmediato del nuevo gobierno\",\"datePublished\":\"2025-11-30T11:41:33+00:00\",\"mainEntityOfPage\":{\"@id\":\"https:\\\/\\\/www.eldiario.net\\\/portal\\\/2025\\\/11\\\/30\\\/el-objetivo-inmediato-del-nuevo-gobierno\\\/\"},\"wordCount\":494,\"publisher\":{\"@id\":\"https:\\\/\\\/www.eldiario.net\\\/portal\\\/#organization\"},\"image\":{\"@id\":\"https:\\\/\\\/www.eldiario.net\\\/portal\\\/2025\\\/11\\\/30\\\/el-objetivo-inmediato-del-nuevo-gobierno\\\/#primaryimage\"},\"thumbnailUrl\":\"https:\\\/\\\/www.eldiario.net\\\/portal\\\/wp-content\\\/uploads\\\/2023\\\/06\\\/Severo-Cruz-1.jpg\",\"articleSection\":[\"Opini\u00f3n\"],\"inLanguage\":\"es\"},{\"@type\":\"WebPage\",\"@id\":\"https:\\\/\\\/www.eldiario.net\\\/portal\\\/2025\\\/11\\\/30\\\/el-objetivo-inmediato-del-nuevo-gobierno\\\/\",\"url\":\"https:\\\/\\\/www.eldiario.net\\\/portal\\\/2025\\\/11\\\/30\\\/el-objetivo-inmediato-del-nuevo-gobierno\\\/\",\"name\":\"El objetivo inmediato del nuevo gobierno - El Diario - Bolivia\",\"isPartOf\":{\"@id\":\"https:\\\/\\\/www.eldiario.net\\\/portal\\\/#website\"},\"primaryImageOfPage\":{\"@id\":\"https:\\\/\\\/www.eldiario.net\\\/portal\\\/2025\\\/11\\\/30\\\/el-objetivo-inmediato-del-nuevo-gobierno\\\/#primaryimage\"},\"image\":{\"@id\":\"https:\\\/\\\/www.eldiario.net\\\/portal\\\/2025\\\/11\\\/30\\\/el-objetivo-inmediato-del-nuevo-gobierno\\\/#primaryimage\"},\"thumbnailUrl\":\"https:\\\/\\\/www.eldiario.net\\\/portal\\\/wp-content\\\/uploads\\\/2023\\\/06\\\/Severo-Cruz-1.jpg\",\"datePublished\":\"2025-11-30T11:41:33+00:00\",\"breadcrumb\":{\"@id\":\"https:\\\/\\\/www.eldiario.net\\\/portal\\\/2025\\\/11\\\/30\\\/el-objetivo-inmediato-del-nuevo-gobierno\\\/#breadcrumb\"},\"inLanguage\":\"es\",\"potentialAction\":[{\"@type\":\"ReadAction\",\"target\":[\"https:\\\/\\\/www.eldiario.net\\\/portal\\\/2025\\\/11\\\/30\\\/el-objetivo-inmediato-del-nuevo-gobierno\\\/\"]}]},{\"@type\":\"ImageObject\",\"inLanguage\":\"es\",\"@id\":\"https:\\\/\\\/www.eldiario.net\\\/portal\\\/2025\\\/11\\\/30\\\/el-objetivo-inmediato-del-nuevo-gobierno\\\/#primaryimage\",\"url\":\"https:\\\/\\\/www.eldiario.net\\\/portal\\\/wp-content\\\/uploads\\\/2023\\\/06\\\/Severo-Cruz-1.jpg\",\"contentUrl\":\"https:\\\/\\\/www.eldiario.net\\\/portal\\\/wp-content\\\/uploads\\\/2023\\\/06\\\/Severo-Cruz-1.jpg\",\"width\":1200,\"height\":628,\"caption\":\"Severo Cruz Selaez\"},{\"@type\":\"BreadcrumbList\",\"@id\":\"https:\\\/\\\/www.eldiario.net\\\/portal\\\/2025\\\/11\\\/30\\\/el-objetivo-inmediato-del-nuevo-gobierno\\\/#breadcrumb\",\"itemListElement\":[{\"@type\":\"ListItem\",\"position\":1,\"name\":\"Portada\",\"item\":\"https:\\\/\\\/www.eldiario.net\\\/portal\\\/\"},{\"@type\":\"ListItem\",\"position\":2,\"name\":\"El objetivo inmediato del nuevo gobierno\"}]},{\"@type\":\"WebSite\",\"@id\":\"https:\\\/\\\/www.eldiario.net\\\/portal\\\/#website\",\"url\":\"https:\\\/\\\/www.eldiario.net\\\/portal\\\/\",\"name\":\"El Diario - Decano de la prensa nacional\",\"description\":\"El Diario - Decano de la prensa nacional\",\"publisher\":{\"@id\":\"https:\\\/\\\/www.eldiario.net\\\/portal\\\/#organization\"},\"potentialAction\":[{\"@type\":\"SearchAction\",\"target\":{\"@type\":\"EntryPoint\",\"urlTemplate\":\"https:\\\/\\\/www.eldiario.net\\\/portal\\\/?s={search_term_string}\"},\"query-input\":{\"@type\":\"PropertyValueSpecification\",\"valueRequired\":true,\"valueName\":\"search_term_string\"}}],\"inLanguage\":\"es\"},{\"@type\":\"Organization\",\"@id\":\"https:\\\/\\\/www.eldiario.net\\\/portal\\\/#organization\",\"name\":\"El Diario - Decano de la prensa nacional\",\"url\":\"https:\\\/\\\/www.eldiario.net\\\/portal\\\/\",\"logo\":{\"@type\":\"ImageObject\",\"inLanguage\":\"es\",\"@id\":\"https:\\\/\\\/www.eldiario.net\\\/portal\\\/#\\\/schema\\\/logo\\\/image\\\/\",\"url\":\"https:\\\/\\\/www.eldiario.net\\\/portal\\\/wp-content\\\/uploads\\\/2023\\\/07\\\/logo_ED.jpg\",\"contentUrl\":\"https:\\\/\\\/www.eldiario.net\\\/portal\\\/wp-content\\\/uploads\\\/2023\\\/07\\\/logo_ED.jpg\",\"width\":272,\"height\":52,\"caption\":\"El Diario - Decano de la prensa nacional\"},\"image\":{\"@id\":\"https:\\\/\\\/www.eldiario.net\\\/portal\\\/#\\\/schema\\\/logo\\\/image\\\/\"},\"sameAs\":[\"https:\\\/\\\/www.facebook.com\\\/eldiario.bolivia\\\/\",\"https:\\\/\\\/x.com\\\/eldiario_net\"]},{\"@type\":\"Person\",\"@id\":\"https:\\\/\\\/www.eldiario.net\\\/portal\\\/#\\\/schema\\\/person\\\/f46445640444750d7d753ccd04ae01b7\",\"name\":\"Jeanette\",\"image\":{\"@type\":\"ImageObject\",\"inLanguage\":\"es\",\"@id\":\"https:\\\/\\\/secure.gravatar.com\\\/avatar\\\/3ea2118a5f7dad2b7138b1187a6b7ee55f160b9968b66013c3a3ef39dd7e5798?s=96&d=mm&r=g\",\"url\":\"https:\\\/\\\/secure.gravatar.com\\\/avatar\\\/3ea2118a5f7dad2b7138b1187a6b7ee55f160b9968b66013c3a3ef39dd7e5798?s=96&d=mm&r=g\",\"contentUrl\":\"https:\\\/\\\/secure.gravatar.com\\\/avatar\\\/3ea2118a5f7dad2b7138b1187a6b7ee55f160b9968b66013c3a3ef39dd7e5798?s=96&d=mm&r=g\",\"caption\":\"Jeanette\"},\"sameAs\":[\"https:\\\/\\\/www.eldiario.net\\\/portal\"],\"url\":\"https:\\\/\\\/www.eldiario.net\\\/portal\\\/author\\\/jeanette\\\/\"}]}<\/script>\n<!-- \/ Yoast SEO plugin. -->","yoast_head_json":{"title":"El objetivo inmediato del nuevo gobierno - El Diario - Bolivia","robots":{"index":"index","follow":"follow","max-snippet":"max-snippet:-1","max-image-preview":"max-image-preview:large","max-video-preview":"max-video-preview:-1"},"canonical":"https:\/\/www.eldiario.net\/portal\/2025\/11\/30\/el-objetivo-inmediato-del-nuevo-gobierno\/","og_locale":"es_ES","og_type":"article","og_title":"El objetivo inmediato del nuevo gobierno - El Diario - Bolivia","og_description":"El objetivo inmediato del gobierno entrante, es reconducir la Patria en ruinas. Ratificando la vocaci\u00f3n de servicio incondicional. Resta\u00f1ando sus heridas provocadas por desprop\u00f3sitos de orden pol\u00edtico. Aceptando los retos de la coyuntura, que son tan cruciales y decisivos. Tomando medidas que contribuyan a la reconstrucci\u00f3n nacional. En la hist\u00f3rica perspectiva de promover progreso y [&hellip;]","og_url":"https:\/\/www.eldiario.net\/portal\/2025\/11\/30\/el-objetivo-inmediato-del-nuevo-gobierno\/","og_site_name":"El Diario - Bolivia","article_publisher":"https:\/\/www.facebook.com\/eldiario.bolivia\/","article_published_time":"2025-11-30T11:41:33+00:00","og_image":[{"width":1200,"height":628,"url":"https:\/\/www.eldiario.net\/portal\/wp-content\/uploads\/2023\/06\/Severo-Cruz-1.jpg","type":"image\/jpeg"}],"author":"Jeanette","twitter_card":"summary_large_image","twitter_creator":"@eldiario_net","twitter_site":"@eldiario_net","twitter_misc":{"Escrito por":"Jeanette","Tiempo de lectura":"3 minutos"},"schema":{"@context":"https:\/\/schema.org","@graph":[{"@type":"Article","@id":"https:\/\/www.eldiario.net\/portal\/2025\/11\/30\/el-objetivo-inmediato-del-nuevo-gobierno\/#article","isPartOf":{"@id":"https:\/\/www.eldiario.net\/portal\/2025\/11\/30\/el-objetivo-inmediato-del-nuevo-gobierno\/"},"author":{"name":"Jeanette","@id":"https:\/\/www.eldiario.net\/portal\/#\/schema\/person\/f46445640444750d7d753ccd04ae01b7"},"headline":"El objetivo inmediato del nuevo gobierno","datePublished":"2025-11-30T11:41:33+00:00","mainEntityOfPage":{"@id":"https:\/\/www.eldiario.net\/portal\/2025\/11\/30\/el-objetivo-inmediato-del-nuevo-gobierno\/"},"wordCount":494,"publisher":{"@id":"https:\/\/www.eldiario.net\/portal\/#organization"},"image":{"@id":"https:\/\/www.eldiario.net\/portal\/2025\/11\/30\/el-objetivo-inmediato-del-nuevo-gobierno\/#primaryimage"},"thumbnailUrl":"https:\/\/www.eldiario.net\/portal\/wp-content\/uploads\/2023\/06\/Severo-Cruz-1.jpg","articleSection":["Opini\u00f3n"],"inLanguage":"es"},{"@type":"WebPage","@id":"https:\/\/www.eldiario.net\/portal\/2025\/11\/30\/el-objetivo-inmediato-del-nuevo-gobierno\/","url":"https:\/\/www.eldiario.net\/portal\/2025\/11\/30\/el-objetivo-inmediato-del-nuevo-gobierno\/","name":"El objetivo inmediato del nuevo gobierno - El Diario - Bolivia","isPartOf":{"@id":"https:\/\/www.eldiario.net\/portal\/#website"},"primaryImageOfPage":{"@id":"https:\/\/www.eldiario.net\/portal\/2025\/11\/30\/el-objetivo-inmediato-del-nuevo-gobierno\/#primaryimage"},"image":{"@id":"https:\/\/www.eldiario.net\/portal\/2025\/11\/30\/el-objetivo-inmediato-del-nuevo-gobierno\/#primaryimage"},"thumbnailUrl":"https:\/\/www.eldiario.net\/portal\/wp-content\/uploads\/2023\/06\/Severo-Cruz-1.jpg","datePublished":"2025-11-30T11:41:33+00:00","breadcrumb":{"@id":"https:\/\/www.eldiario.net\/portal\/2025\/11\/30\/el-objetivo-inmediato-del-nuevo-gobierno\/#breadcrumb"},"inLanguage":"es","potentialAction":[{"@type":"ReadAction","target":["https:\/\/www.eldiario.net\/portal\/2025\/11\/30\/el-objetivo-inmediato-del-nuevo-gobierno\/"]}]},{"@type":"ImageObject","inLanguage":"es","@id":"https:\/\/www.eldiario.net\/portal\/2025\/11\/30\/el-objetivo-inmediato-del-nuevo-gobierno\/#primaryimage","url":"https:\/\/www.eldiario.net\/portal\/wp-content\/uploads\/2023\/06\/Severo-Cruz-1.jpg","contentUrl":"https:\/\/www.eldiario.net\/portal\/wp-content\/uploads\/2023\/06\/Severo-Cruz-1.jpg","width":1200,"height":628,"caption":"Severo Cruz Selaez"},{"@type":"BreadcrumbList","@id":"https:\/\/www.eldiario.net\/portal\/2025\/11\/30\/el-objetivo-inmediato-del-nuevo-gobierno\/#breadcrumb","itemListElement":[{"@type":"ListItem","position":1,"name":"Portada","item":"https:\/\/www.eldiario.net\/portal\/"},{"@type":"ListItem","position":2,"name":"El objetivo inmediato del nuevo gobierno"}]},{"@type":"WebSite","@id":"https:\/\/www.eldiario.net\/portal\/#website","url":"https:\/\/www.eldiario.net\/portal\/","name":"El Diario - Decano de la prensa nacional","description":"El Diario - Decano de la prensa nacional","publisher":{"@id":"https:\/\/www.eldiario.net\/portal\/#organization"},"potentialAction":[{"@type":"SearchAction","target":{"@type":"EntryPoint","urlTemplate":"https:\/\/www.eldiario.net\/portal\/?s={search_term_string}"},"query-input":{"@type":"PropertyValueSpecification","valueRequired":true,"valueName":"search_term_string"}}],"inLanguage":"es"},{"@type":"Organization","@id":"https:\/\/www.eldiario.net\/portal\/#organization","name":"El Diario - Decano de la prensa nacional","url":"https:\/\/www.eldiario.net\/portal\/","logo":{"@type":"ImageObject","inLanguage":"es","@id":"https:\/\/www.eldiario.net\/portal\/#\/schema\/logo\/image\/","url":"https:\/\/www.eldiario.net\/portal\/wp-content\/uploads\/2023\/07\/logo_ED.jpg","contentUrl":"https:\/\/www.eldiario.net\/portal\/wp-content\/uploads\/2023\/07\/logo_ED.jpg","width":272,"height":52,"caption":"El Diario - Decano de la prensa nacional"},"image":{"@id":"https:\/\/www.eldiario.net\/portal\/#\/schema\/logo\/image\/"},"sameAs":["https:\/\/www.facebook.com\/eldiario.bolivia\/","https:\/\/x.com\/eldiario_net"]},{"@type":"Person","@id":"https:\/\/www.eldiario.net\/portal\/#\/schema\/person\/f46445640444750d7d753ccd04ae01b7","name":"Jeanette","image":{"@type":"ImageObject","inLanguage":"es","@id":"https:\/\/secure.gravatar.com\/avatar\/3ea2118a5f7dad2b7138b1187a6b7ee55f160b9968b66013c3a3ef39dd7e5798?s=96&d=mm&r=g","url":"https:\/\/secure.gravatar.com\/avatar\/3ea2118a5f7dad2b7138b1187a6b7ee55f160b9968b66013c3a3ef39dd7e5798?s=96&d=mm&r=g","contentUrl":"https:\/\/secure.gravatar.com\/avatar\/3ea2118a5f7dad2b7138b1187a6b7ee55f160b9968b66013c3a3ef39dd7e5798?s=96&d=mm&r=g","caption":"Jeanette"},"sameAs":["https:\/\/www.eldiario.net\/portal"],"url":"https:\/\/www.eldiario.net\/portal\/author\/jeanette\/"}]}},"_links":{"self":[{"href":"https:\/\/www.eldiario.net\/portal\/wp-json\/wp\/v2\/posts\/348916","targetHints":{"allow":["GET"]}}],"collection":[{"href":"https:\/\/www.eldiario.net\/portal\/wp-json\/wp\/v2\/posts"}],"about":[{"href":"https:\/\/www.eldiario.net\/portal\/wp-json\/wp\/v2\/types\/post"}],"author":[{"embeddable":true,"href":"https:\/\/www.eldiario.net\/portal\/wp-json\/wp\/v2\/users\/1"}],"replies":[{"embeddable":true,"href":"https:\/\/www.eldiario.net\/portal\/wp-json\/wp\/v2\/comments?post=348916"}],"version-history":[{"count":1,"href":"https:\/\/www.eldiario.net\/portal\/wp-json\/wp\/v2\/posts\/348916\/revisions"}],"predecessor-version":[{"id":348917,"href":"https:\/\/www.eldiario.net\/portal\/wp-json\/wp\/v2\/posts\/348916\/revisions\/348917"}],"wp:featuredmedia":[{"embeddable":true,"href":"https:\/\/www.eldiario.net\/portal\/wp-json\/wp\/v2\/media\/158618"}],"wp:attachment":[{"href":"https:\/\/www.eldiario.net\/portal\/wp-json\/wp\/v2\/media?parent=348916"}],"wp:term":[{"taxonomy":"category","embeddable":true,"href":"https:\/\/www.eldiario.net\/portal\/wp-json\/wp\/v2\/categories?post=348916"},{"taxonomy":"post_tag","embeddable":true,"href":"https:\/\/www.eldiario.net\/portal\/wp-json\/wp\/v2\/tags?post=348916"}],"curies":[{"name":"wp","href":"https:\/\/api.w.org\/{rel}","templated":true}]}}