{"id":34841,"date":"2021-10-07T04:56:59","date_gmt":"2021-10-07T08:56:59","guid":{"rendered":"https:\/\/www.eldiario.net\/portal\/?p=34841"},"modified":"2021-10-07T04:56:59","modified_gmt":"2021-10-07T08:56:59","slug":"asamblea-departamental-exige-al-gobierno-frenar-la-persecucion","status":"publish","type":"post","link":"https:\/\/www.eldiario.net\/portal\/2021\/10\/07\/asamblea-departamental-exige-al-gobierno-frenar-la-persecucion\/","title":{"rendered":"Asamblea departamental exige al Gobierno frenar la persecuci\u00f3n"},"content":{"rendered":"<p>La Asamblea Legislativa Departamental de Santa Cruz aprob\u00f3 una resoluci\u00f3n en la que se exige que se respete al departamento, a las autoridades y a la ley ante la arremetida judicial en contra de algunos alcaldes y gobernadores en el pa\u00eds.<\/p>\n<p>La Asamblea Legislativa Departamental de Santa Cruz aprob\u00f3 una resoluci\u00f3n en la que se resuelve exigir al Gobierno que se respete al departamento, a las autoridades y a la ley ante la arremetida judicial en contra de algunos alcaldes y gobernadores en el pa\u00eds.<\/p>\n<p>El intenso debate de la \u00faltima jornada, previo a la validaci\u00f3n del pronunciamiento, se prolong\u00f3 durante dos horas con acusaciones entre los asamble\u00edstas de Creemos y del Movimiento al Socialismo (MAS).<\/p>\n<p>El presidente de la Asamblea, Zvonko Matkovic, calific\u00f3 como \u00abuna declaraci\u00f3n de impotencia\u00bb el pronunciamiento ante \u00abun mal recurrente\u00bb que se vive en el pa\u00eds. El pedido aprobado por el \u00f3rgano deliberativo pretende \u00abque se deje de manipular desde el gobierno de turno\u00bb, afirm\u00f3 Matkovic.<\/p>\n<p>Para explicar la necesidad de la resoluci\u00f3n tramitada, el titular de la Asamblea recuper\u00f3 \u00ablas palabras del mismo presidente Luis Arce, cuando refiri\u00f3 que necesitamos que este pa\u00eds se reconcilie\u201d.<\/p>\n<p>Para Matkovic, el reencuentro entre bolivianos \u00absolo se va a lograr cuando se acabe este \u00e1nimo de revanchismo y de persecuci\u00f3n\u00bb.<\/p>\n<p>Entre los puntos acordados en la sesi\u00f3n de este mi\u00e9rcoles, el legislativo departamental reclama una justicia \u00abproba e independiente\u00bb, que ponga fin a las \u00abpersecuciones a pol\u00edticos, ciudadanos y autoridades de oposici\u00f3n\u00bb.<\/p>\n<p>La bancada del Movimiento al Socialismo rechaz\u00f3 el documento. El debate se enturbi\u00f3 por el inter\u00e9s del MAS de asentar su relato sobre los hechos ocurridos en la crisis pol\u00edtica de 2019 y la insistencia de condenar el mandato interino de Jeanine \u00c1\u00f1ez.<\/p>\n<p>&nbsp;<\/p>\n","protected":false},"excerpt":{"rendered":"<p>La Asamblea Legislativa Departamental de Santa Cruz aprob\u00f3 una resoluci\u00f3n en la que se exige que se respete al departamento, a las autoridades y a la ley ante la arremetida judicial en contra de algunos alcaldes y gobernadores en el pa\u00eds. La Asamblea Legislativa Departamental de Santa Cruz aprob\u00f3 una resoluci\u00f3n en la que se [&hellip;]<\/p>\n","protected":false},"author":1,"featured_media":34842,"comment_status":"closed","ping_status":"closed","sticky":false,"template":"","format":"standard","meta":{"_acf_changed":false,"footnotes":""},"categories":[12],"tags":[],"class_list":["post-34841","post","type-post","status-publish","format-standard","has-post-thumbnail","category-nacional"],"acf":{"antetitulo":""},"yoast_head":"<!-- This site is optimized with the Yoast SEO plugin v28.3 - https:\/\/yoast.com\/product\/yoast-seo-wordpress\/ -->\n<title>Asamblea departamental exige al Gobierno frenar la persecuci\u00f3n - El Diario - Bolivia<\/title>\n<meta name=\"robots\" content=\"index, follow, max-snippet:-1, max-image-preview:large, max-video-preview:-1\" \/>\n<link rel=\"canonical\" href=\"https:\/\/www.eldiario.net\/portal\/2021\/10\/07\/asamblea-departamental-exige-al-gobierno-frenar-la-persecucion\/\" \/>\n<meta property=\"og:locale\" content=\"es_ES\" \/>\n<meta property=\"og:type\" content=\"article\" \/>\n<meta property=\"og:title\" content=\"Asamblea departamental exige al Gobierno frenar la persecuci\u00f3n - El Diario - Bolivia\" \/>\n<meta property=\"og:description\" content=\"La Asamblea Legislativa Departamental de Santa Cruz aprob\u00f3 una resoluci\u00f3n en la que se exige que se respete al departamento, a las autoridades y a la ley ante la arremetida judicial en contra de algunos alcaldes y gobernadores en el pa\u00eds. La Asamblea Legislativa Departamental de Santa Cruz aprob\u00f3 una resoluci\u00f3n en la que se [&hellip;]\" \/>\n<meta property=\"og:url\" content=\"https:\/\/www.eldiario.net\/portal\/2021\/10\/07\/asamblea-departamental-exige-al-gobierno-frenar-la-persecucion\/\" \/>\n<meta property=\"og:site_name\" content=\"El Diario - Bolivia\" \/>\n<meta property=\"article:publisher\" content=\"https:\/\/www.facebook.com\/eldiario.bolivia\/\" \/>\n<meta property=\"article:published_time\" content=\"2021-10-07T08:56:59+00:00\" \/>\n<meta name=\"author\" content=\"Jeanette\" \/>\n<meta name=\"twitter:card\" content=\"summary_large_image\" \/>\n<meta name=\"twitter:creator\" content=\"@eldiario_net\" \/>\n<meta name=\"twitter:site\" content=\"@eldiario_net\" \/>\n<meta name=\"twitter:label1\" content=\"Escrito por\" \/>\n\t<meta name=\"twitter:data1\" content=\"Jeanette\" \/>\n\t<meta name=\"twitter:label2\" content=\"Tiempo de lectura\" \/>\n\t<meta name=\"twitter:data2\" content=\"2 minutos\" \/>\n<script type=\"application\/ld+json\" class=\"yoast-schema-graph\">{\"@context\":\"https:\\\/\\\/schema.org\",\"@graph\":[{\"@type\":\"Article\",\"@id\":\"https:\\\/\\\/www.eldiario.net\\\/portal\\\/2021\\\/10\\\/07\\\/asamblea-departamental-exige-al-gobierno-frenar-la-persecucion\\\/#article\",\"isPartOf\":{\"@id\":\"https:\\\/\\\/www.eldiario.net\\\/portal\\\/2021\\\/10\\\/07\\\/asamblea-departamental-exige-al-gobierno-frenar-la-persecucion\\\/\"},\"author\":{\"name\":\"Jeanette\",\"@id\":\"https:\\\/\\\/www.eldiario.net\\\/portal\\\/#\\\/schema\\\/person\\\/f46445640444750d7d753ccd04ae01b7\"},\"headline\":\"Asamblea departamental exige al Gobierno frenar la persecuci\u00f3n\",\"datePublished\":\"2021-10-07T08:56:59+00:00\",\"mainEntityOfPage\":{\"@id\":\"https:\\\/\\\/www.eldiario.net\\\/portal\\\/2021\\\/10\\\/07\\\/asamblea-departamental-exige-al-gobierno-frenar-la-persecucion\\\/\"},\"wordCount\":313,\"publisher\":{\"@id\":\"https:\\\/\\\/www.eldiario.net\\\/portal\\\/#organization\"},\"image\":{\"@id\":\"https:\\\/\\\/www.eldiario.net\\\/portal\\\/2021\\\/10\\\/07\\\/asamblea-departamental-exige-al-gobierno-frenar-la-persecucion\\\/#primaryimage\"},\"thumbnailUrl\":\"\",\"articleSection\":[\"Nacional\"],\"inLanguage\":\"es\"},{\"@type\":\"WebPage\",\"@id\":\"https:\\\/\\\/www.eldiario.net\\\/portal\\\/2021\\\/10\\\/07\\\/asamblea-departamental-exige-al-gobierno-frenar-la-persecucion\\\/\",\"url\":\"https:\\\/\\\/www.eldiario.net\\\/portal\\\/2021\\\/10\\\/07\\\/asamblea-departamental-exige-al-gobierno-frenar-la-persecucion\\\/\",\"name\":\"Asamblea departamental exige al Gobierno frenar la persecuci\u00f3n - El Diario - Bolivia\",\"isPartOf\":{\"@id\":\"https:\\\/\\\/www.eldiario.net\\\/portal\\\/#website\"},\"primaryImageOfPage\":{\"@id\":\"https:\\\/\\\/www.eldiario.net\\\/portal\\\/2021\\\/10\\\/07\\\/asamblea-departamental-exige-al-gobierno-frenar-la-persecucion\\\/#primaryimage\"},\"image\":{\"@id\":\"https:\\\/\\\/www.eldiario.net\\\/portal\\\/2021\\\/10\\\/07\\\/asamblea-departamental-exige-al-gobierno-frenar-la-persecucion\\\/#primaryimage\"},\"thumbnailUrl\":\"\",\"datePublished\":\"2021-10-07T08:56:59+00:00\",\"breadcrumb\":{\"@id\":\"https:\\\/\\\/www.eldiario.net\\\/portal\\\/2021\\\/10\\\/07\\\/asamblea-departamental-exige-al-gobierno-frenar-la-persecucion\\\/#breadcrumb\"},\"inLanguage\":\"es\",\"potentialAction\":[{\"@type\":\"ReadAction\",\"target\":[\"https:\\\/\\\/www.eldiario.net\\\/portal\\\/2021\\\/10\\\/07\\\/asamblea-departamental-exige-al-gobierno-frenar-la-persecucion\\\/\"]}]},{\"@type\":\"ImageObject\",\"inLanguage\":\"es\",\"@id\":\"https:\\\/\\\/www.eldiario.net\\\/portal\\\/2021\\\/10\\\/07\\\/asamblea-departamental-exige-al-gobierno-frenar-la-persecucion\\\/#primaryimage\",\"url\":\"\",\"contentUrl\":\"\"},{\"@type\":\"BreadcrumbList\",\"@id\":\"https:\\\/\\\/www.eldiario.net\\\/portal\\\/2021\\\/10\\\/07\\\/asamblea-departamental-exige-al-gobierno-frenar-la-persecucion\\\/#breadcrumb\",\"itemListElement\":[{\"@type\":\"ListItem\",\"position\":1,\"name\":\"Portada\",\"item\":\"https:\\\/\\\/www.eldiario.net\\\/portal\\\/\"},{\"@type\":\"ListItem\",\"position\":2,\"name\":\"Asamblea departamental exige al Gobierno frenar la persecuci\u00f3n\"}]},{\"@type\":\"WebSite\",\"@id\":\"https:\\\/\\\/www.eldiario.net\\\/portal\\\/#website\",\"url\":\"https:\\\/\\\/www.eldiario.net\\\/portal\\\/\",\"name\":\"El Diario - Decano de la prensa nacional\",\"description\":\"El Diario - Decano de la prensa nacional\",\"publisher\":{\"@id\":\"https:\\\/\\\/www.eldiario.net\\\/portal\\\/#organization\"},\"potentialAction\":[{\"@type\":\"SearchAction\",\"target\":{\"@type\":\"EntryPoint\",\"urlTemplate\":\"https:\\\/\\\/www.eldiario.net\\\/portal\\\/?s={search_term_string}\"},\"query-input\":{\"@type\":\"PropertyValueSpecification\",\"valueRequired\":true,\"valueName\":\"search_term_string\"}}],\"inLanguage\":\"es\"},{\"@type\":\"Organization\",\"@id\":\"https:\\\/\\\/www.eldiario.net\\\/portal\\\/#organization\",\"name\":\"El Diario - Decano de la prensa nacional\",\"url\":\"https:\\\/\\\/www.eldiario.net\\\/portal\\\/\",\"logo\":{\"@type\":\"ImageObject\",\"inLanguage\":\"es\",\"@id\":\"https:\\\/\\\/www.eldiario.net\\\/portal\\\/#\\\/schema\\\/logo\\\/image\\\/\",\"url\":\"https:\\\/\\\/www.eldiario.net\\\/portal\\\/wp-content\\\/uploads\\\/2023\\\/07\\\/logo_ED.jpg\",\"contentUrl\":\"https:\\\/\\\/www.eldiario.net\\\/portal\\\/wp-content\\\/uploads\\\/2023\\\/07\\\/logo_ED.jpg\",\"width\":272,\"height\":52,\"caption\":\"El Diario - Decano de la prensa nacional\"},\"image\":{\"@id\":\"https:\\\/\\\/www.eldiario.net\\\/portal\\\/#\\\/schema\\\/logo\\\/image\\\/\"},\"sameAs\":[\"https:\\\/\\\/www.facebook.com\\\/eldiario.bolivia\\\/\",\"https:\\\/\\\/x.com\\\/eldiario_net\"]},{\"@type\":\"Person\",\"@id\":\"https:\\\/\\\/www.eldiario.net\\\/portal\\\/#\\\/schema\\\/person\\\/f46445640444750d7d753ccd04ae01b7\",\"name\":\"Jeanette\",\"image\":{\"@type\":\"ImageObject\",\"inLanguage\":\"es\",\"@id\":\"https:\\\/\\\/secure.gravatar.com\\\/avatar\\\/3ea2118a5f7dad2b7138b1187a6b7ee55f160b9968b66013c3a3ef39dd7e5798?s=96&d=mm&r=g\",\"url\":\"https:\\\/\\\/secure.gravatar.com\\\/avatar\\\/3ea2118a5f7dad2b7138b1187a6b7ee55f160b9968b66013c3a3ef39dd7e5798?s=96&d=mm&r=g\",\"contentUrl\":\"https:\\\/\\\/secure.gravatar.com\\\/avatar\\\/3ea2118a5f7dad2b7138b1187a6b7ee55f160b9968b66013c3a3ef39dd7e5798?s=96&d=mm&r=g\",\"caption\":\"Jeanette\"},\"sameAs\":[\"https:\\\/\\\/www.eldiario.net\\\/portal\"],\"url\":\"https:\\\/\\\/www.eldiario.net\\\/portal\\\/author\\\/jeanette\\\/\"}]}<\/script>\n<!-- \/ Yoast SEO plugin. -->","yoast_head_json":{"title":"Asamblea departamental exige al Gobierno frenar la persecuci\u00f3n - El Diario - Bolivia","robots":{"index":"index","follow":"follow","max-snippet":"max-snippet:-1","max-image-preview":"max-image-preview:large","max-video-preview":"max-video-preview:-1"},"canonical":"https:\/\/www.eldiario.net\/portal\/2021\/10\/07\/asamblea-departamental-exige-al-gobierno-frenar-la-persecucion\/","og_locale":"es_ES","og_type":"article","og_title":"Asamblea departamental exige al Gobierno frenar la persecuci\u00f3n - El Diario - Bolivia","og_description":"La Asamblea Legislativa Departamental de Santa Cruz aprob\u00f3 una resoluci\u00f3n en la que se exige que se respete al departamento, a las autoridades y a la ley ante la arremetida judicial en contra de algunos alcaldes y gobernadores en el pa\u00eds. La Asamblea Legislativa Departamental de Santa Cruz aprob\u00f3 una resoluci\u00f3n en la que se [&hellip;]","og_url":"https:\/\/www.eldiario.net\/portal\/2021\/10\/07\/asamblea-departamental-exige-al-gobierno-frenar-la-persecucion\/","og_site_name":"El Diario - Bolivia","article_publisher":"https:\/\/www.facebook.com\/eldiario.bolivia\/","article_published_time":"2021-10-07T08:56:59+00:00","author":"Jeanette","twitter_card":"summary_large_image","twitter_creator":"@eldiario_net","twitter_site":"@eldiario_net","twitter_misc":{"Escrito por":"Jeanette","Tiempo de lectura":"2 minutos"},"schema":{"@context":"https:\/\/schema.org","@graph":[{"@type":"Article","@id":"https:\/\/www.eldiario.net\/portal\/2021\/10\/07\/asamblea-departamental-exige-al-gobierno-frenar-la-persecucion\/#article","isPartOf":{"@id":"https:\/\/www.eldiario.net\/portal\/2021\/10\/07\/asamblea-departamental-exige-al-gobierno-frenar-la-persecucion\/"},"author":{"name":"Jeanette","@id":"https:\/\/www.eldiario.net\/portal\/#\/schema\/person\/f46445640444750d7d753ccd04ae01b7"},"headline":"Asamblea departamental exige al Gobierno frenar la persecuci\u00f3n","datePublished":"2021-10-07T08:56:59+00:00","mainEntityOfPage":{"@id":"https:\/\/www.eldiario.net\/portal\/2021\/10\/07\/asamblea-departamental-exige-al-gobierno-frenar-la-persecucion\/"},"wordCount":313,"publisher":{"@id":"https:\/\/www.eldiario.net\/portal\/#organization"},"image":{"@id":"https:\/\/www.eldiario.net\/portal\/2021\/10\/07\/asamblea-departamental-exige-al-gobierno-frenar-la-persecucion\/#primaryimage"},"thumbnailUrl":"","articleSection":["Nacional"],"inLanguage":"es"},{"@type":"WebPage","@id":"https:\/\/www.eldiario.net\/portal\/2021\/10\/07\/asamblea-departamental-exige-al-gobierno-frenar-la-persecucion\/","url":"https:\/\/www.eldiario.net\/portal\/2021\/10\/07\/asamblea-departamental-exige-al-gobierno-frenar-la-persecucion\/","name":"Asamblea departamental exige al Gobierno frenar la persecuci\u00f3n - El Diario - Bolivia","isPartOf":{"@id":"https:\/\/www.eldiario.net\/portal\/#website"},"primaryImageOfPage":{"@id":"https:\/\/www.eldiario.net\/portal\/2021\/10\/07\/asamblea-departamental-exige-al-gobierno-frenar-la-persecucion\/#primaryimage"},"image":{"@id":"https:\/\/www.eldiario.net\/portal\/2021\/10\/07\/asamblea-departamental-exige-al-gobierno-frenar-la-persecucion\/#primaryimage"},"thumbnailUrl":"","datePublished":"2021-10-07T08:56:59+00:00","breadcrumb":{"@id":"https:\/\/www.eldiario.net\/portal\/2021\/10\/07\/asamblea-departamental-exige-al-gobierno-frenar-la-persecucion\/#breadcrumb"},"inLanguage":"es","potentialAction":[{"@type":"ReadAction","target":["https:\/\/www.eldiario.net\/portal\/2021\/10\/07\/asamblea-departamental-exige-al-gobierno-frenar-la-persecucion\/"]}]},{"@type":"ImageObject","inLanguage":"es","@id":"https:\/\/www.eldiario.net\/portal\/2021\/10\/07\/asamblea-departamental-exige-al-gobierno-frenar-la-persecucion\/#primaryimage","url":"","contentUrl":""},{"@type":"BreadcrumbList","@id":"https:\/\/www.eldiario.net\/portal\/2021\/10\/07\/asamblea-departamental-exige-al-gobierno-frenar-la-persecucion\/#breadcrumb","itemListElement":[{"@type":"ListItem","position":1,"name":"Portada","item":"https:\/\/www.eldiario.net\/portal\/"},{"@type":"ListItem","position":2,"name":"Asamblea departamental exige al Gobierno frenar la persecuci\u00f3n"}]},{"@type":"WebSite","@id":"https:\/\/www.eldiario.net\/portal\/#website","url":"https:\/\/www.eldiario.net\/portal\/","name":"El Diario - Decano de la prensa nacional","description":"El Diario - Decano de la prensa nacional","publisher":{"@id":"https:\/\/www.eldiario.net\/portal\/#organization"},"potentialAction":[{"@type":"SearchAction","target":{"@type":"EntryPoint","urlTemplate":"https:\/\/www.eldiario.net\/portal\/?s={search_term_string}"},"query-input":{"@type":"PropertyValueSpecification","valueRequired":true,"valueName":"search_term_string"}}],"inLanguage":"es"},{"@type":"Organization","@id":"https:\/\/www.eldiario.net\/portal\/#organization","name":"El Diario - Decano de la prensa nacional","url":"https:\/\/www.eldiario.net\/portal\/","logo":{"@type":"ImageObject","inLanguage":"es","@id":"https:\/\/www.eldiario.net\/portal\/#\/schema\/logo\/image\/","url":"https:\/\/www.eldiario.net\/portal\/wp-content\/uploads\/2023\/07\/logo_ED.jpg","contentUrl":"https:\/\/www.eldiario.net\/portal\/wp-content\/uploads\/2023\/07\/logo_ED.jpg","width":272,"height":52,"caption":"El Diario - Decano de la prensa nacional"},"image":{"@id":"https:\/\/www.eldiario.net\/portal\/#\/schema\/logo\/image\/"},"sameAs":["https:\/\/www.facebook.com\/eldiario.bolivia\/","https:\/\/x.com\/eldiario_net"]},{"@type":"Person","@id":"https:\/\/www.eldiario.net\/portal\/#\/schema\/person\/f46445640444750d7d753ccd04ae01b7","name":"Jeanette","image":{"@type":"ImageObject","inLanguage":"es","@id":"https:\/\/secure.gravatar.com\/avatar\/3ea2118a5f7dad2b7138b1187a6b7ee55f160b9968b66013c3a3ef39dd7e5798?s=96&d=mm&r=g","url":"https:\/\/secure.gravatar.com\/avatar\/3ea2118a5f7dad2b7138b1187a6b7ee55f160b9968b66013c3a3ef39dd7e5798?s=96&d=mm&r=g","contentUrl":"https:\/\/secure.gravatar.com\/avatar\/3ea2118a5f7dad2b7138b1187a6b7ee55f160b9968b66013c3a3ef39dd7e5798?s=96&d=mm&r=g","caption":"Jeanette"},"sameAs":["https:\/\/www.eldiario.net\/portal"],"url":"https:\/\/www.eldiario.net\/portal\/author\/jeanette\/"}]}},"_links":{"self":[{"href":"https:\/\/www.eldiario.net\/portal\/wp-json\/wp\/v2\/posts\/34841","targetHints":{"allow":["GET"]}}],"collection":[{"href":"https:\/\/www.eldiario.net\/portal\/wp-json\/wp\/v2\/posts"}],"about":[{"href":"https:\/\/www.eldiario.net\/portal\/wp-json\/wp\/v2\/types\/post"}],"author":[{"embeddable":true,"href":"https:\/\/www.eldiario.net\/portal\/wp-json\/wp\/v2\/users\/1"}],"replies":[{"embeddable":true,"href":"https:\/\/www.eldiario.net\/portal\/wp-json\/wp\/v2\/comments?post=34841"}],"version-history":[{"count":0,"href":"https:\/\/www.eldiario.net\/portal\/wp-json\/wp\/v2\/posts\/34841\/revisions"}],"wp:attachment":[{"href":"https:\/\/www.eldiario.net\/portal\/wp-json\/wp\/v2\/media?parent=34841"}],"wp:term":[{"taxonomy":"category","embeddable":true,"href":"https:\/\/www.eldiario.net\/portal\/wp-json\/wp\/v2\/categories?post=34841"},{"taxonomy":"post_tag","embeddable":true,"href":"https:\/\/www.eldiario.net\/portal\/wp-json\/wp\/v2\/tags?post=34841"}],"curies":[{"name":"wp","href":"https:\/\/api.w.org\/{rel}","templated":true}]}}