{"id":348073,"date":"2025-11-26T06:07:35","date_gmt":"2025-11-26T10:07:35","guid":{"rendered":"https:\/\/www.eldiario.net\/portal\/?p=348073"},"modified":"2025-11-26T06:07:35","modified_gmt":"2025-11-26T10:07:35","slug":"desafio-de-convertir-feudos-politicos-en-instituciones","status":"publish","type":"post","link":"https:\/\/www.eldiario.net\/portal\/2025\/11\/26\/desafio-de-convertir-feudos-politicos-en-instituciones\/","title":{"rendered":"Desaf\u00edo de convertir feudos pol\u00edticos en instituciones"},"content":{"rendered":"<p>Cuando se trata de explicar las razones estructurales del constante conflicto pol\u00edtico y del atraso econ\u00f3mico sostenido, se suele identificar a la p\u00e9rdida de institucionalidad como una de las causas principales.<br \/>\nEn su definici\u00f3n acad\u00e9mica, la institucionalidad es el conjunto articulado de normas, valores, procedimientos y comportamientos que regulan la vida social, en el marco del Estado de derecho. No se limita a la existencia de leyes o de entidades p\u00fablicas. Implica tambi\u00e9n la garant\u00eda de que esas reglas son estables, justas y neutrales; que no cambian al ritmo de los intereses de los gobernantes; y que el servicio p\u00fablico y el funcionamiento de las entidades estatales se rige por principios constitucionales, no por cuoteo de partidos o delirios de caudillos.<br \/>\nLa institucionalidad incluye tambi\u00e9n la eficiencia de los organismos de control, la cultura c\u00edvica, la idoneidad en la gesti\u00f3n p\u00fablica, la rendici\u00f3n de cuentas y el respeto a la separaci\u00f3n de poderes. Es decir, no es solo la existencia de instituciones, sino la calidad, estabilidad y efectividad con que \u00e9stas funcionan.<br \/>\nLamentablemente, Bolivia nunca consolid\u00f3 una institucionalidad plena, en parte por la naturaleza presidencialista de nuestro sistema democr\u00e1tico, la frivolidad de las \u00e9lites gobernantes y la ausencia de un proyecto de naci\u00f3n sostenido. Estos factores explican la pr\u00e1ctica de modificar leyes seg\u00fan la coyuntura, el autoritarismo del Poder Ejecutivo, la erosi\u00f3n de la independencia judicial, y el sometimiento de entidades de fiscalizaci\u00f3n.<br \/>\nQuiz\u00e1 el s\u00edntoma m\u00e1s visible de la desinstitucionalizaci\u00f3n sea el nombramiento de autoridades. Las Constituciones de 1967 y 2009 establecen que, entre las funciones de la C\u00e1mara de Diputados est\u00e1 la de \u201cProponer ternas al Presidente del Estado para la designaci\u00f3n de presidentes de entidades econ\u00f3micas y sociales, y otros cargos en que participe el Estado\u201d. Este mandato no se cumple, y pese a contar con mayor\u00eda parlamentaria, desde hace d\u00e9cadas las m\u00e1ximas autoridades del Banco Central, Aduana Nacional, Impuestos Internos, Comibol, ENDE, YPFB, INRA, ABC, BOA, Senasag, Entel, la Caja Nacional de Salud, las Autoridades de Fiscalizaci\u00f3n y otras, son designadas discrecionalmente por el Presidente del Estado, sin m\u00e1s requisito que su voluntad. El mecanismo se repite en el caso de gobernadores, ministros y alcaldes que tienen (o creen tener) la potestad de nombrar a cualquier funcionario en su instituci\u00f3n, muchas veces por v\u00ednculos de compadrazgo, nepotismo, o cuoteo.<br \/>\nEsta pr\u00e1ctica conduce a interinatos prolongados y, frecuentemente, a la designaci\u00f3n de personas sin formaci\u00f3n, experiencia, \u00e9tica ni idoneidad para desempe\u00f1ar cargos p\u00fablicos, lo que genera a su vez la p\u00e9rdida de legitimidad, desconfianza ciudadana, reemplazo del m\u00e9rito por lealtad, politizaci\u00f3n extrema, aumento de la burocracia, despilfarro de los recursos p\u00fablicos, ineficiencia generalizada y corrupci\u00f3n sist\u00e9mica.<br \/>\nPero la institucionalidad no se limita al Estado. Las organizaciones de la sociedad, sean empresariales, pol\u00edticas, c\u00edvicas, sindicales, o de cualquier \u00edndole, tambi\u00e9n requieren institucionalidad para funcionar de manera leg\u00edtima. Cuando carecen de reglas claras, renovaci\u00f3n de liderazgos y mecanismos de representaci\u00f3n genuina, caen en prebendalismo, manipulaci\u00f3n, captura pol\u00edtica y caudillismo. Se vuelven estructuras vol\u00e1tiles, corruptibles y funcionales, que trasladan su conflictividad interna al espacio p\u00fablico.<br \/>\nNo es exagerado afirmar que el futuro de Bolivia depender\u00e1 de nuestra capacidad para restaurar y fortalecer la institucionalidad estatal y social. Esto pasa, entre otras medidas, por derogar el Estatuto del Funcionario P\u00fablico y la Ley del Control Social; recuperar el servicio p\u00fablico, eliminar la discrecionalidad e incluir principios como la impugnaci\u00f3n social, la rendici\u00f3n de cuentas y la transparencia plena.<br \/>\nReconstruir la institucionalidad es una responsabilidad ineludible. El gobierno actual tiene apoyo ciudadano y mayor\u00eda parlamentaria para iniciar este proceso, y puede elegir si la restablece o la sigue destruyendo. Esperemos que tome la decisi\u00f3n correcta.<\/p>\n<p>El autor es Industrial y ex Presidente de la Confederaci\u00f3n de Empresarios Privados de Bolivia.<\/p>\n","protected":false},"excerpt":{"rendered":"<p>Cuando se trata de explicar las razones estructurales del constante conflicto pol\u00edtico y del atraso econ\u00f3mico sostenido, se suele identificar a la p\u00e9rdida de institucionalidad como una de las causas principales. En su definici\u00f3n acad\u00e9mica, la institucionalidad es el conjunto articulado de normas, valores, procedimientos y comportamientos que regulan la vida social, en el marco [&hellip;]<\/p>\n","protected":false},"author":1,"featured_media":188324,"comment_status":"closed","ping_status":"open","sticky":false,"template":"","format":"standard","meta":{"_acf_changed":false,"footnotes":""},"categories":[9],"tags":[],"class_list":["post-348073","post","type-post","status-publish","format-standard","has-post-thumbnail","category-opinion"],"acf":{"antetitulo":""},"yoast_head":"<!-- This site is optimized with the Yoast SEO plugin v28.4 - https:\/\/yoast.com\/product\/yoast-seo-wordpress\/ -->\n<title>Desaf\u00edo de convertir feudos pol\u00edticos en instituciones - El Diario - Bolivia<\/title>\n<meta name=\"robots\" content=\"index, follow, max-snippet:-1, max-image-preview:large, max-video-preview:-1\" \/>\n<link rel=\"canonical\" href=\"https:\/\/www.eldiario.net\/portal\/2025\/11\/26\/desafio-de-convertir-feudos-politicos-en-instituciones\/\" \/>\n<meta property=\"og:locale\" content=\"es_ES\" \/>\n<meta property=\"og:type\" content=\"article\" \/>\n<meta property=\"og:title\" content=\"Desaf\u00edo de convertir feudos pol\u00edticos en instituciones - El Diario - Bolivia\" \/>\n<meta property=\"og:description\" content=\"Cuando se trata de explicar las razones estructurales del constante conflicto pol\u00edtico y del atraso econ\u00f3mico sostenido, se suele identificar a la p\u00e9rdida de institucionalidad como una de las causas principales. En su definici\u00f3n acad\u00e9mica, la institucionalidad es el conjunto articulado de normas, valores, procedimientos y comportamientos que regulan la vida social, en el marco [&hellip;]\" \/>\n<meta property=\"og:url\" content=\"https:\/\/www.eldiario.net\/portal\/2025\/11\/26\/desafio-de-convertir-feudos-politicos-en-instituciones\/\" \/>\n<meta property=\"og:site_name\" content=\"El Diario - Bolivia\" \/>\n<meta property=\"article:publisher\" content=\"https:\/\/www.facebook.com\/eldiario.bolivia\/\" \/>\n<meta property=\"article:published_time\" content=\"2025-11-26T10:07:35+00:00\" \/>\n<meta property=\"og:image\" content=\"https:\/\/www.eldiario.net\/portal\/wp-content\/uploads\/2023\/11\/Ronald-Nostas-Ardaya.jpg\" \/>\n\t<meta property=\"og:image:width\" content=\"1200\" \/>\n\t<meta property=\"og:image:height\" content=\"628\" \/>\n\t<meta property=\"og:image:type\" content=\"image\/jpeg\" \/>\n<meta name=\"author\" content=\"Jeanette\" \/>\n<meta name=\"twitter:card\" content=\"summary_large_image\" \/>\n<meta name=\"twitter:creator\" content=\"@eldiario_net\" \/>\n<meta name=\"twitter:site\" content=\"@eldiario_net\" \/>\n<meta name=\"twitter:label1\" content=\"Escrito por\" \/>\n\t<meta name=\"twitter:data1\" content=\"Jeanette\" \/>\n\t<meta name=\"twitter:label2\" content=\"Tiempo de lectura\" \/>\n\t<meta name=\"twitter:data2\" content=\"4 minutos\" \/>\n<script type=\"application\/ld+json\" class=\"yoast-schema-graph\">{\"@context\":\"https:\\\/\\\/schema.org\",\"@graph\":[{\"@type\":\"Article\",\"@id\":\"https:\\\/\\\/www.eldiario.net\\\/portal\\\/2025\\\/11\\\/26\\\/desafio-de-convertir-feudos-politicos-en-instituciones\\\/#article\",\"isPartOf\":{\"@id\":\"https:\\\/\\\/www.eldiario.net\\\/portal\\\/2025\\\/11\\\/26\\\/desafio-de-convertir-feudos-politicos-en-instituciones\\\/\"},\"author\":{\"name\":\"Jeanette\",\"@id\":\"https:\\\/\\\/www.eldiario.net\\\/portal\\\/#\\\/schema\\\/person\\\/f46445640444750d7d753ccd04ae01b7\"},\"headline\":\"Desaf\u00edo de convertir feudos pol\u00edticos en instituciones\",\"datePublished\":\"2025-11-26T10:07:35+00:00\",\"mainEntityOfPage\":{\"@id\":\"https:\\\/\\\/www.eldiario.net\\\/portal\\\/2025\\\/11\\\/26\\\/desafio-de-convertir-feudos-politicos-en-instituciones\\\/\"},\"wordCount\":687,\"publisher\":{\"@id\":\"https:\\\/\\\/www.eldiario.net\\\/portal\\\/#organization\"},\"image\":{\"@id\":\"https:\\\/\\\/www.eldiario.net\\\/portal\\\/2025\\\/11\\\/26\\\/desafio-de-convertir-feudos-politicos-en-instituciones\\\/#primaryimage\"},\"thumbnailUrl\":\"https:\\\/\\\/www.eldiario.net\\\/portal\\\/wp-content\\\/uploads\\\/2023\\\/11\\\/Ronald-Nostas-Ardaya.jpg\",\"articleSection\":[\"Opini\u00f3n\"],\"inLanguage\":\"es\"},{\"@type\":\"WebPage\",\"@id\":\"https:\\\/\\\/www.eldiario.net\\\/portal\\\/2025\\\/11\\\/26\\\/desafio-de-convertir-feudos-politicos-en-instituciones\\\/\",\"url\":\"https:\\\/\\\/www.eldiario.net\\\/portal\\\/2025\\\/11\\\/26\\\/desafio-de-convertir-feudos-politicos-en-instituciones\\\/\",\"name\":\"Desaf\u00edo de convertir feudos pol\u00edticos en instituciones - El Diario - Bolivia\",\"isPartOf\":{\"@id\":\"https:\\\/\\\/www.eldiario.net\\\/portal\\\/#website\"},\"primaryImageOfPage\":{\"@id\":\"https:\\\/\\\/www.eldiario.net\\\/portal\\\/2025\\\/11\\\/26\\\/desafio-de-convertir-feudos-politicos-en-instituciones\\\/#primaryimage\"},\"image\":{\"@id\":\"https:\\\/\\\/www.eldiario.net\\\/portal\\\/2025\\\/11\\\/26\\\/desafio-de-convertir-feudos-politicos-en-instituciones\\\/#primaryimage\"},\"thumbnailUrl\":\"https:\\\/\\\/www.eldiario.net\\\/portal\\\/wp-content\\\/uploads\\\/2023\\\/11\\\/Ronald-Nostas-Ardaya.jpg\",\"datePublished\":\"2025-11-26T10:07:35+00:00\",\"breadcrumb\":{\"@id\":\"https:\\\/\\\/www.eldiario.net\\\/portal\\\/2025\\\/11\\\/26\\\/desafio-de-convertir-feudos-politicos-en-instituciones\\\/#breadcrumb\"},\"inLanguage\":\"es\",\"potentialAction\":[{\"@type\":\"ReadAction\",\"target\":[\"https:\\\/\\\/www.eldiario.net\\\/portal\\\/2025\\\/11\\\/26\\\/desafio-de-convertir-feudos-politicos-en-instituciones\\\/\"]}]},{\"@type\":\"ImageObject\",\"inLanguage\":\"es\",\"@id\":\"https:\\\/\\\/www.eldiario.net\\\/portal\\\/2025\\\/11\\\/26\\\/desafio-de-convertir-feudos-politicos-en-instituciones\\\/#primaryimage\",\"url\":\"https:\\\/\\\/www.eldiario.net\\\/portal\\\/wp-content\\\/uploads\\\/2023\\\/11\\\/Ronald-Nostas-Ardaya.jpg\",\"contentUrl\":\"https:\\\/\\\/www.eldiario.net\\\/portal\\\/wp-content\\\/uploads\\\/2023\\\/11\\\/Ronald-Nostas-Ardaya.jpg\",\"width\":1200,\"height\":628,\"caption\":\"Ronald Nostas Ardaya\"},{\"@type\":\"BreadcrumbList\",\"@id\":\"https:\\\/\\\/www.eldiario.net\\\/portal\\\/2025\\\/11\\\/26\\\/desafio-de-convertir-feudos-politicos-en-instituciones\\\/#breadcrumb\",\"itemListElement\":[{\"@type\":\"ListItem\",\"position\":1,\"name\":\"Portada\",\"item\":\"https:\\\/\\\/www.eldiario.net\\\/portal\\\/\"},{\"@type\":\"ListItem\",\"position\":2,\"name\":\"Desaf\u00edo de convertir feudos pol\u00edticos en instituciones\"}]},{\"@type\":\"WebSite\",\"@id\":\"https:\\\/\\\/www.eldiario.net\\\/portal\\\/#website\",\"url\":\"https:\\\/\\\/www.eldiario.net\\\/portal\\\/\",\"name\":\"El Diario - Decano de la prensa nacional\",\"description\":\"El Diario - Decano de la prensa nacional\",\"publisher\":{\"@id\":\"https:\\\/\\\/www.eldiario.net\\\/portal\\\/#organization\"},\"potentialAction\":[{\"@type\":\"SearchAction\",\"target\":{\"@type\":\"EntryPoint\",\"urlTemplate\":\"https:\\\/\\\/www.eldiario.net\\\/portal\\\/?s={search_term_string}\"},\"query-input\":{\"@type\":\"PropertyValueSpecification\",\"valueRequired\":true,\"valueName\":\"search_term_string\"}}],\"inLanguage\":\"es\"},{\"@type\":\"Organization\",\"@id\":\"https:\\\/\\\/www.eldiario.net\\\/portal\\\/#organization\",\"name\":\"El Diario - Decano de la prensa nacional\",\"url\":\"https:\\\/\\\/www.eldiario.net\\\/portal\\\/\",\"logo\":{\"@type\":\"ImageObject\",\"inLanguage\":\"es\",\"@id\":\"https:\\\/\\\/www.eldiario.net\\\/portal\\\/#\\\/schema\\\/logo\\\/image\\\/\",\"url\":\"https:\\\/\\\/www.eldiario.net\\\/portal\\\/wp-content\\\/uploads\\\/2023\\\/07\\\/logo_ED.jpg\",\"contentUrl\":\"https:\\\/\\\/www.eldiario.net\\\/portal\\\/wp-content\\\/uploads\\\/2023\\\/07\\\/logo_ED.jpg\",\"width\":272,\"height\":52,\"caption\":\"El Diario - Decano de la prensa nacional\"},\"image\":{\"@id\":\"https:\\\/\\\/www.eldiario.net\\\/portal\\\/#\\\/schema\\\/logo\\\/image\\\/\"},\"sameAs\":[\"https:\\\/\\\/www.facebook.com\\\/eldiario.bolivia\\\/\",\"https:\\\/\\\/x.com\\\/eldiario_net\"]},{\"@type\":\"Person\",\"@id\":\"https:\\\/\\\/www.eldiario.net\\\/portal\\\/#\\\/schema\\\/person\\\/f46445640444750d7d753ccd04ae01b7\",\"name\":\"Jeanette\",\"image\":{\"@type\":\"ImageObject\",\"inLanguage\":\"es\",\"@id\":\"https:\\\/\\\/secure.gravatar.com\\\/avatar\\\/3ea2118a5f7dad2b7138b1187a6b7ee55f160b9968b66013c3a3ef39dd7e5798?s=96&d=mm&r=g\",\"url\":\"https:\\\/\\\/secure.gravatar.com\\\/avatar\\\/3ea2118a5f7dad2b7138b1187a6b7ee55f160b9968b66013c3a3ef39dd7e5798?s=96&d=mm&r=g\",\"contentUrl\":\"https:\\\/\\\/secure.gravatar.com\\\/avatar\\\/3ea2118a5f7dad2b7138b1187a6b7ee55f160b9968b66013c3a3ef39dd7e5798?s=96&d=mm&r=g\",\"caption\":\"Jeanette\"},\"sameAs\":[\"https:\\\/\\\/www.eldiario.net\\\/portal\"],\"url\":\"https:\\\/\\\/www.eldiario.net\\\/portal\\\/author\\\/jeanette\\\/\"}]}<\/script>\n<!-- \/ Yoast SEO plugin. -->","yoast_head_json":{"title":"Desaf\u00edo de convertir feudos pol\u00edticos en instituciones - El Diario - Bolivia","robots":{"index":"index","follow":"follow","max-snippet":"max-snippet:-1","max-image-preview":"max-image-preview:large","max-video-preview":"max-video-preview:-1"},"canonical":"https:\/\/www.eldiario.net\/portal\/2025\/11\/26\/desafio-de-convertir-feudos-politicos-en-instituciones\/","og_locale":"es_ES","og_type":"article","og_title":"Desaf\u00edo de convertir feudos pol\u00edticos en instituciones - El Diario - Bolivia","og_description":"Cuando se trata de explicar las razones estructurales del constante conflicto pol\u00edtico y del atraso econ\u00f3mico sostenido, se suele identificar a la p\u00e9rdida de institucionalidad como una de las causas principales. En su definici\u00f3n acad\u00e9mica, la institucionalidad es el conjunto articulado de normas, valores, procedimientos y comportamientos que regulan la vida social, en el marco [&hellip;]","og_url":"https:\/\/www.eldiario.net\/portal\/2025\/11\/26\/desafio-de-convertir-feudos-politicos-en-instituciones\/","og_site_name":"El Diario - Bolivia","article_publisher":"https:\/\/www.facebook.com\/eldiario.bolivia\/","article_published_time":"2025-11-26T10:07:35+00:00","og_image":[{"width":1200,"height":628,"url":"https:\/\/www.eldiario.net\/portal\/wp-content\/uploads\/2023\/11\/Ronald-Nostas-Ardaya.jpg","type":"image\/jpeg"}],"author":"Jeanette","twitter_card":"summary_large_image","twitter_creator":"@eldiario_net","twitter_site":"@eldiario_net","twitter_misc":{"Escrito por":"Jeanette","Tiempo de lectura":"4 minutos"},"schema":{"@context":"https:\/\/schema.org","@graph":[{"@type":"Article","@id":"https:\/\/www.eldiario.net\/portal\/2025\/11\/26\/desafio-de-convertir-feudos-politicos-en-instituciones\/#article","isPartOf":{"@id":"https:\/\/www.eldiario.net\/portal\/2025\/11\/26\/desafio-de-convertir-feudos-politicos-en-instituciones\/"},"author":{"name":"Jeanette","@id":"https:\/\/www.eldiario.net\/portal\/#\/schema\/person\/f46445640444750d7d753ccd04ae01b7"},"headline":"Desaf\u00edo de convertir feudos pol\u00edticos en instituciones","datePublished":"2025-11-26T10:07:35+00:00","mainEntityOfPage":{"@id":"https:\/\/www.eldiario.net\/portal\/2025\/11\/26\/desafio-de-convertir-feudos-politicos-en-instituciones\/"},"wordCount":687,"publisher":{"@id":"https:\/\/www.eldiario.net\/portal\/#organization"},"image":{"@id":"https:\/\/www.eldiario.net\/portal\/2025\/11\/26\/desafio-de-convertir-feudos-politicos-en-instituciones\/#primaryimage"},"thumbnailUrl":"https:\/\/www.eldiario.net\/portal\/wp-content\/uploads\/2023\/11\/Ronald-Nostas-Ardaya.jpg","articleSection":["Opini\u00f3n"],"inLanguage":"es"},{"@type":"WebPage","@id":"https:\/\/www.eldiario.net\/portal\/2025\/11\/26\/desafio-de-convertir-feudos-politicos-en-instituciones\/","url":"https:\/\/www.eldiario.net\/portal\/2025\/11\/26\/desafio-de-convertir-feudos-politicos-en-instituciones\/","name":"Desaf\u00edo de convertir feudos pol\u00edticos en instituciones - El Diario - Bolivia","isPartOf":{"@id":"https:\/\/www.eldiario.net\/portal\/#website"},"primaryImageOfPage":{"@id":"https:\/\/www.eldiario.net\/portal\/2025\/11\/26\/desafio-de-convertir-feudos-politicos-en-instituciones\/#primaryimage"},"image":{"@id":"https:\/\/www.eldiario.net\/portal\/2025\/11\/26\/desafio-de-convertir-feudos-politicos-en-instituciones\/#primaryimage"},"thumbnailUrl":"https:\/\/www.eldiario.net\/portal\/wp-content\/uploads\/2023\/11\/Ronald-Nostas-Ardaya.jpg","datePublished":"2025-11-26T10:07:35+00:00","breadcrumb":{"@id":"https:\/\/www.eldiario.net\/portal\/2025\/11\/26\/desafio-de-convertir-feudos-politicos-en-instituciones\/#breadcrumb"},"inLanguage":"es","potentialAction":[{"@type":"ReadAction","target":["https:\/\/www.eldiario.net\/portal\/2025\/11\/26\/desafio-de-convertir-feudos-politicos-en-instituciones\/"]}]},{"@type":"ImageObject","inLanguage":"es","@id":"https:\/\/www.eldiario.net\/portal\/2025\/11\/26\/desafio-de-convertir-feudos-politicos-en-instituciones\/#primaryimage","url":"https:\/\/www.eldiario.net\/portal\/wp-content\/uploads\/2023\/11\/Ronald-Nostas-Ardaya.jpg","contentUrl":"https:\/\/www.eldiario.net\/portal\/wp-content\/uploads\/2023\/11\/Ronald-Nostas-Ardaya.jpg","width":1200,"height":628,"caption":"Ronald Nostas Ardaya"},{"@type":"BreadcrumbList","@id":"https:\/\/www.eldiario.net\/portal\/2025\/11\/26\/desafio-de-convertir-feudos-politicos-en-instituciones\/#breadcrumb","itemListElement":[{"@type":"ListItem","position":1,"name":"Portada","item":"https:\/\/www.eldiario.net\/portal\/"},{"@type":"ListItem","position":2,"name":"Desaf\u00edo de convertir feudos pol\u00edticos en instituciones"}]},{"@type":"WebSite","@id":"https:\/\/www.eldiario.net\/portal\/#website","url":"https:\/\/www.eldiario.net\/portal\/","name":"El Diario - Decano de la prensa nacional","description":"El Diario - Decano de la prensa nacional","publisher":{"@id":"https:\/\/www.eldiario.net\/portal\/#organization"},"potentialAction":[{"@type":"SearchAction","target":{"@type":"EntryPoint","urlTemplate":"https:\/\/www.eldiario.net\/portal\/?s={search_term_string}"},"query-input":{"@type":"PropertyValueSpecification","valueRequired":true,"valueName":"search_term_string"}}],"inLanguage":"es"},{"@type":"Organization","@id":"https:\/\/www.eldiario.net\/portal\/#organization","name":"El Diario - Decano de la prensa nacional","url":"https:\/\/www.eldiario.net\/portal\/","logo":{"@type":"ImageObject","inLanguage":"es","@id":"https:\/\/www.eldiario.net\/portal\/#\/schema\/logo\/image\/","url":"https:\/\/www.eldiario.net\/portal\/wp-content\/uploads\/2023\/07\/logo_ED.jpg","contentUrl":"https:\/\/www.eldiario.net\/portal\/wp-content\/uploads\/2023\/07\/logo_ED.jpg","width":272,"height":52,"caption":"El Diario - Decano de la prensa nacional"},"image":{"@id":"https:\/\/www.eldiario.net\/portal\/#\/schema\/logo\/image\/"},"sameAs":["https:\/\/www.facebook.com\/eldiario.bolivia\/","https:\/\/x.com\/eldiario_net"]},{"@type":"Person","@id":"https:\/\/www.eldiario.net\/portal\/#\/schema\/person\/f46445640444750d7d753ccd04ae01b7","name":"Jeanette","image":{"@type":"ImageObject","inLanguage":"es","@id":"https:\/\/secure.gravatar.com\/avatar\/3ea2118a5f7dad2b7138b1187a6b7ee55f160b9968b66013c3a3ef39dd7e5798?s=96&d=mm&r=g","url":"https:\/\/secure.gravatar.com\/avatar\/3ea2118a5f7dad2b7138b1187a6b7ee55f160b9968b66013c3a3ef39dd7e5798?s=96&d=mm&r=g","contentUrl":"https:\/\/secure.gravatar.com\/avatar\/3ea2118a5f7dad2b7138b1187a6b7ee55f160b9968b66013c3a3ef39dd7e5798?s=96&d=mm&r=g","caption":"Jeanette"},"sameAs":["https:\/\/www.eldiario.net\/portal"],"url":"https:\/\/www.eldiario.net\/portal\/author\/jeanette\/"}]}},"_links":{"self":[{"href":"https:\/\/www.eldiario.net\/portal\/wp-json\/wp\/v2\/posts\/348073","targetHints":{"allow":["GET"]}}],"collection":[{"href":"https:\/\/www.eldiario.net\/portal\/wp-json\/wp\/v2\/posts"}],"about":[{"href":"https:\/\/www.eldiario.net\/portal\/wp-json\/wp\/v2\/types\/post"}],"author":[{"embeddable":true,"href":"https:\/\/www.eldiario.net\/portal\/wp-json\/wp\/v2\/users\/1"}],"replies":[{"embeddable":true,"href":"https:\/\/www.eldiario.net\/portal\/wp-json\/wp\/v2\/comments?post=348073"}],"version-history":[{"count":1,"href":"https:\/\/www.eldiario.net\/portal\/wp-json\/wp\/v2\/posts\/348073\/revisions"}],"predecessor-version":[{"id":348074,"href":"https:\/\/www.eldiario.net\/portal\/wp-json\/wp\/v2\/posts\/348073\/revisions\/348074"}],"wp:featuredmedia":[{"embeddable":true,"href":"https:\/\/www.eldiario.net\/portal\/wp-json\/wp\/v2\/media\/188324"}],"wp:attachment":[{"href":"https:\/\/www.eldiario.net\/portal\/wp-json\/wp\/v2\/media?parent=348073"}],"wp:term":[{"taxonomy":"category","embeddable":true,"href":"https:\/\/www.eldiario.net\/portal\/wp-json\/wp\/v2\/categories?post=348073"},{"taxonomy":"post_tag","embeddable":true,"href":"https:\/\/www.eldiario.net\/portal\/wp-json\/wp\/v2\/tags?post=348073"}],"curies":[{"name":"wp","href":"https:\/\/api.w.org\/{rel}","templated":true}]}}