{"id":348069,"date":"2025-11-26T06:06:37","date_gmt":"2025-11-26T10:06:37","guid":{"rendered":"https:\/\/www.eldiario.net\/portal\/?p=348069"},"modified":"2025-11-26T06:06:37","modified_gmt":"2025-11-26T10:06:37","slug":"falsa-percepcion-el-ministerio-de-justicia","status":"publish","type":"post","link":"https:\/\/www.eldiario.net\/portal\/2025\/11\/26\/falsa-percepcion-el-ministerio-de-justicia\/","title":{"rendered":"Falsa percepci\u00f3n: el Ministerio de Justicia"},"content":{"rendered":"<p>Decimos \u201cfalsa percepci\u00f3n\u201d para no decir \u201cfalso af\u00e1n\u201d o \u201caltercado ocioso\u201d. Nos referimos a la trifulca en torno al Ministerio de Justicia, sus incidencias y su existencia.<br \/>\nUn \u201cpoder central\u201d con o sin Ministerio de Justicia no deja de tener \u201crelaci\u00f3n\u201d &#8211;para no decir injerencia&#8211; poca o mucha sobre el \u00d3rgano Judicial, si no tuviera intromisi\u00f3n no ser\u00eda \u201cpoder central\u201d, as\u00ed nom\u00e1s es en la realidad en el mundo entero, lo contrario es autoenga\u00f1arse o mentir.<br \/>\nVayamos a ejemplos concretos.<br \/>\nDurante el largo per\u00edodo de 12 a\u00f1os del gobierno del MNR, no recuerdo que haya existido un Ministerio de Justicia. Sin embargo, la represi\u00f3n desatada contra la oposici\u00f3n fue feroz y sin necesidad de la existencia de tal ministerio, era suficiente un simple telefonazo a los ministros de la Corte Suprema de Justicia, para que \u00e9stos se cuadren ante el capo movimientista. Con o sin ese ministerio \u201cse le met\u00eda nom\u00e1s\u201d como en el tiempo \u201cmasista\u201d.<br \/>\nDurante el gobierno de Gonzalo S\u00e1nchez de Lozada, se lleg\u00f3 al extremo de nombrar nada menos que a \u201csu\u201d \u201cDelegado Presidencial\u201d en la justicia, con sede en la propia ciudad de Sucre, junto a la Corte Suprema de Justicia, pretextando combatir \u2013dizque&#8211; a las logias que se hab\u00edan incrustado en la administraci\u00f3n de justicia. Nadie dijo algo al respecto.<br \/>\nSi seguir\u00edamos dando ejemplos de la injerencia del poder central en la administraci\u00f3n de justicia, nunca terminar\u00edamos. De este tema ya nos ocupamos reiteradamente.<br \/>\nPero ingresando en el campo conceptual, que tal si concebir\u00edamos que la justicia \u00abes la constante y perpetua voluntad de dar a cada quien lo suyo\u00bb, tal como dijo Ulpiano, o que acept\u00e1ramos con Quevedo que \u00abdonde hay poca justicia es un peligro tener raz\u00f3n\u00bb, o si pensar\u00edamos como Albert Camus que \u201csi el hombre fracasa en conciliar la justicia y la libertad, fracasa en todo\u201d, o que entendi\u00e9ramos que \u201c\u2026la fuerza sin justicia es tiran\u00eda\u201d, tal como se\u00f1ala Blaise Pascal.<br \/>\nSi acept\u00e1ramos todos estos conceptos para practicarlos en la realidad, hubiera estado muy bien que Teresa de Calcuta hubiese ejercido en cualquier parte del planeta el cargo de Ministra de Justicia o, salvando distancias, en Bolivia en tiempos pasados, do\u00f1a Ana Mar\u00eda de Campero, nadie se hubiera opuesto, o en la actualidad qui\u00e9n hubiera podido oponerse a que la se\u00f1ora Amparo Carvajal sea nombrada Ministra de Justicia, \u00a1nadie!&#8230; me imagino.<br \/>\nEsto demuestra dos cosas, que para que exista un Ministerio de Justicia y se ejerza su titularidad, depende del concepto que uno tenga de la \u201cjusticia\u201d y depende, adem\u00e1s, de qui\u00e9n ejerza dicho cargo, porque si en su tiempo se hubiese nombrado en cualquier lugar del mundo a Al Capone o a Hitler, hubi\u00e9ramos sabido de antemano para qu\u00e9 servir\u00eda ese ministerio.<br \/>\nSi estos dos elementos fueran tomados en cuenta, el de la justicia y el de la persona, nada habr\u00eda que discutir y menos armar tanto berrinche.<\/p>\n<p>El autor es jurista.<\/p>\n","protected":false},"excerpt":{"rendered":"<p>Decimos \u201cfalsa percepci\u00f3n\u201d para no decir \u201cfalso af\u00e1n\u201d o \u201caltercado ocioso\u201d. Nos referimos a la trifulca en torno al Ministerio de Justicia, sus incidencias y su existencia. Un \u201cpoder central\u201d con o sin Ministerio de Justicia no deja de tener \u201crelaci\u00f3n\u201d &#8211;para no decir injerencia&#8211; poca o mucha sobre el \u00d3rgano Judicial, si no tuviera [&hellip;]<\/p>\n","protected":false},"author":1,"featured_media":308878,"comment_status":"closed","ping_status":"open","sticky":false,"template":"","format":"standard","meta":{"_acf_changed":false,"footnotes":""},"categories":[9],"tags":[],"class_list":["post-348069","post","type-post","status-publish","format-standard","has-post-thumbnail","category-opinion"],"acf":{"antetitulo":""},"yoast_head":"<!-- This site is optimized with the Yoast SEO plugin v28.3 - https:\/\/yoast.com\/product\/yoast-seo-wordpress\/ -->\n<title>Falsa percepci\u00f3n: el Ministerio de Justicia - El Diario - Bolivia<\/title>\n<meta name=\"robots\" content=\"index, follow, max-snippet:-1, max-image-preview:large, max-video-preview:-1\" \/>\n<link rel=\"canonical\" href=\"https:\/\/www.eldiario.net\/portal\/2025\/11\/26\/falsa-percepcion-el-ministerio-de-justicia\/\" \/>\n<meta property=\"og:locale\" content=\"es_ES\" \/>\n<meta property=\"og:type\" content=\"article\" \/>\n<meta property=\"og:title\" content=\"Falsa percepci\u00f3n: el Ministerio de Justicia - El Diario - Bolivia\" \/>\n<meta property=\"og:description\" content=\"Decimos \u201cfalsa percepci\u00f3n\u201d para no decir \u201cfalso af\u00e1n\u201d o \u201caltercado ocioso\u201d. Nos referimos a la trifulca en torno al Ministerio de Justicia, sus incidencias y su existencia. Un \u201cpoder central\u201d con o sin Ministerio de Justicia no deja de tener \u201crelaci\u00f3n\u201d &#8211;para no decir injerencia&#8211; poca o mucha sobre el \u00d3rgano Judicial, si no tuviera [&hellip;]\" \/>\n<meta property=\"og:url\" content=\"https:\/\/www.eldiario.net\/portal\/2025\/11\/26\/falsa-percepcion-el-ministerio-de-justicia\/\" \/>\n<meta property=\"og:site_name\" content=\"El Diario - Bolivia\" \/>\n<meta property=\"article:publisher\" content=\"https:\/\/www.facebook.com\/eldiario.bolivia\/\" \/>\n<meta property=\"article:published_time\" content=\"2025-11-26T10:06:37+00:00\" \/>\n<meta property=\"og:image\" content=\"https:\/\/www.eldiario.net\/portal\/wp-content\/uploads\/2025\/06\/Gonzalo-Penaranda-Taida.webp\" \/>\n\t<meta property=\"og:image:width\" content=\"1200\" \/>\n\t<meta property=\"og:image:height\" content=\"628\" \/>\n\t<meta property=\"og:image:type\" content=\"image\/webp\" \/>\n<meta name=\"author\" content=\"Jeanette\" \/>\n<meta name=\"twitter:card\" content=\"summary_large_image\" \/>\n<meta name=\"twitter:creator\" content=\"@eldiario_net\" \/>\n<meta name=\"twitter:site\" content=\"@eldiario_net\" \/>\n<meta name=\"twitter:label1\" content=\"Escrito por\" \/>\n\t<meta name=\"twitter:data1\" content=\"Jeanette\" \/>\n\t<meta name=\"twitter:label2\" content=\"Tiempo de lectura\" \/>\n\t<meta name=\"twitter:data2\" content=\"3 minutos\" \/>\n<script type=\"application\/ld+json\" class=\"yoast-schema-graph\">{\"@context\":\"https:\\\/\\\/schema.org\",\"@graph\":[{\"@type\":\"Article\",\"@id\":\"https:\\\/\\\/www.eldiario.net\\\/portal\\\/2025\\\/11\\\/26\\\/falsa-percepcion-el-ministerio-de-justicia\\\/#article\",\"isPartOf\":{\"@id\":\"https:\\\/\\\/www.eldiario.net\\\/portal\\\/2025\\\/11\\\/26\\\/falsa-percepcion-el-ministerio-de-justicia\\\/\"},\"author\":{\"name\":\"Jeanette\",\"@id\":\"https:\\\/\\\/www.eldiario.net\\\/portal\\\/#\\\/schema\\\/person\\\/f46445640444750d7d753ccd04ae01b7\"},\"headline\":\"Falsa percepci\u00f3n: el Ministerio de Justicia\",\"datePublished\":\"2025-11-26T10:06:37+00:00\",\"mainEntityOfPage\":{\"@id\":\"https:\\\/\\\/www.eldiario.net\\\/portal\\\/2025\\\/11\\\/26\\\/falsa-percepcion-el-ministerio-de-justicia\\\/\"},\"wordCount\":524,\"publisher\":{\"@id\":\"https:\\\/\\\/www.eldiario.net\\\/portal\\\/#organization\"},\"image\":{\"@id\":\"https:\\\/\\\/www.eldiario.net\\\/portal\\\/2025\\\/11\\\/26\\\/falsa-percepcion-el-ministerio-de-justicia\\\/#primaryimage\"},\"thumbnailUrl\":\"https:\\\/\\\/www.eldiario.net\\\/portal\\\/wp-content\\\/uploads\\\/2025\\\/06\\\/Gonzalo-Penaranda-Taida.webp\",\"articleSection\":[\"Opini\u00f3n\"],\"inLanguage\":\"es\"},{\"@type\":\"WebPage\",\"@id\":\"https:\\\/\\\/www.eldiario.net\\\/portal\\\/2025\\\/11\\\/26\\\/falsa-percepcion-el-ministerio-de-justicia\\\/\",\"url\":\"https:\\\/\\\/www.eldiario.net\\\/portal\\\/2025\\\/11\\\/26\\\/falsa-percepcion-el-ministerio-de-justicia\\\/\",\"name\":\"Falsa percepci\u00f3n: el Ministerio de Justicia - El Diario - Bolivia\",\"isPartOf\":{\"@id\":\"https:\\\/\\\/www.eldiario.net\\\/portal\\\/#website\"},\"primaryImageOfPage\":{\"@id\":\"https:\\\/\\\/www.eldiario.net\\\/portal\\\/2025\\\/11\\\/26\\\/falsa-percepcion-el-ministerio-de-justicia\\\/#primaryimage\"},\"image\":{\"@id\":\"https:\\\/\\\/www.eldiario.net\\\/portal\\\/2025\\\/11\\\/26\\\/falsa-percepcion-el-ministerio-de-justicia\\\/#primaryimage\"},\"thumbnailUrl\":\"https:\\\/\\\/www.eldiario.net\\\/portal\\\/wp-content\\\/uploads\\\/2025\\\/06\\\/Gonzalo-Penaranda-Taida.webp\",\"datePublished\":\"2025-11-26T10:06:37+00:00\",\"breadcrumb\":{\"@id\":\"https:\\\/\\\/www.eldiario.net\\\/portal\\\/2025\\\/11\\\/26\\\/falsa-percepcion-el-ministerio-de-justicia\\\/#breadcrumb\"},\"inLanguage\":\"es\",\"potentialAction\":[{\"@type\":\"ReadAction\",\"target\":[\"https:\\\/\\\/www.eldiario.net\\\/portal\\\/2025\\\/11\\\/26\\\/falsa-percepcion-el-ministerio-de-justicia\\\/\"]}]},{\"@type\":\"ImageObject\",\"inLanguage\":\"es\",\"@id\":\"https:\\\/\\\/www.eldiario.net\\\/portal\\\/2025\\\/11\\\/26\\\/falsa-percepcion-el-ministerio-de-justicia\\\/#primaryimage\",\"url\":\"https:\\\/\\\/www.eldiario.net\\\/portal\\\/wp-content\\\/uploads\\\/2025\\\/06\\\/Gonzalo-Penaranda-Taida.webp\",\"contentUrl\":\"https:\\\/\\\/www.eldiario.net\\\/portal\\\/wp-content\\\/uploads\\\/2025\\\/06\\\/Gonzalo-Penaranda-Taida.webp\",\"width\":1200,\"height\":628,\"caption\":\"Gonzalo Pe\u00f1aranda Taida\"},{\"@type\":\"BreadcrumbList\",\"@id\":\"https:\\\/\\\/www.eldiario.net\\\/portal\\\/2025\\\/11\\\/26\\\/falsa-percepcion-el-ministerio-de-justicia\\\/#breadcrumb\",\"itemListElement\":[{\"@type\":\"ListItem\",\"position\":1,\"name\":\"Portada\",\"item\":\"https:\\\/\\\/www.eldiario.net\\\/portal\\\/\"},{\"@type\":\"ListItem\",\"position\":2,\"name\":\"Falsa percepci\u00f3n: el Ministerio de Justicia\"}]},{\"@type\":\"WebSite\",\"@id\":\"https:\\\/\\\/www.eldiario.net\\\/portal\\\/#website\",\"url\":\"https:\\\/\\\/www.eldiario.net\\\/portal\\\/\",\"name\":\"El Diario - Decano de la prensa nacional\",\"description\":\"El Diario - Decano de la prensa nacional\",\"publisher\":{\"@id\":\"https:\\\/\\\/www.eldiario.net\\\/portal\\\/#organization\"},\"potentialAction\":[{\"@type\":\"SearchAction\",\"target\":{\"@type\":\"EntryPoint\",\"urlTemplate\":\"https:\\\/\\\/www.eldiario.net\\\/portal\\\/?s={search_term_string}\"},\"query-input\":{\"@type\":\"PropertyValueSpecification\",\"valueRequired\":true,\"valueName\":\"search_term_string\"}}],\"inLanguage\":\"es\"},{\"@type\":\"Organization\",\"@id\":\"https:\\\/\\\/www.eldiario.net\\\/portal\\\/#organization\",\"name\":\"El Diario - Decano de la prensa nacional\",\"url\":\"https:\\\/\\\/www.eldiario.net\\\/portal\\\/\",\"logo\":{\"@type\":\"ImageObject\",\"inLanguage\":\"es\",\"@id\":\"https:\\\/\\\/www.eldiario.net\\\/portal\\\/#\\\/schema\\\/logo\\\/image\\\/\",\"url\":\"https:\\\/\\\/www.eldiario.net\\\/portal\\\/wp-content\\\/uploads\\\/2023\\\/07\\\/logo_ED.jpg\",\"contentUrl\":\"https:\\\/\\\/www.eldiario.net\\\/portal\\\/wp-content\\\/uploads\\\/2023\\\/07\\\/logo_ED.jpg\",\"width\":272,\"height\":52,\"caption\":\"El Diario - Decano de la prensa nacional\"},\"image\":{\"@id\":\"https:\\\/\\\/www.eldiario.net\\\/portal\\\/#\\\/schema\\\/logo\\\/image\\\/\"},\"sameAs\":[\"https:\\\/\\\/www.facebook.com\\\/eldiario.bolivia\\\/\",\"https:\\\/\\\/x.com\\\/eldiario_net\"]},{\"@type\":\"Person\",\"@id\":\"https:\\\/\\\/www.eldiario.net\\\/portal\\\/#\\\/schema\\\/person\\\/f46445640444750d7d753ccd04ae01b7\",\"name\":\"Jeanette\",\"image\":{\"@type\":\"ImageObject\",\"inLanguage\":\"es\",\"@id\":\"https:\\\/\\\/secure.gravatar.com\\\/avatar\\\/3ea2118a5f7dad2b7138b1187a6b7ee55f160b9968b66013c3a3ef39dd7e5798?s=96&d=mm&r=g\",\"url\":\"https:\\\/\\\/secure.gravatar.com\\\/avatar\\\/3ea2118a5f7dad2b7138b1187a6b7ee55f160b9968b66013c3a3ef39dd7e5798?s=96&d=mm&r=g\",\"contentUrl\":\"https:\\\/\\\/secure.gravatar.com\\\/avatar\\\/3ea2118a5f7dad2b7138b1187a6b7ee55f160b9968b66013c3a3ef39dd7e5798?s=96&d=mm&r=g\",\"caption\":\"Jeanette\"},\"sameAs\":[\"https:\\\/\\\/www.eldiario.net\\\/portal\"],\"url\":\"https:\\\/\\\/www.eldiario.net\\\/portal\\\/author\\\/jeanette\\\/\"}]}<\/script>\n<!-- \/ Yoast SEO plugin. -->","yoast_head_json":{"title":"Falsa percepci\u00f3n: el Ministerio de Justicia - El Diario - Bolivia","robots":{"index":"index","follow":"follow","max-snippet":"max-snippet:-1","max-image-preview":"max-image-preview:large","max-video-preview":"max-video-preview:-1"},"canonical":"https:\/\/www.eldiario.net\/portal\/2025\/11\/26\/falsa-percepcion-el-ministerio-de-justicia\/","og_locale":"es_ES","og_type":"article","og_title":"Falsa percepci\u00f3n: el Ministerio de Justicia - El Diario - Bolivia","og_description":"Decimos \u201cfalsa percepci\u00f3n\u201d para no decir \u201cfalso af\u00e1n\u201d o \u201caltercado ocioso\u201d. Nos referimos a la trifulca en torno al Ministerio de Justicia, sus incidencias y su existencia. Un \u201cpoder central\u201d con o sin Ministerio de Justicia no deja de tener \u201crelaci\u00f3n\u201d &#8211;para no decir injerencia&#8211; poca o mucha sobre el \u00d3rgano Judicial, si no tuviera [&hellip;]","og_url":"https:\/\/www.eldiario.net\/portal\/2025\/11\/26\/falsa-percepcion-el-ministerio-de-justicia\/","og_site_name":"El Diario - Bolivia","article_publisher":"https:\/\/www.facebook.com\/eldiario.bolivia\/","article_published_time":"2025-11-26T10:06:37+00:00","og_image":[{"width":1200,"height":628,"url":"https:\/\/www.eldiario.net\/portal\/wp-content\/uploads\/2025\/06\/Gonzalo-Penaranda-Taida.webp","type":"image\/webp"}],"author":"Jeanette","twitter_card":"summary_large_image","twitter_creator":"@eldiario_net","twitter_site":"@eldiario_net","twitter_misc":{"Escrito por":"Jeanette","Tiempo de lectura":"3 minutos"},"schema":{"@context":"https:\/\/schema.org","@graph":[{"@type":"Article","@id":"https:\/\/www.eldiario.net\/portal\/2025\/11\/26\/falsa-percepcion-el-ministerio-de-justicia\/#article","isPartOf":{"@id":"https:\/\/www.eldiario.net\/portal\/2025\/11\/26\/falsa-percepcion-el-ministerio-de-justicia\/"},"author":{"name":"Jeanette","@id":"https:\/\/www.eldiario.net\/portal\/#\/schema\/person\/f46445640444750d7d753ccd04ae01b7"},"headline":"Falsa percepci\u00f3n: el Ministerio de Justicia","datePublished":"2025-11-26T10:06:37+00:00","mainEntityOfPage":{"@id":"https:\/\/www.eldiario.net\/portal\/2025\/11\/26\/falsa-percepcion-el-ministerio-de-justicia\/"},"wordCount":524,"publisher":{"@id":"https:\/\/www.eldiario.net\/portal\/#organization"},"image":{"@id":"https:\/\/www.eldiario.net\/portal\/2025\/11\/26\/falsa-percepcion-el-ministerio-de-justicia\/#primaryimage"},"thumbnailUrl":"https:\/\/www.eldiario.net\/portal\/wp-content\/uploads\/2025\/06\/Gonzalo-Penaranda-Taida.webp","articleSection":["Opini\u00f3n"],"inLanguage":"es"},{"@type":"WebPage","@id":"https:\/\/www.eldiario.net\/portal\/2025\/11\/26\/falsa-percepcion-el-ministerio-de-justicia\/","url":"https:\/\/www.eldiario.net\/portal\/2025\/11\/26\/falsa-percepcion-el-ministerio-de-justicia\/","name":"Falsa percepci\u00f3n: el Ministerio de Justicia - El Diario - Bolivia","isPartOf":{"@id":"https:\/\/www.eldiario.net\/portal\/#website"},"primaryImageOfPage":{"@id":"https:\/\/www.eldiario.net\/portal\/2025\/11\/26\/falsa-percepcion-el-ministerio-de-justicia\/#primaryimage"},"image":{"@id":"https:\/\/www.eldiario.net\/portal\/2025\/11\/26\/falsa-percepcion-el-ministerio-de-justicia\/#primaryimage"},"thumbnailUrl":"https:\/\/www.eldiario.net\/portal\/wp-content\/uploads\/2025\/06\/Gonzalo-Penaranda-Taida.webp","datePublished":"2025-11-26T10:06:37+00:00","breadcrumb":{"@id":"https:\/\/www.eldiario.net\/portal\/2025\/11\/26\/falsa-percepcion-el-ministerio-de-justicia\/#breadcrumb"},"inLanguage":"es","potentialAction":[{"@type":"ReadAction","target":["https:\/\/www.eldiario.net\/portal\/2025\/11\/26\/falsa-percepcion-el-ministerio-de-justicia\/"]}]},{"@type":"ImageObject","inLanguage":"es","@id":"https:\/\/www.eldiario.net\/portal\/2025\/11\/26\/falsa-percepcion-el-ministerio-de-justicia\/#primaryimage","url":"https:\/\/www.eldiario.net\/portal\/wp-content\/uploads\/2025\/06\/Gonzalo-Penaranda-Taida.webp","contentUrl":"https:\/\/www.eldiario.net\/portal\/wp-content\/uploads\/2025\/06\/Gonzalo-Penaranda-Taida.webp","width":1200,"height":628,"caption":"Gonzalo Pe\u00f1aranda Taida"},{"@type":"BreadcrumbList","@id":"https:\/\/www.eldiario.net\/portal\/2025\/11\/26\/falsa-percepcion-el-ministerio-de-justicia\/#breadcrumb","itemListElement":[{"@type":"ListItem","position":1,"name":"Portada","item":"https:\/\/www.eldiario.net\/portal\/"},{"@type":"ListItem","position":2,"name":"Falsa percepci\u00f3n: el Ministerio de Justicia"}]},{"@type":"WebSite","@id":"https:\/\/www.eldiario.net\/portal\/#website","url":"https:\/\/www.eldiario.net\/portal\/","name":"El Diario - Decano de la prensa nacional","description":"El Diario - Decano de la prensa nacional","publisher":{"@id":"https:\/\/www.eldiario.net\/portal\/#organization"},"potentialAction":[{"@type":"SearchAction","target":{"@type":"EntryPoint","urlTemplate":"https:\/\/www.eldiario.net\/portal\/?s={search_term_string}"},"query-input":{"@type":"PropertyValueSpecification","valueRequired":true,"valueName":"search_term_string"}}],"inLanguage":"es"},{"@type":"Organization","@id":"https:\/\/www.eldiario.net\/portal\/#organization","name":"El Diario - Decano de la prensa nacional","url":"https:\/\/www.eldiario.net\/portal\/","logo":{"@type":"ImageObject","inLanguage":"es","@id":"https:\/\/www.eldiario.net\/portal\/#\/schema\/logo\/image\/","url":"https:\/\/www.eldiario.net\/portal\/wp-content\/uploads\/2023\/07\/logo_ED.jpg","contentUrl":"https:\/\/www.eldiario.net\/portal\/wp-content\/uploads\/2023\/07\/logo_ED.jpg","width":272,"height":52,"caption":"El Diario - Decano de la prensa nacional"},"image":{"@id":"https:\/\/www.eldiario.net\/portal\/#\/schema\/logo\/image\/"},"sameAs":["https:\/\/www.facebook.com\/eldiario.bolivia\/","https:\/\/x.com\/eldiario_net"]},{"@type":"Person","@id":"https:\/\/www.eldiario.net\/portal\/#\/schema\/person\/f46445640444750d7d753ccd04ae01b7","name":"Jeanette","image":{"@type":"ImageObject","inLanguage":"es","@id":"https:\/\/secure.gravatar.com\/avatar\/3ea2118a5f7dad2b7138b1187a6b7ee55f160b9968b66013c3a3ef39dd7e5798?s=96&d=mm&r=g","url":"https:\/\/secure.gravatar.com\/avatar\/3ea2118a5f7dad2b7138b1187a6b7ee55f160b9968b66013c3a3ef39dd7e5798?s=96&d=mm&r=g","contentUrl":"https:\/\/secure.gravatar.com\/avatar\/3ea2118a5f7dad2b7138b1187a6b7ee55f160b9968b66013c3a3ef39dd7e5798?s=96&d=mm&r=g","caption":"Jeanette"},"sameAs":["https:\/\/www.eldiario.net\/portal"],"url":"https:\/\/www.eldiario.net\/portal\/author\/jeanette\/"}]}},"_links":{"self":[{"href":"https:\/\/www.eldiario.net\/portal\/wp-json\/wp\/v2\/posts\/348069","targetHints":{"allow":["GET"]}}],"collection":[{"href":"https:\/\/www.eldiario.net\/portal\/wp-json\/wp\/v2\/posts"}],"about":[{"href":"https:\/\/www.eldiario.net\/portal\/wp-json\/wp\/v2\/types\/post"}],"author":[{"embeddable":true,"href":"https:\/\/www.eldiario.net\/portal\/wp-json\/wp\/v2\/users\/1"}],"replies":[{"embeddable":true,"href":"https:\/\/www.eldiario.net\/portal\/wp-json\/wp\/v2\/comments?post=348069"}],"version-history":[{"count":1,"href":"https:\/\/www.eldiario.net\/portal\/wp-json\/wp\/v2\/posts\/348069\/revisions"}],"predecessor-version":[{"id":348070,"href":"https:\/\/www.eldiario.net\/portal\/wp-json\/wp\/v2\/posts\/348069\/revisions\/348070"}],"wp:featuredmedia":[{"embeddable":true,"href":"https:\/\/www.eldiario.net\/portal\/wp-json\/wp\/v2\/media\/308878"}],"wp:attachment":[{"href":"https:\/\/www.eldiario.net\/portal\/wp-json\/wp\/v2\/media?parent=348069"}],"wp:term":[{"taxonomy":"category","embeddable":true,"href":"https:\/\/www.eldiario.net\/portal\/wp-json\/wp\/v2\/categories?post=348069"},{"taxonomy":"post_tag","embeddable":true,"href":"https:\/\/www.eldiario.net\/portal\/wp-json\/wp\/v2\/tags?post=348069"}],"curies":[{"name":"wp","href":"https:\/\/api.w.org\/{rel}","templated":true}]}}