{"id":348064,"date":"2025-11-26T06:05:34","date_gmt":"2025-11-26T10:05:34","guid":{"rendered":"https:\/\/www.eldiario.net\/portal\/?p=348064"},"modified":"2025-11-26T06:05:34","modified_gmt":"2025-11-26T10:05:34","slug":"lara-y-sus-excesos","status":"publish","type":"post","link":"https:\/\/www.eldiario.net\/portal\/2025\/11\/26\/lara-y-sus-excesos\/","title":{"rendered":"Lara y sus excesos"},"content":{"rendered":"<p><em>Apenas comenz\u00f3 a gobernar Rodrigo Paz, su vicepresidente comenz\u00f3 a dirigirle duras cr\u00edticas; en los \u00faltimos d\u00edas, lo acus\u00f3 de ser un \u201cmentiroso\u201d y un \u201cc\u00ednico\u201d. \u00bfNo significan aquellas acusaciones una t\u00e1cita ruptura? \u00bfY no significan aquellas declaraciones un da\u00f1o a la imagen de Bolivia en el escenario internacional? M\u00e1s all\u00e1 de todo eso, una ruptura entre Paz y Lara significar\u00eda una crisis de gobernabilidad, pues no es secreto que una buena parte de la bancada del PDC en el Parlamento es seguidora del vicepresidente; por tanto, una ruptura entre los dos m\u00e1s altos mandatarios del pa\u00eds significar\u00eda un obst\u00e1culo en el Legislativo en lo referente a la implementaci\u00f3n de soluciones estructurales, que hoy Bolivia necesita con urgencia.<\/em><br \/>\n<em>Para entender este problema hay que remontarse a las \u00e9pocas de campa\u00f1as, cuando Rodrigo Paz tuvo como acompa\u00f1ante a un empresario potosino que luego se baj\u00f3 de la candidatura vicepresidencial. Luego, Paz encontr\u00f3 a Lara, quien se adhiri\u00f3 a la candidatura del PDC en una campa\u00f1a que ya estaba en marcha. Este partido tradicional ya estaba sin militancia org\u00e1nica y sin adeptos que profesaran la ideolog\u00eda de la democracia cristiana; hab\u00eda quedado, como muchos otros, como un partido que prestaba su sigla a candidatos que no tuvieran que ver necesariamente con \u00e9l. Por tanto, la dupla Paz-Lara fue una candidatura sin una cohesi\u00f3n ideol\u00f3gica, sin una sinergia de ideas e ideales, lo cual se puede comprobar ahora, cuando Lara se refiere al presidente de manera tan desatinada.<\/em><br \/>\n<em>Desde que inici\u00f3 el nuevo gobierno, Lara se ha referido en varias ocasiones a Paz como un hombre que se rodea de gente cuestionable y hasta con v\u00ednculos de corrupci\u00f3n. El vicepresidente no ha dejado de usar su cuenta de TikTok para realizar esa cr\u00edtica frontal; sin embargo, habr\u00eda que cuestionarle a \u00e9l si realmente esa es la manera o el canal adecuado para plantear sus cr\u00edticas, que leg\u00edtimamente puede tener, respecto al primer mandatario del pa\u00eds. En este sentido, Lara ha seguido comport\u00e1ndose como lo que fuera hasta antes de ser vicepresidente, a saber, como un \u201cinfluencer\u201d o una figura influyente de las redes sociales.<\/em><br \/>\n<em>Bolivia, m\u00e1s all\u00e1 de las graves necesidades econ\u00f3micas que tiene, debe remover a los autoprorrogados y elegir a los nuevos vocales del Tribunal Supremo Electoral. Ello pasa por las urgentes labores de coordinaci\u00f3n legislativa del vicepresidente, las que Lara, ciertamente, no ha ejecutado hasta ahora. Es m\u00e1s, en los primeros d\u00edas de sus funciones sali\u00f3 de vacaciones por varios d\u00edas, en compa\u00f1\u00eda de su esposa, quien es legisladora y no se present\u00f3 en las sesiones de la C\u00e1mara.<\/em><br \/>\n<em>\u00bfPodr\u00eda el factor Lara afectar la estabilidad del Gobierno? \u00bfPodr\u00eda esta ruptura ser el anuncio de un conflicto social de gran escala? Los bolivianos ya est\u00e1n hartos de los problemas de los pol\u00edticos, que afectan a toda la poblaci\u00f3n. La era del MAS, llena de corrupci\u00f3n y problemas entre pol\u00edticos, que afectaban a toda la ciudadan\u00eda, es una pesadilla que los dem\u00f3cratas y, sobre todo, los ciudadanos de buena voluntad quisieran olvidar para siempre.<\/em><\/p>\n","protected":false},"excerpt":{"rendered":"<p>Apenas comenz\u00f3 a gobernar Rodrigo Paz, su vicepresidente comenz\u00f3 a dirigirle duras cr\u00edticas; en los \u00faltimos d\u00edas, lo acus\u00f3 de ser un \u201cmentiroso\u201d y un \u201cc\u00ednico\u201d. \u00bfNo significan aquellas acusaciones una t\u00e1cita ruptura? \u00bfY no significan aquellas declaraciones un da\u00f1o a la imagen de Bolivia en el escenario internacional? M\u00e1s all\u00e1 de todo eso, una [&hellip;]<\/p>\n","protected":false},"author":1,"featured_media":194776,"comment_status":"closed","ping_status":"open","sticky":false,"template":"","format":"standard","meta":{"_acf_changed":false,"footnotes":""},"categories":[4],"tags":[],"class_list":["post-348064","post","type-post","status-publish","format-standard","has-post-thumbnail","category-editorial"],"acf":{"antetitulo":""},"yoast_head":"<!-- This site is optimized with the Yoast SEO plugin v28.3 - https:\/\/yoast.com\/product\/yoast-seo-wordpress\/ -->\n<title>Lara y sus excesos - El Diario - Bolivia<\/title>\n<meta name=\"robots\" content=\"index, follow, max-snippet:-1, max-image-preview:large, max-video-preview:-1\" \/>\n<link rel=\"canonical\" href=\"https:\/\/www.eldiario.net\/portal\/2025\/11\/26\/lara-y-sus-excesos\/\" \/>\n<meta property=\"og:locale\" content=\"es_ES\" \/>\n<meta property=\"og:type\" content=\"article\" \/>\n<meta property=\"og:title\" content=\"Lara y sus excesos - El Diario - Bolivia\" \/>\n<meta property=\"og:description\" content=\"Apenas comenz\u00f3 a gobernar Rodrigo Paz, su vicepresidente comenz\u00f3 a dirigirle duras cr\u00edticas; en los \u00faltimos d\u00edas, lo acus\u00f3 de ser un \u201cmentiroso\u201d y un \u201cc\u00ednico\u201d. \u00bfNo significan aquellas acusaciones una t\u00e1cita ruptura? \u00bfY no significan aquellas declaraciones un da\u00f1o a la imagen de Bolivia en el escenario internacional? M\u00e1s all\u00e1 de todo eso, una [&hellip;]\" \/>\n<meta property=\"og:url\" content=\"https:\/\/www.eldiario.net\/portal\/2025\/11\/26\/lara-y-sus-excesos\/\" \/>\n<meta property=\"og:site_name\" content=\"El Diario - Bolivia\" \/>\n<meta property=\"article:publisher\" content=\"https:\/\/www.facebook.com\/eldiario.bolivia\/\" \/>\n<meta property=\"article:published_time\" content=\"2025-11-26T10:05:34+00:00\" \/>\n<meta property=\"og:image\" content=\"https:\/\/www.eldiario.net\/portal\/wp-content\/uploads\/2023\/12\/Editorial.jpg\" \/>\n\t<meta property=\"og:image:width\" content=\"800\" \/>\n\t<meta property=\"og:image:height\" content=\"500\" \/>\n\t<meta property=\"og:image:type\" content=\"image\/jpeg\" \/>\n<meta name=\"author\" content=\"Jeanette\" \/>\n<meta name=\"twitter:card\" content=\"summary_large_image\" \/>\n<meta name=\"twitter:creator\" content=\"@eldiario_net\" \/>\n<meta name=\"twitter:site\" content=\"@eldiario_net\" \/>\n<meta name=\"twitter:label1\" content=\"Escrito por\" \/>\n\t<meta name=\"twitter:data1\" content=\"Jeanette\" \/>\n\t<meta name=\"twitter:label2\" content=\"Tiempo de lectura\" \/>\n\t<meta name=\"twitter:data2\" content=\"3 minutos\" \/>\n<script type=\"application\/ld+json\" class=\"yoast-schema-graph\">{\"@context\":\"https:\\\/\\\/schema.org\",\"@graph\":[{\"@type\":\"Article\",\"@id\":\"https:\\\/\\\/www.eldiario.net\\\/portal\\\/2025\\\/11\\\/26\\\/lara-y-sus-excesos\\\/#article\",\"isPartOf\":{\"@id\":\"https:\\\/\\\/www.eldiario.net\\\/portal\\\/2025\\\/11\\\/26\\\/lara-y-sus-excesos\\\/\"},\"author\":{\"name\":\"Jeanette\",\"@id\":\"https:\\\/\\\/www.eldiario.net\\\/portal\\\/#\\\/schema\\\/person\\\/f46445640444750d7d753ccd04ae01b7\"},\"headline\":\"Lara y sus excesos\",\"datePublished\":\"2025-11-26T10:05:34+00:00\",\"mainEntityOfPage\":{\"@id\":\"https:\\\/\\\/www.eldiario.net\\\/portal\\\/2025\\\/11\\\/26\\\/lara-y-sus-excesos\\\/\"},\"wordCount\":552,\"publisher\":{\"@id\":\"https:\\\/\\\/www.eldiario.net\\\/portal\\\/#organization\"},\"image\":{\"@id\":\"https:\\\/\\\/www.eldiario.net\\\/portal\\\/2025\\\/11\\\/26\\\/lara-y-sus-excesos\\\/#primaryimage\"},\"thumbnailUrl\":\"https:\\\/\\\/www.eldiario.net\\\/portal\\\/wp-content\\\/uploads\\\/2023\\\/12\\\/Editorial.jpg\",\"articleSection\":[\"Editorial\"],\"inLanguage\":\"es\"},{\"@type\":\"WebPage\",\"@id\":\"https:\\\/\\\/www.eldiario.net\\\/portal\\\/2025\\\/11\\\/26\\\/lara-y-sus-excesos\\\/\",\"url\":\"https:\\\/\\\/www.eldiario.net\\\/portal\\\/2025\\\/11\\\/26\\\/lara-y-sus-excesos\\\/\",\"name\":\"Lara y sus excesos - El Diario - Bolivia\",\"isPartOf\":{\"@id\":\"https:\\\/\\\/www.eldiario.net\\\/portal\\\/#website\"},\"primaryImageOfPage\":{\"@id\":\"https:\\\/\\\/www.eldiario.net\\\/portal\\\/2025\\\/11\\\/26\\\/lara-y-sus-excesos\\\/#primaryimage\"},\"image\":{\"@id\":\"https:\\\/\\\/www.eldiario.net\\\/portal\\\/2025\\\/11\\\/26\\\/lara-y-sus-excesos\\\/#primaryimage\"},\"thumbnailUrl\":\"https:\\\/\\\/www.eldiario.net\\\/portal\\\/wp-content\\\/uploads\\\/2023\\\/12\\\/Editorial.jpg\",\"datePublished\":\"2025-11-26T10:05:34+00:00\",\"breadcrumb\":{\"@id\":\"https:\\\/\\\/www.eldiario.net\\\/portal\\\/2025\\\/11\\\/26\\\/lara-y-sus-excesos\\\/#breadcrumb\"},\"inLanguage\":\"es\",\"potentialAction\":[{\"@type\":\"ReadAction\",\"target\":[\"https:\\\/\\\/www.eldiario.net\\\/portal\\\/2025\\\/11\\\/26\\\/lara-y-sus-excesos\\\/\"]}]},{\"@type\":\"ImageObject\",\"inLanguage\":\"es\",\"@id\":\"https:\\\/\\\/www.eldiario.net\\\/portal\\\/2025\\\/11\\\/26\\\/lara-y-sus-excesos\\\/#primaryimage\",\"url\":\"https:\\\/\\\/www.eldiario.net\\\/portal\\\/wp-content\\\/uploads\\\/2023\\\/12\\\/Editorial.jpg\",\"contentUrl\":\"https:\\\/\\\/www.eldiario.net\\\/portal\\\/wp-content\\\/uploads\\\/2023\\\/12\\\/Editorial.jpg\",\"width\":800,\"height\":500},{\"@type\":\"BreadcrumbList\",\"@id\":\"https:\\\/\\\/www.eldiario.net\\\/portal\\\/2025\\\/11\\\/26\\\/lara-y-sus-excesos\\\/#breadcrumb\",\"itemListElement\":[{\"@type\":\"ListItem\",\"position\":1,\"name\":\"Portada\",\"item\":\"https:\\\/\\\/www.eldiario.net\\\/portal\\\/\"},{\"@type\":\"ListItem\",\"position\":2,\"name\":\"Lara y sus excesos\"}]},{\"@type\":\"WebSite\",\"@id\":\"https:\\\/\\\/www.eldiario.net\\\/portal\\\/#website\",\"url\":\"https:\\\/\\\/www.eldiario.net\\\/portal\\\/\",\"name\":\"El Diario - Decano de la prensa nacional\",\"description\":\"El Diario - Decano de la prensa nacional\",\"publisher\":{\"@id\":\"https:\\\/\\\/www.eldiario.net\\\/portal\\\/#organization\"},\"potentialAction\":[{\"@type\":\"SearchAction\",\"target\":{\"@type\":\"EntryPoint\",\"urlTemplate\":\"https:\\\/\\\/www.eldiario.net\\\/portal\\\/?s={search_term_string}\"},\"query-input\":{\"@type\":\"PropertyValueSpecification\",\"valueRequired\":true,\"valueName\":\"search_term_string\"}}],\"inLanguage\":\"es\"},{\"@type\":\"Organization\",\"@id\":\"https:\\\/\\\/www.eldiario.net\\\/portal\\\/#organization\",\"name\":\"El Diario - Decano de la prensa nacional\",\"url\":\"https:\\\/\\\/www.eldiario.net\\\/portal\\\/\",\"logo\":{\"@type\":\"ImageObject\",\"inLanguage\":\"es\",\"@id\":\"https:\\\/\\\/www.eldiario.net\\\/portal\\\/#\\\/schema\\\/logo\\\/image\\\/\",\"url\":\"https:\\\/\\\/www.eldiario.net\\\/portal\\\/wp-content\\\/uploads\\\/2023\\\/07\\\/logo_ED.jpg\",\"contentUrl\":\"https:\\\/\\\/www.eldiario.net\\\/portal\\\/wp-content\\\/uploads\\\/2023\\\/07\\\/logo_ED.jpg\",\"width\":272,\"height\":52,\"caption\":\"El Diario - Decano de la prensa nacional\"},\"image\":{\"@id\":\"https:\\\/\\\/www.eldiario.net\\\/portal\\\/#\\\/schema\\\/logo\\\/image\\\/\"},\"sameAs\":[\"https:\\\/\\\/www.facebook.com\\\/eldiario.bolivia\\\/\",\"https:\\\/\\\/x.com\\\/eldiario_net\"]},{\"@type\":\"Person\",\"@id\":\"https:\\\/\\\/www.eldiario.net\\\/portal\\\/#\\\/schema\\\/person\\\/f46445640444750d7d753ccd04ae01b7\",\"name\":\"Jeanette\",\"image\":{\"@type\":\"ImageObject\",\"inLanguage\":\"es\",\"@id\":\"https:\\\/\\\/secure.gravatar.com\\\/avatar\\\/3ea2118a5f7dad2b7138b1187a6b7ee55f160b9968b66013c3a3ef39dd7e5798?s=96&d=mm&r=g\",\"url\":\"https:\\\/\\\/secure.gravatar.com\\\/avatar\\\/3ea2118a5f7dad2b7138b1187a6b7ee55f160b9968b66013c3a3ef39dd7e5798?s=96&d=mm&r=g\",\"contentUrl\":\"https:\\\/\\\/secure.gravatar.com\\\/avatar\\\/3ea2118a5f7dad2b7138b1187a6b7ee55f160b9968b66013c3a3ef39dd7e5798?s=96&d=mm&r=g\",\"caption\":\"Jeanette\"},\"sameAs\":[\"https:\\\/\\\/www.eldiario.net\\\/portal\"],\"url\":\"https:\\\/\\\/www.eldiario.net\\\/portal\\\/author\\\/jeanette\\\/\"}]}<\/script>\n<!-- \/ Yoast SEO plugin. -->","yoast_head_json":{"title":"Lara y sus excesos - El Diario - Bolivia","robots":{"index":"index","follow":"follow","max-snippet":"max-snippet:-1","max-image-preview":"max-image-preview:large","max-video-preview":"max-video-preview:-1"},"canonical":"https:\/\/www.eldiario.net\/portal\/2025\/11\/26\/lara-y-sus-excesos\/","og_locale":"es_ES","og_type":"article","og_title":"Lara y sus excesos - El Diario - Bolivia","og_description":"Apenas comenz\u00f3 a gobernar Rodrigo Paz, su vicepresidente comenz\u00f3 a dirigirle duras cr\u00edticas; en los \u00faltimos d\u00edas, lo acus\u00f3 de ser un \u201cmentiroso\u201d y un \u201cc\u00ednico\u201d. \u00bfNo significan aquellas acusaciones una t\u00e1cita ruptura? \u00bfY no significan aquellas declaraciones un da\u00f1o a la imagen de Bolivia en el escenario internacional? M\u00e1s all\u00e1 de todo eso, una [&hellip;]","og_url":"https:\/\/www.eldiario.net\/portal\/2025\/11\/26\/lara-y-sus-excesos\/","og_site_name":"El Diario - Bolivia","article_publisher":"https:\/\/www.facebook.com\/eldiario.bolivia\/","article_published_time":"2025-11-26T10:05:34+00:00","og_image":[{"width":800,"height":500,"url":"https:\/\/www.eldiario.net\/portal\/wp-content\/uploads\/2023\/12\/Editorial.jpg","type":"image\/jpeg"}],"author":"Jeanette","twitter_card":"summary_large_image","twitter_creator":"@eldiario_net","twitter_site":"@eldiario_net","twitter_misc":{"Escrito por":"Jeanette","Tiempo de lectura":"3 minutos"},"schema":{"@context":"https:\/\/schema.org","@graph":[{"@type":"Article","@id":"https:\/\/www.eldiario.net\/portal\/2025\/11\/26\/lara-y-sus-excesos\/#article","isPartOf":{"@id":"https:\/\/www.eldiario.net\/portal\/2025\/11\/26\/lara-y-sus-excesos\/"},"author":{"name":"Jeanette","@id":"https:\/\/www.eldiario.net\/portal\/#\/schema\/person\/f46445640444750d7d753ccd04ae01b7"},"headline":"Lara y sus excesos","datePublished":"2025-11-26T10:05:34+00:00","mainEntityOfPage":{"@id":"https:\/\/www.eldiario.net\/portal\/2025\/11\/26\/lara-y-sus-excesos\/"},"wordCount":552,"publisher":{"@id":"https:\/\/www.eldiario.net\/portal\/#organization"},"image":{"@id":"https:\/\/www.eldiario.net\/portal\/2025\/11\/26\/lara-y-sus-excesos\/#primaryimage"},"thumbnailUrl":"https:\/\/www.eldiario.net\/portal\/wp-content\/uploads\/2023\/12\/Editorial.jpg","articleSection":["Editorial"],"inLanguage":"es"},{"@type":"WebPage","@id":"https:\/\/www.eldiario.net\/portal\/2025\/11\/26\/lara-y-sus-excesos\/","url":"https:\/\/www.eldiario.net\/portal\/2025\/11\/26\/lara-y-sus-excesos\/","name":"Lara y sus excesos - El Diario - Bolivia","isPartOf":{"@id":"https:\/\/www.eldiario.net\/portal\/#website"},"primaryImageOfPage":{"@id":"https:\/\/www.eldiario.net\/portal\/2025\/11\/26\/lara-y-sus-excesos\/#primaryimage"},"image":{"@id":"https:\/\/www.eldiario.net\/portal\/2025\/11\/26\/lara-y-sus-excesos\/#primaryimage"},"thumbnailUrl":"https:\/\/www.eldiario.net\/portal\/wp-content\/uploads\/2023\/12\/Editorial.jpg","datePublished":"2025-11-26T10:05:34+00:00","breadcrumb":{"@id":"https:\/\/www.eldiario.net\/portal\/2025\/11\/26\/lara-y-sus-excesos\/#breadcrumb"},"inLanguage":"es","potentialAction":[{"@type":"ReadAction","target":["https:\/\/www.eldiario.net\/portal\/2025\/11\/26\/lara-y-sus-excesos\/"]}]},{"@type":"ImageObject","inLanguage":"es","@id":"https:\/\/www.eldiario.net\/portal\/2025\/11\/26\/lara-y-sus-excesos\/#primaryimage","url":"https:\/\/www.eldiario.net\/portal\/wp-content\/uploads\/2023\/12\/Editorial.jpg","contentUrl":"https:\/\/www.eldiario.net\/portal\/wp-content\/uploads\/2023\/12\/Editorial.jpg","width":800,"height":500},{"@type":"BreadcrumbList","@id":"https:\/\/www.eldiario.net\/portal\/2025\/11\/26\/lara-y-sus-excesos\/#breadcrumb","itemListElement":[{"@type":"ListItem","position":1,"name":"Portada","item":"https:\/\/www.eldiario.net\/portal\/"},{"@type":"ListItem","position":2,"name":"Lara y sus excesos"}]},{"@type":"WebSite","@id":"https:\/\/www.eldiario.net\/portal\/#website","url":"https:\/\/www.eldiario.net\/portal\/","name":"El Diario - Decano de la prensa nacional","description":"El Diario - Decano de la prensa nacional","publisher":{"@id":"https:\/\/www.eldiario.net\/portal\/#organization"},"potentialAction":[{"@type":"SearchAction","target":{"@type":"EntryPoint","urlTemplate":"https:\/\/www.eldiario.net\/portal\/?s={search_term_string}"},"query-input":{"@type":"PropertyValueSpecification","valueRequired":true,"valueName":"search_term_string"}}],"inLanguage":"es"},{"@type":"Organization","@id":"https:\/\/www.eldiario.net\/portal\/#organization","name":"El Diario - Decano de la prensa nacional","url":"https:\/\/www.eldiario.net\/portal\/","logo":{"@type":"ImageObject","inLanguage":"es","@id":"https:\/\/www.eldiario.net\/portal\/#\/schema\/logo\/image\/","url":"https:\/\/www.eldiario.net\/portal\/wp-content\/uploads\/2023\/07\/logo_ED.jpg","contentUrl":"https:\/\/www.eldiario.net\/portal\/wp-content\/uploads\/2023\/07\/logo_ED.jpg","width":272,"height":52,"caption":"El Diario - Decano de la prensa nacional"},"image":{"@id":"https:\/\/www.eldiario.net\/portal\/#\/schema\/logo\/image\/"},"sameAs":["https:\/\/www.facebook.com\/eldiario.bolivia\/","https:\/\/x.com\/eldiario_net"]},{"@type":"Person","@id":"https:\/\/www.eldiario.net\/portal\/#\/schema\/person\/f46445640444750d7d753ccd04ae01b7","name":"Jeanette","image":{"@type":"ImageObject","inLanguage":"es","@id":"https:\/\/secure.gravatar.com\/avatar\/3ea2118a5f7dad2b7138b1187a6b7ee55f160b9968b66013c3a3ef39dd7e5798?s=96&d=mm&r=g","url":"https:\/\/secure.gravatar.com\/avatar\/3ea2118a5f7dad2b7138b1187a6b7ee55f160b9968b66013c3a3ef39dd7e5798?s=96&d=mm&r=g","contentUrl":"https:\/\/secure.gravatar.com\/avatar\/3ea2118a5f7dad2b7138b1187a6b7ee55f160b9968b66013c3a3ef39dd7e5798?s=96&d=mm&r=g","caption":"Jeanette"},"sameAs":["https:\/\/www.eldiario.net\/portal"],"url":"https:\/\/www.eldiario.net\/portal\/author\/jeanette\/"}]}},"_links":{"self":[{"href":"https:\/\/www.eldiario.net\/portal\/wp-json\/wp\/v2\/posts\/348064","targetHints":{"allow":["GET"]}}],"collection":[{"href":"https:\/\/www.eldiario.net\/portal\/wp-json\/wp\/v2\/posts"}],"about":[{"href":"https:\/\/www.eldiario.net\/portal\/wp-json\/wp\/v2\/types\/post"}],"author":[{"embeddable":true,"href":"https:\/\/www.eldiario.net\/portal\/wp-json\/wp\/v2\/users\/1"}],"replies":[{"embeddable":true,"href":"https:\/\/www.eldiario.net\/portal\/wp-json\/wp\/v2\/comments?post=348064"}],"version-history":[{"count":1,"href":"https:\/\/www.eldiario.net\/portal\/wp-json\/wp\/v2\/posts\/348064\/revisions"}],"predecessor-version":[{"id":348065,"href":"https:\/\/www.eldiario.net\/portal\/wp-json\/wp\/v2\/posts\/348064\/revisions\/348065"}],"wp:featuredmedia":[{"embeddable":true,"href":"https:\/\/www.eldiario.net\/portal\/wp-json\/wp\/v2\/media\/194776"}],"wp:attachment":[{"href":"https:\/\/www.eldiario.net\/portal\/wp-json\/wp\/v2\/media?parent=348064"}],"wp:term":[{"taxonomy":"category","embeddable":true,"href":"https:\/\/www.eldiario.net\/portal\/wp-json\/wp\/v2\/categories?post=348064"},{"taxonomy":"post_tag","embeddable":true,"href":"https:\/\/www.eldiario.net\/portal\/wp-json\/wp\/v2\/tags?post=348064"}],"curies":[{"name":"wp","href":"https:\/\/api.w.org\/{rel}","templated":true}]}}