{"id":347828,"date":"2025-11-25T07:05:08","date_gmt":"2025-11-25T11:05:08","guid":{"rendered":"https:\/\/www.eldiario.net\/portal\/?p=347828"},"modified":"2025-11-25T07:38:24","modified_gmt":"2025-11-25T11:38:24","slug":"zelenski-afirma-que-putin-busca-reconocer-territorio-robado","status":"publish","type":"post","link":"https:\/\/www.eldiario.net\/portal\/2025\/11\/25\/zelenski-afirma-que-putin-busca-reconocer-territorio-robado\/","title":{"rendered":"Zelenski afirma que Putin busca reconocer territorio \u201crobado\u201d"},"content":{"rendered":"<p>El presidente ucraniano, Volod\u00edmir Zelenski, aseguro ayer que el principal obst\u00e1culo para llegar al acuerdo de paz con Rusia, promovido por EEUU, es que el l\u00edder del Kremlin, Vlad\u00edmir Putin, no solo quiera que Kiev reconozca los territorios que el Ej\u00e9rcito ruso conquist\u00f3, sino que adem\u00e1s tambi\u00e9n lo haga la comunidad internacional.<\/p>\n<p>\u00abPutin quiere reconocimiento legal para lo que ha robado\u00bb, sostuvo Zelenski, quien agreg\u00f3 que esta demanda rusa es \u201cel principal problema para avanzar hacia la paz. \u00abLo quiere no solo de Ucrania, sino del mundo entero\u00bb, se\u00f1al\u00f3 en un mensaje por videoconferencia ante el foro parlamentario de la Plataforma por Crimea, cuya cuarta edici\u00f3n se celebr\u00f3 ayer en Suecia.<\/p>\n<p>Ucrania y EEUU perfilan desde este domingo en Suiza un nuevo acuerdo marco revisado sobre el documento inicial, presentado por Washington, y que recoge ahora algunas de las demandas de Kiev.<\/p>\n<p>\u201cHemos conseguido mantener puntos extremadamente sensibles sobre la mesa, entre ellos la liberaci\u00f3n de todos los prisioneros de guerra ucranianos bajo la f\u00f3rmula de \u2018todos por todos\u2019 y de los civiles\u201d, se\u00f1al\u00f3 Zelenski en su discurso.<\/p>\n<p>&nbsp;<\/p>\n<p>KREMLIN DICE \u201cNO\u201d<\/p>\n<p>Rusia rechaz\u00f3 las modificaciones realizadas y Putin se ci\u00f1e a la primera versi\u00f3n del plan, considerada demasiado prorrusa por Ucrania y la Uni\u00f3n Europea (UE). \u00abEn lo que se refiere a los planes que circulan por ah\u00ed, esta ma\u00f1ana tuvimos conocimiento del plan europeo que, a primera vista, es absolutamente no constructivo, no nos conviene\u00bb, se\u00f1al\u00f3 el asesor internacional del Kremlin, Yuri Ushakov.<\/p>\n<p>El consejero de Putin explic\u00f3 adem\u00e1s que considera \u00abl\u00f3gico\u00bb que se organice una reuni\u00f3n presencial con emisarios de EEUU para alinearlo con los intereses de Rusia, como hicieron el domingo los negociadores ucranianos con apoyo de los europeos con el texto inicial presentado por EEUU.<\/p>\n<p>Putin se ci\u00f1\u00f3 ayer a la primera versi\u00f3n del plan de paz para Ucrania de 28 puntos presentado por EEUU durante una conversaci\u00f3n telef\u00f3nica con el l\u00edder turco, Recep Tayyip Erdogan, seg\u00fan inform\u00f3 el Rusida, al considerar que \u00e9sta podr\u00eda \u00absentar las bases para un arreglo pac\u00edfico definitivo\u00bb en Ucrania.<\/p>\n<p>Zelenski especific\u00f3 que el retorno de todos los ni\u00f1os ucranianos de territorios ocupados \u00absecuestrados\u00bb por Rusia tambi\u00e9n figura en la versi\u00f3n revisada del pacto acordada por ucranianos y estadounidenses en Suiza y que ahora deber\u00e1 ser presentada al Kremlin.<\/p>\n<p>El presidente ucraniano agreg\u00f3 que su administraci\u00f3n contin\u00faa trabajando con EEUU y otros socios para buscar compromisos que \u00abrefuercen, no que debiliten\u00bb a Ucrania. \u00abSeguiremos explicando lo peligroso que es pretender que una agresi\u00f3n (militar) sea algo que puede pasarse por alto\u00bb, apunt\u00f3.<\/p>\n<p>Por otro lado, Zelenski declar\u00f3 que los criminales de guerra deben responder por sus acciones ante la justicia. El acuerdo marco inicial, presentado por EEUU a Kiev y seg\u00fan numerosos medios redactado por estadounidenses y rusos, preve\u00eda una amnist\u00eda completa para todos los actores implicados en la guerra en ambos bandos.<\/p>\n<p>&nbsp;<\/p>\n<p>BORRADOR DE PAZ<\/p>\n<p>Respecto de las reacciones de la comunidad internacional a la propuesta ruso-estadounidense, la presidenta de la Comisi\u00f3n Europea (CE), Ursula von der Leyen, afirm\u00f3 en una declaraci\u00f3n a la prensa junto al presidente del Consejo Europeo, Ant\u00f3nio Costa, desde Luanda, donde participa en una cumbre entre la Uni\u00f3n Europea y la Uni\u00f3n Africana, que el territorio y la soberan\u00eda de Ucrania \u00abdeben ser respetados\u00bb. \u00abSolo Ucrania, como pa\u00eds soberano, puede tomar decisiones relativas a sus fuerzas armadas; la elecci\u00f3n de su destino est\u00e1 en sus propias manos\u00bb, agreg\u00f3.<\/p>\n<p>Previamente, los ministros de Exteriores de Alemania, Reino Unido, Francia, Finlandia, Italia y Polonia defendieron en una conversaci\u00f3n con su hom\u00f3logo ucraniano, Andr\u00ed Sibiga, la aprobaci\u00f3n de m\u00e1s sanciones contra Rusia y una decisi\u00f3n para destinar los activos rusos congelados para apoyar a Kiev antes de final de a\u00f1o.<\/p>\n<p>&nbsp;<\/p>\n<p>\u00bfINTERESES EUROPEOS?<\/p>\n<p>Por su parte, el ministro de Exteriores alem\u00e1n, Johann Wadephul, coment\u00f3 en un medio alem\u00e1n que en el curso de las negociaciones que se mantuvieron el domingo en Ginebra entre representantes europeos y de EEUU todos los puntos del plan de Washington para la paz en Ucrania relativos a la UE y a la OTAN fueron eliminados, lo que calific\u00f3 de \u00abgran \u00e9xito\u00bb.<\/p>\n<p>\u00abHemos dado un primer paso y hemos protegido los intereses europeos\u00bb, se\u00f1al\u00f3, agregando que el segundo paso es que la UE, en su papel como \u00ababogado\u00bb de Ucrania, consiga proteger la soberan\u00eda de este pa\u00eds. Adem\u00e1s, Wadephul manifest\u00f3 que espera de la administraci\u00f3n estadounidense que mantenga los contactos con los rusos y les presente la propuesta de paz enmendada. Tambi\u00e9n ha expresado la esperanza de que ninguna de las partes obstaculice el acuerdo.<\/p>\n<p>Preguntado por los detalles del plan, en concreto por las cesiones territoriales que se le demandar\u00e1n a Ucrania, el diplom\u00e1tico alem\u00e1n asegur\u00f3 que se trata de uno de los puntos m\u00e1s \u00abproblem\u00e1ticos\u00bb y reiter\u00f3 la postura europea de que \u00abel frente actual sea el punto de partida de la negociaci\u00f3n, aunque no el punto final\u00bb.<\/p>\n<p>\u00abPuede haber cambios\u00bb, apunt\u00f3, en referencia a la posibilidad de que Kiev acepte retirarse de territorios que a\u00fan controla en el Donb\u00e1s, tal y como exige Mosc\u00fa, pero esto en todo caso deben decidirlo los ucranianos, seg\u00fan se\u00f1al\u00f3.<\/p>\n<p>Asimismo, recalc\u00f3 en este sentido que la prioridad no es alcanzar un alto el fuego lo m\u00e1s r\u00e1pidamente posible, sino llegar a un acuerdo que ambas partes puedan asumir y mantener. Wadephul tambi\u00e9n record\u00f3 que las cesiones territoriales son dif\u00edciles para Ucrania, puesto que ser\u00e1n \u00abmuy fuertemente criticadas\u00bb por la poblaci\u00f3n afectada.(RTVE)<\/p>\n","protected":false},"excerpt":{"rendered":"<p>El presidente ucraniano, Volod\u00edmir Zelenski, aseguro ayer que el principal obst\u00e1culo para llegar al acuerdo de paz con Rusia, promovido por EEUU, es que el l\u00edder del Kremlin, Vlad\u00edmir Putin, no solo quiera que Kiev reconozca los territorios que el Ej\u00e9rcito ruso conquist\u00f3, sino que adem\u00e1s tambi\u00e9n lo haga la comunidad internacional. \u00abPutin quiere reconocimiento [&hellip;]<\/p>\n","protected":false},"author":1,"featured_media":347829,"comment_status":"closed","ping_status":"open","sticky":false,"template":"","format":"standard","meta":{"_acf_changed":false,"footnotes":""},"categories":[3],"tags":[],"class_list":["post-347828","post","type-post","status-publish","format-standard","has-post-thumbnail","category-internacional"],"acf":{"antetitulo":"Ucrania"},"yoast_head":"<!-- This site is optimized with the Yoast SEO plugin v28.3 - https:\/\/yoast.com\/product\/yoast-seo-wordpress\/ -->\n<title>Zelenski afirma que Putin busca reconocer territorio \u201crobado\u201d - El Diario - Bolivia<\/title>\n<meta name=\"robots\" content=\"index, follow, max-snippet:-1, max-image-preview:large, max-video-preview:-1\" \/>\n<link rel=\"canonical\" href=\"https:\/\/www.eldiario.net\/portal\/2025\/11\/25\/zelenski-afirma-que-putin-busca-reconocer-territorio-robado\/\" \/>\n<meta property=\"og:locale\" content=\"es_ES\" \/>\n<meta property=\"og:type\" content=\"article\" \/>\n<meta property=\"og:title\" content=\"Zelenski afirma que Putin busca reconocer territorio \u201crobado\u201d - El Diario - Bolivia\" \/>\n<meta property=\"og:description\" content=\"El presidente ucraniano, Volod\u00edmir Zelenski, aseguro ayer que el principal obst\u00e1culo para llegar al acuerdo de paz con Rusia, promovido por EEUU, es que el l\u00edder del Kremlin, Vlad\u00edmir Putin, no solo quiera que Kiev reconozca los territorios que el Ej\u00e9rcito ruso conquist\u00f3, sino que adem\u00e1s tambi\u00e9n lo haga la comunidad internacional. \u00abPutin quiere reconocimiento [&hellip;]\" \/>\n<meta property=\"og:url\" content=\"https:\/\/www.eldiario.net\/portal\/2025\/11\/25\/zelenski-afirma-que-putin-busca-reconocer-territorio-robado\/\" \/>\n<meta property=\"og:site_name\" content=\"El Diario - Bolivia\" \/>\n<meta property=\"article:publisher\" content=\"https:\/\/www.facebook.com\/eldiario.bolivia\/\" \/>\n<meta property=\"article:published_time\" content=\"2025-11-25T11:05:08+00:00\" \/>\n<meta property=\"article:modified_time\" content=\"2025-11-25T11:38:24+00:00\" \/>\n<meta property=\"og:image\" content=\"https:\/\/www.eldiario.net\/portal\/wp-content\/uploads\/2025\/11\/UCRANIA-FOTO-1.webp\" \/>\n\t<meta property=\"og:image:width\" content=\"300\" \/>\n\t<meta property=\"og:image:height\" content=\"168\" \/>\n\t<meta property=\"og:image:type\" content=\"image\/webp\" \/>\n<meta name=\"author\" content=\"Jeanette\" \/>\n<meta name=\"twitter:card\" content=\"summary_large_image\" \/>\n<meta name=\"twitter:creator\" content=\"@eldiario_net\" \/>\n<meta name=\"twitter:site\" content=\"@eldiario_net\" \/>\n<meta name=\"twitter:label1\" content=\"Escrito por\" \/>\n\t<meta name=\"twitter:data1\" content=\"Jeanette\" \/>\n\t<meta name=\"twitter:label2\" content=\"Tiempo de lectura\" \/>\n\t<meta name=\"twitter:data2\" content=\"5 minutos\" \/>\n<script type=\"application\/ld+json\" class=\"yoast-schema-graph\">{\"@context\":\"https:\\\/\\\/schema.org\",\"@graph\":[{\"@type\":\"Article\",\"@id\":\"https:\\\/\\\/www.eldiario.net\\\/portal\\\/2025\\\/11\\\/25\\\/zelenski-afirma-que-putin-busca-reconocer-territorio-robado\\\/#article\",\"isPartOf\":{\"@id\":\"https:\\\/\\\/www.eldiario.net\\\/portal\\\/2025\\\/11\\\/25\\\/zelenski-afirma-que-putin-busca-reconocer-territorio-robado\\\/\"},\"author\":{\"name\":\"Jeanette\",\"@id\":\"https:\\\/\\\/www.eldiario.net\\\/portal\\\/#\\\/schema\\\/person\\\/f46445640444750d7d753ccd04ae01b7\"},\"headline\":\"Zelenski afirma que Putin busca reconocer territorio \u201crobado\u201d\",\"datePublished\":\"2025-11-25T11:05:08+00:00\",\"dateModified\":\"2025-11-25T11:38:24+00:00\",\"mainEntityOfPage\":{\"@id\":\"https:\\\/\\\/www.eldiario.net\\\/portal\\\/2025\\\/11\\\/25\\\/zelenski-afirma-que-putin-busca-reconocer-territorio-robado\\\/\"},\"wordCount\":980,\"publisher\":{\"@id\":\"https:\\\/\\\/www.eldiario.net\\\/portal\\\/#organization\"},\"image\":{\"@id\":\"https:\\\/\\\/www.eldiario.net\\\/portal\\\/2025\\\/11\\\/25\\\/zelenski-afirma-que-putin-busca-reconocer-territorio-robado\\\/#primaryimage\"},\"thumbnailUrl\":\"https:\\\/\\\/www.eldiario.net\\\/portal\\\/wp-content\\\/uploads\\\/2025\\\/11\\\/UCRANIA-FOTO-1.webp\",\"articleSection\":[\"Internacional\"],\"inLanguage\":\"es\"},{\"@type\":\"WebPage\",\"@id\":\"https:\\\/\\\/www.eldiario.net\\\/portal\\\/2025\\\/11\\\/25\\\/zelenski-afirma-que-putin-busca-reconocer-territorio-robado\\\/\",\"url\":\"https:\\\/\\\/www.eldiario.net\\\/portal\\\/2025\\\/11\\\/25\\\/zelenski-afirma-que-putin-busca-reconocer-territorio-robado\\\/\",\"name\":\"Zelenski afirma que Putin busca reconocer territorio \u201crobado\u201d - El Diario - Bolivia\",\"isPartOf\":{\"@id\":\"https:\\\/\\\/www.eldiario.net\\\/portal\\\/#website\"},\"primaryImageOfPage\":{\"@id\":\"https:\\\/\\\/www.eldiario.net\\\/portal\\\/2025\\\/11\\\/25\\\/zelenski-afirma-que-putin-busca-reconocer-territorio-robado\\\/#primaryimage\"},\"image\":{\"@id\":\"https:\\\/\\\/www.eldiario.net\\\/portal\\\/2025\\\/11\\\/25\\\/zelenski-afirma-que-putin-busca-reconocer-territorio-robado\\\/#primaryimage\"},\"thumbnailUrl\":\"https:\\\/\\\/www.eldiario.net\\\/portal\\\/wp-content\\\/uploads\\\/2025\\\/11\\\/UCRANIA-FOTO-1.webp\",\"datePublished\":\"2025-11-25T11:05:08+00:00\",\"dateModified\":\"2025-11-25T11:38:24+00:00\",\"breadcrumb\":{\"@id\":\"https:\\\/\\\/www.eldiario.net\\\/portal\\\/2025\\\/11\\\/25\\\/zelenski-afirma-que-putin-busca-reconocer-territorio-robado\\\/#breadcrumb\"},\"inLanguage\":\"es\",\"potentialAction\":[{\"@type\":\"ReadAction\",\"target\":[\"https:\\\/\\\/www.eldiario.net\\\/portal\\\/2025\\\/11\\\/25\\\/zelenski-afirma-que-putin-busca-reconocer-territorio-robado\\\/\"]}]},{\"@type\":\"ImageObject\",\"inLanguage\":\"es\",\"@id\":\"https:\\\/\\\/www.eldiario.net\\\/portal\\\/2025\\\/11\\\/25\\\/zelenski-afirma-que-putin-busca-reconocer-territorio-robado\\\/#primaryimage\",\"url\":\"https:\\\/\\\/www.eldiario.net\\\/portal\\\/wp-content\\\/uploads\\\/2025\\\/11\\\/UCRANIA-FOTO-1.webp\",\"contentUrl\":\"https:\\\/\\\/www.eldiario.net\\\/portal\\\/wp-content\\\/uploads\\\/2025\\\/11\\\/UCRANIA-FOTO-1.webp\",\"width\":300,\"height\":168,\"caption\":\"Ucrania y EEUU negocian sobre el plan de paz. CREDITO: RTVE\"},{\"@type\":\"BreadcrumbList\",\"@id\":\"https:\\\/\\\/www.eldiario.net\\\/portal\\\/2025\\\/11\\\/25\\\/zelenski-afirma-que-putin-busca-reconocer-territorio-robado\\\/#breadcrumb\",\"itemListElement\":[{\"@type\":\"ListItem\",\"position\":1,\"name\":\"Portada\",\"item\":\"https:\\\/\\\/www.eldiario.net\\\/portal\\\/\"},{\"@type\":\"ListItem\",\"position\":2,\"name\":\"Zelenski afirma que Putin busca reconocer territorio \u201crobado\u201d\"}]},{\"@type\":\"WebSite\",\"@id\":\"https:\\\/\\\/www.eldiario.net\\\/portal\\\/#website\",\"url\":\"https:\\\/\\\/www.eldiario.net\\\/portal\\\/\",\"name\":\"El Diario - Decano de la prensa nacional\",\"description\":\"El Diario - Decano de la prensa nacional\",\"publisher\":{\"@id\":\"https:\\\/\\\/www.eldiario.net\\\/portal\\\/#organization\"},\"potentialAction\":[{\"@type\":\"SearchAction\",\"target\":{\"@type\":\"EntryPoint\",\"urlTemplate\":\"https:\\\/\\\/www.eldiario.net\\\/portal\\\/?s={search_term_string}\"},\"query-input\":{\"@type\":\"PropertyValueSpecification\",\"valueRequired\":true,\"valueName\":\"search_term_string\"}}],\"inLanguage\":\"es\"},{\"@type\":\"Organization\",\"@id\":\"https:\\\/\\\/www.eldiario.net\\\/portal\\\/#organization\",\"name\":\"El Diario - Decano de la prensa nacional\",\"url\":\"https:\\\/\\\/www.eldiario.net\\\/portal\\\/\",\"logo\":{\"@type\":\"ImageObject\",\"inLanguage\":\"es\",\"@id\":\"https:\\\/\\\/www.eldiario.net\\\/portal\\\/#\\\/schema\\\/logo\\\/image\\\/\",\"url\":\"https:\\\/\\\/www.eldiario.net\\\/portal\\\/wp-content\\\/uploads\\\/2023\\\/07\\\/logo_ED.jpg\",\"contentUrl\":\"https:\\\/\\\/www.eldiario.net\\\/portal\\\/wp-content\\\/uploads\\\/2023\\\/07\\\/logo_ED.jpg\",\"width\":272,\"height\":52,\"caption\":\"El Diario - Decano de la prensa nacional\"},\"image\":{\"@id\":\"https:\\\/\\\/www.eldiario.net\\\/portal\\\/#\\\/schema\\\/logo\\\/image\\\/\"},\"sameAs\":[\"https:\\\/\\\/www.facebook.com\\\/eldiario.bolivia\\\/\",\"https:\\\/\\\/x.com\\\/eldiario_net\"]},{\"@type\":\"Person\",\"@id\":\"https:\\\/\\\/www.eldiario.net\\\/portal\\\/#\\\/schema\\\/person\\\/f46445640444750d7d753ccd04ae01b7\",\"name\":\"Jeanette\",\"image\":{\"@type\":\"ImageObject\",\"inLanguage\":\"es\",\"@id\":\"https:\\\/\\\/secure.gravatar.com\\\/avatar\\\/3ea2118a5f7dad2b7138b1187a6b7ee55f160b9968b66013c3a3ef39dd7e5798?s=96&d=mm&r=g\",\"url\":\"https:\\\/\\\/secure.gravatar.com\\\/avatar\\\/3ea2118a5f7dad2b7138b1187a6b7ee55f160b9968b66013c3a3ef39dd7e5798?s=96&d=mm&r=g\",\"contentUrl\":\"https:\\\/\\\/secure.gravatar.com\\\/avatar\\\/3ea2118a5f7dad2b7138b1187a6b7ee55f160b9968b66013c3a3ef39dd7e5798?s=96&d=mm&r=g\",\"caption\":\"Jeanette\"},\"sameAs\":[\"https:\\\/\\\/www.eldiario.net\\\/portal\"],\"url\":\"https:\\\/\\\/www.eldiario.net\\\/portal\\\/author\\\/jeanette\\\/\"}]}<\/script>\n<!-- \/ Yoast SEO plugin. -->","yoast_head_json":{"title":"Zelenski afirma que Putin busca reconocer territorio \u201crobado\u201d - El Diario - Bolivia","robots":{"index":"index","follow":"follow","max-snippet":"max-snippet:-1","max-image-preview":"max-image-preview:large","max-video-preview":"max-video-preview:-1"},"canonical":"https:\/\/www.eldiario.net\/portal\/2025\/11\/25\/zelenski-afirma-que-putin-busca-reconocer-territorio-robado\/","og_locale":"es_ES","og_type":"article","og_title":"Zelenski afirma que Putin busca reconocer territorio \u201crobado\u201d - El Diario - Bolivia","og_description":"El presidente ucraniano, Volod\u00edmir Zelenski, aseguro ayer que el principal obst\u00e1culo para llegar al acuerdo de paz con Rusia, promovido por EEUU, es que el l\u00edder del Kremlin, Vlad\u00edmir Putin, no solo quiera que Kiev reconozca los territorios que el Ej\u00e9rcito ruso conquist\u00f3, sino que adem\u00e1s tambi\u00e9n lo haga la comunidad internacional. \u00abPutin quiere reconocimiento [&hellip;]","og_url":"https:\/\/www.eldiario.net\/portal\/2025\/11\/25\/zelenski-afirma-que-putin-busca-reconocer-territorio-robado\/","og_site_name":"El Diario - Bolivia","article_publisher":"https:\/\/www.facebook.com\/eldiario.bolivia\/","article_published_time":"2025-11-25T11:05:08+00:00","article_modified_time":"2025-11-25T11:38:24+00:00","og_image":[{"width":300,"height":168,"url":"https:\/\/www.eldiario.net\/portal\/wp-content\/uploads\/2025\/11\/UCRANIA-FOTO-1.webp","type":"image\/webp"}],"author":"Jeanette","twitter_card":"summary_large_image","twitter_creator":"@eldiario_net","twitter_site":"@eldiario_net","twitter_misc":{"Escrito por":"Jeanette","Tiempo de lectura":"5 minutos"},"schema":{"@context":"https:\/\/schema.org","@graph":[{"@type":"Article","@id":"https:\/\/www.eldiario.net\/portal\/2025\/11\/25\/zelenski-afirma-que-putin-busca-reconocer-territorio-robado\/#article","isPartOf":{"@id":"https:\/\/www.eldiario.net\/portal\/2025\/11\/25\/zelenski-afirma-que-putin-busca-reconocer-territorio-robado\/"},"author":{"name":"Jeanette","@id":"https:\/\/www.eldiario.net\/portal\/#\/schema\/person\/f46445640444750d7d753ccd04ae01b7"},"headline":"Zelenski afirma que Putin busca reconocer territorio \u201crobado\u201d","datePublished":"2025-11-25T11:05:08+00:00","dateModified":"2025-11-25T11:38:24+00:00","mainEntityOfPage":{"@id":"https:\/\/www.eldiario.net\/portal\/2025\/11\/25\/zelenski-afirma-que-putin-busca-reconocer-territorio-robado\/"},"wordCount":980,"publisher":{"@id":"https:\/\/www.eldiario.net\/portal\/#organization"},"image":{"@id":"https:\/\/www.eldiario.net\/portal\/2025\/11\/25\/zelenski-afirma-que-putin-busca-reconocer-territorio-robado\/#primaryimage"},"thumbnailUrl":"https:\/\/www.eldiario.net\/portal\/wp-content\/uploads\/2025\/11\/UCRANIA-FOTO-1.webp","articleSection":["Internacional"],"inLanguage":"es"},{"@type":"WebPage","@id":"https:\/\/www.eldiario.net\/portal\/2025\/11\/25\/zelenski-afirma-que-putin-busca-reconocer-territorio-robado\/","url":"https:\/\/www.eldiario.net\/portal\/2025\/11\/25\/zelenski-afirma-que-putin-busca-reconocer-territorio-robado\/","name":"Zelenski afirma que Putin busca reconocer territorio \u201crobado\u201d - El Diario - Bolivia","isPartOf":{"@id":"https:\/\/www.eldiario.net\/portal\/#website"},"primaryImageOfPage":{"@id":"https:\/\/www.eldiario.net\/portal\/2025\/11\/25\/zelenski-afirma-que-putin-busca-reconocer-territorio-robado\/#primaryimage"},"image":{"@id":"https:\/\/www.eldiario.net\/portal\/2025\/11\/25\/zelenski-afirma-que-putin-busca-reconocer-territorio-robado\/#primaryimage"},"thumbnailUrl":"https:\/\/www.eldiario.net\/portal\/wp-content\/uploads\/2025\/11\/UCRANIA-FOTO-1.webp","datePublished":"2025-11-25T11:05:08+00:00","dateModified":"2025-11-25T11:38:24+00:00","breadcrumb":{"@id":"https:\/\/www.eldiario.net\/portal\/2025\/11\/25\/zelenski-afirma-que-putin-busca-reconocer-territorio-robado\/#breadcrumb"},"inLanguage":"es","potentialAction":[{"@type":"ReadAction","target":["https:\/\/www.eldiario.net\/portal\/2025\/11\/25\/zelenski-afirma-que-putin-busca-reconocer-territorio-robado\/"]}]},{"@type":"ImageObject","inLanguage":"es","@id":"https:\/\/www.eldiario.net\/portal\/2025\/11\/25\/zelenski-afirma-que-putin-busca-reconocer-territorio-robado\/#primaryimage","url":"https:\/\/www.eldiario.net\/portal\/wp-content\/uploads\/2025\/11\/UCRANIA-FOTO-1.webp","contentUrl":"https:\/\/www.eldiario.net\/portal\/wp-content\/uploads\/2025\/11\/UCRANIA-FOTO-1.webp","width":300,"height":168,"caption":"Ucrania y EEUU negocian sobre el plan de paz. CREDITO: RTVE"},{"@type":"BreadcrumbList","@id":"https:\/\/www.eldiario.net\/portal\/2025\/11\/25\/zelenski-afirma-que-putin-busca-reconocer-territorio-robado\/#breadcrumb","itemListElement":[{"@type":"ListItem","position":1,"name":"Portada","item":"https:\/\/www.eldiario.net\/portal\/"},{"@type":"ListItem","position":2,"name":"Zelenski afirma que Putin busca reconocer territorio \u201crobado\u201d"}]},{"@type":"WebSite","@id":"https:\/\/www.eldiario.net\/portal\/#website","url":"https:\/\/www.eldiario.net\/portal\/","name":"El Diario - Decano de la prensa nacional","description":"El Diario - Decano de la prensa nacional","publisher":{"@id":"https:\/\/www.eldiario.net\/portal\/#organization"},"potentialAction":[{"@type":"SearchAction","target":{"@type":"EntryPoint","urlTemplate":"https:\/\/www.eldiario.net\/portal\/?s={search_term_string}"},"query-input":{"@type":"PropertyValueSpecification","valueRequired":true,"valueName":"search_term_string"}}],"inLanguage":"es"},{"@type":"Organization","@id":"https:\/\/www.eldiario.net\/portal\/#organization","name":"El Diario - Decano de la prensa nacional","url":"https:\/\/www.eldiario.net\/portal\/","logo":{"@type":"ImageObject","inLanguage":"es","@id":"https:\/\/www.eldiario.net\/portal\/#\/schema\/logo\/image\/","url":"https:\/\/www.eldiario.net\/portal\/wp-content\/uploads\/2023\/07\/logo_ED.jpg","contentUrl":"https:\/\/www.eldiario.net\/portal\/wp-content\/uploads\/2023\/07\/logo_ED.jpg","width":272,"height":52,"caption":"El Diario - Decano de la prensa nacional"},"image":{"@id":"https:\/\/www.eldiario.net\/portal\/#\/schema\/logo\/image\/"},"sameAs":["https:\/\/www.facebook.com\/eldiario.bolivia\/","https:\/\/x.com\/eldiario_net"]},{"@type":"Person","@id":"https:\/\/www.eldiario.net\/portal\/#\/schema\/person\/f46445640444750d7d753ccd04ae01b7","name":"Jeanette","image":{"@type":"ImageObject","inLanguage":"es","@id":"https:\/\/secure.gravatar.com\/avatar\/3ea2118a5f7dad2b7138b1187a6b7ee55f160b9968b66013c3a3ef39dd7e5798?s=96&d=mm&r=g","url":"https:\/\/secure.gravatar.com\/avatar\/3ea2118a5f7dad2b7138b1187a6b7ee55f160b9968b66013c3a3ef39dd7e5798?s=96&d=mm&r=g","contentUrl":"https:\/\/secure.gravatar.com\/avatar\/3ea2118a5f7dad2b7138b1187a6b7ee55f160b9968b66013c3a3ef39dd7e5798?s=96&d=mm&r=g","caption":"Jeanette"},"sameAs":["https:\/\/www.eldiario.net\/portal"],"url":"https:\/\/www.eldiario.net\/portal\/author\/jeanette\/"}]}},"_links":{"self":[{"href":"https:\/\/www.eldiario.net\/portal\/wp-json\/wp\/v2\/posts\/347828","targetHints":{"allow":["GET"]}}],"collection":[{"href":"https:\/\/www.eldiario.net\/portal\/wp-json\/wp\/v2\/posts"}],"about":[{"href":"https:\/\/www.eldiario.net\/portal\/wp-json\/wp\/v2\/types\/post"}],"author":[{"embeddable":true,"href":"https:\/\/www.eldiario.net\/portal\/wp-json\/wp\/v2\/users\/1"}],"replies":[{"embeddable":true,"href":"https:\/\/www.eldiario.net\/portal\/wp-json\/wp\/v2\/comments?post=347828"}],"version-history":[{"count":2,"href":"https:\/\/www.eldiario.net\/portal\/wp-json\/wp\/v2\/posts\/347828\/revisions"}],"predecessor-version":[{"id":347875,"href":"https:\/\/www.eldiario.net\/portal\/wp-json\/wp\/v2\/posts\/347828\/revisions\/347875"}],"wp:featuredmedia":[{"embeddable":true,"href":"https:\/\/www.eldiario.net\/portal\/wp-json\/wp\/v2\/media\/347829"}],"wp:attachment":[{"href":"https:\/\/www.eldiario.net\/portal\/wp-json\/wp\/v2\/media?parent=347828"}],"wp:term":[{"taxonomy":"category","embeddable":true,"href":"https:\/\/www.eldiario.net\/portal\/wp-json\/wp\/v2\/categories?post=347828"},{"taxonomy":"post_tag","embeddable":true,"href":"https:\/\/www.eldiario.net\/portal\/wp-json\/wp\/v2\/tags?post=347828"}],"curies":[{"name":"wp","href":"https:\/\/api.w.org\/{rel}","templated":true}]}}