{"id":347825,"date":"2025-11-25T06:50:27","date_gmt":"2025-11-25T10:50:27","guid":{"rendered":"https:\/\/www.eldiario.net\/portal\/?p=347825"},"modified":"2025-11-25T06:50:27","modified_gmt":"2025-11-25T10:50:27","slug":"washington-designa-al-cartel-de-los-soles-como-grupo-terrorista","status":"publish","type":"post","link":"https:\/\/www.eldiario.net\/portal\/2025\/11\/25\/washington-designa-al-cartel-de-los-soles-como-grupo-terrorista\/","title":{"rendered":"Washington designa al C\u00e1rtel de  los Soles como grupo terrorista"},"content":{"rendered":"<p>La decisi\u00f3n por parte de Washington de designar al C\u00e1rtel de los Soles, como organizaci\u00f3n terrorista extranjera (OTE) entr\u00f3 en vigor ayer, lo que abre la puerta a nuevas formas de presi\u00f3n de Estados Unidos sobre el dictador de Venezuela, Nicol\u00e1s Maduro.<\/p>\n<p>La lista de OTE, que incluye grupos islamistas, separatistas, guerrillas y, m\u00e1s recientemente, pandillas y organizaciones de narcotr\u00e1fico de M\u00e9xico y Colombia, est\u00e1 supervisada por el Departamento de Estado de Estados Unidos. Esto otorga al Gobierno liderado por Donald Trump facultades jur\u00eddicas para imponer sanciones, congelar activos y perseguir judicialmente a cualquier persona o entidad que colabore con una organizaci\u00f3n que figure en dicha lista.<\/p>\n<p>A partir de ayer, la lista incluir\u00e1 al C\u00e1rtel de los Soles, que la Casa Blanca afirma que est\u00e1 dirigido por Maduro. \u00abEste grupo clandestino es responsable de la \u00abviolencia terrorista en todo nuestro hemisferio\u00bb, declar\u00f3 el secretario de Estado de EEUU, Marco Rubio. Las autoridades venezolanas rechazan esas acusaciones argumentando que no existen pruebas p\u00fablicas de que est\u00e1n vinculadas al narcotr\u00e1fico.<\/p>\n<p>Ya exist\u00edan sanciones legales contra altos funcionarios venezolanos por tr\u00e1fico de drogas y corrupci\u00f3n, y esta designaci\u00f3n implica la ampliaci\u00f3n de acciones m\u00e1s agresivas en el plano militar, seg\u00fan expertos.<\/p>\n<p>Esta medida forma parte de la campa\u00f1a de la administraci\u00f3n Trump contra las drogas y la inmigraci\u00f3n ilegal procedente de Latinoam\u00e9rica.<\/p>\n<p>A pesar de que no se ha hecho p\u00fablica ninguna prueba que respalde la acusaci\u00f3n de la participaci\u00f3n de Maduro en el grupo, con una importante presencia militar desplegada en el Caribe, incluyendo un portaaviones, la designaci\u00f3n como OTE brindar\u00eda una cobertura legal para ejercer mayor presi\u00f3n sobre las autoridades venezolanas.<\/p>\n<p>Las fuerzas estadounidenses ya mataron al menos a 83 personas en ataques a\u00e9reos contra embarcaciones acusadas de transportar drogas en aguas internacionales desde septiembre, seg\u00fan un recuento de la agencia Afp con cifras publicadas. Una vez m\u00e1s, no se ha hecho p\u00fablica ninguna prueba de que hubiera drogas en las embarcaciones.(Dw)<\/p>\n","protected":false},"excerpt":{"rendered":"<p>La decisi\u00f3n por parte de Washington de designar al C\u00e1rtel de los Soles, como organizaci\u00f3n terrorista extranjera (OTE) entr\u00f3 en vigor ayer, lo que abre la puerta a nuevas formas de presi\u00f3n de Estados Unidos sobre el dictador de Venezuela, Nicol\u00e1s Maduro. La lista de OTE, que incluye grupos islamistas, separatistas, guerrillas y, m\u00e1s recientemente, [&hellip;]<\/p>\n","protected":false},"author":1,"featured_media":347826,"comment_status":"closed","ping_status":"open","sticky":false,"template":"","format":"standard","meta":{"_acf_changed":false,"footnotes":""},"categories":[3],"tags":[],"class_list":["post-347825","post","type-post","status-publish","format-standard","has-post-thumbnail","category-internacional"],"acf":{"antetitulo":""},"yoast_head":"<!-- This site is optimized with the Yoast SEO plugin v28.3 - https:\/\/yoast.com\/product\/yoast-seo-wordpress\/ -->\n<title>Washington designa al C\u00e1rtel de los Soles como grupo terrorista - El Diario - Bolivia<\/title>\n<meta name=\"robots\" content=\"index, follow, max-snippet:-1, max-image-preview:large, max-video-preview:-1\" \/>\n<link rel=\"canonical\" href=\"https:\/\/www.eldiario.net\/portal\/2025\/11\/25\/washington-designa-al-cartel-de-los-soles-como-grupo-terrorista\/\" \/>\n<meta property=\"og:locale\" content=\"es_ES\" \/>\n<meta property=\"og:type\" content=\"article\" \/>\n<meta property=\"og:title\" content=\"Washington designa al C\u00e1rtel de los Soles como grupo terrorista - El Diario - Bolivia\" \/>\n<meta property=\"og:description\" content=\"La decisi\u00f3n por parte de Washington de designar al C\u00e1rtel de los Soles, como organizaci\u00f3n terrorista extranjera (OTE) entr\u00f3 en vigor ayer, lo que abre la puerta a nuevas formas de presi\u00f3n de Estados Unidos sobre el dictador de Venezuela, Nicol\u00e1s Maduro. La lista de OTE, que incluye grupos islamistas, separatistas, guerrillas y, m\u00e1s recientemente, [&hellip;]\" \/>\n<meta property=\"og:url\" content=\"https:\/\/www.eldiario.net\/portal\/2025\/11\/25\/washington-designa-al-cartel-de-los-soles-como-grupo-terrorista\/\" \/>\n<meta property=\"og:site_name\" content=\"El Diario - Bolivia\" \/>\n<meta property=\"article:publisher\" content=\"https:\/\/www.facebook.com\/eldiario.bolivia\/\" \/>\n<meta property=\"article:published_time\" content=\"2025-11-25T10:50:27+00:00\" \/>\n<meta property=\"og:image\" content=\"https:\/\/www.eldiario.net\/portal\/wp-content\/uploads\/2025\/11\/VENEZUELA-FOTO-1.webp\" \/>\n\t<meta property=\"og:image:width\" content=\"768\" \/>\n\t<meta property=\"og:image:height\" content=\"420\" \/>\n\t<meta property=\"og:image:type\" content=\"image\/webp\" \/>\n<meta name=\"author\" content=\"Jeanette\" \/>\n<meta name=\"twitter:card\" content=\"summary_large_image\" \/>\n<meta name=\"twitter:creator\" content=\"@eldiario_net\" \/>\n<meta name=\"twitter:site\" content=\"@eldiario_net\" \/>\n<meta name=\"twitter:label1\" content=\"Escrito por\" \/>\n\t<meta name=\"twitter:data1\" content=\"Jeanette\" \/>\n\t<meta name=\"twitter:label2\" content=\"Tiempo de lectura\" \/>\n\t<meta name=\"twitter:data2\" content=\"2 minutos\" \/>\n<script type=\"application\/ld+json\" class=\"yoast-schema-graph\">{\"@context\":\"https:\\\/\\\/schema.org\",\"@graph\":[{\"@type\":\"Article\",\"@id\":\"https:\\\/\\\/www.eldiario.net\\\/portal\\\/2025\\\/11\\\/25\\\/washington-designa-al-cartel-de-los-soles-como-grupo-terrorista\\\/#article\",\"isPartOf\":{\"@id\":\"https:\\\/\\\/www.eldiario.net\\\/portal\\\/2025\\\/11\\\/25\\\/washington-designa-al-cartel-de-los-soles-como-grupo-terrorista\\\/\"},\"author\":{\"name\":\"Jeanette\",\"@id\":\"https:\\\/\\\/www.eldiario.net\\\/portal\\\/#\\\/schema\\\/person\\\/f46445640444750d7d753ccd04ae01b7\"},\"headline\":\"Washington designa al C\u00e1rtel de los Soles como grupo terrorista\",\"datePublished\":\"2025-11-25T10:50:27+00:00\",\"mainEntityOfPage\":{\"@id\":\"https:\\\/\\\/www.eldiario.net\\\/portal\\\/2025\\\/11\\\/25\\\/washington-designa-al-cartel-de-los-soles-como-grupo-terrorista\\\/\"},\"wordCount\":368,\"publisher\":{\"@id\":\"https:\\\/\\\/www.eldiario.net\\\/portal\\\/#organization\"},\"image\":{\"@id\":\"https:\\\/\\\/www.eldiario.net\\\/portal\\\/2025\\\/11\\\/25\\\/washington-designa-al-cartel-de-los-soles-como-grupo-terrorista\\\/#primaryimage\"},\"thumbnailUrl\":\"https:\\\/\\\/www.eldiario.net\\\/portal\\\/wp-content\\\/uploads\\\/2025\\\/11\\\/VENEZUELA-FOTO-1.webp\",\"articleSection\":[\"Internacional\"],\"inLanguage\":\"es\"},{\"@type\":\"WebPage\",\"@id\":\"https:\\\/\\\/www.eldiario.net\\\/portal\\\/2025\\\/11\\\/25\\\/washington-designa-al-cartel-de-los-soles-como-grupo-terrorista\\\/\",\"url\":\"https:\\\/\\\/www.eldiario.net\\\/portal\\\/2025\\\/11\\\/25\\\/washington-designa-al-cartel-de-los-soles-como-grupo-terrorista\\\/\",\"name\":\"Washington designa al C\u00e1rtel de los Soles como grupo terrorista - El Diario - Bolivia\",\"isPartOf\":{\"@id\":\"https:\\\/\\\/www.eldiario.net\\\/portal\\\/#website\"},\"primaryImageOfPage\":{\"@id\":\"https:\\\/\\\/www.eldiario.net\\\/portal\\\/2025\\\/11\\\/25\\\/washington-designa-al-cartel-de-los-soles-como-grupo-terrorista\\\/#primaryimage\"},\"image\":{\"@id\":\"https:\\\/\\\/www.eldiario.net\\\/portal\\\/2025\\\/11\\\/25\\\/washington-designa-al-cartel-de-los-soles-como-grupo-terrorista\\\/#primaryimage\"},\"thumbnailUrl\":\"https:\\\/\\\/www.eldiario.net\\\/portal\\\/wp-content\\\/uploads\\\/2025\\\/11\\\/VENEZUELA-FOTO-1.webp\",\"datePublished\":\"2025-11-25T10:50:27+00:00\",\"breadcrumb\":{\"@id\":\"https:\\\/\\\/www.eldiario.net\\\/portal\\\/2025\\\/11\\\/25\\\/washington-designa-al-cartel-de-los-soles-como-grupo-terrorista\\\/#breadcrumb\"},\"inLanguage\":\"es\",\"potentialAction\":[{\"@type\":\"ReadAction\",\"target\":[\"https:\\\/\\\/www.eldiario.net\\\/portal\\\/2025\\\/11\\\/25\\\/washington-designa-al-cartel-de-los-soles-como-grupo-terrorista\\\/\"]}]},{\"@type\":\"ImageObject\",\"inLanguage\":\"es\",\"@id\":\"https:\\\/\\\/www.eldiario.net\\\/portal\\\/2025\\\/11\\\/25\\\/washington-designa-al-cartel-de-los-soles-como-grupo-terrorista\\\/#primaryimage\",\"url\":\"https:\\\/\\\/www.eldiario.net\\\/portal\\\/wp-content\\\/uploads\\\/2025\\\/11\\\/VENEZUELA-FOTO-1.webp\",\"contentUrl\":\"https:\\\/\\\/www.eldiario.net\\\/portal\\\/wp-content\\\/uploads\\\/2025\\\/11\\\/VENEZUELA-FOTO-1.webp\",\"width\":768,\"height\":420,\"caption\":\"El r\u00e9gimen de Nicol\u00e1s Maduro exhibe documentos de una nueva ley de Defensa. CREDITO: Reuters\"},{\"@type\":\"BreadcrumbList\",\"@id\":\"https:\\\/\\\/www.eldiario.net\\\/portal\\\/2025\\\/11\\\/25\\\/washington-designa-al-cartel-de-los-soles-como-grupo-terrorista\\\/#breadcrumb\",\"itemListElement\":[{\"@type\":\"ListItem\",\"position\":1,\"name\":\"Portada\",\"item\":\"https:\\\/\\\/www.eldiario.net\\\/portal\\\/\"},{\"@type\":\"ListItem\",\"position\":2,\"name\":\"Washington designa al C\u00e1rtel de los Soles como grupo terrorista\"}]},{\"@type\":\"WebSite\",\"@id\":\"https:\\\/\\\/www.eldiario.net\\\/portal\\\/#website\",\"url\":\"https:\\\/\\\/www.eldiario.net\\\/portal\\\/\",\"name\":\"El Diario - Decano de la prensa nacional\",\"description\":\"El Diario - Decano de la prensa nacional\",\"publisher\":{\"@id\":\"https:\\\/\\\/www.eldiario.net\\\/portal\\\/#organization\"},\"potentialAction\":[{\"@type\":\"SearchAction\",\"target\":{\"@type\":\"EntryPoint\",\"urlTemplate\":\"https:\\\/\\\/www.eldiario.net\\\/portal\\\/?s={search_term_string}\"},\"query-input\":{\"@type\":\"PropertyValueSpecification\",\"valueRequired\":true,\"valueName\":\"search_term_string\"}}],\"inLanguage\":\"es\"},{\"@type\":\"Organization\",\"@id\":\"https:\\\/\\\/www.eldiario.net\\\/portal\\\/#organization\",\"name\":\"El Diario - Decano de la prensa nacional\",\"url\":\"https:\\\/\\\/www.eldiario.net\\\/portal\\\/\",\"logo\":{\"@type\":\"ImageObject\",\"inLanguage\":\"es\",\"@id\":\"https:\\\/\\\/www.eldiario.net\\\/portal\\\/#\\\/schema\\\/logo\\\/image\\\/\",\"url\":\"https:\\\/\\\/www.eldiario.net\\\/portal\\\/wp-content\\\/uploads\\\/2023\\\/07\\\/logo_ED.jpg\",\"contentUrl\":\"https:\\\/\\\/www.eldiario.net\\\/portal\\\/wp-content\\\/uploads\\\/2023\\\/07\\\/logo_ED.jpg\",\"width\":272,\"height\":52,\"caption\":\"El Diario - Decano de la prensa nacional\"},\"image\":{\"@id\":\"https:\\\/\\\/www.eldiario.net\\\/portal\\\/#\\\/schema\\\/logo\\\/image\\\/\"},\"sameAs\":[\"https:\\\/\\\/www.facebook.com\\\/eldiario.bolivia\\\/\",\"https:\\\/\\\/x.com\\\/eldiario_net\"]},{\"@type\":\"Person\",\"@id\":\"https:\\\/\\\/www.eldiario.net\\\/portal\\\/#\\\/schema\\\/person\\\/f46445640444750d7d753ccd04ae01b7\",\"name\":\"Jeanette\",\"image\":{\"@type\":\"ImageObject\",\"inLanguage\":\"es\",\"@id\":\"https:\\\/\\\/secure.gravatar.com\\\/avatar\\\/3ea2118a5f7dad2b7138b1187a6b7ee55f160b9968b66013c3a3ef39dd7e5798?s=96&d=mm&r=g\",\"url\":\"https:\\\/\\\/secure.gravatar.com\\\/avatar\\\/3ea2118a5f7dad2b7138b1187a6b7ee55f160b9968b66013c3a3ef39dd7e5798?s=96&d=mm&r=g\",\"contentUrl\":\"https:\\\/\\\/secure.gravatar.com\\\/avatar\\\/3ea2118a5f7dad2b7138b1187a6b7ee55f160b9968b66013c3a3ef39dd7e5798?s=96&d=mm&r=g\",\"caption\":\"Jeanette\"},\"sameAs\":[\"https:\\\/\\\/www.eldiario.net\\\/portal\"],\"url\":\"https:\\\/\\\/www.eldiario.net\\\/portal\\\/author\\\/jeanette\\\/\"}]}<\/script>\n<!-- \/ Yoast SEO plugin. -->","yoast_head_json":{"title":"Washington designa al C\u00e1rtel de los Soles como grupo terrorista - El Diario - Bolivia","robots":{"index":"index","follow":"follow","max-snippet":"max-snippet:-1","max-image-preview":"max-image-preview:large","max-video-preview":"max-video-preview:-1"},"canonical":"https:\/\/www.eldiario.net\/portal\/2025\/11\/25\/washington-designa-al-cartel-de-los-soles-como-grupo-terrorista\/","og_locale":"es_ES","og_type":"article","og_title":"Washington designa al C\u00e1rtel de los Soles como grupo terrorista - El Diario - Bolivia","og_description":"La decisi\u00f3n por parte de Washington de designar al C\u00e1rtel de los Soles, como organizaci\u00f3n terrorista extranjera (OTE) entr\u00f3 en vigor ayer, lo que abre la puerta a nuevas formas de presi\u00f3n de Estados Unidos sobre el dictador de Venezuela, Nicol\u00e1s Maduro. La lista de OTE, que incluye grupos islamistas, separatistas, guerrillas y, m\u00e1s recientemente, [&hellip;]","og_url":"https:\/\/www.eldiario.net\/portal\/2025\/11\/25\/washington-designa-al-cartel-de-los-soles-como-grupo-terrorista\/","og_site_name":"El Diario - Bolivia","article_publisher":"https:\/\/www.facebook.com\/eldiario.bolivia\/","article_published_time":"2025-11-25T10:50:27+00:00","og_image":[{"width":768,"height":420,"url":"https:\/\/www.eldiario.net\/portal\/wp-content\/uploads\/2025\/11\/VENEZUELA-FOTO-1.webp","type":"image\/webp"}],"author":"Jeanette","twitter_card":"summary_large_image","twitter_creator":"@eldiario_net","twitter_site":"@eldiario_net","twitter_misc":{"Escrito por":"Jeanette","Tiempo de lectura":"2 minutos"},"schema":{"@context":"https:\/\/schema.org","@graph":[{"@type":"Article","@id":"https:\/\/www.eldiario.net\/portal\/2025\/11\/25\/washington-designa-al-cartel-de-los-soles-como-grupo-terrorista\/#article","isPartOf":{"@id":"https:\/\/www.eldiario.net\/portal\/2025\/11\/25\/washington-designa-al-cartel-de-los-soles-como-grupo-terrorista\/"},"author":{"name":"Jeanette","@id":"https:\/\/www.eldiario.net\/portal\/#\/schema\/person\/f46445640444750d7d753ccd04ae01b7"},"headline":"Washington designa al C\u00e1rtel de los Soles como grupo terrorista","datePublished":"2025-11-25T10:50:27+00:00","mainEntityOfPage":{"@id":"https:\/\/www.eldiario.net\/portal\/2025\/11\/25\/washington-designa-al-cartel-de-los-soles-como-grupo-terrorista\/"},"wordCount":368,"publisher":{"@id":"https:\/\/www.eldiario.net\/portal\/#organization"},"image":{"@id":"https:\/\/www.eldiario.net\/portal\/2025\/11\/25\/washington-designa-al-cartel-de-los-soles-como-grupo-terrorista\/#primaryimage"},"thumbnailUrl":"https:\/\/www.eldiario.net\/portal\/wp-content\/uploads\/2025\/11\/VENEZUELA-FOTO-1.webp","articleSection":["Internacional"],"inLanguage":"es"},{"@type":"WebPage","@id":"https:\/\/www.eldiario.net\/portal\/2025\/11\/25\/washington-designa-al-cartel-de-los-soles-como-grupo-terrorista\/","url":"https:\/\/www.eldiario.net\/portal\/2025\/11\/25\/washington-designa-al-cartel-de-los-soles-como-grupo-terrorista\/","name":"Washington designa al C\u00e1rtel de los Soles como grupo terrorista - El Diario - Bolivia","isPartOf":{"@id":"https:\/\/www.eldiario.net\/portal\/#website"},"primaryImageOfPage":{"@id":"https:\/\/www.eldiario.net\/portal\/2025\/11\/25\/washington-designa-al-cartel-de-los-soles-como-grupo-terrorista\/#primaryimage"},"image":{"@id":"https:\/\/www.eldiario.net\/portal\/2025\/11\/25\/washington-designa-al-cartel-de-los-soles-como-grupo-terrorista\/#primaryimage"},"thumbnailUrl":"https:\/\/www.eldiario.net\/portal\/wp-content\/uploads\/2025\/11\/VENEZUELA-FOTO-1.webp","datePublished":"2025-11-25T10:50:27+00:00","breadcrumb":{"@id":"https:\/\/www.eldiario.net\/portal\/2025\/11\/25\/washington-designa-al-cartel-de-los-soles-como-grupo-terrorista\/#breadcrumb"},"inLanguage":"es","potentialAction":[{"@type":"ReadAction","target":["https:\/\/www.eldiario.net\/portal\/2025\/11\/25\/washington-designa-al-cartel-de-los-soles-como-grupo-terrorista\/"]}]},{"@type":"ImageObject","inLanguage":"es","@id":"https:\/\/www.eldiario.net\/portal\/2025\/11\/25\/washington-designa-al-cartel-de-los-soles-como-grupo-terrorista\/#primaryimage","url":"https:\/\/www.eldiario.net\/portal\/wp-content\/uploads\/2025\/11\/VENEZUELA-FOTO-1.webp","contentUrl":"https:\/\/www.eldiario.net\/portal\/wp-content\/uploads\/2025\/11\/VENEZUELA-FOTO-1.webp","width":768,"height":420,"caption":"El r\u00e9gimen de Nicol\u00e1s Maduro exhibe documentos de una nueva ley de Defensa. CREDITO: Reuters"},{"@type":"BreadcrumbList","@id":"https:\/\/www.eldiario.net\/portal\/2025\/11\/25\/washington-designa-al-cartel-de-los-soles-como-grupo-terrorista\/#breadcrumb","itemListElement":[{"@type":"ListItem","position":1,"name":"Portada","item":"https:\/\/www.eldiario.net\/portal\/"},{"@type":"ListItem","position":2,"name":"Washington designa al C\u00e1rtel de los Soles como grupo terrorista"}]},{"@type":"WebSite","@id":"https:\/\/www.eldiario.net\/portal\/#website","url":"https:\/\/www.eldiario.net\/portal\/","name":"El Diario - Decano de la prensa nacional","description":"El Diario - Decano de la prensa nacional","publisher":{"@id":"https:\/\/www.eldiario.net\/portal\/#organization"},"potentialAction":[{"@type":"SearchAction","target":{"@type":"EntryPoint","urlTemplate":"https:\/\/www.eldiario.net\/portal\/?s={search_term_string}"},"query-input":{"@type":"PropertyValueSpecification","valueRequired":true,"valueName":"search_term_string"}}],"inLanguage":"es"},{"@type":"Organization","@id":"https:\/\/www.eldiario.net\/portal\/#organization","name":"El Diario - Decano de la prensa nacional","url":"https:\/\/www.eldiario.net\/portal\/","logo":{"@type":"ImageObject","inLanguage":"es","@id":"https:\/\/www.eldiario.net\/portal\/#\/schema\/logo\/image\/","url":"https:\/\/www.eldiario.net\/portal\/wp-content\/uploads\/2023\/07\/logo_ED.jpg","contentUrl":"https:\/\/www.eldiario.net\/portal\/wp-content\/uploads\/2023\/07\/logo_ED.jpg","width":272,"height":52,"caption":"El Diario - Decano de la prensa nacional"},"image":{"@id":"https:\/\/www.eldiario.net\/portal\/#\/schema\/logo\/image\/"},"sameAs":["https:\/\/www.facebook.com\/eldiario.bolivia\/","https:\/\/x.com\/eldiario_net"]},{"@type":"Person","@id":"https:\/\/www.eldiario.net\/portal\/#\/schema\/person\/f46445640444750d7d753ccd04ae01b7","name":"Jeanette","image":{"@type":"ImageObject","inLanguage":"es","@id":"https:\/\/secure.gravatar.com\/avatar\/3ea2118a5f7dad2b7138b1187a6b7ee55f160b9968b66013c3a3ef39dd7e5798?s=96&d=mm&r=g","url":"https:\/\/secure.gravatar.com\/avatar\/3ea2118a5f7dad2b7138b1187a6b7ee55f160b9968b66013c3a3ef39dd7e5798?s=96&d=mm&r=g","contentUrl":"https:\/\/secure.gravatar.com\/avatar\/3ea2118a5f7dad2b7138b1187a6b7ee55f160b9968b66013c3a3ef39dd7e5798?s=96&d=mm&r=g","caption":"Jeanette"},"sameAs":["https:\/\/www.eldiario.net\/portal"],"url":"https:\/\/www.eldiario.net\/portal\/author\/jeanette\/"}]}},"_links":{"self":[{"href":"https:\/\/www.eldiario.net\/portal\/wp-json\/wp\/v2\/posts\/347825","targetHints":{"allow":["GET"]}}],"collection":[{"href":"https:\/\/www.eldiario.net\/portal\/wp-json\/wp\/v2\/posts"}],"about":[{"href":"https:\/\/www.eldiario.net\/portal\/wp-json\/wp\/v2\/types\/post"}],"author":[{"embeddable":true,"href":"https:\/\/www.eldiario.net\/portal\/wp-json\/wp\/v2\/users\/1"}],"replies":[{"embeddable":true,"href":"https:\/\/www.eldiario.net\/portal\/wp-json\/wp\/v2\/comments?post=347825"}],"version-history":[{"count":1,"href":"https:\/\/www.eldiario.net\/portal\/wp-json\/wp\/v2\/posts\/347825\/revisions"}],"predecessor-version":[{"id":347827,"href":"https:\/\/www.eldiario.net\/portal\/wp-json\/wp\/v2\/posts\/347825\/revisions\/347827"}],"wp:featuredmedia":[{"embeddable":true,"href":"https:\/\/www.eldiario.net\/portal\/wp-json\/wp\/v2\/media\/347826"}],"wp:attachment":[{"href":"https:\/\/www.eldiario.net\/portal\/wp-json\/wp\/v2\/media?parent=347825"}],"wp:term":[{"taxonomy":"category","embeddable":true,"href":"https:\/\/www.eldiario.net\/portal\/wp-json\/wp\/v2\/categories?post=347825"},{"taxonomy":"post_tag","embeddable":true,"href":"https:\/\/www.eldiario.net\/portal\/wp-json\/wp\/v2\/tags?post=347825"}],"curies":[{"name":"wp","href":"https:\/\/api.w.org\/{rel}","templated":true}]}}