{"id":347822,"date":"2025-11-25T06:45:13","date_gmt":"2025-11-25T10:45:13","guid":{"rendered":"https:\/\/www.eldiario.net\/portal\/?p=347822"},"modified":"2025-11-25T06:45:13","modified_gmt":"2025-11-25T10:45:13","slug":"bolivia-acoge-primer-foro-iberoamericano-sobre-inclusion-educativa-de-la-red-riinee","status":"publish","type":"post","link":"https:\/\/www.eldiario.net\/portal\/2025\/11\/25\/bolivia-acoge-primer-foro-iberoamericano-sobre-inclusion-educativa-de-la-red-riinee\/","title":{"rendered":"Bolivia acoge Primer Foro Iberoamericano  sobre Inclusi\u00f3n Educativa de la Red Riinee"},"content":{"rendered":"<p>La Unesco, el Ministerio de Educaci\u00f3n Formaci\u00f3n Profesional y Deportes de Espa\u00f1a y la Aecid realizan, en Santa Cruz de la Sierra, el Primer Foro Iberoamericano sobre Inclusi\u00f3n Educativa de la Red Intergubernamental Iberoamericana de Cooperaci\u00f3n para la Educaci\u00f3n de Personas con Necesidades Educativas Especiales (Riinee), un encuentro internacional que busca impulsar sistemas educativos m\u00e1s inclusivos y accesibles en Am\u00e9rica Latina.<\/p>\n<p>Datos de la Unesco, compartidos en una nota, dan cuenta que en la regi\u00f3n, la discapacidad infantil y adolescente alcanza un 16,8 % en el grupo de seis a 11 a\u00f1os y con mayor prevalencia en zonas rurales, seg\u00fan datos del SIRIED (Sistema Regional de Informaci\u00f3n Educativa de los Estudiantes con Discapacidad). \u201cEstas cifras evidencian profundas brechas territoriales y la urgente necesidad de reforzar las pol\u00edticas de inclusi\u00f3n educativa en la regi\u00f3n\u201d, se lee.<\/p>\n<p>En el encuentro, se busca fomentar el di\u00e1logo sobre el derecho a la educaci\u00f3n inclusiva, reconocer la labor de los docentes y profesionales que promueven la inclusi\u00f3n, compartir pr\u00e1cticas educativas innovadoras, identificar retos y recomendaciones frente a la transformaci\u00f3n digital y los nuevos desaf\u00edos sociales, y dar voz a las personas con discapacidad y sus familias. El objetivo fundamental es avanzar hacia sistemas educativos m\u00e1s equitativos, donde la diversidad sea reconocida como motor de crecimiento y aprendizaje.<\/p>\n<p>\u201cHoy tenemos la oportunidad de impulsar un cambio de paradigma en la pr\u00e1ctica educativa, avanzando hacia modelos m\u00e1s flexibles y sensibles a la diversidad de cada estudiante. Juntos, podemos seguir construyendo sociedades m\u00e1s justas, que respeten y valoren la diversidad y promuevan entornos libres de discriminaci\u00f3n en la educaci\u00f3n\u201d, se\u00f1al\u00f3 Esther Kuisch Laroche, directora de la Oficina Regional de la UNESCO en Santiago.<\/p>\n<p>La actividad inici\u00f3 el 24 y hoy, 25 de noviembre, con la participaci\u00f3n de profesionales de la educaci\u00f3n, especialistas en inclusi\u00f3n, autoridades, estudiantes y comunidades educativas de Am\u00e9rica Latina y el Caribe donde intercambiaron experiencias y pr\u00e1cticas innovadoras que contribuyan a construir sistemas educativos inclusivos, capaces de acoger a todos los estudiantes y asegurar trayectorias de aprendizaje exitosas.<\/p>\n<p>Durante la primera jornada, la especialista Silvana Corso, finalista del Global Teacher Prize 2017, comparti\u00f3 su ponencia para superar el discurso tradicional de la inclusi\u00f3n educativa. Tambi\u00e9n, se desarroll\u00f3 un panel de discusi\u00f3n y un taller pr\u00e1ctico enfocado en estrategias concretas para construir escuelas verdaderamente inclusivas.<\/p>\n<p>En tanto, para esta jornada, se abordar\u00e1 m\u00e1s la innovaci\u00f3n tecnol\u00f3gica y el papel de la inteligencia artificial en los procesos de aprendizaje. Se tiene prevista la participaci\u00f3n de Sergio G. Cabezas, consultor y profesor universitario especializado en UX, accesibilidad y narrativas transmedia. Dirigi\u00f3 y coordin\u00f3 programas en instituciones de educaci\u00f3n superior en Espa\u00f1a, donde combina ense\u00f1anza e investigaci\u00f3n aplicada en experiencia de usuario, dise\u00f1o inclusivo y cultura digital, quien abordar\u00e1 c\u00f3mo la IA puede potenciar o limitar una educaci\u00f3n equitativa.<\/p>\n<p>20 A\u00d1OS DE COOPERACI\u00d3N<\/p>\n<p>La Riinee celebra este a\u00f1o dos d\u00e9cadas de cooperaci\u00f3n iberoamericana a favor de la educaci\u00f3n inclusiva, contribuyendo a garantizar m\u00e1s y mejores oportunidades de aprendizaje para estudiantes con discapacidad.<\/p>\n<p>La realizaci\u00f3n de este foro en Bolivia subraya la convicci\u00f3n compartida de la Unesco y la Riinee: la educaci\u00f3n inclusiva no es solo un derecho humano, sino un acelerador del desarrollo social y econ\u00f3mico. Eventos como este fortalecen las alianzas estrat\u00e9gicas, impulsan el intercambio de conocimiento y reafirman que al construir escuelas que acojan la diversidad, se transforman sociedades enteras sin dejar a nadie atr\u00e1s.<\/p>\n","protected":false},"excerpt":{"rendered":"<p>La Unesco, el Ministerio de Educaci\u00f3n Formaci\u00f3n Profesional y Deportes de Espa\u00f1a y la Aecid realizan, en Santa Cruz de la Sierra, el Primer Foro Iberoamericano sobre Inclusi\u00f3n Educativa de la Red Intergubernamental Iberoamericana de Cooperaci\u00f3n para la Educaci\u00f3n de Personas con Necesidades Educativas Especiales (Riinee), un encuentro internacional que busca impulsar sistemas educativos m\u00e1s [&hellip;]<\/p>\n","protected":false},"author":1,"featured_media":347823,"comment_status":"closed","ping_status":"open","sticky":false,"template":"","format":"standard","meta":{"_acf_changed":false,"footnotes":""},"categories":[12],"tags":[],"class_list":["post-347822","post","type-post","status-publish","format-standard","has-post-thumbnail","category-nacional"],"acf":{"antetitulo":""},"yoast_head":"<!-- This site is optimized with the Yoast SEO plugin v28.3 - https:\/\/yoast.com\/product\/yoast-seo-wordpress\/ -->\n<title>Bolivia acoge Primer Foro Iberoamericano sobre Inclusi\u00f3n Educativa de la Red Riinee - El Diario - Bolivia<\/title>\n<meta name=\"robots\" content=\"index, follow, max-snippet:-1, max-image-preview:large, max-video-preview:-1\" \/>\n<link rel=\"canonical\" href=\"https:\/\/www.eldiario.net\/portal\/2025\/11\/25\/bolivia-acoge-primer-foro-iberoamericano-sobre-inclusion-educativa-de-la-red-riinee\/\" \/>\n<meta property=\"og:locale\" content=\"es_ES\" \/>\n<meta property=\"og:type\" content=\"article\" \/>\n<meta property=\"og:title\" content=\"Bolivia acoge Primer Foro Iberoamericano sobre Inclusi\u00f3n Educativa de la Red Riinee - El Diario - Bolivia\" \/>\n<meta property=\"og:description\" content=\"La Unesco, el Ministerio de Educaci\u00f3n Formaci\u00f3n Profesional y Deportes de Espa\u00f1a y la Aecid realizan, en Santa Cruz de la Sierra, el Primer Foro Iberoamericano sobre Inclusi\u00f3n Educativa de la Red Intergubernamental Iberoamericana de Cooperaci\u00f3n para la Educaci\u00f3n de Personas con Necesidades Educativas Especiales (Riinee), un encuentro internacional que busca impulsar sistemas educativos m\u00e1s [&hellip;]\" \/>\n<meta property=\"og:url\" content=\"https:\/\/www.eldiario.net\/portal\/2025\/11\/25\/bolivia-acoge-primer-foro-iberoamericano-sobre-inclusion-educativa-de-la-red-riinee\/\" \/>\n<meta property=\"og:site_name\" content=\"El Diario - Bolivia\" \/>\n<meta property=\"article:publisher\" content=\"https:\/\/www.facebook.com\/eldiario.bolivia\/\" \/>\n<meta property=\"article:published_time\" content=\"2025-11-25T10:45:13+00:00\" \/>\n<meta property=\"og:image\" content=\"https:\/\/www.eldiario.net\/portal\/wp-content\/uploads\/2025\/11\/FORO-FOTO.webp\" \/>\n\t<meta property=\"og:image:width\" content=\"320\" \/>\n\t<meta property=\"og:image:height\" content=\"290\" \/>\n\t<meta property=\"og:image:type\" content=\"image\/webp\" \/>\n<meta name=\"author\" content=\"Jeanette\" \/>\n<meta name=\"twitter:card\" content=\"summary_large_image\" \/>\n<meta name=\"twitter:creator\" content=\"@eldiario_net\" \/>\n<meta name=\"twitter:site\" content=\"@eldiario_net\" \/>\n<meta name=\"twitter:label1\" content=\"Escrito por\" \/>\n\t<meta name=\"twitter:data1\" content=\"Jeanette\" \/>\n\t<meta name=\"twitter:label2\" content=\"Tiempo de lectura\" \/>\n\t<meta name=\"twitter:data2\" content=\"3 minutos\" \/>\n<script type=\"application\/ld+json\" class=\"yoast-schema-graph\">{\"@context\":\"https:\\\/\\\/schema.org\",\"@graph\":[{\"@type\":\"Article\",\"@id\":\"https:\\\/\\\/www.eldiario.net\\\/portal\\\/2025\\\/11\\\/25\\\/bolivia-acoge-primer-foro-iberoamericano-sobre-inclusion-educativa-de-la-red-riinee\\\/#article\",\"isPartOf\":{\"@id\":\"https:\\\/\\\/www.eldiario.net\\\/portal\\\/2025\\\/11\\\/25\\\/bolivia-acoge-primer-foro-iberoamericano-sobre-inclusion-educativa-de-la-red-riinee\\\/\"},\"author\":{\"name\":\"Jeanette\",\"@id\":\"https:\\\/\\\/www.eldiario.net\\\/portal\\\/#\\\/schema\\\/person\\\/f46445640444750d7d753ccd04ae01b7\"},\"headline\":\"Bolivia acoge Primer Foro Iberoamericano sobre Inclusi\u00f3n Educativa de la Red Riinee\",\"datePublished\":\"2025-11-25T10:45:13+00:00\",\"mainEntityOfPage\":{\"@id\":\"https:\\\/\\\/www.eldiario.net\\\/portal\\\/2025\\\/11\\\/25\\\/bolivia-acoge-primer-foro-iberoamericano-sobre-inclusion-educativa-de-la-red-riinee\\\/\"},\"wordCount\":625,\"publisher\":{\"@id\":\"https:\\\/\\\/www.eldiario.net\\\/portal\\\/#organization\"},\"image\":{\"@id\":\"https:\\\/\\\/www.eldiario.net\\\/portal\\\/2025\\\/11\\\/25\\\/bolivia-acoge-primer-foro-iberoamericano-sobre-inclusion-educativa-de-la-red-riinee\\\/#primaryimage\"},\"thumbnailUrl\":\"https:\\\/\\\/www.eldiario.net\\\/portal\\\/wp-content\\\/uploads\\\/2025\\\/11\\\/FORO-FOTO.webp\",\"articleSection\":[\"Nacional\"],\"inLanguage\":\"es\"},{\"@type\":\"WebPage\",\"@id\":\"https:\\\/\\\/www.eldiario.net\\\/portal\\\/2025\\\/11\\\/25\\\/bolivia-acoge-primer-foro-iberoamericano-sobre-inclusion-educativa-de-la-red-riinee\\\/\",\"url\":\"https:\\\/\\\/www.eldiario.net\\\/portal\\\/2025\\\/11\\\/25\\\/bolivia-acoge-primer-foro-iberoamericano-sobre-inclusion-educativa-de-la-red-riinee\\\/\",\"name\":\"Bolivia acoge Primer Foro Iberoamericano sobre Inclusi\u00f3n Educativa de la Red Riinee - El Diario - Bolivia\",\"isPartOf\":{\"@id\":\"https:\\\/\\\/www.eldiario.net\\\/portal\\\/#website\"},\"primaryImageOfPage\":{\"@id\":\"https:\\\/\\\/www.eldiario.net\\\/portal\\\/2025\\\/11\\\/25\\\/bolivia-acoge-primer-foro-iberoamericano-sobre-inclusion-educativa-de-la-red-riinee\\\/#primaryimage\"},\"image\":{\"@id\":\"https:\\\/\\\/www.eldiario.net\\\/portal\\\/2025\\\/11\\\/25\\\/bolivia-acoge-primer-foro-iberoamericano-sobre-inclusion-educativa-de-la-red-riinee\\\/#primaryimage\"},\"thumbnailUrl\":\"https:\\\/\\\/www.eldiario.net\\\/portal\\\/wp-content\\\/uploads\\\/2025\\\/11\\\/FORO-FOTO.webp\",\"datePublished\":\"2025-11-25T10:45:13+00:00\",\"breadcrumb\":{\"@id\":\"https:\\\/\\\/www.eldiario.net\\\/portal\\\/2025\\\/11\\\/25\\\/bolivia-acoge-primer-foro-iberoamericano-sobre-inclusion-educativa-de-la-red-riinee\\\/#breadcrumb\"},\"inLanguage\":\"es\",\"potentialAction\":[{\"@type\":\"ReadAction\",\"target\":[\"https:\\\/\\\/www.eldiario.net\\\/portal\\\/2025\\\/11\\\/25\\\/bolivia-acoge-primer-foro-iberoamericano-sobre-inclusion-educativa-de-la-red-riinee\\\/\"]}]},{\"@type\":\"ImageObject\",\"inLanguage\":\"es\",\"@id\":\"https:\\\/\\\/www.eldiario.net\\\/portal\\\/2025\\\/11\\\/25\\\/bolivia-acoge-primer-foro-iberoamericano-sobre-inclusion-educativa-de-la-red-riinee\\\/#primaryimage\",\"url\":\"https:\\\/\\\/www.eldiario.net\\\/portal\\\/wp-content\\\/uploads\\\/2025\\\/11\\\/FORO-FOTO.webp\",\"contentUrl\":\"https:\\\/\\\/www.eldiario.net\\\/portal\\\/wp-content\\\/uploads\\\/2025\\\/11\\\/FORO-FOTO.webp\",\"width\":320,\"height\":290},{\"@type\":\"BreadcrumbList\",\"@id\":\"https:\\\/\\\/www.eldiario.net\\\/portal\\\/2025\\\/11\\\/25\\\/bolivia-acoge-primer-foro-iberoamericano-sobre-inclusion-educativa-de-la-red-riinee\\\/#breadcrumb\",\"itemListElement\":[{\"@type\":\"ListItem\",\"position\":1,\"name\":\"Portada\",\"item\":\"https:\\\/\\\/www.eldiario.net\\\/portal\\\/\"},{\"@type\":\"ListItem\",\"position\":2,\"name\":\"Bolivia acoge Primer Foro Iberoamericano sobre Inclusi\u00f3n Educativa de la Red Riinee\"}]},{\"@type\":\"WebSite\",\"@id\":\"https:\\\/\\\/www.eldiario.net\\\/portal\\\/#website\",\"url\":\"https:\\\/\\\/www.eldiario.net\\\/portal\\\/\",\"name\":\"El Diario - Decano de la prensa nacional\",\"description\":\"El Diario - Decano de la prensa nacional\",\"publisher\":{\"@id\":\"https:\\\/\\\/www.eldiario.net\\\/portal\\\/#organization\"},\"potentialAction\":[{\"@type\":\"SearchAction\",\"target\":{\"@type\":\"EntryPoint\",\"urlTemplate\":\"https:\\\/\\\/www.eldiario.net\\\/portal\\\/?s={search_term_string}\"},\"query-input\":{\"@type\":\"PropertyValueSpecification\",\"valueRequired\":true,\"valueName\":\"search_term_string\"}}],\"inLanguage\":\"es\"},{\"@type\":\"Organization\",\"@id\":\"https:\\\/\\\/www.eldiario.net\\\/portal\\\/#organization\",\"name\":\"El Diario - Decano de la prensa nacional\",\"url\":\"https:\\\/\\\/www.eldiario.net\\\/portal\\\/\",\"logo\":{\"@type\":\"ImageObject\",\"inLanguage\":\"es\",\"@id\":\"https:\\\/\\\/www.eldiario.net\\\/portal\\\/#\\\/schema\\\/logo\\\/image\\\/\",\"url\":\"https:\\\/\\\/www.eldiario.net\\\/portal\\\/wp-content\\\/uploads\\\/2023\\\/07\\\/logo_ED.jpg\",\"contentUrl\":\"https:\\\/\\\/www.eldiario.net\\\/portal\\\/wp-content\\\/uploads\\\/2023\\\/07\\\/logo_ED.jpg\",\"width\":272,\"height\":52,\"caption\":\"El Diario - Decano de la prensa nacional\"},\"image\":{\"@id\":\"https:\\\/\\\/www.eldiario.net\\\/portal\\\/#\\\/schema\\\/logo\\\/image\\\/\"},\"sameAs\":[\"https:\\\/\\\/www.facebook.com\\\/eldiario.bolivia\\\/\",\"https:\\\/\\\/x.com\\\/eldiario_net\"]},{\"@type\":\"Person\",\"@id\":\"https:\\\/\\\/www.eldiario.net\\\/portal\\\/#\\\/schema\\\/person\\\/f46445640444750d7d753ccd04ae01b7\",\"name\":\"Jeanette\",\"image\":{\"@type\":\"ImageObject\",\"inLanguage\":\"es\",\"@id\":\"https:\\\/\\\/secure.gravatar.com\\\/avatar\\\/3ea2118a5f7dad2b7138b1187a6b7ee55f160b9968b66013c3a3ef39dd7e5798?s=96&d=mm&r=g\",\"url\":\"https:\\\/\\\/secure.gravatar.com\\\/avatar\\\/3ea2118a5f7dad2b7138b1187a6b7ee55f160b9968b66013c3a3ef39dd7e5798?s=96&d=mm&r=g\",\"contentUrl\":\"https:\\\/\\\/secure.gravatar.com\\\/avatar\\\/3ea2118a5f7dad2b7138b1187a6b7ee55f160b9968b66013c3a3ef39dd7e5798?s=96&d=mm&r=g\",\"caption\":\"Jeanette\"},\"sameAs\":[\"https:\\\/\\\/www.eldiario.net\\\/portal\"],\"url\":\"https:\\\/\\\/www.eldiario.net\\\/portal\\\/author\\\/jeanette\\\/\"}]}<\/script>\n<!-- \/ Yoast SEO plugin. -->","yoast_head_json":{"title":"Bolivia acoge Primer Foro Iberoamericano sobre Inclusi\u00f3n Educativa de la Red Riinee - El Diario - Bolivia","robots":{"index":"index","follow":"follow","max-snippet":"max-snippet:-1","max-image-preview":"max-image-preview:large","max-video-preview":"max-video-preview:-1"},"canonical":"https:\/\/www.eldiario.net\/portal\/2025\/11\/25\/bolivia-acoge-primer-foro-iberoamericano-sobre-inclusion-educativa-de-la-red-riinee\/","og_locale":"es_ES","og_type":"article","og_title":"Bolivia acoge Primer Foro Iberoamericano sobre Inclusi\u00f3n Educativa de la Red Riinee - El Diario - Bolivia","og_description":"La Unesco, el Ministerio de Educaci\u00f3n Formaci\u00f3n Profesional y Deportes de Espa\u00f1a y la Aecid realizan, en Santa Cruz de la Sierra, el Primer Foro Iberoamericano sobre Inclusi\u00f3n Educativa de la Red Intergubernamental Iberoamericana de Cooperaci\u00f3n para la Educaci\u00f3n de Personas con Necesidades Educativas Especiales (Riinee), un encuentro internacional que busca impulsar sistemas educativos m\u00e1s [&hellip;]","og_url":"https:\/\/www.eldiario.net\/portal\/2025\/11\/25\/bolivia-acoge-primer-foro-iberoamericano-sobre-inclusion-educativa-de-la-red-riinee\/","og_site_name":"El Diario - Bolivia","article_publisher":"https:\/\/www.facebook.com\/eldiario.bolivia\/","article_published_time":"2025-11-25T10:45:13+00:00","og_image":[{"width":320,"height":290,"url":"https:\/\/www.eldiario.net\/portal\/wp-content\/uploads\/2025\/11\/FORO-FOTO.webp","type":"image\/webp"}],"author":"Jeanette","twitter_card":"summary_large_image","twitter_creator":"@eldiario_net","twitter_site":"@eldiario_net","twitter_misc":{"Escrito por":"Jeanette","Tiempo de lectura":"3 minutos"},"schema":{"@context":"https:\/\/schema.org","@graph":[{"@type":"Article","@id":"https:\/\/www.eldiario.net\/portal\/2025\/11\/25\/bolivia-acoge-primer-foro-iberoamericano-sobre-inclusion-educativa-de-la-red-riinee\/#article","isPartOf":{"@id":"https:\/\/www.eldiario.net\/portal\/2025\/11\/25\/bolivia-acoge-primer-foro-iberoamericano-sobre-inclusion-educativa-de-la-red-riinee\/"},"author":{"name":"Jeanette","@id":"https:\/\/www.eldiario.net\/portal\/#\/schema\/person\/f46445640444750d7d753ccd04ae01b7"},"headline":"Bolivia acoge Primer Foro Iberoamericano sobre Inclusi\u00f3n Educativa de la Red Riinee","datePublished":"2025-11-25T10:45:13+00:00","mainEntityOfPage":{"@id":"https:\/\/www.eldiario.net\/portal\/2025\/11\/25\/bolivia-acoge-primer-foro-iberoamericano-sobre-inclusion-educativa-de-la-red-riinee\/"},"wordCount":625,"publisher":{"@id":"https:\/\/www.eldiario.net\/portal\/#organization"},"image":{"@id":"https:\/\/www.eldiario.net\/portal\/2025\/11\/25\/bolivia-acoge-primer-foro-iberoamericano-sobre-inclusion-educativa-de-la-red-riinee\/#primaryimage"},"thumbnailUrl":"https:\/\/www.eldiario.net\/portal\/wp-content\/uploads\/2025\/11\/FORO-FOTO.webp","articleSection":["Nacional"],"inLanguage":"es"},{"@type":"WebPage","@id":"https:\/\/www.eldiario.net\/portal\/2025\/11\/25\/bolivia-acoge-primer-foro-iberoamericano-sobre-inclusion-educativa-de-la-red-riinee\/","url":"https:\/\/www.eldiario.net\/portal\/2025\/11\/25\/bolivia-acoge-primer-foro-iberoamericano-sobre-inclusion-educativa-de-la-red-riinee\/","name":"Bolivia acoge Primer Foro Iberoamericano sobre Inclusi\u00f3n Educativa de la Red Riinee - El Diario - Bolivia","isPartOf":{"@id":"https:\/\/www.eldiario.net\/portal\/#website"},"primaryImageOfPage":{"@id":"https:\/\/www.eldiario.net\/portal\/2025\/11\/25\/bolivia-acoge-primer-foro-iberoamericano-sobre-inclusion-educativa-de-la-red-riinee\/#primaryimage"},"image":{"@id":"https:\/\/www.eldiario.net\/portal\/2025\/11\/25\/bolivia-acoge-primer-foro-iberoamericano-sobre-inclusion-educativa-de-la-red-riinee\/#primaryimage"},"thumbnailUrl":"https:\/\/www.eldiario.net\/portal\/wp-content\/uploads\/2025\/11\/FORO-FOTO.webp","datePublished":"2025-11-25T10:45:13+00:00","breadcrumb":{"@id":"https:\/\/www.eldiario.net\/portal\/2025\/11\/25\/bolivia-acoge-primer-foro-iberoamericano-sobre-inclusion-educativa-de-la-red-riinee\/#breadcrumb"},"inLanguage":"es","potentialAction":[{"@type":"ReadAction","target":["https:\/\/www.eldiario.net\/portal\/2025\/11\/25\/bolivia-acoge-primer-foro-iberoamericano-sobre-inclusion-educativa-de-la-red-riinee\/"]}]},{"@type":"ImageObject","inLanguage":"es","@id":"https:\/\/www.eldiario.net\/portal\/2025\/11\/25\/bolivia-acoge-primer-foro-iberoamericano-sobre-inclusion-educativa-de-la-red-riinee\/#primaryimage","url":"https:\/\/www.eldiario.net\/portal\/wp-content\/uploads\/2025\/11\/FORO-FOTO.webp","contentUrl":"https:\/\/www.eldiario.net\/portal\/wp-content\/uploads\/2025\/11\/FORO-FOTO.webp","width":320,"height":290},{"@type":"BreadcrumbList","@id":"https:\/\/www.eldiario.net\/portal\/2025\/11\/25\/bolivia-acoge-primer-foro-iberoamericano-sobre-inclusion-educativa-de-la-red-riinee\/#breadcrumb","itemListElement":[{"@type":"ListItem","position":1,"name":"Portada","item":"https:\/\/www.eldiario.net\/portal\/"},{"@type":"ListItem","position":2,"name":"Bolivia acoge Primer Foro Iberoamericano sobre Inclusi\u00f3n Educativa de la Red Riinee"}]},{"@type":"WebSite","@id":"https:\/\/www.eldiario.net\/portal\/#website","url":"https:\/\/www.eldiario.net\/portal\/","name":"El Diario - Decano de la prensa nacional","description":"El Diario - Decano de la prensa nacional","publisher":{"@id":"https:\/\/www.eldiario.net\/portal\/#organization"},"potentialAction":[{"@type":"SearchAction","target":{"@type":"EntryPoint","urlTemplate":"https:\/\/www.eldiario.net\/portal\/?s={search_term_string}"},"query-input":{"@type":"PropertyValueSpecification","valueRequired":true,"valueName":"search_term_string"}}],"inLanguage":"es"},{"@type":"Organization","@id":"https:\/\/www.eldiario.net\/portal\/#organization","name":"El Diario - Decano de la prensa nacional","url":"https:\/\/www.eldiario.net\/portal\/","logo":{"@type":"ImageObject","inLanguage":"es","@id":"https:\/\/www.eldiario.net\/portal\/#\/schema\/logo\/image\/","url":"https:\/\/www.eldiario.net\/portal\/wp-content\/uploads\/2023\/07\/logo_ED.jpg","contentUrl":"https:\/\/www.eldiario.net\/portal\/wp-content\/uploads\/2023\/07\/logo_ED.jpg","width":272,"height":52,"caption":"El Diario - Decano de la prensa nacional"},"image":{"@id":"https:\/\/www.eldiario.net\/portal\/#\/schema\/logo\/image\/"},"sameAs":["https:\/\/www.facebook.com\/eldiario.bolivia\/","https:\/\/x.com\/eldiario_net"]},{"@type":"Person","@id":"https:\/\/www.eldiario.net\/portal\/#\/schema\/person\/f46445640444750d7d753ccd04ae01b7","name":"Jeanette","image":{"@type":"ImageObject","inLanguage":"es","@id":"https:\/\/secure.gravatar.com\/avatar\/3ea2118a5f7dad2b7138b1187a6b7ee55f160b9968b66013c3a3ef39dd7e5798?s=96&d=mm&r=g","url":"https:\/\/secure.gravatar.com\/avatar\/3ea2118a5f7dad2b7138b1187a6b7ee55f160b9968b66013c3a3ef39dd7e5798?s=96&d=mm&r=g","contentUrl":"https:\/\/secure.gravatar.com\/avatar\/3ea2118a5f7dad2b7138b1187a6b7ee55f160b9968b66013c3a3ef39dd7e5798?s=96&d=mm&r=g","caption":"Jeanette"},"sameAs":["https:\/\/www.eldiario.net\/portal"],"url":"https:\/\/www.eldiario.net\/portal\/author\/jeanette\/"}]}},"_links":{"self":[{"href":"https:\/\/www.eldiario.net\/portal\/wp-json\/wp\/v2\/posts\/347822","targetHints":{"allow":["GET"]}}],"collection":[{"href":"https:\/\/www.eldiario.net\/portal\/wp-json\/wp\/v2\/posts"}],"about":[{"href":"https:\/\/www.eldiario.net\/portal\/wp-json\/wp\/v2\/types\/post"}],"author":[{"embeddable":true,"href":"https:\/\/www.eldiario.net\/portal\/wp-json\/wp\/v2\/users\/1"}],"replies":[{"embeddable":true,"href":"https:\/\/www.eldiario.net\/portal\/wp-json\/wp\/v2\/comments?post=347822"}],"version-history":[{"count":1,"href":"https:\/\/www.eldiario.net\/portal\/wp-json\/wp\/v2\/posts\/347822\/revisions"}],"predecessor-version":[{"id":347824,"href":"https:\/\/www.eldiario.net\/portal\/wp-json\/wp\/v2\/posts\/347822\/revisions\/347824"}],"wp:featuredmedia":[{"embeddable":true,"href":"https:\/\/www.eldiario.net\/portal\/wp-json\/wp\/v2\/media\/347823"}],"wp:attachment":[{"href":"https:\/\/www.eldiario.net\/portal\/wp-json\/wp\/v2\/media?parent=347822"}],"wp:term":[{"taxonomy":"category","embeddable":true,"href":"https:\/\/www.eldiario.net\/portal\/wp-json\/wp\/v2\/categories?post=347822"},{"taxonomy":"post_tag","embeddable":true,"href":"https:\/\/www.eldiario.net\/portal\/wp-json\/wp\/v2\/tags?post=347822"}],"curies":[{"name":"wp","href":"https:\/\/api.w.org\/{rel}","templated":true}]}}