{"id":347819,"date":"2025-11-25T06:44:50","date_gmt":"2025-11-25T10:44:50","guid":{"rendered":"https:\/\/www.eldiario.net\/portal\/?p=347819"},"modified":"2025-11-25T06:44:50","modified_gmt":"2025-11-25T10:44:50","slug":"cierran-ingreso-a-avenida-mario-mercado-por-obras","status":"publish","type":"post","link":"https:\/\/www.eldiario.net\/portal\/2025\/11\/25\/cierran-ingreso-a-avenida-mario-mercado-por-obras\/","title":{"rendered":"Cierran ingreso a avenida  Mario Mercado por obras"},"content":{"rendered":"<p>El acceso al Puente de los Derechos Humanos que permite una conexi\u00f3n hacia la avenida Mario Mercado en Llojeta, desde la avenida Kantutani, permanece cerrado debido al inicio de la construcci\u00f3n del distribuidor de la nueva avenida La Paz. Se prev\u00e9 que los trabajos tomen unos 20 d\u00edas.<\/p>\n<p>\u201cEse distribuidor va a conectar directamente la Ormachea con la Cero de Obrajes y Kantutani Los trabajos iniciar\u00e1n hoy (por ayer) desde las nueve de la ma\u00f1ana, estamos cerrando el acceso y va a estar cerrado hasta mediados o finales de diciembre\u201d, inform\u00f3 el secretario Municipal de Infraestructura P\u00fablica de la Alcald\u00eda de La Paz, Guilherme Tortato.<\/p>\n<p>Ante esa situaci\u00f3n, la autoridad edil explic\u00f3 que las personas que deseen acceder a la avenida Mario Mercado tendr\u00e1n dos opciones: tomar la avenida Los Sargentos, que estar\u00e1 habilitada desde hoy tanto en carril de bajada como de subida, o utilizar directamente la avenida Libertad, que fue inaugurada el pasado viernes.<\/p>\n<p>Tortato puntualiz\u00f3 que el corte de v\u00eda es \u201cindispensable\u201d para avanzar en los trabajos de construcci\u00f3n del distribuidor.<\/p>\n<p>ALTERNATIVA<\/p>\n<p>Desde las 7:00 horas de ayer, el tramo de la avenida Los Sargentos que estaba cerrado fue habilitado al tr\u00e1nsito vehicular, debido a que las obras de reparaci\u00f3n del embovedado del r\u00edo Pasajahuira, en ese sector, fueron concluidos.<\/p>\n<p>\u201cA partir de las siete de la ma\u00f1ana ya hemos habilitado la avenida Los Sargentos en un carril, pero este carril va a ser en doble sentido, vale decir que es solamente un trayecto de unos 60, 80 metros, donde estamos habilitando el doble sentido porque ya se tienen casi concluidos los trabajos que se estaban haciendo de reparaci\u00f3n del embovedado\u201d, indic\u00f3 el secretario Municipal de Movilidad y Seguridad Ciudadana, Erik Millares.<\/p>\n<p>Recordaron que esa v\u00eda, lleva cerrada alrededor de un a\u00f1o, y se invirti\u00f3 m\u00e1s de 12 millones de bolivianos para la reconstrucci\u00f3n de la b\u00f3veda que fue da\u00f1ada \u201cpor toda la tierra que se desprendi\u00f3 por los cortes realizados por el Cementerio Los Andes\u201d, entonces Tortato recalc\u00f3 que solo se utilizar\u00e1 el carril de subida, pero en ambos sentidos, adem\u00e1s habr\u00e1 control constante de la Guardia Municipal para evitar conflictos vehiculares.<\/p>\n<p>\u201cEn 20 d\u00edas se concluyen los trabajos de la b\u00f3veda y empezamos a reconstruir el carril de bajada de la avenida los Sargentos para devolver la normalidad al sector\u201d, acot\u00f3 el secretario de Infraestructura.<\/p>\n","protected":false},"excerpt":{"rendered":"<p>El acceso al Puente de los Derechos Humanos que permite una conexi\u00f3n hacia la avenida Mario Mercado en Llojeta, desde la avenida Kantutani, permanece cerrado debido al inicio de la construcci\u00f3n del distribuidor de la nueva avenida La Paz. Se prev\u00e9 que los trabajos tomen unos 20 d\u00edas. \u201cEse distribuidor va a conectar directamente la [&hellip;]<\/p>\n","protected":false},"author":1,"featured_media":347820,"comment_status":"closed","ping_status":"open","sticky":false,"template":"","format":"standard","meta":{"_acf_changed":false,"footnotes":""},"categories":[12],"tags":[],"class_list":["post-347819","post","type-post","status-publish","format-standard","has-post-thumbnail","category-nacional"],"acf":{"antetitulo":"Hasta mediados de diciembre"},"yoast_head":"<!-- This site is optimized with the Yoast SEO plugin v28.3 - https:\/\/yoast.com\/product\/yoast-seo-wordpress\/ -->\n<title>Cierran ingreso a avenida Mario Mercado por obras - El Diario - Bolivia<\/title>\n<meta name=\"robots\" content=\"index, follow, max-snippet:-1, max-image-preview:large, max-video-preview:-1\" \/>\n<link rel=\"canonical\" href=\"https:\/\/www.eldiario.net\/portal\/2025\/11\/25\/cierran-ingreso-a-avenida-mario-mercado-por-obras\/\" \/>\n<meta property=\"og:locale\" content=\"es_ES\" \/>\n<meta property=\"og:type\" content=\"article\" \/>\n<meta property=\"og:title\" content=\"Cierran ingreso a avenida Mario Mercado por obras - El Diario - Bolivia\" \/>\n<meta property=\"og:description\" content=\"El acceso al Puente de los Derechos Humanos que permite una conexi\u00f3n hacia la avenida Mario Mercado en Llojeta, desde la avenida Kantutani, permanece cerrado debido al inicio de la construcci\u00f3n del distribuidor de la nueva avenida La Paz. Se prev\u00e9 que los trabajos tomen unos 20 d\u00edas. \u201cEse distribuidor va a conectar directamente la [&hellip;]\" \/>\n<meta property=\"og:url\" content=\"https:\/\/www.eldiario.net\/portal\/2025\/11\/25\/cierran-ingreso-a-avenida-mario-mercado-por-obras\/\" \/>\n<meta property=\"og:site_name\" content=\"El Diario - Bolivia\" \/>\n<meta property=\"article:publisher\" content=\"https:\/\/www.facebook.com\/eldiario.bolivia\/\" \/>\n<meta property=\"article:published_time\" content=\"2025-11-25T10:44:50+00:00\" \/>\n<meta property=\"og:image\" content=\"https:\/\/www.eldiario.net\/portal\/wp-content\/uploads\/2025\/11\/MARIO-FOTO.webp\" \/>\n\t<meta property=\"og:image:width\" content=\"348\" \/>\n\t<meta property=\"og:image:height\" content=\"274\" \/>\n\t<meta property=\"og:image:type\" content=\"image\/webp\" \/>\n<meta name=\"author\" content=\"Jeanette\" \/>\n<meta name=\"twitter:card\" content=\"summary_large_image\" \/>\n<meta name=\"twitter:creator\" content=\"@eldiario_net\" \/>\n<meta name=\"twitter:site\" content=\"@eldiario_net\" \/>\n<meta name=\"twitter:label1\" content=\"Escrito por\" \/>\n\t<meta name=\"twitter:data1\" content=\"Jeanette\" \/>\n\t<meta name=\"twitter:label2\" content=\"Tiempo de lectura\" \/>\n\t<meta name=\"twitter:data2\" content=\"2 minutos\" \/>\n<script type=\"application\/ld+json\" class=\"yoast-schema-graph\">{\"@context\":\"https:\\\/\\\/schema.org\",\"@graph\":[{\"@type\":\"Article\",\"@id\":\"https:\\\/\\\/www.eldiario.net\\\/portal\\\/2025\\\/11\\\/25\\\/cierran-ingreso-a-avenida-mario-mercado-por-obras\\\/#article\",\"isPartOf\":{\"@id\":\"https:\\\/\\\/www.eldiario.net\\\/portal\\\/2025\\\/11\\\/25\\\/cierran-ingreso-a-avenida-mario-mercado-por-obras\\\/\"},\"author\":{\"name\":\"Jeanette\",\"@id\":\"https:\\\/\\\/www.eldiario.net\\\/portal\\\/#\\\/schema\\\/person\\\/f46445640444750d7d753ccd04ae01b7\"},\"headline\":\"Cierran ingreso a avenida Mario Mercado por obras\",\"datePublished\":\"2025-11-25T10:44:50+00:00\",\"mainEntityOfPage\":{\"@id\":\"https:\\\/\\\/www.eldiario.net\\\/portal\\\/2025\\\/11\\\/25\\\/cierran-ingreso-a-avenida-mario-mercado-por-obras\\\/\"},\"wordCount\":417,\"publisher\":{\"@id\":\"https:\\\/\\\/www.eldiario.net\\\/portal\\\/#organization\"},\"image\":{\"@id\":\"https:\\\/\\\/www.eldiario.net\\\/portal\\\/2025\\\/11\\\/25\\\/cierran-ingreso-a-avenida-mario-mercado-por-obras\\\/#primaryimage\"},\"thumbnailUrl\":\"https:\\\/\\\/www.eldiario.net\\\/portal\\\/wp-content\\\/uploads\\\/2025\\\/11\\\/MARIO-FOTO.webp\",\"articleSection\":[\"Nacional\"],\"inLanguage\":\"es\"},{\"@type\":\"WebPage\",\"@id\":\"https:\\\/\\\/www.eldiario.net\\\/portal\\\/2025\\\/11\\\/25\\\/cierran-ingreso-a-avenida-mario-mercado-por-obras\\\/\",\"url\":\"https:\\\/\\\/www.eldiario.net\\\/portal\\\/2025\\\/11\\\/25\\\/cierran-ingreso-a-avenida-mario-mercado-por-obras\\\/\",\"name\":\"Cierran ingreso a avenida Mario Mercado por obras - El Diario - Bolivia\",\"isPartOf\":{\"@id\":\"https:\\\/\\\/www.eldiario.net\\\/portal\\\/#website\"},\"primaryImageOfPage\":{\"@id\":\"https:\\\/\\\/www.eldiario.net\\\/portal\\\/2025\\\/11\\\/25\\\/cierran-ingreso-a-avenida-mario-mercado-por-obras\\\/#primaryimage\"},\"image\":{\"@id\":\"https:\\\/\\\/www.eldiario.net\\\/portal\\\/2025\\\/11\\\/25\\\/cierran-ingreso-a-avenida-mario-mercado-por-obras\\\/#primaryimage\"},\"thumbnailUrl\":\"https:\\\/\\\/www.eldiario.net\\\/portal\\\/wp-content\\\/uploads\\\/2025\\\/11\\\/MARIO-FOTO.webp\",\"datePublished\":\"2025-11-25T10:44:50+00:00\",\"breadcrumb\":{\"@id\":\"https:\\\/\\\/www.eldiario.net\\\/portal\\\/2025\\\/11\\\/25\\\/cierran-ingreso-a-avenida-mario-mercado-por-obras\\\/#breadcrumb\"},\"inLanguage\":\"es\",\"potentialAction\":[{\"@type\":\"ReadAction\",\"target\":[\"https:\\\/\\\/www.eldiario.net\\\/portal\\\/2025\\\/11\\\/25\\\/cierran-ingreso-a-avenida-mario-mercado-por-obras\\\/\"]}]},{\"@type\":\"ImageObject\",\"inLanguage\":\"es\",\"@id\":\"https:\\\/\\\/www.eldiario.net\\\/portal\\\/2025\\\/11\\\/25\\\/cierran-ingreso-a-avenida-mario-mercado-por-obras\\\/#primaryimage\",\"url\":\"https:\\\/\\\/www.eldiario.net\\\/portal\\\/wp-content\\\/uploads\\\/2025\\\/11\\\/MARIO-FOTO.webp\",\"contentUrl\":\"https:\\\/\\\/www.eldiario.net\\\/portal\\\/wp-content\\\/uploads\\\/2025\\\/11\\\/MARIO-FOTO.webp\",\"width\":348,\"height\":274},{\"@type\":\"BreadcrumbList\",\"@id\":\"https:\\\/\\\/www.eldiario.net\\\/portal\\\/2025\\\/11\\\/25\\\/cierran-ingreso-a-avenida-mario-mercado-por-obras\\\/#breadcrumb\",\"itemListElement\":[{\"@type\":\"ListItem\",\"position\":1,\"name\":\"Portada\",\"item\":\"https:\\\/\\\/www.eldiario.net\\\/portal\\\/\"},{\"@type\":\"ListItem\",\"position\":2,\"name\":\"Cierran ingreso a avenida Mario Mercado por obras\"}]},{\"@type\":\"WebSite\",\"@id\":\"https:\\\/\\\/www.eldiario.net\\\/portal\\\/#website\",\"url\":\"https:\\\/\\\/www.eldiario.net\\\/portal\\\/\",\"name\":\"El Diario - Decano de la prensa nacional\",\"description\":\"El Diario - Decano de la prensa nacional\",\"publisher\":{\"@id\":\"https:\\\/\\\/www.eldiario.net\\\/portal\\\/#organization\"},\"potentialAction\":[{\"@type\":\"SearchAction\",\"target\":{\"@type\":\"EntryPoint\",\"urlTemplate\":\"https:\\\/\\\/www.eldiario.net\\\/portal\\\/?s={search_term_string}\"},\"query-input\":{\"@type\":\"PropertyValueSpecification\",\"valueRequired\":true,\"valueName\":\"search_term_string\"}}],\"inLanguage\":\"es\"},{\"@type\":\"Organization\",\"@id\":\"https:\\\/\\\/www.eldiario.net\\\/portal\\\/#organization\",\"name\":\"El Diario - Decano de la prensa nacional\",\"url\":\"https:\\\/\\\/www.eldiario.net\\\/portal\\\/\",\"logo\":{\"@type\":\"ImageObject\",\"inLanguage\":\"es\",\"@id\":\"https:\\\/\\\/www.eldiario.net\\\/portal\\\/#\\\/schema\\\/logo\\\/image\\\/\",\"url\":\"https:\\\/\\\/www.eldiario.net\\\/portal\\\/wp-content\\\/uploads\\\/2023\\\/07\\\/logo_ED.jpg\",\"contentUrl\":\"https:\\\/\\\/www.eldiario.net\\\/portal\\\/wp-content\\\/uploads\\\/2023\\\/07\\\/logo_ED.jpg\",\"width\":272,\"height\":52,\"caption\":\"El Diario - Decano de la prensa nacional\"},\"image\":{\"@id\":\"https:\\\/\\\/www.eldiario.net\\\/portal\\\/#\\\/schema\\\/logo\\\/image\\\/\"},\"sameAs\":[\"https:\\\/\\\/www.facebook.com\\\/eldiario.bolivia\\\/\",\"https:\\\/\\\/x.com\\\/eldiario_net\"]},{\"@type\":\"Person\",\"@id\":\"https:\\\/\\\/www.eldiario.net\\\/portal\\\/#\\\/schema\\\/person\\\/f46445640444750d7d753ccd04ae01b7\",\"name\":\"Jeanette\",\"image\":{\"@type\":\"ImageObject\",\"inLanguage\":\"es\",\"@id\":\"https:\\\/\\\/secure.gravatar.com\\\/avatar\\\/3ea2118a5f7dad2b7138b1187a6b7ee55f160b9968b66013c3a3ef39dd7e5798?s=96&d=mm&r=g\",\"url\":\"https:\\\/\\\/secure.gravatar.com\\\/avatar\\\/3ea2118a5f7dad2b7138b1187a6b7ee55f160b9968b66013c3a3ef39dd7e5798?s=96&d=mm&r=g\",\"contentUrl\":\"https:\\\/\\\/secure.gravatar.com\\\/avatar\\\/3ea2118a5f7dad2b7138b1187a6b7ee55f160b9968b66013c3a3ef39dd7e5798?s=96&d=mm&r=g\",\"caption\":\"Jeanette\"},\"sameAs\":[\"https:\\\/\\\/www.eldiario.net\\\/portal\"],\"url\":\"https:\\\/\\\/www.eldiario.net\\\/portal\\\/author\\\/jeanette\\\/\"}]}<\/script>\n<!-- \/ Yoast SEO plugin. -->","yoast_head_json":{"title":"Cierran ingreso a avenida Mario Mercado por obras - El Diario - Bolivia","robots":{"index":"index","follow":"follow","max-snippet":"max-snippet:-1","max-image-preview":"max-image-preview:large","max-video-preview":"max-video-preview:-1"},"canonical":"https:\/\/www.eldiario.net\/portal\/2025\/11\/25\/cierran-ingreso-a-avenida-mario-mercado-por-obras\/","og_locale":"es_ES","og_type":"article","og_title":"Cierran ingreso a avenida Mario Mercado por obras - El Diario - Bolivia","og_description":"El acceso al Puente de los Derechos Humanos que permite una conexi\u00f3n hacia la avenida Mario Mercado en Llojeta, desde la avenida Kantutani, permanece cerrado debido al inicio de la construcci\u00f3n del distribuidor de la nueva avenida La Paz. Se prev\u00e9 que los trabajos tomen unos 20 d\u00edas. \u201cEse distribuidor va a conectar directamente la [&hellip;]","og_url":"https:\/\/www.eldiario.net\/portal\/2025\/11\/25\/cierran-ingreso-a-avenida-mario-mercado-por-obras\/","og_site_name":"El Diario - Bolivia","article_publisher":"https:\/\/www.facebook.com\/eldiario.bolivia\/","article_published_time":"2025-11-25T10:44:50+00:00","og_image":[{"width":348,"height":274,"url":"https:\/\/www.eldiario.net\/portal\/wp-content\/uploads\/2025\/11\/MARIO-FOTO.webp","type":"image\/webp"}],"author":"Jeanette","twitter_card":"summary_large_image","twitter_creator":"@eldiario_net","twitter_site":"@eldiario_net","twitter_misc":{"Escrito por":"Jeanette","Tiempo de lectura":"2 minutos"},"schema":{"@context":"https:\/\/schema.org","@graph":[{"@type":"Article","@id":"https:\/\/www.eldiario.net\/portal\/2025\/11\/25\/cierran-ingreso-a-avenida-mario-mercado-por-obras\/#article","isPartOf":{"@id":"https:\/\/www.eldiario.net\/portal\/2025\/11\/25\/cierran-ingreso-a-avenida-mario-mercado-por-obras\/"},"author":{"name":"Jeanette","@id":"https:\/\/www.eldiario.net\/portal\/#\/schema\/person\/f46445640444750d7d753ccd04ae01b7"},"headline":"Cierran ingreso a avenida Mario Mercado por obras","datePublished":"2025-11-25T10:44:50+00:00","mainEntityOfPage":{"@id":"https:\/\/www.eldiario.net\/portal\/2025\/11\/25\/cierran-ingreso-a-avenida-mario-mercado-por-obras\/"},"wordCount":417,"publisher":{"@id":"https:\/\/www.eldiario.net\/portal\/#organization"},"image":{"@id":"https:\/\/www.eldiario.net\/portal\/2025\/11\/25\/cierran-ingreso-a-avenida-mario-mercado-por-obras\/#primaryimage"},"thumbnailUrl":"https:\/\/www.eldiario.net\/portal\/wp-content\/uploads\/2025\/11\/MARIO-FOTO.webp","articleSection":["Nacional"],"inLanguage":"es"},{"@type":"WebPage","@id":"https:\/\/www.eldiario.net\/portal\/2025\/11\/25\/cierran-ingreso-a-avenida-mario-mercado-por-obras\/","url":"https:\/\/www.eldiario.net\/portal\/2025\/11\/25\/cierran-ingreso-a-avenida-mario-mercado-por-obras\/","name":"Cierran ingreso a avenida Mario Mercado por obras - El Diario - Bolivia","isPartOf":{"@id":"https:\/\/www.eldiario.net\/portal\/#website"},"primaryImageOfPage":{"@id":"https:\/\/www.eldiario.net\/portal\/2025\/11\/25\/cierran-ingreso-a-avenida-mario-mercado-por-obras\/#primaryimage"},"image":{"@id":"https:\/\/www.eldiario.net\/portal\/2025\/11\/25\/cierran-ingreso-a-avenida-mario-mercado-por-obras\/#primaryimage"},"thumbnailUrl":"https:\/\/www.eldiario.net\/portal\/wp-content\/uploads\/2025\/11\/MARIO-FOTO.webp","datePublished":"2025-11-25T10:44:50+00:00","breadcrumb":{"@id":"https:\/\/www.eldiario.net\/portal\/2025\/11\/25\/cierran-ingreso-a-avenida-mario-mercado-por-obras\/#breadcrumb"},"inLanguage":"es","potentialAction":[{"@type":"ReadAction","target":["https:\/\/www.eldiario.net\/portal\/2025\/11\/25\/cierran-ingreso-a-avenida-mario-mercado-por-obras\/"]}]},{"@type":"ImageObject","inLanguage":"es","@id":"https:\/\/www.eldiario.net\/portal\/2025\/11\/25\/cierran-ingreso-a-avenida-mario-mercado-por-obras\/#primaryimage","url":"https:\/\/www.eldiario.net\/portal\/wp-content\/uploads\/2025\/11\/MARIO-FOTO.webp","contentUrl":"https:\/\/www.eldiario.net\/portal\/wp-content\/uploads\/2025\/11\/MARIO-FOTO.webp","width":348,"height":274},{"@type":"BreadcrumbList","@id":"https:\/\/www.eldiario.net\/portal\/2025\/11\/25\/cierran-ingreso-a-avenida-mario-mercado-por-obras\/#breadcrumb","itemListElement":[{"@type":"ListItem","position":1,"name":"Portada","item":"https:\/\/www.eldiario.net\/portal\/"},{"@type":"ListItem","position":2,"name":"Cierran ingreso a avenida Mario Mercado por obras"}]},{"@type":"WebSite","@id":"https:\/\/www.eldiario.net\/portal\/#website","url":"https:\/\/www.eldiario.net\/portal\/","name":"El Diario - Decano de la prensa nacional","description":"El Diario - Decano de la prensa nacional","publisher":{"@id":"https:\/\/www.eldiario.net\/portal\/#organization"},"potentialAction":[{"@type":"SearchAction","target":{"@type":"EntryPoint","urlTemplate":"https:\/\/www.eldiario.net\/portal\/?s={search_term_string}"},"query-input":{"@type":"PropertyValueSpecification","valueRequired":true,"valueName":"search_term_string"}}],"inLanguage":"es"},{"@type":"Organization","@id":"https:\/\/www.eldiario.net\/portal\/#organization","name":"El Diario - Decano de la prensa nacional","url":"https:\/\/www.eldiario.net\/portal\/","logo":{"@type":"ImageObject","inLanguage":"es","@id":"https:\/\/www.eldiario.net\/portal\/#\/schema\/logo\/image\/","url":"https:\/\/www.eldiario.net\/portal\/wp-content\/uploads\/2023\/07\/logo_ED.jpg","contentUrl":"https:\/\/www.eldiario.net\/portal\/wp-content\/uploads\/2023\/07\/logo_ED.jpg","width":272,"height":52,"caption":"El Diario - Decano de la prensa nacional"},"image":{"@id":"https:\/\/www.eldiario.net\/portal\/#\/schema\/logo\/image\/"},"sameAs":["https:\/\/www.facebook.com\/eldiario.bolivia\/","https:\/\/x.com\/eldiario_net"]},{"@type":"Person","@id":"https:\/\/www.eldiario.net\/portal\/#\/schema\/person\/f46445640444750d7d753ccd04ae01b7","name":"Jeanette","image":{"@type":"ImageObject","inLanguage":"es","@id":"https:\/\/secure.gravatar.com\/avatar\/3ea2118a5f7dad2b7138b1187a6b7ee55f160b9968b66013c3a3ef39dd7e5798?s=96&d=mm&r=g","url":"https:\/\/secure.gravatar.com\/avatar\/3ea2118a5f7dad2b7138b1187a6b7ee55f160b9968b66013c3a3ef39dd7e5798?s=96&d=mm&r=g","contentUrl":"https:\/\/secure.gravatar.com\/avatar\/3ea2118a5f7dad2b7138b1187a6b7ee55f160b9968b66013c3a3ef39dd7e5798?s=96&d=mm&r=g","caption":"Jeanette"},"sameAs":["https:\/\/www.eldiario.net\/portal"],"url":"https:\/\/www.eldiario.net\/portal\/author\/jeanette\/"}]}},"_links":{"self":[{"href":"https:\/\/www.eldiario.net\/portal\/wp-json\/wp\/v2\/posts\/347819","targetHints":{"allow":["GET"]}}],"collection":[{"href":"https:\/\/www.eldiario.net\/portal\/wp-json\/wp\/v2\/posts"}],"about":[{"href":"https:\/\/www.eldiario.net\/portal\/wp-json\/wp\/v2\/types\/post"}],"author":[{"embeddable":true,"href":"https:\/\/www.eldiario.net\/portal\/wp-json\/wp\/v2\/users\/1"}],"replies":[{"embeddable":true,"href":"https:\/\/www.eldiario.net\/portal\/wp-json\/wp\/v2\/comments?post=347819"}],"version-history":[{"count":1,"href":"https:\/\/www.eldiario.net\/portal\/wp-json\/wp\/v2\/posts\/347819\/revisions"}],"predecessor-version":[{"id":347821,"href":"https:\/\/www.eldiario.net\/portal\/wp-json\/wp\/v2\/posts\/347819\/revisions\/347821"}],"wp:featuredmedia":[{"embeddable":true,"href":"https:\/\/www.eldiario.net\/portal\/wp-json\/wp\/v2\/media\/347820"}],"wp:attachment":[{"href":"https:\/\/www.eldiario.net\/portal\/wp-json\/wp\/v2\/media?parent=347819"}],"wp:term":[{"taxonomy":"category","embeddable":true,"href":"https:\/\/www.eldiario.net\/portal\/wp-json\/wp\/v2\/categories?post=347819"},{"taxonomy":"post_tag","embeddable":true,"href":"https:\/\/www.eldiario.net\/portal\/wp-json\/wp\/v2\/tags?post=347819"}],"curies":[{"name":"wp","href":"https:\/\/api.w.org\/{rel}","templated":true}]}}