{"id":347816,"date":"2025-11-25T06:44:21","date_gmt":"2025-11-25T10:44:21","guid":{"rendered":"https:\/\/www.eldiario.net\/portal\/?p=347816"},"modified":"2025-11-25T06:44:21","modified_gmt":"2025-11-25T10:44:21","slug":"pepinazo-2025-sera-este-26-en-atrio-del-palacio-consistorial","status":"publish","type":"post","link":"https:\/\/www.eldiario.net\/portal\/2025\/11\/25\/pepinazo-2025-sera-este-26-en-atrio-del-palacio-consistorial\/","title":{"rendered":"\u201cPepinazo\u201d 2025 ser\u00e1 este 26  en atrio del Palacio Consistorial"},"content":{"rendered":"<p>Con m\u00fasica y tradici\u00f3n, pace\u00f1os defender\u00e1n a uno de los personajes pace\u00f1os m\u00e1s traviesos; el Pepino. Para ello, organizan el \u201cPepinazo\u201d 2025, actividad que se realizar\u00e1 este mi\u00e9rcoles 26 de noviembre en el atrio del Palacio Consistorial a partir de las 10:00 horas, donde se espera a decenas de personas disfrazadas con el traje tradicional del personaje, tambi\u00e9n se tendr\u00e1 bandas y comparsas.<\/p>\n<p>El impulsor de esta manifestaci\u00f3n festiva, el concejal Javier Escalier, hizo un llamado a la poblaci\u00f3n pace\u00f1a a participar de manera masiva. \u201cEl \u2018Pepinazo\u2019 ser\u00e1 una expresi\u00f3n de orgullo y reivindicaci\u00f3n cultural. Queremos reunirnos vestidos de pepinos, junto a la Banda Municipal Eduardo Caba, diversas instituciones, cuerpos de baile y todos los pace\u00f1os que quieran demostrar al mundo nuestra diversidad\u201d, se\u00f1al\u00f3.<\/p>\n<p>Remarc\u00f3 que el \u201cPepino\u201d es un personaje profundamente pace\u00f1o, nacido de la creatividad urbana y consolidado como s\u00edmbolo del carnaval desde el siglo IXX. \u201cEl \u2018Pepino\u2019 es nuestro. Habla en falsete en nuestra lengua, no en quechua ni aymara. Representa nuestra picard\u00eda, humor y esp\u00edritu libre. Es una creaci\u00f3n citadina que solo existe en La Paz\u201d, afirm\u00f3.<\/p>\n<p>LLAMADO<\/p>\n<p>La convocatoria al \u201cPepinazo\u201d surge luego del uso indebido de la imagen del \u201cPepino\u201d en la promoci\u00f3n internacional de la fiesta de la Virgen de la Candelaria 2026 en Lima, Per\u00fa. Ante esto, el Concejo Municipal de La Paz emiti\u00f3 un pronunciamiento oficial reafirmando que el personaje es Patrimonio Cultural Inmaterial del Municipio de La Paz, amparado por la Ley Municipal N\u00ba 117, la Ley Nacional N\u00ba 530 y normas internacionales de protecci\u00f3n del patrimonio.<\/p>\n<p>\u201cSi dicen que el \u2018Pepino\u2019 tambi\u00e9n es suyo, que muestren pruebas hist\u00f3ricas. No podr\u00e1n hacerlo, porque este personaje solo existe en La Paz. Es tiempo que la Unesco intervenga y ponga freno al plagio cultural\u201d, advirti\u00f3 Escalier, quien adem\u00e1s relat\u00f3 el origen del personaje: \u201cDe una figura circense, el pueblo pace\u00f1o cre\u00f3 algo \u00fanico: le puso la chuspa, la m\u00e1scara y el alma de La Paz. As\u00ed naci\u00f3 el Pepino\u201d.<\/p>\n<p>El Concejo Municipal respald\u00f3 la convocatoria, se\u00f1alando en su pronunciamiento. \u201cCualquier intento de apropiaci\u00f3n for\u00e1nea es una falta de respeto a la memoria hist\u00f3rica y al patrimonio intangible de La Paz\u201d.<\/p>\n<p>\u201cEl \u2018Pepino\u2019 naci\u00f3 en La Paz, vive en La Paz y pertenece a La Paz. No tendremos los recursos para grandes campa\u00f1as, pero tenemos historia, verdad y orgullo. Este \u2018Pepinazo\u2019 ser\u00e1 nuestra forma de record\u00e1rselo al mundo\u201d, manifest\u00f3 Escalier.<\/p>\n<p>La ciudadan\u00eda est\u00e1 invitada a participar con disfraces, m\u00e1scaras o simplemente con ganas de celebrar.<\/p>\n","protected":false},"excerpt":{"rendered":"<p>Con m\u00fasica y tradici\u00f3n, pace\u00f1os defender\u00e1n a uno de los personajes pace\u00f1os m\u00e1s traviesos; el Pepino. Para ello, organizan el \u201cPepinazo\u201d 2025, actividad que se realizar\u00e1 este mi\u00e9rcoles 26 de noviembre en el atrio del Palacio Consistorial a partir de las 10:00 horas, donde se espera a decenas de personas disfrazadas con el traje tradicional [&hellip;]<\/p>\n","protected":false},"author":1,"featured_media":347817,"comment_status":"closed","ping_status":"open","sticky":false,"template":"","format":"standard","meta":{"_acf_changed":false,"footnotes":""},"categories":[12],"tags":[],"class_list":["post-347816","post","type-post","status-publish","format-standard","has-post-thumbnail","category-nacional"],"acf":{"antetitulo":""},"yoast_head":"<!-- This site is optimized with the Yoast SEO plugin v28.3 - https:\/\/yoast.com\/product\/yoast-seo-wordpress\/ -->\n<title>\u201cPepinazo\u201d 2025 ser\u00e1 este 26 en atrio del Palacio Consistorial - El Diario - Bolivia<\/title>\n<meta name=\"robots\" content=\"index, follow, max-snippet:-1, max-image-preview:large, max-video-preview:-1\" \/>\n<link rel=\"canonical\" href=\"https:\/\/www.eldiario.net\/portal\/2025\/11\/25\/pepinazo-2025-sera-este-26-en-atrio-del-palacio-consistorial\/\" \/>\n<meta property=\"og:locale\" content=\"es_ES\" \/>\n<meta property=\"og:type\" content=\"article\" \/>\n<meta property=\"og:title\" content=\"\u201cPepinazo\u201d 2025 ser\u00e1 este 26 en atrio del Palacio Consistorial - El Diario - Bolivia\" \/>\n<meta property=\"og:description\" content=\"Con m\u00fasica y tradici\u00f3n, pace\u00f1os defender\u00e1n a uno de los personajes pace\u00f1os m\u00e1s traviesos; el Pepino. Para ello, organizan el \u201cPepinazo\u201d 2025, actividad que se realizar\u00e1 este mi\u00e9rcoles 26 de noviembre en el atrio del Palacio Consistorial a partir de las 10:00 horas, donde se espera a decenas de personas disfrazadas con el traje tradicional [&hellip;]\" \/>\n<meta property=\"og:url\" content=\"https:\/\/www.eldiario.net\/portal\/2025\/11\/25\/pepinazo-2025-sera-este-26-en-atrio-del-palacio-consistorial\/\" \/>\n<meta property=\"og:site_name\" content=\"El Diario - Bolivia\" \/>\n<meta property=\"article:publisher\" content=\"https:\/\/www.facebook.com\/eldiario.bolivia\/\" \/>\n<meta property=\"article:published_time\" content=\"2025-11-25T10:44:21+00:00\" \/>\n<meta property=\"og:image\" content=\"https:\/\/www.eldiario.net\/portal\/wp-content\/uploads\/2025\/11\/PEPINAZO-FOTO.webp\" \/>\n\t<meta property=\"og:image:width\" content=\"194\" \/>\n\t<meta property=\"og:image:height\" content=\"259\" \/>\n\t<meta property=\"og:image:type\" content=\"image\/webp\" \/>\n<meta name=\"author\" content=\"Jeanette\" \/>\n<meta name=\"twitter:card\" content=\"summary_large_image\" \/>\n<meta name=\"twitter:creator\" content=\"@eldiario_net\" \/>\n<meta name=\"twitter:site\" content=\"@eldiario_net\" \/>\n<meta name=\"twitter:label1\" content=\"Escrito por\" \/>\n\t<meta name=\"twitter:data1\" content=\"Jeanette\" \/>\n\t<meta name=\"twitter:label2\" content=\"Tiempo de lectura\" \/>\n\t<meta name=\"twitter:data2\" content=\"3 minutos\" \/>\n<script type=\"application\/ld+json\" class=\"yoast-schema-graph\">{\"@context\":\"https:\\\/\\\/schema.org\",\"@graph\":[{\"@type\":\"Article\",\"@id\":\"https:\\\/\\\/www.eldiario.net\\\/portal\\\/2025\\\/11\\\/25\\\/pepinazo-2025-sera-este-26-en-atrio-del-palacio-consistorial\\\/#article\",\"isPartOf\":{\"@id\":\"https:\\\/\\\/www.eldiario.net\\\/portal\\\/2025\\\/11\\\/25\\\/pepinazo-2025-sera-este-26-en-atrio-del-palacio-consistorial\\\/\"},\"author\":{\"name\":\"Jeanette\",\"@id\":\"https:\\\/\\\/www.eldiario.net\\\/portal\\\/#\\\/schema\\\/person\\\/f46445640444750d7d753ccd04ae01b7\"},\"headline\":\"\u201cPepinazo\u201d 2025 ser\u00e1 este 26 en atrio del Palacio Consistorial\",\"datePublished\":\"2025-11-25T10:44:21+00:00\",\"mainEntityOfPage\":{\"@id\":\"https:\\\/\\\/www.eldiario.net\\\/portal\\\/2025\\\/11\\\/25\\\/pepinazo-2025-sera-este-26-en-atrio-del-palacio-consistorial\\\/\"},\"wordCount\":450,\"publisher\":{\"@id\":\"https:\\\/\\\/www.eldiario.net\\\/portal\\\/#organization\"},\"image\":{\"@id\":\"https:\\\/\\\/www.eldiario.net\\\/portal\\\/2025\\\/11\\\/25\\\/pepinazo-2025-sera-este-26-en-atrio-del-palacio-consistorial\\\/#primaryimage\"},\"thumbnailUrl\":\"https:\\\/\\\/www.eldiario.net\\\/portal\\\/wp-content\\\/uploads\\\/2025\\\/11\\\/PEPINAZO-FOTO.webp\",\"articleSection\":[\"Nacional\"],\"inLanguage\":\"es\"},{\"@type\":\"WebPage\",\"@id\":\"https:\\\/\\\/www.eldiario.net\\\/portal\\\/2025\\\/11\\\/25\\\/pepinazo-2025-sera-este-26-en-atrio-del-palacio-consistorial\\\/\",\"url\":\"https:\\\/\\\/www.eldiario.net\\\/portal\\\/2025\\\/11\\\/25\\\/pepinazo-2025-sera-este-26-en-atrio-del-palacio-consistorial\\\/\",\"name\":\"\u201cPepinazo\u201d 2025 ser\u00e1 este 26 en atrio del Palacio Consistorial - El Diario - Bolivia\",\"isPartOf\":{\"@id\":\"https:\\\/\\\/www.eldiario.net\\\/portal\\\/#website\"},\"primaryImageOfPage\":{\"@id\":\"https:\\\/\\\/www.eldiario.net\\\/portal\\\/2025\\\/11\\\/25\\\/pepinazo-2025-sera-este-26-en-atrio-del-palacio-consistorial\\\/#primaryimage\"},\"image\":{\"@id\":\"https:\\\/\\\/www.eldiario.net\\\/portal\\\/2025\\\/11\\\/25\\\/pepinazo-2025-sera-este-26-en-atrio-del-palacio-consistorial\\\/#primaryimage\"},\"thumbnailUrl\":\"https:\\\/\\\/www.eldiario.net\\\/portal\\\/wp-content\\\/uploads\\\/2025\\\/11\\\/PEPINAZO-FOTO.webp\",\"datePublished\":\"2025-11-25T10:44:21+00:00\",\"breadcrumb\":{\"@id\":\"https:\\\/\\\/www.eldiario.net\\\/portal\\\/2025\\\/11\\\/25\\\/pepinazo-2025-sera-este-26-en-atrio-del-palacio-consistorial\\\/#breadcrumb\"},\"inLanguage\":\"es\",\"potentialAction\":[{\"@type\":\"ReadAction\",\"target\":[\"https:\\\/\\\/www.eldiario.net\\\/portal\\\/2025\\\/11\\\/25\\\/pepinazo-2025-sera-este-26-en-atrio-del-palacio-consistorial\\\/\"]}]},{\"@type\":\"ImageObject\",\"inLanguage\":\"es\",\"@id\":\"https:\\\/\\\/www.eldiario.net\\\/portal\\\/2025\\\/11\\\/25\\\/pepinazo-2025-sera-este-26-en-atrio-del-palacio-consistorial\\\/#primaryimage\",\"url\":\"https:\\\/\\\/www.eldiario.net\\\/portal\\\/wp-content\\\/uploads\\\/2025\\\/11\\\/PEPINAZO-FOTO.webp\",\"contentUrl\":\"https:\\\/\\\/www.eldiario.net\\\/portal\\\/wp-content\\\/uploads\\\/2025\\\/11\\\/PEPINAZO-FOTO.webp\",\"width\":194,\"height\":259,\"caption\":\"El personaje pace\u00f1o. Cr\u00e9dito: RRSS\"},{\"@type\":\"BreadcrumbList\",\"@id\":\"https:\\\/\\\/www.eldiario.net\\\/portal\\\/2025\\\/11\\\/25\\\/pepinazo-2025-sera-este-26-en-atrio-del-palacio-consistorial\\\/#breadcrumb\",\"itemListElement\":[{\"@type\":\"ListItem\",\"position\":1,\"name\":\"Portada\",\"item\":\"https:\\\/\\\/www.eldiario.net\\\/portal\\\/\"},{\"@type\":\"ListItem\",\"position\":2,\"name\":\"\u201cPepinazo\u201d 2025 ser\u00e1 este 26 en atrio del Palacio Consistorial\"}]},{\"@type\":\"WebSite\",\"@id\":\"https:\\\/\\\/www.eldiario.net\\\/portal\\\/#website\",\"url\":\"https:\\\/\\\/www.eldiario.net\\\/portal\\\/\",\"name\":\"El Diario - Decano de la prensa nacional\",\"description\":\"El Diario - Decano de la prensa nacional\",\"publisher\":{\"@id\":\"https:\\\/\\\/www.eldiario.net\\\/portal\\\/#organization\"},\"potentialAction\":[{\"@type\":\"SearchAction\",\"target\":{\"@type\":\"EntryPoint\",\"urlTemplate\":\"https:\\\/\\\/www.eldiario.net\\\/portal\\\/?s={search_term_string}\"},\"query-input\":{\"@type\":\"PropertyValueSpecification\",\"valueRequired\":true,\"valueName\":\"search_term_string\"}}],\"inLanguage\":\"es\"},{\"@type\":\"Organization\",\"@id\":\"https:\\\/\\\/www.eldiario.net\\\/portal\\\/#organization\",\"name\":\"El Diario - Decano de la prensa nacional\",\"url\":\"https:\\\/\\\/www.eldiario.net\\\/portal\\\/\",\"logo\":{\"@type\":\"ImageObject\",\"inLanguage\":\"es\",\"@id\":\"https:\\\/\\\/www.eldiario.net\\\/portal\\\/#\\\/schema\\\/logo\\\/image\\\/\",\"url\":\"https:\\\/\\\/www.eldiario.net\\\/portal\\\/wp-content\\\/uploads\\\/2023\\\/07\\\/logo_ED.jpg\",\"contentUrl\":\"https:\\\/\\\/www.eldiario.net\\\/portal\\\/wp-content\\\/uploads\\\/2023\\\/07\\\/logo_ED.jpg\",\"width\":272,\"height\":52,\"caption\":\"El Diario - Decano de la prensa nacional\"},\"image\":{\"@id\":\"https:\\\/\\\/www.eldiario.net\\\/portal\\\/#\\\/schema\\\/logo\\\/image\\\/\"},\"sameAs\":[\"https:\\\/\\\/www.facebook.com\\\/eldiario.bolivia\\\/\",\"https:\\\/\\\/x.com\\\/eldiario_net\"]},{\"@type\":\"Person\",\"@id\":\"https:\\\/\\\/www.eldiario.net\\\/portal\\\/#\\\/schema\\\/person\\\/f46445640444750d7d753ccd04ae01b7\",\"name\":\"Jeanette\",\"image\":{\"@type\":\"ImageObject\",\"inLanguage\":\"es\",\"@id\":\"https:\\\/\\\/secure.gravatar.com\\\/avatar\\\/3ea2118a5f7dad2b7138b1187a6b7ee55f160b9968b66013c3a3ef39dd7e5798?s=96&d=mm&r=g\",\"url\":\"https:\\\/\\\/secure.gravatar.com\\\/avatar\\\/3ea2118a5f7dad2b7138b1187a6b7ee55f160b9968b66013c3a3ef39dd7e5798?s=96&d=mm&r=g\",\"contentUrl\":\"https:\\\/\\\/secure.gravatar.com\\\/avatar\\\/3ea2118a5f7dad2b7138b1187a6b7ee55f160b9968b66013c3a3ef39dd7e5798?s=96&d=mm&r=g\",\"caption\":\"Jeanette\"},\"sameAs\":[\"https:\\\/\\\/www.eldiario.net\\\/portal\"],\"url\":\"https:\\\/\\\/www.eldiario.net\\\/portal\\\/author\\\/jeanette\\\/\"}]}<\/script>\n<!-- \/ Yoast SEO plugin. -->","yoast_head_json":{"title":"\u201cPepinazo\u201d 2025 ser\u00e1 este 26 en atrio del Palacio Consistorial - El Diario - Bolivia","robots":{"index":"index","follow":"follow","max-snippet":"max-snippet:-1","max-image-preview":"max-image-preview:large","max-video-preview":"max-video-preview:-1"},"canonical":"https:\/\/www.eldiario.net\/portal\/2025\/11\/25\/pepinazo-2025-sera-este-26-en-atrio-del-palacio-consistorial\/","og_locale":"es_ES","og_type":"article","og_title":"\u201cPepinazo\u201d 2025 ser\u00e1 este 26 en atrio del Palacio Consistorial - El Diario - Bolivia","og_description":"Con m\u00fasica y tradici\u00f3n, pace\u00f1os defender\u00e1n a uno de los personajes pace\u00f1os m\u00e1s traviesos; el Pepino. Para ello, organizan el \u201cPepinazo\u201d 2025, actividad que se realizar\u00e1 este mi\u00e9rcoles 26 de noviembre en el atrio del Palacio Consistorial a partir de las 10:00 horas, donde se espera a decenas de personas disfrazadas con el traje tradicional [&hellip;]","og_url":"https:\/\/www.eldiario.net\/portal\/2025\/11\/25\/pepinazo-2025-sera-este-26-en-atrio-del-palacio-consistorial\/","og_site_name":"El Diario - Bolivia","article_publisher":"https:\/\/www.facebook.com\/eldiario.bolivia\/","article_published_time":"2025-11-25T10:44:21+00:00","og_image":[{"width":194,"height":259,"url":"https:\/\/www.eldiario.net\/portal\/wp-content\/uploads\/2025\/11\/PEPINAZO-FOTO.webp","type":"image\/webp"}],"author":"Jeanette","twitter_card":"summary_large_image","twitter_creator":"@eldiario_net","twitter_site":"@eldiario_net","twitter_misc":{"Escrito por":"Jeanette","Tiempo de lectura":"3 minutos"},"schema":{"@context":"https:\/\/schema.org","@graph":[{"@type":"Article","@id":"https:\/\/www.eldiario.net\/portal\/2025\/11\/25\/pepinazo-2025-sera-este-26-en-atrio-del-palacio-consistorial\/#article","isPartOf":{"@id":"https:\/\/www.eldiario.net\/portal\/2025\/11\/25\/pepinazo-2025-sera-este-26-en-atrio-del-palacio-consistorial\/"},"author":{"name":"Jeanette","@id":"https:\/\/www.eldiario.net\/portal\/#\/schema\/person\/f46445640444750d7d753ccd04ae01b7"},"headline":"\u201cPepinazo\u201d 2025 ser\u00e1 este 26 en atrio del Palacio Consistorial","datePublished":"2025-11-25T10:44:21+00:00","mainEntityOfPage":{"@id":"https:\/\/www.eldiario.net\/portal\/2025\/11\/25\/pepinazo-2025-sera-este-26-en-atrio-del-palacio-consistorial\/"},"wordCount":450,"publisher":{"@id":"https:\/\/www.eldiario.net\/portal\/#organization"},"image":{"@id":"https:\/\/www.eldiario.net\/portal\/2025\/11\/25\/pepinazo-2025-sera-este-26-en-atrio-del-palacio-consistorial\/#primaryimage"},"thumbnailUrl":"https:\/\/www.eldiario.net\/portal\/wp-content\/uploads\/2025\/11\/PEPINAZO-FOTO.webp","articleSection":["Nacional"],"inLanguage":"es"},{"@type":"WebPage","@id":"https:\/\/www.eldiario.net\/portal\/2025\/11\/25\/pepinazo-2025-sera-este-26-en-atrio-del-palacio-consistorial\/","url":"https:\/\/www.eldiario.net\/portal\/2025\/11\/25\/pepinazo-2025-sera-este-26-en-atrio-del-palacio-consistorial\/","name":"\u201cPepinazo\u201d 2025 ser\u00e1 este 26 en atrio del Palacio Consistorial - El Diario - Bolivia","isPartOf":{"@id":"https:\/\/www.eldiario.net\/portal\/#website"},"primaryImageOfPage":{"@id":"https:\/\/www.eldiario.net\/portal\/2025\/11\/25\/pepinazo-2025-sera-este-26-en-atrio-del-palacio-consistorial\/#primaryimage"},"image":{"@id":"https:\/\/www.eldiario.net\/portal\/2025\/11\/25\/pepinazo-2025-sera-este-26-en-atrio-del-palacio-consistorial\/#primaryimage"},"thumbnailUrl":"https:\/\/www.eldiario.net\/portal\/wp-content\/uploads\/2025\/11\/PEPINAZO-FOTO.webp","datePublished":"2025-11-25T10:44:21+00:00","breadcrumb":{"@id":"https:\/\/www.eldiario.net\/portal\/2025\/11\/25\/pepinazo-2025-sera-este-26-en-atrio-del-palacio-consistorial\/#breadcrumb"},"inLanguage":"es","potentialAction":[{"@type":"ReadAction","target":["https:\/\/www.eldiario.net\/portal\/2025\/11\/25\/pepinazo-2025-sera-este-26-en-atrio-del-palacio-consistorial\/"]}]},{"@type":"ImageObject","inLanguage":"es","@id":"https:\/\/www.eldiario.net\/portal\/2025\/11\/25\/pepinazo-2025-sera-este-26-en-atrio-del-palacio-consistorial\/#primaryimage","url":"https:\/\/www.eldiario.net\/portal\/wp-content\/uploads\/2025\/11\/PEPINAZO-FOTO.webp","contentUrl":"https:\/\/www.eldiario.net\/portal\/wp-content\/uploads\/2025\/11\/PEPINAZO-FOTO.webp","width":194,"height":259,"caption":"El personaje pace\u00f1o. Cr\u00e9dito: RRSS"},{"@type":"BreadcrumbList","@id":"https:\/\/www.eldiario.net\/portal\/2025\/11\/25\/pepinazo-2025-sera-este-26-en-atrio-del-palacio-consistorial\/#breadcrumb","itemListElement":[{"@type":"ListItem","position":1,"name":"Portada","item":"https:\/\/www.eldiario.net\/portal\/"},{"@type":"ListItem","position":2,"name":"\u201cPepinazo\u201d 2025 ser\u00e1 este 26 en atrio del Palacio Consistorial"}]},{"@type":"WebSite","@id":"https:\/\/www.eldiario.net\/portal\/#website","url":"https:\/\/www.eldiario.net\/portal\/","name":"El Diario - Decano de la prensa nacional","description":"El Diario - Decano de la prensa nacional","publisher":{"@id":"https:\/\/www.eldiario.net\/portal\/#organization"},"potentialAction":[{"@type":"SearchAction","target":{"@type":"EntryPoint","urlTemplate":"https:\/\/www.eldiario.net\/portal\/?s={search_term_string}"},"query-input":{"@type":"PropertyValueSpecification","valueRequired":true,"valueName":"search_term_string"}}],"inLanguage":"es"},{"@type":"Organization","@id":"https:\/\/www.eldiario.net\/portal\/#organization","name":"El Diario - Decano de la prensa nacional","url":"https:\/\/www.eldiario.net\/portal\/","logo":{"@type":"ImageObject","inLanguage":"es","@id":"https:\/\/www.eldiario.net\/portal\/#\/schema\/logo\/image\/","url":"https:\/\/www.eldiario.net\/portal\/wp-content\/uploads\/2023\/07\/logo_ED.jpg","contentUrl":"https:\/\/www.eldiario.net\/portal\/wp-content\/uploads\/2023\/07\/logo_ED.jpg","width":272,"height":52,"caption":"El Diario - Decano de la prensa nacional"},"image":{"@id":"https:\/\/www.eldiario.net\/portal\/#\/schema\/logo\/image\/"},"sameAs":["https:\/\/www.facebook.com\/eldiario.bolivia\/","https:\/\/x.com\/eldiario_net"]},{"@type":"Person","@id":"https:\/\/www.eldiario.net\/portal\/#\/schema\/person\/f46445640444750d7d753ccd04ae01b7","name":"Jeanette","image":{"@type":"ImageObject","inLanguage":"es","@id":"https:\/\/secure.gravatar.com\/avatar\/3ea2118a5f7dad2b7138b1187a6b7ee55f160b9968b66013c3a3ef39dd7e5798?s=96&d=mm&r=g","url":"https:\/\/secure.gravatar.com\/avatar\/3ea2118a5f7dad2b7138b1187a6b7ee55f160b9968b66013c3a3ef39dd7e5798?s=96&d=mm&r=g","contentUrl":"https:\/\/secure.gravatar.com\/avatar\/3ea2118a5f7dad2b7138b1187a6b7ee55f160b9968b66013c3a3ef39dd7e5798?s=96&d=mm&r=g","caption":"Jeanette"},"sameAs":["https:\/\/www.eldiario.net\/portal"],"url":"https:\/\/www.eldiario.net\/portal\/author\/jeanette\/"}]}},"_links":{"self":[{"href":"https:\/\/www.eldiario.net\/portal\/wp-json\/wp\/v2\/posts\/347816","targetHints":{"allow":["GET"]}}],"collection":[{"href":"https:\/\/www.eldiario.net\/portal\/wp-json\/wp\/v2\/posts"}],"about":[{"href":"https:\/\/www.eldiario.net\/portal\/wp-json\/wp\/v2\/types\/post"}],"author":[{"embeddable":true,"href":"https:\/\/www.eldiario.net\/portal\/wp-json\/wp\/v2\/users\/1"}],"replies":[{"embeddable":true,"href":"https:\/\/www.eldiario.net\/portal\/wp-json\/wp\/v2\/comments?post=347816"}],"version-history":[{"count":1,"href":"https:\/\/www.eldiario.net\/portal\/wp-json\/wp\/v2\/posts\/347816\/revisions"}],"predecessor-version":[{"id":347818,"href":"https:\/\/www.eldiario.net\/portal\/wp-json\/wp\/v2\/posts\/347816\/revisions\/347818"}],"wp:featuredmedia":[{"embeddable":true,"href":"https:\/\/www.eldiario.net\/portal\/wp-json\/wp\/v2\/media\/347817"}],"wp:attachment":[{"href":"https:\/\/www.eldiario.net\/portal\/wp-json\/wp\/v2\/media?parent=347816"}],"wp:term":[{"taxonomy":"category","embeddable":true,"href":"https:\/\/www.eldiario.net\/portal\/wp-json\/wp\/v2\/categories?post=347816"},{"taxonomy":"post_tag","embeddable":true,"href":"https:\/\/www.eldiario.net\/portal\/wp-json\/wp\/v2\/tags?post=347816"}],"curies":[{"name":"wp","href":"https:\/\/api.w.org\/{rel}","templated":true}]}}