{"id":347500,"date":"2025-11-24T01:01:48","date_gmt":"2025-11-24T05:01:48","guid":{"rendered":"https:\/\/www.eldiario.net\/portal\/?p=347500"},"modified":"2025-11-23T23:02:19","modified_gmt":"2025-11-24T03:02:19","slug":"ahora-es-posible-compartir-archivos-entre-iphone-y-android-mediante-airdrop-y-quick-share","status":"publish","type":"post","link":"https:\/\/www.eldiario.net\/portal\/2025\/11\/24\/ahora-es-posible-compartir-archivos-entre-iphone-y-android-mediante-airdrop-y-quick-share\/","title":{"rendered":"Ahora es posible compartir archivos entre iPhone y Android mediante AirDrop y Quick Share"},"content":{"rendered":"<p>Google ha lanzado una nueva funci\u00f3n que permite la transferencia de archivos entre dispositivos iPhone y Android, marcando un avance significativo en la interoperabilidad entre plataformas. Gracias a la integraci\u00f3n entre AirDrop en los dispositivos Apple y Quick Share en los Pixel 10, los usuarios ya pueden enviar y recibir archivos de forma directa.<\/p>\n<p>Esta funci\u00f3n es compatible con iPhone, iPad y Mac, as\u00ed como con los modelos Pixel 10, Pixel 10 Pro, Pixel 10 Pro XL y Pixel 10 Fold. Para que un usuario de Apple reciba archivos desde un Pixel, debe configurar AirDrop en modo \u201cTodos\u201d durante 10 minutos. En ese estado, los archivos enviados desde Android aparecer\u00e1n con la misma notificaci\u00f3n que los de AirDrop, incluyendo la opci\u00f3n de aceptar con un toque.<\/p>\n<p>Del lado de Android, el usuario del Pixel debe activar la opci\u00f3n \u201cTodos durante 10 minutos\u201d o habilitar el modo de recepci\u00f3n desde la secci\u00f3n de Quick Share. Los archivos recibidos se almacenan en la aplicaci\u00f3n Archivos.<\/p>\n<p>Google ha dise\u00f1ado esta interoperabilidad con un enfoque de seguridad multicapa, que incluye canales de transferencia seguros, protecciones integradas en ambos sistemas operativos y la necesidad de consentimiento expl\u00edcito antes de recibir cualquier archivo. Las conexiones se realizan de forma directa entre dispositivos, sin pasar por servidores externos, y cada uno muestra el nombre del otro para facilitar la verificaci\u00f3n.<\/p>\n<p>Por ahora, la funci\u00f3n solo est\u00e1 disponible en el modo \u201cTodos durante 10 minutos\u201d de AirDrop, aunque Google ha expresado su inter\u00e9s en colaborar con Apple para habilitar el modo \u201cSolo contactos\u201d en el futuro.<\/p>\n<p>La interoperabilidad entre AirDrop y Quick Share ya est\u00e1 activa, ofreciendo una experiencia m\u00e1s fluida y segura para compartir archivos entre usuarios de iPhone y Android.<\/p>\n","protected":false},"excerpt":{"rendered":"<p>Google ha lanzado una nueva funci\u00f3n que permite la transferencia de archivos entre dispositivos iPhone y Android, marcando un avance significativo en la interoperabilidad entre plataformas. Gracias a la integraci\u00f3n entre AirDrop en los dispositivos Apple y Quick Share en los Pixel 10, los usuarios ya pueden enviar y recibir archivos de forma directa. Esta [&hellip;]<\/p>\n","protected":false},"author":1,"featured_media":347501,"comment_status":"closed","ping_status":"open","sticky":false,"template":"","format":"standard","meta":{"_acf_changed":false,"footnotes":""},"categories":[46],"tags":[],"class_list":["post-347500","post","type-post","status-publish","format-standard","has-post-thumbnail","category-ciencia-computacion"],"acf":{"antetitulo":""},"yoast_head":"<!-- This site is optimized with the Yoast SEO plugin v28.4 - https:\/\/yoast.com\/product\/yoast-seo-wordpress\/ -->\n<title>Ahora es posible compartir archivos entre iPhone y Android mediante AirDrop y Quick Share - El Diario - Bolivia<\/title>\n<meta name=\"robots\" content=\"index, follow, max-snippet:-1, max-image-preview:large, max-video-preview:-1\" \/>\n<link rel=\"canonical\" href=\"https:\/\/www.eldiario.net\/portal\/2025\/11\/24\/ahora-es-posible-compartir-archivos-entre-iphone-y-android-mediante-airdrop-y-quick-share\/\" \/>\n<meta property=\"og:locale\" content=\"es_ES\" \/>\n<meta property=\"og:type\" content=\"article\" \/>\n<meta property=\"og:title\" content=\"Ahora es posible compartir archivos entre iPhone y Android mediante AirDrop y Quick Share - El Diario - Bolivia\" \/>\n<meta property=\"og:description\" content=\"Google ha lanzado una nueva funci\u00f3n que permite la transferencia de archivos entre dispositivos iPhone y Android, marcando un avance significativo en la interoperabilidad entre plataformas. Gracias a la integraci\u00f3n entre AirDrop en los dispositivos Apple y Quick Share en los Pixel 10, los usuarios ya pueden enviar y recibir archivos de forma directa. Esta [&hellip;]\" \/>\n<meta property=\"og:url\" content=\"https:\/\/www.eldiario.net\/portal\/2025\/11\/24\/ahora-es-posible-compartir-archivos-entre-iphone-y-android-mediante-airdrop-y-quick-share\/\" \/>\n<meta property=\"og:site_name\" content=\"El Diario - Bolivia\" \/>\n<meta property=\"article:publisher\" content=\"https:\/\/www.facebook.com\/eldiario.bolivia\/\" \/>\n<meta property=\"article:published_time\" content=\"2025-11-24T05:01:48+00:00\" \/>\n<meta property=\"og:image\" content=\"https:\/\/www.eldiario.net\/portal\/wp-content\/uploads\/2025\/11\/3-B-3.webp\" \/>\n\t<meta property=\"og:image:width\" content=\"903\" \/>\n\t<meta property=\"og:image:height\" content=\"639\" \/>\n\t<meta property=\"og:image:type\" content=\"image\/webp\" \/>\n<meta name=\"author\" content=\"Jeanette\" \/>\n<meta name=\"twitter:card\" content=\"summary_large_image\" \/>\n<meta name=\"twitter:creator\" content=\"@eldiario_net\" \/>\n<meta name=\"twitter:site\" content=\"@eldiario_net\" \/>\n<meta name=\"twitter:label1\" content=\"Escrito por\" \/>\n\t<meta name=\"twitter:data1\" content=\"Jeanette\" \/>\n\t<meta name=\"twitter:label2\" content=\"Tiempo de lectura\" \/>\n\t<meta name=\"twitter:data2\" content=\"2 minutos\" \/>\n<script type=\"application\/ld+json\" class=\"yoast-schema-graph\">{\"@context\":\"https:\\\/\\\/schema.org\",\"@graph\":[{\"@type\":\"Article\",\"@id\":\"https:\\\/\\\/www.eldiario.net\\\/portal\\\/2025\\\/11\\\/24\\\/ahora-es-posible-compartir-archivos-entre-iphone-y-android-mediante-airdrop-y-quick-share\\\/#article\",\"isPartOf\":{\"@id\":\"https:\\\/\\\/www.eldiario.net\\\/portal\\\/2025\\\/11\\\/24\\\/ahora-es-posible-compartir-archivos-entre-iphone-y-android-mediante-airdrop-y-quick-share\\\/\"},\"author\":{\"name\":\"Jeanette\",\"@id\":\"https:\\\/\\\/www.eldiario.net\\\/portal\\\/#\\\/schema\\\/person\\\/2c57cf2b7a7ae032e449e4c9b1019eac\"},\"headline\":\"Ahora es posible compartir archivos entre iPhone y Android mediante AirDrop y Quick Share\",\"datePublished\":\"2025-11-24T05:01:48+00:00\",\"mainEntityOfPage\":{\"@id\":\"https:\\\/\\\/www.eldiario.net\\\/portal\\\/2025\\\/11\\\/24\\\/ahora-es-posible-compartir-archivos-entre-iphone-y-android-mediante-airdrop-y-quick-share\\\/\"},\"wordCount\":306,\"publisher\":{\"@id\":\"https:\\\/\\\/www.eldiario.net\\\/portal\\\/#organization\"},\"image\":{\"@id\":\"https:\\\/\\\/www.eldiario.net\\\/portal\\\/2025\\\/11\\\/24\\\/ahora-es-posible-compartir-archivos-entre-iphone-y-android-mediante-airdrop-y-quick-share\\\/#primaryimage\"},\"thumbnailUrl\":\"https:\\\/\\\/www.eldiario.net\\\/portal\\\/wp-content\\\/uploads\\\/2025\\\/11\\\/3-B-3.webp\",\"articleSection\":[\"Ciencia y Computaci\u00f3n\"],\"inLanguage\":\"es\"},{\"@type\":\"WebPage\",\"@id\":\"https:\\\/\\\/www.eldiario.net\\\/portal\\\/2025\\\/11\\\/24\\\/ahora-es-posible-compartir-archivos-entre-iphone-y-android-mediante-airdrop-y-quick-share\\\/\",\"url\":\"https:\\\/\\\/www.eldiario.net\\\/portal\\\/2025\\\/11\\\/24\\\/ahora-es-posible-compartir-archivos-entre-iphone-y-android-mediante-airdrop-y-quick-share\\\/\",\"name\":\"Ahora es posible compartir archivos entre iPhone y Android mediante AirDrop y Quick Share - El Diario - Bolivia\",\"isPartOf\":{\"@id\":\"https:\\\/\\\/www.eldiario.net\\\/portal\\\/#website\"},\"primaryImageOfPage\":{\"@id\":\"https:\\\/\\\/www.eldiario.net\\\/portal\\\/2025\\\/11\\\/24\\\/ahora-es-posible-compartir-archivos-entre-iphone-y-android-mediante-airdrop-y-quick-share\\\/#primaryimage\"},\"image\":{\"@id\":\"https:\\\/\\\/www.eldiario.net\\\/portal\\\/2025\\\/11\\\/24\\\/ahora-es-posible-compartir-archivos-entre-iphone-y-android-mediante-airdrop-y-quick-share\\\/#primaryimage\"},\"thumbnailUrl\":\"https:\\\/\\\/www.eldiario.net\\\/portal\\\/wp-content\\\/uploads\\\/2025\\\/11\\\/3-B-3.webp\",\"datePublished\":\"2025-11-24T05:01:48+00:00\",\"breadcrumb\":{\"@id\":\"https:\\\/\\\/www.eldiario.net\\\/portal\\\/2025\\\/11\\\/24\\\/ahora-es-posible-compartir-archivos-entre-iphone-y-android-mediante-airdrop-y-quick-share\\\/#breadcrumb\"},\"inLanguage\":\"es\",\"potentialAction\":[{\"@type\":\"ReadAction\",\"target\":[\"https:\\\/\\\/www.eldiario.net\\\/portal\\\/2025\\\/11\\\/24\\\/ahora-es-posible-compartir-archivos-entre-iphone-y-android-mediante-airdrop-y-quick-share\\\/\"]}]},{\"@type\":\"ImageObject\",\"inLanguage\":\"es\",\"@id\":\"https:\\\/\\\/www.eldiario.net\\\/portal\\\/2025\\\/11\\\/24\\\/ahora-es-posible-compartir-archivos-entre-iphone-y-android-mediante-airdrop-y-quick-share\\\/#primaryimage\",\"url\":\"https:\\\/\\\/www.eldiario.net\\\/portal\\\/wp-content\\\/uploads\\\/2025\\\/11\\\/3-B-3.webp\",\"contentUrl\":\"https:\\\/\\\/www.eldiario.net\\\/portal\\\/wp-content\\\/uploads\\\/2025\\\/11\\\/3-B-3.webp\",\"width\":903,\"height\":639},{\"@type\":\"BreadcrumbList\",\"@id\":\"https:\\\/\\\/www.eldiario.net\\\/portal\\\/2025\\\/11\\\/24\\\/ahora-es-posible-compartir-archivos-entre-iphone-y-android-mediante-airdrop-y-quick-share\\\/#breadcrumb\",\"itemListElement\":[{\"@type\":\"ListItem\",\"position\":1,\"name\":\"Portada\",\"item\":\"https:\\\/\\\/www.eldiario.net\\\/portal\\\/\"},{\"@type\":\"ListItem\",\"position\":2,\"name\":\"Ahora es posible compartir archivos entre iPhone y Android mediante AirDrop y Quick Share\"}]},{\"@type\":\"WebSite\",\"@id\":\"https:\\\/\\\/www.eldiario.net\\\/portal\\\/#website\",\"url\":\"https:\\\/\\\/www.eldiario.net\\\/portal\\\/\",\"name\":\"El Diario - Decano de la prensa nacional\",\"description\":\"El Diario - Decano de la prensa nacional\",\"publisher\":{\"@id\":\"https:\\\/\\\/www.eldiario.net\\\/portal\\\/#organization\"},\"potentialAction\":[{\"@type\":\"SearchAction\",\"target\":{\"@type\":\"EntryPoint\",\"urlTemplate\":\"https:\\\/\\\/www.eldiario.net\\\/portal\\\/?s={search_term_string}\"},\"query-input\":{\"@type\":\"PropertyValueSpecification\",\"valueRequired\":true,\"valueName\":\"search_term_string\"}}],\"inLanguage\":\"es\"},{\"@type\":\"Organization\",\"@id\":\"https:\\\/\\\/www.eldiario.net\\\/portal\\\/#organization\",\"name\":\"El Diario - Decano de la prensa nacional\",\"url\":\"https:\\\/\\\/www.eldiario.net\\\/portal\\\/\",\"logo\":{\"@type\":\"ImageObject\",\"inLanguage\":\"es\",\"@id\":\"https:\\\/\\\/www.eldiario.net\\\/portal\\\/#\\\/schema\\\/logo\\\/image\\\/\",\"url\":\"https:\\\/\\\/www.eldiario.net\\\/portal\\\/wp-content\\\/uploads\\\/2023\\\/07\\\/logo_ED.jpg\",\"contentUrl\":\"https:\\\/\\\/www.eldiario.net\\\/portal\\\/wp-content\\\/uploads\\\/2023\\\/07\\\/logo_ED.jpg\",\"width\":272,\"height\":52,\"caption\":\"El Diario - Decano de la prensa nacional\"},\"image\":{\"@id\":\"https:\\\/\\\/www.eldiario.net\\\/portal\\\/#\\\/schema\\\/logo\\\/image\\\/\"},\"sameAs\":[\"https:\\\/\\\/www.facebook.com\\\/eldiario.bolivia\\\/\",\"https:\\\/\\\/x.com\\\/eldiario_net\"]},{\"@type\":\"Person\",\"@id\":\"https:\\\/\\\/www.eldiario.net\\\/portal\\\/#\\\/schema\\\/person\\\/2c57cf2b7a7ae032e449e4c9b1019eac\",\"name\":\"Jeanette\",\"image\":{\"@type\":\"ImageObject\",\"inLanguage\":\"es\",\"@id\":\"https:\\\/\\\/secure.gravatar.com\\\/avatar\\\/3ea2118a5f7dad2b7138b1187a6b7ee55f160b9968b66013c3a3ef39dd7e5798?s=96&d=mm&r=g\",\"url\":\"https:\\\/\\\/secure.gravatar.com\\\/avatar\\\/3ea2118a5f7dad2b7138b1187a6b7ee55f160b9968b66013c3a3ef39dd7e5798?s=96&d=mm&r=g\",\"contentUrl\":\"https:\\\/\\\/secure.gravatar.com\\\/avatar\\\/3ea2118a5f7dad2b7138b1187a6b7ee55f160b9968b66013c3a3ef39dd7e5798?s=96&d=mm&r=g\",\"caption\":\"Jeanette\"},\"sameAs\":[\"https:\\\/\\\/www.eldiario.net\\\/portal\"],\"url\":\"https:\\\/\\\/www.eldiario.net\\\/portal\\\/author\\\/jeanette\\\/\"}]}<\/script>\n<!-- \/ Yoast SEO plugin. -->","yoast_head_json":{"title":"Ahora es posible compartir archivos entre iPhone y Android mediante AirDrop y Quick Share - El Diario - Bolivia","robots":{"index":"index","follow":"follow","max-snippet":"max-snippet:-1","max-image-preview":"max-image-preview:large","max-video-preview":"max-video-preview:-1"},"canonical":"https:\/\/www.eldiario.net\/portal\/2025\/11\/24\/ahora-es-posible-compartir-archivos-entre-iphone-y-android-mediante-airdrop-y-quick-share\/","og_locale":"es_ES","og_type":"article","og_title":"Ahora es posible compartir archivos entre iPhone y Android mediante AirDrop y Quick Share - El Diario - Bolivia","og_description":"Google ha lanzado una nueva funci\u00f3n que permite la transferencia de archivos entre dispositivos iPhone y Android, marcando un avance significativo en la interoperabilidad entre plataformas. Gracias a la integraci\u00f3n entre AirDrop en los dispositivos Apple y Quick Share en los Pixel 10, los usuarios ya pueden enviar y recibir archivos de forma directa. Esta [&hellip;]","og_url":"https:\/\/www.eldiario.net\/portal\/2025\/11\/24\/ahora-es-posible-compartir-archivos-entre-iphone-y-android-mediante-airdrop-y-quick-share\/","og_site_name":"El Diario - Bolivia","article_publisher":"https:\/\/www.facebook.com\/eldiario.bolivia\/","article_published_time":"2025-11-24T05:01:48+00:00","og_image":[{"width":903,"height":639,"url":"https:\/\/www.eldiario.net\/portal\/wp-content\/uploads\/2025\/11\/3-B-3.webp","type":"image\/webp"}],"author":"Jeanette","twitter_card":"summary_large_image","twitter_creator":"@eldiario_net","twitter_site":"@eldiario_net","twitter_misc":{"Escrito por":"Jeanette","Tiempo de lectura":"2 minutos"},"schema":{"@context":"https:\/\/schema.org","@graph":[{"@type":"Article","@id":"https:\/\/www.eldiario.net\/portal\/2025\/11\/24\/ahora-es-posible-compartir-archivos-entre-iphone-y-android-mediante-airdrop-y-quick-share\/#article","isPartOf":{"@id":"https:\/\/www.eldiario.net\/portal\/2025\/11\/24\/ahora-es-posible-compartir-archivos-entre-iphone-y-android-mediante-airdrop-y-quick-share\/"},"author":{"name":"Jeanette","@id":"https:\/\/www.eldiario.net\/portal\/#\/schema\/person\/2c57cf2b7a7ae032e449e4c9b1019eac"},"headline":"Ahora es posible compartir archivos entre iPhone y Android mediante AirDrop y Quick Share","datePublished":"2025-11-24T05:01:48+00:00","mainEntityOfPage":{"@id":"https:\/\/www.eldiario.net\/portal\/2025\/11\/24\/ahora-es-posible-compartir-archivos-entre-iphone-y-android-mediante-airdrop-y-quick-share\/"},"wordCount":306,"publisher":{"@id":"https:\/\/www.eldiario.net\/portal\/#organization"},"image":{"@id":"https:\/\/www.eldiario.net\/portal\/2025\/11\/24\/ahora-es-posible-compartir-archivos-entre-iphone-y-android-mediante-airdrop-y-quick-share\/#primaryimage"},"thumbnailUrl":"https:\/\/www.eldiario.net\/portal\/wp-content\/uploads\/2025\/11\/3-B-3.webp","articleSection":["Ciencia y Computaci\u00f3n"],"inLanguage":"es"},{"@type":"WebPage","@id":"https:\/\/www.eldiario.net\/portal\/2025\/11\/24\/ahora-es-posible-compartir-archivos-entre-iphone-y-android-mediante-airdrop-y-quick-share\/","url":"https:\/\/www.eldiario.net\/portal\/2025\/11\/24\/ahora-es-posible-compartir-archivos-entre-iphone-y-android-mediante-airdrop-y-quick-share\/","name":"Ahora es posible compartir archivos entre iPhone y Android mediante AirDrop y Quick Share - El Diario - Bolivia","isPartOf":{"@id":"https:\/\/www.eldiario.net\/portal\/#website"},"primaryImageOfPage":{"@id":"https:\/\/www.eldiario.net\/portal\/2025\/11\/24\/ahora-es-posible-compartir-archivos-entre-iphone-y-android-mediante-airdrop-y-quick-share\/#primaryimage"},"image":{"@id":"https:\/\/www.eldiario.net\/portal\/2025\/11\/24\/ahora-es-posible-compartir-archivos-entre-iphone-y-android-mediante-airdrop-y-quick-share\/#primaryimage"},"thumbnailUrl":"https:\/\/www.eldiario.net\/portal\/wp-content\/uploads\/2025\/11\/3-B-3.webp","datePublished":"2025-11-24T05:01:48+00:00","breadcrumb":{"@id":"https:\/\/www.eldiario.net\/portal\/2025\/11\/24\/ahora-es-posible-compartir-archivos-entre-iphone-y-android-mediante-airdrop-y-quick-share\/#breadcrumb"},"inLanguage":"es","potentialAction":[{"@type":"ReadAction","target":["https:\/\/www.eldiario.net\/portal\/2025\/11\/24\/ahora-es-posible-compartir-archivos-entre-iphone-y-android-mediante-airdrop-y-quick-share\/"]}]},{"@type":"ImageObject","inLanguage":"es","@id":"https:\/\/www.eldiario.net\/portal\/2025\/11\/24\/ahora-es-posible-compartir-archivos-entre-iphone-y-android-mediante-airdrop-y-quick-share\/#primaryimage","url":"https:\/\/www.eldiario.net\/portal\/wp-content\/uploads\/2025\/11\/3-B-3.webp","contentUrl":"https:\/\/www.eldiario.net\/portal\/wp-content\/uploads\/2025\/11\/3-B-3.webp","width":903,"height":639},{"@type":"BreadcrumbList","@id":"https:\/\/www.eldiario.net\/portal\/2025\/11\/24\/ahora-es-posible-compartir-archivos-entre-iphone-y-android-mediante-airdrop-y-quick-share\/#breadcrumb","itemListElement":[{"@type":"ListItem","position":1,"name":"Portada","item":"https:\/\/www.eldiario.net\/portal\/"},{"@type":"ListItem","position":2,"name":"Ahora es posible compartir archivos entre iPhone y Android mediante AirDrop y Quick Share"}]},{"@type":"WebSite","@id":"https:\/\/www.eldiario.net\/portal\/#website","url":"https:\/\/www.eldiario.net\/portal\/","name":"El Diario - Decano de la prensa nacional","description":"El Diario - Decano de la prensa nacional","publisher":{"@id":"https:\/\/www.eldiario.net\/portal\/#organization"},"potentialAction":[{"@type":"SearchAction","target":{"@type":"EntryPoint","urlTemplate":"https:\/\/www.eldiario.net\/portal\/?s={search_term_string}"},"query-input":{"@type":"PropertyValueSpecification","valueRequired":true,"valueName":"search_term_string"}}],"inLanguage":"es"},{"@type":"Organization","@id":"https:\/\/www.eldiario.net\/portal\/#organization","name":"El Diario - Decano de la prensa nacional","url":"https:\/\/www.eldiario.net\/portal\/","logo":{"@type":"ImageObject","inLanguage":"es","@id":"https:\/\/www.eldiario.net\/portal\/#\/schema\/logo\/image\/","url":"https:\/\/www.eldiario.net\/portal\/wp-content\/uploads\/2023\/07\/logo_ED.jpg","contentUrl":"https:\/\/www.eldiario.net\/portal\/wp-content\/uploads\/2023\/07\/logo_ED.jpg","width":272,"height":52,"caption":"El Diario - Decano de la prensa nacional"},"image":{"@id":"https:\/\/www.eldiario.net\/portal\/#\/schema\/logo\/image\/"},"sameAs":["https:\/\/www.facebook.com\/eldiario.bolivia\/","https:\/\/x.com\/eldiario_net"]},{"@type":"Person","@id":"https:\/\/www.eldiario.net\/portal\/#\/schema\/person\/2c57cf2b7a7ae032e449e4c9b1019eac","name":"Jeanette","image":{"@type":"ImageObject","inLanguage":"es","@id":"https:\/\/secure.gravatar.com\/avatar\/3ea2118a5f7dad2b7138b1187a6b7ee55f160b9968b66013c3a3ef39dd7e5798?s=96&d=mm&r=g","url":"https:\/\/secure.gravatar.com\/avatar\/3ea2118a5f7dad2b7138b1187a6b7ee55f160b9968b66013c3a3ef39dd7e5798?s=96&d=mm&r=g","contentUrl":"https:\/\/secure.gravatar.com\/avatar\/3ea2118a5f7dad2b7138b1187a6b7ee55f160b9968b66013c3a3ef39dd7e5798?s=96&d=mm&r=g","caption":"Jeanette"},"sameAs":["https:\/\/www.eldiario.net\/portal"],"url":"https:\/\/www.eldiario.net\/portal\/author\/jeanette\/"}]}},"_links":{"self":[{"href":"https:\/\/www.eldiario.net\/portal\/wp-json\/wp\/v2\/posts\/347500","targetHints":{"allow":["GET"]}}],"collection":[{"href":"https:\/\/www.eldiario.net\/portal\/wp-json\/wp\/v2\/posts"}],"about":[{"href":"https:\/\/www.eldiario.net\/portal\/wp-json\/wp\/v2\/types\/post"}],"author":[{"embeddable":true,"href":"https:\/\/www.eldiario.net\/portal\/wp-json\/wp\/v2\/users\/1"}],"replies":[{"embeddable":true,"href":"https:\/\/www.eldiario.net\/portal\/wp-json\/wp\/v2\/comments?post=347500"}],"version-history":[{"count":1,"href":"https:\/\/www.eldiario.net\/portal\/wp-json\/wp\/v2\/posts\/347500\/revisions"}],"predecessor-version":[{"id":347502,"href":"https:\/\/www.eldiario.net\/portal\/wp-json\/wp\/v2\/posts\/347500\/revisions\/347502"}],"wp:featuredmedia":[{"embeddable":true,"href":"https:\/\/www.eldiario.net\/portal\/wp-json\/wp\/v2\/media\/347501"}],"wp:attachment":[{"href":"https:\/\/www.eldiario.net\/portal\/wp-json\/wp\/v2\/media?parent=347500"}],"wp:term":[{"taxonomy":"category","embeddable":true,"href":"https:\/\/www.eldiario.net\/portal\/wp-json\/wp\/v2\/categories?post=347500"},{"taxonomy":"post_tag","embeddable":true,"href":"https:\/\/www.eldiario.net\/portal\/wp-json\/wp\/v2\/tags?post=347500"}],"curies":[{"name":"wp","href":"https:\/\/api.w.org\/{rel}","templated":true}]}}