{"id":347330,"date":"2025-11-23T07:21:07","date_gmt":"2025-11-23T11:21:07","guid":{"rendered":"https:\/\/www.eldiario.net\/portal\/?p=347330"},"modified":"2025-11-23T07:21:07","modified_gmt":"2025-11-23T11:21:07","slug":"crisis-del-estado-discurso-y-gestion-de-rodrigo-paz","status":"publish","type":"post","link":"https:\/\/www.eldiario.net\/portal\/2025\/11\/23\/crisis-del-estado-discurso-y-gestion-de-rodrigo-paz\/","title":{"rendered":"Crisis del Estado, discurso y gesti\u00f3n de Rodrigo Paz"},"content":{"rendered":"<p>El presidente Rodrigo Paz Pereira declar\u00f3, refiri\u00e9ndose al Estado boliviano, que \u201cesto es una cloaca\u201d. La afirmaci\u00f3n, de car\u00e1cter provocador y simb\u00f3lico, se inscribe en una larga tradici\u00f3n de discursos pol\u00edticos que apelan a frases impactantes para anunciar supuestas transformaciones hist\u00f3ricas. Basta recordar expresiones como \u201cBolivia se nos muere\u201d, pronunciada por V\u00edctor Paz Estenssoro, o las recurrentes denuncias de Evo Morales, quien responsabiliz\u00f3 a los gobiernos neoliberales de la pobreza estructural, el desempleo persistente y la entrega de los recursos naturales a capitales transnacionales.<br \/>\nNo obstante, m\u00e1s all\u00e1 de su impacto medi\u00e1tico, este tipo de declaraciones hist\u00f3ricamente han sido incapaces de traducirse en transformaciones estructurales estables. En Bolivia, las grandes promesas han convivido con resultados decepcionantes. Si los gobiernos anteriores no cambiaron el rumbo del pa\u00eds, cabe preguntarse con realismo: \u00bfpor qu\u00e9 creer ahora en un nuevo discurso de salvaci\u00f3n pol\u00edtica?<br \/>\nLa denominada dinast\u00eda Paz \u2014V\u00edctor Paz Estenssoro, Jaime Paz Zamora y hoy Rodrigo Paz Pereira\u2014 ha construido hist\u00f3ricamente su legitimidad sobre discursos de fuerte carga simb\u00f3lica, orientados m\u00e1s a la gestualidad pol\u00edtica que a la implementaci\u00f3n efectiva de pol\u00edticas p\u00fablicas capaces de modificar la estructura social boliviana. El resultado ha sido una continuidad hist\u00f3rica donde la ret\u00f3rica del cambio convive con la persistencia de desigualdades profundas, un desarrollo econ\u00f3mico d\u00e9bil y un estancamiento institucional prolongado.<br \/>\nAl discurso de la \u201ccloaca\u201d, Paz Pereira sum\u00f3 la denuncia del presunto robo de 15 mil millones de d\u00f3lares, cifra que \u2014seg\u00fan \u00e9l\u2014 podr\u00eda seguir en aumento. Por supuesto, denunciando hechos ocurridos durante las gestiones del MAS. La acusaci\u00f3n podr\u00eda ser relevante, pero en Bolivia, como en muchas regiones del mundo, estas denuncias suelen terminar en nada. Basta recordar el caso de Javier Milei en Argentina, quien prometi\u00f3 acabar con los \u201cchorros\u201d y termin\u00f3 junto a su hermana envuelto en acusaciones de corrupci\u00f3n; o en Bolivia, cuando Jaime Paz Zamora fue investigado por v\u00ednculos con el narcotr\u00e1fico. A pesar de esc\u00e1ndalos semejantes, ni en Argentina ni en Bolivia nadie termina preso y mucho menos devuelve lo robado.<br \/>\nEl actual gobierno Paz\u2013Lara, ampliamente reconocido como una administraci\u00f3n improvisada, lleg\u00f3 al poder impulsado m\u00e1s por la popularidad de Lara y la demagogia electoral que por un proyecto econ\u00f3mico-financiero s\u00f3lido. A ello se suma el antecedente del fracaso de Rodrigo Paz en la Alcald\u00eda de Tarija \u2014una de las jurisdicciones con mayor presupuesto por habitante\u2014 y el giro hacia un gabinete tecnocr\u00e1tico liberal encabezado por Jos\u00e9 Luis Lupo, ex candidato vicepresidencial de Doria Medina. La designaci\u00f3n de figuras como Branko Marinkovic en temas de tierras en el Senado, Calder\u00f3n de la Barca en miner\u00eda con respaldo de los cooperativistas aur\u00edferos y la gran miner\u00eda transnacional, o el caso del renunciado Freddy Vidovic Falch por existir su sentencia ejecutoriada, conforman un cuadro pol\u00edtico inquietante para el futuro del pa\u00eds.<br \/>\nLa pregunta es directa y sin eufemismos:<br \/>\n\u00bfSer\u00e1 Rodrigo Paz un verdadero \u201cdestapaca\u00f1os\u201d capaz de limpiar la podredumbre estructural del Estado, o simplemente la continuaci\u00f3n del excremento pol\u00edtico que nos gobierna desde hace 40 a\u00f1os?<br \/>\nPorque cuatro d\u00e9cadas de neoliberalismo maquillado de estatismo, de discursos incendiarios y promesas redentoras, nos han dejado una realidad brutal: precariedad laboral en ascenso, informalidad como norma, hospitales colapsados y un sistema educativo que se cae a pedazos.<\/p>\n<p>El autor es economista, Magister en Investigaci\u00f3n Cient\u00edfica, consultor socio-econ\u00f3mico, ex rector de la UPEA y docente titular de la UMSA.<\/p>\n","protected":false},"excerpt":{"rendered":"<p>El presidente Rodrigo Paz Pereira declar\u00f3, refiri\u00e9ndose al Estado boliviano, que \u201cesto es una cloaca\u201d. La afirmaci\u00f3n, de car\u00e1cter provocador y simb\u00f3lico, se inscribe en una larga tradici\u00f3n de discursos pol\u00edticos que apelan a frases impactantes para anunciar supuestas transformaciones hist\u00f3ricas. Basta recordar expresiones como \u201cBolivia se nos muere\u201d, pronunciada por V\u00edctor Paz Estenssoro, o [&hellip;]<\/p>\n","protected":false},"author":1,"featured_media":200417,"comment_status":"closed","ping_status":"open","sticky":false,"template":"","format":"standard","meta":{"_acf_changed":false,"footnotes":""},"categories":[9],"tags":[],"class_list":["post-347330","post","type-post","status-publish","format-standard","has-post-thumbnail","category-opinion"],"acf":{"antetitulo":""},"yoast_head":"<!-- This site is optimized with the Yoast SEO plugin v28.3 - https:\/\/yoast.com\/product\/yoast-seo-wordpress\/ -->\n<title>Crisis del Estado, discurso y gesti\u00f3n de Rodrigo Paz - El Diario - Bolivia<\/title>\n<meta name=\"robots\" content=\"index, follow, max-snippet:-1, max-image-preview:large, max-video-preview:-1\" \/>\n<link rel=\"canonical\" href=\"https:\/\/www.eldiario.net\/portal\/2025\/11\/23\/crisis-del-estado-discurso-y-gestion-de-rodrigo-paz\/\" \/>\n<meta property=\"og:locale\" content=\"es_ES\" \/>\n<meta property=\"og:type\" content=\"article\" \/>\n<meta property=\"og:title\" content=\"Crisis del Estado, discurso y gesti\u00f3n de Rodrigo Paz - El Diario - Bolivia\" \/>\n<meta property=\"og:description\" content=\"El presidente Rodrigo Paz Pereira declar\u00f3, refiri\u00e9ndose al Estado boliviano, que \u201cesto es una cloaca\u201d. La afirmaci\u00f3n, de car\u00e1cter provocador y simb\u00f3lico, se inscribe en una larga tradici\u00f3n de discursos pol\u00edticos que apelan a frases impactantes para anunciar supuestas transformaciones hist\u00f3ricas. Basta recordar expresiones como \u201cBolivia se nos muere\u201d, pronunciada por V\u00edctor Paz Estenssoro, o [&hellip;]\" \/>\n<meta property=\"og:url\" content=\"https:\/\/www.eldiario.net\/portal\/2025\/11\/23\/crisis-del-estado-discurso-y-gestion-de-rodrigo-paz\/\" \/>\n<meta property=\"og:site_name\" content=\"El Diario - Bolivia\" \/>\n<meta property=\"article:publisher\" content=\"https:\/\/www.facebook.com\/eldiario.bolivia\/\" \/>\n<meta property=\"article:published_time\" content=\"2025-11-23T11:21:07+00:00\" \/>\n<meta property=\"og:image\" content=\"https:\/\/www.eldiario.net\/portal\/wp-content\/uploads\/2024\/01\/Federico-Zelada-Bilbao.jpg\" \/>\n\t<meta property=\"og:image:width\" content=\"1200\" \/>\n\t<meta property=\"og:image:height\" content=\"628\" \/>\n\t<meta property=\"og:image:type\" content=\"image\/jpeg\" \/>\n<meta name=\"author\" content=\"Jeanette\" \/>\n<meta name=\"twitter:card\" content=\"summary_large_image\" \/>\n<meta name=\"twitter:creator\" content=\"@eldiario_net\" \/>\n<meta name=\"twitter:site\" content=\"@eldiario_net\" \/>\n<meta name=\"twitter:label1\" content=\"Escrito por\" \/>\n\t<meta name=\"twitter:data1\" content=\"Jeanette\" \/>\n\t<meta name=\"twitter:label2\" content=\"Tiempo de lectura\" \/>\n\t<meta name=\"twitter:data2\" content=\"3 minutos\" \/>\n<script type=\"application\/ld+json\" class=\"yoast-schema-graph\">{\"@context\":\"https:\\\/\\\/schema.org\",\"@graph\":[{\"@type\":\"Article\",\"@id\":\"https:\\\/\\\/www.eldiario.net\\\/portal\\\/2025\\\/11\\\/23\\\/crisis-del-estado-discurso-y-gestion-de-rodrigo-paz\\\/#article\",\"isPartOf\":{\"@id\":\"https:\\\/\\\/www.eldiario.net\\\/portal\\\/2025\\\/11\\\/23\\\/crisis-del-estado-discurso-y-gestion-de-rodrigo-paz\\\/\"},\"author\":{\"name\":\"Jeanette\",\"@id\":\"https:\\\/\\\/www.eldiario.net\\\/portal\\\/#\\\/schema\\\/person\\\/f46445640444750d7d753ccd04ae01b7\"},\"headline\":\"Crisis del Estado, discurso y gesti\u00f3n de Rodrigo Paz\",\"datePublished\":\"2025-11-23T11:21:07+00:00\",\"mainEntityOfPage\":{\"@id\":\"https:\\\/\\\/www.eldiario.net\\\/portal\\\/2025\\\/11\\\/23\\\/crisis-del-estado-discurso-y-gestion-de-rodrigo-paz\\\/\"},\"wordCount\":621,\"publisher\":{\"@id\":\"https:\\\/\\\/www.eldiario.net\\\/portal\\\/#organization\"},\"image\":{\"@id\":\"https:\\\/\\\/www.eldiario.net\\\/portal\\\/2025\\\/11\\\/23\\\/crisis-del-estado-discurso-y-gestion-de-rodrigo-paz\\\/#primaryimage\"},\"thumbnailUrl\":\"https:\\\/\\\/www.eldiario.net\\\/portal\\\/wp-content\\\/uploads\\\/2024\\\/01\\\/Federico-Zelada-Bilbao.jpg\",\"articleSection\":[\"Opini\u00f3n\"],\"inLanguage\":\"es\"},{\"@type\":\"WebPage\",\"@id\":\"https:\\\/\\\/www.eldiario.net\\\/portal\\\/2025\\\/11\\\/23\\\/crisis-del-estado-discurso-y-gestion-de-rodrigo-paz\\\/\",\"url\":\"https:\\\/\\\/www.eldiario.net\\\/portal\\\/2025\\\/11\\\/23\\\/crisis-del-estado-discurso-y-gestion-de-rodrigo-paz\\\/\",\"name\":\"Crisis del Estado, discurso y gesti\u00f3n de Rodrigo Paz - El Diario - Bolivia\",\"isPartOf\":{\"@id\":\"https:\\\/\\\/www.eldiario.net\\\/portal\\\/#website\"},\"primaryImageOfPage\":{\"@id\":\"https:\\\/\\\/www.eldiario.net\\\/portal\\\/2025\\\/11\\\/23\\\/crisis-del-estado-discurso-y-gestion-de-rodrigo-paz\\\/#primaryimage\"},\"image\":{\"@id\":\"https:\\\/\\\/www.eldiario.net\\\/portal\\\/2025\\\/11\\\/23\\\/crisis-del-estado-discurso-y-gestion-de-rodrigo-paz\\\/#primaryimage\"},\"thumbnailUrl\":\"https:\\\/\\\/www.eldiario.net\\\/portal\\\/wp-content\\\/uploads\\\/2024\\\/01\\\/Federico-Zelada-Bilbao.jpg\",\"datePublished\":\"2025-11-23T11:21:07+00:00\",\"breadcrumb\":{\"@id\":\"https:\\\/\\\/www.eldiario.net\\\/portal\\\/2025\\\/11\\\/23\\\/crisis-del-estado-discurso-y-gestion-de-rodrigo-paz\\\/#breadcrumb\"},\"inLanguage\":\"es\",\"potentialAction\":[{\"@type\":\"ReadAction\",\"target\":[\"https:\\\/\\\/www.eldiario.net\\\/portal\\\/2025\\\/11\\\/23\\\/crisis-del-estado-discurso-y-gestion-de-rodrigo-paz\\\/\"]}]},{\"@type\":\"ImageObject\",\"inLanguage\":\"es\",\"@id\":\"https:\\\/\\\/www.eldiario.net\\\/portal\\\/2025\\\/11\\\/23\\\/crisis-del-estado-discurso-y-gestion-de-rodrigo-paz\\\/#primaryimage\",\"url\":\"https:\\\/\\\/www.eldiario.net\\\/portal\\\/wp-content\\\/uploads\\\/2024\\\/01\\\/Federico-Zelada-Bilbao.jpg\",\"contentUrl\":\"https:\\\/\\\/www.eldiario.net\\\/portal\\\/wp-content\\\/uploads\\\/2024\\\/01\\\/Federico-Zelada-Bilbao.jpg\",\"width\":1200,\"height\":628},{\"@type\":\"BreadcrumbList\",\"@id\":\"https:\\\/\\\/www.eldiario.net\\\/portal\\\/2025\\\/11\\\/23\\\/crisis-del-estado-discurso-y-gestion-de-rodrigo-paz\\\/#breadcrumb\",\"itemListElement\":[{\"@type\":\"ListItem\",\"position\":1,\"name\":\"Portada\",\"item\":\"https:\\\/\\\/www.eldiario.net\\\/portal\\\/\"},{\"@type\":\"ListItem\",\"position\":2,\"name\":\"Crisis del Estado, discurso y gesti\u00f3n de Rodrigo Paz\"}]},{\"@type\":\"WebSite\",\"@id\":\"https:\\\/\\\/www.eldiario.net\\\/portal\\\/#website\",\"url\":\"https:\\\/\\\/www.eldiario.net\\\/portal\\\/\",\"name\":\"El Diario - Decano de la prensa nacional\",\"description\":\"El Diario - Decano de la prensa nacional\",\"publisher\":{\"@id\":\"https:\\\/\\\/www.eldiario.net\\\/portal\\\/#organization\"},\"potentialAction\":[{\"@type\":\"SearchAction\",\"target\":{\"@type\":\"EntryPoint\",\"urlTemplate\":\"https:\\\/\\\/www.eldiario.net\\\/portal\\\/?s={search_term_string}\"},\"query-input\":{\"@type\":\"PropertyValueSpecification\",\"valueRequired\":true,\"valueName\":\"search_term_string\"}}],\"inLanguage\":\"es\"},{\"@type\":\"Organization\",\"@id\":\"https:\\\/\\\/www.eldiario.net\\\/portal\\\/#organization\",\"name\":\"El Diario - Decano de la prensa nacional\",\"url\":\"https:\\\/\\\/www.eldiario.net\\\/portal\\\/\",\"logo\":{\"@type\":\"ImageObject\",\"inLanguage\":\"es\",\"@id\":\"https:\\\/\\\/www.eldiario.net\\\/portal\\\/#\\\/schema\\\/logo\\\/image\\\/\",\"url\":\"https:\\\/\\\/www.eldiario.net\\\/portal\\\/wp-content\\\/uploads\\\/2023\\\/07\\\/logo_ED.jpg\",\"contentUrl\":\"https:\\\/\\\/www.eldiario.net\\\/portal\\\/wp-content\\\/uploads\\\/2023\\\/07\\\/logo_ED.jpg\",\"width\":272,\"height\":52,\"caption\":\"El Diario - Decano de la prensa nacional\"},\"image\":{\"@id\":\"https:\\\/\\\/www.eldiario.net\\\/portal\\\/#\\\/schema\\\/logo\\\/image\\\/\"},\"sameAs\":[\"https:\\\/\\\/www.facebook.com\\\/eldiario.bolivia\\\/\",\"https:\\\/\\\/x.com\\\/eldiario_net\"]},{\"@type\":\"Person\",\"@id\":\"https:\\\/\\\/www.eldiario.net\\\/portal\\\/#\\\/schema\\\/person\\\/f46445640444750d7d753ccd04ae01b7\",\"name\":\"Jeanette\",\"image\":{\"@type\":\"ImageObject\",\"inLanguage\":\"es\",\"@id\":\"https:\\\/\\\/secure.gravatar.com\\\/avatar\\\/3ea2118a5f7dad2b7138b1187a6b7ee55f160b9968b66013c3a3ef39dd7e5798?s=96&d=mm&r=g\",\"url\":\"https:\\\/\\\/secure.gravatar.com\\\/avatar\\\/3ea2118a5f7dad2b7138b1187a6b7ee55f160b9968b66013c3a3ef39dd7e5798?s=96&d=mm&r=g\",\"contentUrl\":\"https:\\\/\\\/secure.gravatar.com\\\/avatar\\\/3ea2118a5f7dad2b7138b1187a6b7ee55f160b9968b66013c3a3ef39dd7e5798?s=96&d=mm&r=g\",\"caption\":\"Jeanette\"},\"sameAs\":[\"https:\\\/\\\/www.eldiario.net\\\/portal\"],\"url\":\"https:\\\/\\\/www.eldiario.net\\\/portal\\\/author\\\/jeanette\\\/\"}]}<\/script>\n<!-- \/ Yoast SEO plugin. -->","yoast_head_json":{"title":"Crisis del Estado, discurso y gesti\u00f3n de Rodrigo Paz - El Diario - Bolivia","robots":{"index":"index","follow":"follow","max-snippet":"max-snippet:-1","max-image-preview":"max-image-preview:large","max-video-preview":"max-video-preview:-1"},"canonical":"https:\/\/www.eldiario.net\/portal\/2025\/11\/23\/crisis-del-estado-discurso-y-gestion-de-rodrigo-paz\/","og_locale":"es_ES","og_type":"article","og_title":"Crisis del Estado, discurso y gesti\u00f3n de Rodrigo Paz - El Diario - Bolivia","og_description":"El presidente Rodrigo Paz Pereira declar\u00f3, refiri\u00e9ndose al Estado boliviano, que \u201cesto es una cloaca\u201d. La afirmaci\u00f3n, de car\u00e1cter provocador y simb\u00f3lico, se inscribe en una larga tradici\u00f3n de discursos pol\u00edticos que apelan a frases impactantes para anunciar supuestas transformaciones hist\u00f3ricas. Basta recordar expresiones como \u201cBolivia se nos muere\u201d, pronunciada por V\u00edctor Paz Estenssoro, o [&hellip;]","og_url":"https:\/\/www.eldiario.net\/portal\/2025\/11\/23\/crisis-del-estado-discurso-y-gestion-de-rodrigo-paz\/","og_site_name":"El Diario - Bolivia","article_publisher":"https:\/\/www.facebook.com\/eldiario.bolivia\/","article_published_time":"2025-11-23T11:21:07+00:00","og_image":[{"width":1200,"height":628,"url":"https:\/\/www.eldiario.net\/portal\/wp-content\/uploads\/2024\/01\/Federico-Zelada-Bilbao.jpg","type":"image\/jpeg"}],"author":"Jeanette","twitter_card":"summary_large_image","twitter_creator":"@eldiario_net","twitter_site":"@eldiario_net","twitter_misc":{"Escrito por":"Jeanette","Tiempo de lectura":"3 minutos"},"schema":{"@context":"https:\/\/schema.org","@graph":[{"@type":"Article","@id":"https:\/\/www.eldiario.net\/portal\/2025\/11\/23\/crisis-del-estado-discurso-y-gestion-de-rodrigo-paz\/#article","isPartOf":{"@id":"https:\/\/www.eldiario.net\/portal\/2025\/11\/23\/crisis-del-estado-discurso-y-gestion-de-rodrigo-paz\/"},"author":{"name":"Jeanette","@id":"https:\/\/www.eldiario.net\/portal\/#\/schema\/person\/f46445640444750d7d753ccd04ae01b7"},"headline":"Crisis del Estado, discurso y gesti\u00f3n de Rodrigo Paz","datePublished":"2025-11-23T11:21:07+00:00","mainEntityOfPage":{"@id":"https:\/\/www.eldiario.net\/portal\/2025\/11\/23\/crisis-del-estado-discurso-y-gestion-de-rodrigo-paz\/"},"wordCount":621,"publisher":{"@id":"https:\/\/www.eldiario.net\/portal\/#organization"},"image":{"@id":"https:\/\/www.eldiario.net\/portal\/2025\/11\/23\/crisis-del-estado-discurso-y-gestion-de-rodrigo-paz\/#primaryimage"},"thumbnailUrl":"https:\/\/www.eldiario.net\/portal\/wp-content\/uploads\/2024\/01\/Federico-Zelada-Bilbao.jpg","articleSection":["Opini\u00f3n"],"inLanguage":"es"},{"@type":"WebPage","@id":"https:\/\/www.eldiario.net\/portal\/2025\/11\/23\/crisis-del-estado-discurso-y-gestion-de-rodrigo-paz\/","url":"https:\/\/www.eldiario.net\/portal\/2025\/11\/23\/crisis-del-estado-discurso-y-gestion-de-rodrigo-paz\/","name":"Crisis del Estado, discurso y gesti\u00f3n de Rodrigo Paz - El Diario - Bolivia","isPartOf":{"@id":"https:\/\/www.eldiario.net\/portal\/#website"},"primaryImageOfPage":{"@id":"https:\/\/www.eldiario.net\/portal\/2025\/11\/23\/crisis-del-estado-discurso-y-gestion-de-rodrigo-paz\/#primaryimage"},"image":{"@id":"https:\/\/www.eldiario.net\/portal\/2025\/11\/23\/crisis-del-estado-discurso-y-gestion-de-rodrigo-paz\/#primaryimage"},"thumbnailUrl":"https:\/\/www.eldiario.net\/portal\/wp-content\/uploads\/2024\/01\/Federico-Zelada-Bilbao.jpg","datePublished":"2025-11-23T11:21:07+00:00","breadcrumb":{"@id":"https:\/\/www.eldiario.net\/portal\/2025\/11\/23\/crisis-del-estado-discurso-y-gestion-de-rodrigo-paz\/#breadcrumb"},"inLanguage":"es","potentialAction":[{"@type":"ReadAction","target":["https:\/\/www.eldiario.net\/portal\/2025\/11\/23\/crisis-del-estado-discurso-y-gestion-de-rodrigo-paz\/"]}]},{"@type":"ImageObject","inLanguage":"es","@id":"https:\/\/www.eldiario.net\/portal\/2025\/11\/23\/crisis-del-estado-discurso-y-gestion-de-rodrigo-paz\/#primaryimage","url":"https:\/\/www.eldiario.net\/portal\/wp-content\/uploads\/2024\/01\/Federico-Zelada-Bilbao.jpg","contentUrl":"https:\/\/www.eldiario.net\/portal\/wp-content\/uploads\/2024\/01\/Federico-Zelada-Bilbao.jpg","width":1200,"height":628},{"@type":"BreadcrumbList","@id":"https:\/\/www.eldiario.net\/portal\/2025\/11\/23\/crisis-del-estado-discurso-y-gestion-de-rodrigo-paz\/#breadcrumb","itemListElement":[{"@type":"ListItem","position":1,"name":"Portada","item":"https:\/\/www.eldiario.net\/portal\/"},{"@type":"ListItem","position":2,"name":"Crisis del Estado, discurso y gesti\u00f3n de Rodrigo Paz"}]},{"@type":"WebSite","@id":"https:\/\/www.eldiario.net\/portal\/#website","url":"https:\/\/www.eldiario.net\/portal\/","name":"El Diario - Decano de la prensa nacional","description":"El Diario - Decano de la prensa nacional","publisher":{"@id":"https:\/\/www.eldiario.net\/portal\/#organization"},"potentialAction":[{"@type":"SearchAction","target":{"@type":"EntryPoint","urlTemplate":"https:\/\/www.eldiario.net\/portal\/?s={search_term_string}"},"query-input":{"@type":"PropertyValueSpecification","valueRequired":true,"valueName":"search_term_string"}}],"inLanguage":"es"},{"@type":"Organization","@id":"https:\/\/www.eldiario.net\/portal\/#organization","name":"El Diario - Decano de la prensa nacional","url":"https:\/\/www.eldiario.net\/portal\/","logo":{"@type":"ImageObject","inLanguage":"es","@id":"https:\/\/www.eldiario.net\/portal\/#\/schema\/logo\/image\/","url":"https:\/\/www.eldiario.net\/portal\/wp-content\/uploads\/2023\/07\/logo_ED.jpg","contentUrl":"https:\/\/www.eldiario.net\/portal\/wp-content\/uploads\/2023\/07\/logo_ED.jpg","width":272,"height":52,"caption":"El Diario - Decano de la prensa nacional"},"image":{"@id":"https:\/\/www.eldiario.net\/portal\/#\/schema\/logo\/image\/"},"sameAs":["https:\/\/www.facebook.com\/eldiario.bolivia\/","https:\/\/x.com\/eldiario_net"]},{"@type":"Person","@id":"https:\/\/www.eldiario.net\/portal\/#\/schema\/person\/f46445640444750d7d753ccd04ae01b7","name":"Jeanette","image":{"@type":"ImageObject","inLanguage":"es","@id":"https:\/\/secure.gravatar.com\/avatar\/3ea2118a5f7dad2b7138b1187a6b7ee55f160b9968b66013c3a3ef39dd7e5798?s=96&d=mm&r=g","url":"https:\/\/secure.gravatar.com\/avatar\/3ea2118a5f7dad2b7138b1187a6b7ee55f160b9968b66013c3a3ef39dd7e5798?s=96&d=mm&r=g","contentUrl":"https:\/\/secure.gravatar.com\/avatar\/3ea2118a5f7dad2b7138b1187a6b7ee55f160b9968b66013c3a3ef39dd7e5798?s=96&d=mm&r=g","caption":"Jeanette"},"sameAs":["https:\/\/www.eldiario.net\/portal"],"url":"https:\/\/www.eldiario.net\/portal\/author\/jeanette\/"}]}},"_links":{"self":[{"href":"https:\/\/www.eldiario.net\/portal\/wp-json\/wp\/v2\/posts\/347330","targetHints":{"allow":["GET"]}}],"collection":[{"href":"https:\/\/www.eldiario.net\/portal\/wp-json\/wp\/v2\/posts"}],"about":[{"href":"https:\/\/www.eldiario.net\/portal\/wp-json\/wp\/v2\/types\/post"}],"author":[{"embeddable":true,"href":"https:\/\/www.eldiario.net\/portal\/wp-json\/wp\/v2\/users\/1"}],"replies":[{"embeddable":true,"href":"https:\/\/www.eldiario.net\/portal\/wp-json\/wp\/v2\/comments?post=347330"}],"version-history":[{"count":1,"href":"https:\/\/www.eldiario.net\/portal\/wp-json\/wp\/v2\/posts\/347330\/revisions"}],"predecessor-version":[{"id":347331,"href":"https:\/\/www.eldiario.net\/portal\/wp-json\/wp\/v2\/posts\/347330\/revisions\/347331"}],"wp:featuredmedia":[{"embeddable":true,"href":"https:\/\/www.eldiario.net\/portal\/wp-json\/wp\/v2\/media\/200417"}],"wp:attachment":[{"href":"https:\/\/www.eldiario.net\/portal\/wp-json\/wp\/v2\/media?parent=347330"}],"wp:term":[{"taxonomy":"category","embeddable":true,"href":"https:\/\/www.eldiario.net\/portal\/wp-json\/wp\/v2\/categories?post=347330"},{"taxonomy":"post_tag","embeddable":true,"href":"https:\/\/www.eldiario.net\/portal\/wp-json\/wp\/v2\/tags?post=347330"}],"curies":[{"name":"wp","href":"https:\/\/api.w.org\/{rel}","templated":true}]}}