{"id":347326,"date":"2025-11-23T07:19:53","date_gmt":"2025-11-23T11:19:53","guid":{"rendered":"https:\/\/www.eldiario.net\/portal\/?p=347326"},"modified":"2025-11-23T07:19:53","modified_gmt":"2025-11-23T11:19:53","slug":"a-quien-obedece-lara","status":"publish","type":"post","link":"https:\/\/www.eldiario.net\/portal\/2025\/11\/23\/a-quien-obedece-lara\/","title":{"rendered":"\u00bfA qui\u00e9n obedece Lara?"},"content":{"rendered":"<p>El MAS no se iba a marchar s\u00f3lo porque tuvo 3% de los votos, ni iba a permitir f\u00e1cilmente que se destruya todo el andamiaje de corrupci\u00f3n que construy\u00f3 con tanto esmero en veinte a\u00f1os.<br \/>\n\u00bfC\u00f3mo puede el MAS frenar las reformas que el gobierno necesita aplicar para borrar la herencia de corrupci\u00f3n dejada en todas las instituciones del pa\u00eds?<br \/>\nSe necesita distraer la atenci\u00f3n del nuevo gobierno, impedir que pueda dedicar el tiempo necesario a su tarea de resucitar al pa\u00eds.<br \/>\nEl \u201cmasismo\u201d tiene algunas ideas para impedir que su derrota electoral se convierta en la muerte definitiva del MAS.<br \/>\n\u00bfQui\u00e9nes manejan esta estrategia para evitar que la huella del MAS sea eliminada para siempre?<br \/>\nHay algunos indicios.<br \/>\nDesde Chapare, el cocalero exige al gobierno de Rodrigo Paz que atienda todas las exigencias del vicepresidente, pero sobre todo que le permita asistir a las reuniones de gabinete.<br \/>\nAlgo sabe el cocalero de las aptitudes del vicepresidente, como aquellas que llevaron a su expulsi\u00f3n de la polic\u00eda, una expulsi\u00f3n con ignominia, porque de ninguna manera puede ser revisada.<br \/>\nUn memor\u00e1ndum de la polic\u00eda dice que la expulsi\u00f3n se produjo en junio de 2024, y que se bas\u00f3 en un informe elaborado por la comisi\u00f3n disciplinaria.<br \/>\nEn ese informe figuran casos de corrupci\u00f3n cometidos por el actual vicepresidente en Coroico y otros, tan graves, que llevaron a su expulsi\u00f3n de la instituci\u00f3n.<br \/>\nEl memor\u00e1ndum del 20 de junio de 2024 dice que el oficial es sancionado \u201ccon la baja definitiva de la instituci\u00f3n policial, sin derecho a reincorporaci\u00f3n por la comisi\u00f3n de la falta disciplinaria prevista en el art\u00edculo 14 n\u00famero 9, concordante con el art\u00edculo 15, en m\u00e9rito al art\u00edculo 93 de la ley 101 del r\u00e9gimen disciplinario de la Polic\u00eda Boliviana\u201d.<br \/>\nEl memor\u00e1ndum le exigi\u00f3 al oficial expulsado entregar una declaraci\u00f3n jurada de bienes y rentas en el plazo de 30 d\u00edas, lo que el imputado no cumpli\u00f3.<br \/>\nPor el momento, la bulla que hace el vice est\u00e1 frenando el empe\u00f1o del gobierno en ir destruyendo el desastre dejado por el partido de los cocaleros y narcos.<br \/>\nDesde oficinas del gobierno y de las empresas estatales, los masistas sonr\u00eden porque no los han reemplazado todav\u00eda, ni el gobierno nuevo tiene tiempo para hacerlo.<br \/>\nEl Gobierno no est\u00e1 con el freno de mano puesto, sino con un problema interno que no lo deja avanzar.<br \/>\nEl vicepresidente act\u00faa como un desquiciado, un psic\u00f3pata que desde el primer d\u00eda se propuso desafiar al presidente a competir en reuniones de sus seguidores.<br \/>\nAhora ha roto la alianza que le une al presidente al anunciar que su partido ir\u00e1 por su cuenta a las elecciones subnacionales fijadas para el 22 de marzo.<\/p>\n<p>Siglo21bolivia.com<\/p>\n","protected":false},"excerpt":{"rendered":"<p>El MAS no se iba a marchar s\u00f3lo porque tuvo 3% de los votos, ni iba a permitir f\u00e1cilmente que se destruya todo el andamiaje de corrupci\u00f3n que construy\u00f3 con tanto esmero en veinte a\u00f1os. \u00bfC\u00f3mo puede el MAS frenar las reformas que el gobierno necesita aplicar para borrar la herencia de corrupci\u00f3n dejada en [&hellip;]<\/p>\n","protected":false},"author":1,"featured_media":159362,"comment_status":"closed","ping_status":"open","sticky":false,"template":"","format":"standard","meta":{"_acf_changed":false,"footnotes":""},"categories":[9],"tags":[],"class_list":["post-347326","post","type-post","status-publish","format-standard","has-post-thumbnail","category-opinion"],"acf":{"antetitulo":"Recuerdos del presente"},"yoast_head":"<!-- This site is optimized with the Yoast SEO plugin v28.3 - https:\/\/yoast.com\/product\/yoast-seo-wordpress\/ -->\n<title>\u00bfA qui\u00e9n obedece Lara? - El Diario - Bolivia<\/title>\n<meta name=\"robots\" content=\"index, follow, max-snippet:-1, max-image-preview:large, max-video-preview:-1\" \/>\n<link rel=\"canonical\" href=\"https:\/\/www.eldiario.net\/portal\/2025\/11\/23\/a-quien-obedece-lara\/\" \/>\n<meta property=\"og:locale\" content=\"es_ES\" \/>\n<meta property=\"og:type\" content=\"article\" \/>\n<meta property=\"og:title\" content=\"\u00bfA qui\u00e9n obedece Lara? - El Diario - Bolivia\" \/>\n<meta property=\"og:description\" content=\"El MAS no se iba a marchar s\u00f3lo porque tuvo 3% de los votos, ni iba a permitir f\u00e1cilmente que se destruya todo el andamiaje de corrupci\u00f3n que construy\u00f3 con tanto esmero en veinte a\u00f1os. \u00bfC\u00f3mo puede el MAS frenar las reformas que el gobierno necesita aplicar para borrar la herencia de corrupci\u00f3n dejada en [&hellip;]\" \/>\n<meta property=\"og:url\" content=\"https:\/\/www.eldiario.net\/portal\/2025\/11\/23\/a-quien-obedece-lara\/\" \/>\n<meta property=\"og:site_name\" content=\"El Diario - Bolivia\" \/>\n<meta property=\"article:publisher\" content=\"https:\/\/www.facebook.com\/eldiario.bolivia\/\" \/>\n<meta property=\"article:published_time\" content=\"2025-11-23T11:19:53+00:00\" \/>\n<meta property=\"og:image\" content=\"https:\/\/www.eldiario.net\/portal\/wp-content\/uploads\/2023\/06\/Humberto-Vacaflor-Ganam-1.jpg\" \/>\n\t<meta property=\"og:image:width\" content=\"1200\" \/>\n\t<meta property=\"og:image:height\" content=\"628\" \/>\n\t<meta property=\"og:image:type\" content=\"image\/jpeg\" \/>\n<meta name=\"author\" content=\"Jeanette\" \/>\n<meta name=\"twitter:card\" content=\"summary_large_image\" \/>\n<meta name=\"twitter:creator\" content=\"@eldiario_net\" \/>\n<meta name=\"twitter:site\" content=\"@eldiario_net\" \/>\n<meta name=\"twitter:label1\" content=\"Escrito por\" \/>\n\t<meta name=\"twitter:data1\" content=\"Jeanette\" \/>\n\t<meta name=\"twitter:label2\" content=\"Tiempo de lectura\" \/>\n\t<meta name=\"twitter:data2\" content=\"3 minutos\" \/>\n<script type=\"application\/ld+json\" class=\"yoast-schema-graph\">{\"@context\":\"https:\\\/\\\/schema.org\",\"@graph\":[{\"@type\":\"Article\",\"@id\":\"https:\\\/\\\/www.eldiario.net\\\/portal\\\/2025\\\/11\\\/23\\\/a-quien-obedece-lara\\\/#article\",\"isPartOf\":{\"@id\":\"https:\\\/\\\/www.eldiario.net\\\/portal\\\/2025\\\/11\\\/23\\\/a-quien-obedece-lara\\\/\"},\"author\":{\"name\":\"Jeanette\",\"@id\":\"https:\\\/\\\/www.eldiario.net\\\/portal\\\/#\\\/schema\\\/person\\\/f46445640444750d7d753ccd04ae01b7\"},\"headline\":\"\u00bfA qui\u00e9n obedece Lara?\",\"datePublished\":\"2025-11-23T11:19:53+00:00\",\"mainEntityOfPage\":{\"@id\":\"https:\\\/\\\/www.eldiario.net\\\/portal\\\/2025\\\/11\\\/23\\\/a-quien-obedece-lara\\\/\"},\"wordCount\":485,\"publisher\":{\"@id\":\"https:\\\/\\\/www.eldiario.net\\\/portal\\\/#organization\"},\"image\":{\"@id\":\"https:\\\/\\\/www.eldiario.net\\\/portal\\\/2025\\\/11\\\/23\\\/a-quien-obedece-lara\\\/#primaryimage\"},\"thumbnailUrl\":\"https:\\\/\\\/www.eldiario.net\\\/portal\\\/wp-content\\\/uploads\\\/2023\\\/06\\\/Humberto-Vacaflor-Ganam-1.jpg\",\"articleSection\":[\"Opini\u00f3n\"],\"inLanguage\":\"es\"},{\"@type\":\"WebPage\",\"@id\":\"https:\\\/\\\/www.eldiario.net\\\/portal\\\/2025\\\/11\\\/23\\\/a-quien-obedece-lara\\\/\",\"url\":\"https:\\\/\\\/www.eldiario.net\\\/portal\\\/2025\\\/11\\\/23\\\/a-quien-obedece-lara\\\/\",\"name\":\"\u00bfA qui\u00e9n obedece Lara? - El Diario - Bolivia\",\"isPartOf\":{\"@id\":\"https:\\\/\\\/www.eldiario.net\\\/portal\\\/#website\"},\"primaryImageOfPage\":{\"@id\":\"https:\\\/\\\/www.eldiario.net\\\/portal\\\/2025\\\/11\\\/23\\\/a-quien-obedece-lara\\\/#primaryimage\"},\"image\":{\"@id\":\"https:\\\/\\\/www.eldiario.net\\\/portal\\\/2025\\\/11\\\/23\\\/a-quien-obedece-lara\\\/#primaryimage\"},\"thumbnailUrl\":\"https:\\\/\\\/www.eldiario.net\\\/portal\\\/wp-content\\\/uploads\\\/2023\\\/06\\\/Humberto-Vacaflor-Ganam-1.jpg\",\"datePublished\":\"2025-11-23T11:19:53+00:00\",\"breadcrumb\":{\"@id\":\"https:\\\/\\\/www.eldiario.net\\\/portal\\\/2025\\\/11\\\/23\\\/a-quien-obedece-lara\\\/#breadcrumb\"},\"inLanguage\":\"es\",\"potentialAction\":[{\"@type\":\"ReadAction\",\"target\":[\"https:\\\/\\\/www.eldiario.net\\\/portal\\\/2025\\\/11\\\/23\\\/a-quien-obedece-lara\\\/\"]}]},{\"@type\":\"ImageObject\",\"inLanguage\":\"es\",\"@id\":\"https:\\\/\\\/www.eldiario.net\\\/portal\\\/2025\\\/11\\\/23\\\/a-quien-obedece-lara\\\/#primaryimage\",\"url\":\"https:\\\/\\\/www.eldiario.net\\\/portal\\\/wp-content\\\/uploads\\\/2023\\\/06\\\/Humberto-Vacaflor-Ganam-1.jpg\",\"contentUrl\":\"https:\\\/\\\/www.eldiario.net\\\/portal\\\/wp-content\\\/uploads\\\/2023\\\/06\\\/Humberto-Vacaflor-Ganam-1.jpg\",\"width\":1200,\"height\":628,\"caption\":\"Humberto Vacaflor Ganam\"},{\"@type\":\"BreadcrumbList\",\"@id\":\"https:\\\/\\\/www.eldiario.net\\\/portal\\\/2025\\\/11\\\/23\\\/a-quien-obedece-lara\\\/#breadcrumb\",\"itemListElement\":[{\"@type\":\"ListItem\",\"position\":1,\"name\":\"Portada\",\"item\":\"https:\\\/\\\/www.eldiario.net\\\/portal\\\/\"},{\"@type\":\"ListItem\",\"position\":2,\"name\":\"\u00bfA qui\u00e9n obedece Lara?\"}]},{\"@type\":\"WebSite\",\"@id\":\"https:\\\/\\\/www.eldiario.net\\\/portal\\\/#website\",\"url\":\"https:\\\/\\\/www.eldiario.net\\\/portal\\\/\",\"name\":\"El Diario - Decano de la prensa nacional\",\"description\":\"El Diario - Decano de la prensa nacional\",\"publisher\":{\"@id\":\"https:\\\/\\\/www.eldiario.net\\\/portal\\\/#organization\"},\"potentialAction\":[{\"@type\":\"SearchAction\",\"target\":{\"@type\":\"EntryPoint\",\"urlTemplate\":\"https:\\\/\\\/www.eldiario.net\\\/portal\\\/?s={search_term_string}\"},\"query-input\":{\"@type\":\"PropertyValueSpecification\",\"valueRequired\":true,\"valueName\":\"search_term_string\"}}],\"inLanguage\":\"es\"},{\"@type\":\"Organization\",\"@id\":\"https:\\\/\\\/www.eldiario.net\\\/portal\\\/#organization\",\"name\":\"El Diario - Decano de la prensa nacional\",\"url\":\"https:\\\/\\\/www.eldiario.net\\\/portal\\\/\",\"logo\":{\"@type\":\"ImageObject\",\"inLanguage\":\"es\",\"@id\":\"https:\\\/\\\/www.eldiario.net\\\/portal\\\/#\\\/schema\\\/logo\\\/image\\\/\",\"url\":\"https:\\\/\\\/www.eldiario.net\\\/portal\\\/wp-content\\\/uploads\\\/2023\\\/07\\\/logo_ED.jpg\",\"contentUrl\":\"https:\\\/\\\/www.eldiario.net\\\/portal\\\/wp-content\\\/uploads\\\/2023\\\/07\\\/logo_ED.jpg\",\"width\":272,\"height\":52,\"caption\":\"El Diario - Decano de la prensa nacional\"},\"image\":{\"@id\":\"https:\\\/\\\/www.eldiario.net\\\/portal\\\/#\\\/schema\\\/logo\\\/image\\\/\"},\"sameAs\":[\"https:\\\/\\\/www.facebook.com\\\/eldiario.bolivia\\\/\",\"https:\\\/\\\/x.com\\\/eldiario_net\"]},{\"@type\":\"Person\",\"@id\":\"https:\\\/\\\/www.eldiario.net\\\/portal\\\/#\\\/schema\\\/person\\\/f46445640444750d7d753ccd04ae01b7\",\"name\":\"Jeanette\",\"image\":{\"@type\":\"ImageObject\",\"inLanguage\":\"es\",\"@id\":\"https:\\\/\\\/secure.gravatar.com\\\/avatar\\\/3ea2118a5f7dad2b7138b1187a6b7ee55f160b9968b66013c3a3ef39dd7e5798?s=96&d=mm&r=g\",\"url\":\"https:\\\/\\\/secure.gravatar.com\\\/avatar\\\/3ea2118a5f7dad2b7138b1187a6b7ee55f160b9968b66013c3a3ef39dd7e5798?s=96&d=mm&r=g\",\"contentUrl\":\"https:\\\/\\\/secure.gravatar.com\\\/avatar\\\/3ea2118a5f7dad2b7138b1187a6b7ee55f160b9968b66013c3a3ef39dd7e5798?s=96&d=mm&r=g\",\"caption\":\"Jeanette\"},\"sameAs\":[\"https:\\\/\\\/www.eldiario.net\\\/portal\"],\"url\":\"https:\\\/\\\/www.eldiario.net\\\/portal\\\/author\\\/jeanette\\\/\"}]}<\/script>\n<!-- \/ Yoast SEO plugin. -->","yoast_head_json":{"title":"\u00bfA qui\u00e9n obedece Lara? - El Diario - Bolivia","robots":{"index":"index","follow":"follow","max-snippet":"max-snippet:-1","max-image-preview":"max-image-preview:large","max-video-preview":"max-video-preview:-1"},"canonical":"https:\/\/www.eldiario.net\/portal\/2025\/11\/23\/a-quien-obedece-lara\/","og_locale":"es_ES","og_type":"article","og_title":"\u00bfA qui\u00e9n obedece Lara? - El Diario - Bolivia","og_description":"El MAS no se iba a marchar s\u00f3lo porque tuvo 3% de los votos, ni iba a permitir f\u00e1cilmente que se destruya todo el andamiaje de corrupci\u00f3n que construy\u00f3 con tanto esmero en veinte a\u00f1os. \u00bfC\u00f3mo puede el MAS frenar las reformas que el gobierno necesita aplicar para borrar la herencia de corrupci\u00f3n dejada en [&hellip;]","og_url":"https:\/\/www.eldiario.net\/portal\/2025\/11\/23\/a-quien-obedece-lara\/","og_site_name":"El Diario - Bolivia","article_publisher":"https:\/\/www.facebook.com\/eldiario.bolivia\/","article_published_time":"2025-11-23T11:19:53+00:00","og_image":[{"width":1200,"height":628,"url":"https:\/\/www.eldiario.net\/portal\/wp-content\/uploads\/2023\/06\/Humberto-Vacaflor-Ganam-1.jpg","type":"image\/jpeg"}],"author":"Jeanette","twitter_card":"summary_large_image","twitter_creator":"@eldiario_net","twitter_site":"@eldiario_net","twitter_misc":{"Escrito por":"Jeanette","Tiempo de lectura":"3 minutos"},"schema":{"@context":"https:\/\/schema.org","@graph":[{"@type":"Article","@id":"https:\/\/www.eldiario.net\/portal\/2025\/11\/23\/a-quien-obedece-lara\/#article","isPartOf":{"@id":"https:\/\/www.eldiario.net\/portal\/2025\/11\/23\/a-quien-obedece-lara\/"},"author":{"name":"Jeanette","@id":"https:\/\/www.eldiario.net\/portal\/#\/schema\/person\/f46445640444750d7d753ccd04ae01b7"},"headline":"\u00bfA qui\u00e9n obedece Lara?","datePublished":"2025-11-23T11:19:53+00:00","mainEntityOfPage":{"@id":"https:\/\/www.eldiario.net\/portal\/2025\/11\/23\/a-quien-obedece-lara\/"},"wordCount":485,"publisher":{"@id":"https:\/\/www.eldiario.net\/portal\/#organization"},"image":{"@id":"https:\/\/www.eldiario.net\/portal\/2025\/11\/23\/a-quien-obedece-lara\/#primaryimage"},"thumbnailUrl":"https:\/\/www.eldiario.net\/portal\/wp-content\/uploads\/2023\/06\/Humberto-Vacaflor-Ganam-1.jpg","articleSection":["Opini\u00f3n"],"inLanguage":"es"},{"@type":"WebPage","@id":"https:\/\/www.eldiario.net\/portal\/2025\/11\/23\/a-quien-obedece-lara\/","url":"https:\/\/www.eldiario.net\/portal\/2025\/11\/23\/a-quien-obedece-lara\/","name":"\u00bfA qui\u00e9n obedece Lara? - El Diario - Bolivia","isPartOf":{"@id":"https:\/\/www.eldiario.net\/portal\/#website"},"primaryImageOfPage":{"@id":"https:\/\/www.eldiario.net\/portal\/2025\/11\/23\/a-quien-obedece-lara\/#primaryimage"},"image":{"@id":"https:\/\/www.eldiario.net\/portal\/2025\/11\/23\/a-quien-obedece-lara\/#primaryimage"},"thumbnailUrl":"https:\/\/www.eldiario.net\/portal\/wp-content\/uploads\/2023\/06\/Humberto-Vacaflor-Ganam-1.jpg","datePublished":"2025-11-23T11:19:53+00:00","breadcrumb":{"@id":"https:\/\/www.eldiario.net\/portal\/2025\/11\/23\/a-quien-obedece-lara\/#breadcrumb"},"inLanguage":"es","potentialAction":[{"@type":"ReadAction","target":["https:\/\/www.eldiario.net\/portal\/2025\/11\/23\/a-quien-obedece-lara\/"]}]},{"@type":"ImageObject","inLanguage":"es","@id":"https:\/\/www.eldiario.net\/portal\/2025\/11\/23\/a-quien-obedece-lara\/#primaryimage","url":"https:\/\/www.eldiario.net\/portal\/wp-content\/uploads\/2023\/06\/Humberto-Vacaflor-Ganam-1.jpg","contentUrl":"https:\/\/www.eldiario.net\/portal\/wp-content\/uploads\/2023\/06\/Humberto-Vacaflor-Ganam-1.jpg","width":1200,"height":628,"caption":"Humberto Vacaflor Ganam"},{"@type":"BreadcrumbList","@id":"https:\/\/www.eldiario.net\/portal\/2025\/11\/23\/a-quien-obedece-lara\/#breadcrumb","itemListElement":[{"@type":"ListItem","position":1,"name":"Portada","item":"https:\/\/www.eldiario.net\/portal\/"},{"@type":"ListItem","position":2,"name":"\u00bfA qui\u00e9n obedece Lara?"}]},{"@type":"WebSite","@id":"https:\/\/www.eldiario.net\/portal\/#website","url":"https:\/\/www.eldiario.net\/portal\/","name":"El Diario - Decano de la prensa nacional","description":"El Diario - Decano de la prensa nacional","publisher":{"@id":"https:\/\/www.eldiario.net\/portal\/#organization"},"potentialAction":[{"@type":"SearchAction","target":{"@type":"EntryPoint","urlTemplate":"https:\/\/www.eldiario.net\/portal\/?s={search_term_string}"},"query-input":{"@type":"PropertyValueSpecification","valueRequired":true,"valueName":"search_term_string"}}],"inLanguage":"es"},{"@type":"Organization","@id":"https:\/\/www.eldiario.net\/portal\/#organization","name":"El Diario - Decano de la prensa nacional","url":"https:\/\/www.eldiario.net\/portal\/","logo":{"@type":"ImageObject","inLanguage":"es","@id":"https:\/\/www.eldiario.net\/portal\/#\/schema\/logo\/image\/","url":"https:\/\/www.eldiario.net\/portal\/wp-content\/uploads\/2023\/07\/logo_ED.jpg","contentUrl":"https:\/\/www.eldiario.net\/portal\/wp-content\/uploads\/2023\/07\/logo_ED.jpg","width":272,"height":52,"caption":"El Diario - Decano de la prensa nacional"},"image":{"@id":"https:\/\/www.eldiario.net\/portal\/#\/schema\/logo\/image\/"},"sameAs":["https:\/\/www.facebook.com\/eldiario.bolivia\/","https:\/\/x.com\/eldiario_net"]},{"@type":"Person","@id":"https:\/\/www.eldiario.net\/portal\/#\/schema\/person\/f46445640444750d7d753ccd04ae01b7","name":"Jeanette","image":{"@type":"ImageObject","inLanguage":"es","@id":"https:\/\/secure.gravatar.com\/avatar\/3ea2118a5f7dad2b7138b1187a6b7ee55f160b9968b66013c3a3ef39dd7e5798?s=96&d=mm&r=g","url":"https:\/\/secure.gravatar.com\/avatar\/3ea2118a5f7dad2b7138b1187a6b7ee55f160b9968b66013c3a3ef39dd7e5798?s=96&d=mm&r=g","contentUrl":"https:\/\/secure.gravatar.com\/avatar\/3ea2118a5f7dad2b7138b1187a6b7ee55f160b9968b66013c3a3ef39dd7e5798?s=96&d=mm&r=g","caption":"Jeanette"},"sameAs":["https:\/\/www.eldiario.net\/portal"],"url":"https:\/\/www.eldiario.net\/portal\/author\/jeanette\/"}]}},"_links":{"self":[{"href":"https:\/\/www.eldiario.net\/portal\/wp-json\/wp\/v2\/posts\/347326","targetHints":{"allow":["GET"]}}],"collection":[{"href":"https:\/\/www.eldiario.net\/portal\/wp-json\/wp\/v2\/posts"}],"about":[{"href":"https:\/\/www.eldiario.net\/portal\/wp-json\/wp\/v2\/types\/post"}],"author":[{"embeddable":true,"href":"https:\/\/www.eldiario.net\/portal\/wp-json\/wp\/v2\/users\/1"}],"replies":[{"embeddable":true,"href":"https:\/\/www.eldiario.net\/portal\/wp-json\/wp\/v2\/comments?post=347326"}],"version-history":[{"count":1,"href":"https:\/\/www.eldiario.net\/portal\/wp-json\/wp\/v2\/posts\/347326\/revisions"}],"predecessor-version":[{"id":347327,"href":"https:\/\/www.eldiario.net\/portal\/wp-json\/wp\/v2\/posts\/347326\/revisions\/347327"}],"wp:featuredmedia":[{"embeddable":true,"href":"https:\/\/www.eldiario.net\/portal\/wp-json\/wp\/v2\/media\/159362"}],"wp:attachment":[{"href":"https:\/\/www.eldiario.net\/portal\/wp-json\/wp\/v2\/media?parent=347326"}],"wp:term":[{"taxonomy":"category","embeddable":true,"href":"https:\/\/www.eldiario.net\/portal\/wp-json\/wp\/v2\/categories?post=347326"},{"taxonomy":"post_tag","embeddable":true,"href":"https:\/\/www.eldiario.net\/portal\/wp-json\/wp\/v2\/tags?post=347326"}],"curies":[{"name":"wp","href":"https:\/\/api.w.org\/{rel}","templated":true}]}}