{"id":347321,"date":"2025-11-23T07:17:38","date_gmt":"2025-11-23T11:17:38","guid":{"rendered":"https:\/\/www.eldiario.net\/portal\/?p=347321"},"modified":"2025-11-23T07:17:38","modified_gmt":"2025-11-23T11:17:38","slug":"reducida-elaboracion-de-pan-de-batalla","status":"publish","type":"post","link":"https:\/\/www.eldiario.net\/portal\/2025\/11\/23\/reducida-elaboracion-de-pan-de-batalla\/","title":{"rendered":"Reducida elaboraci\u00f3n de pan de batalla"},"content":{"rendered":"<p><em>Cuando en 2006 el MAS lleg\u00f3 al poder y anunciaba pomposamente un \u201cproceso de cambio\u201d para corregir todos los males achacados a gobiernos anteriores, ingenuamente grandes sectores de la poblaci\u00f3n creyeron que ser\u00edan cumplidas tales promesas. Adem\u00e1s, la situaci\u00f3n econ\u00f3mica era inmejorable por factores como la alta cotizaci\u00f3n de materias primas que nuestro pa\u00eds exportaba. El gas fue entonces la principal fuente de ingresos millonarios.<\/em><br \/>\n<em>Sin embargo, cuando se esperaba una administraci\u00f3n racional de esa bonanza econ\u00f3mica, por el contrario, se dio curso a un desenfrenado derroche, en muchos casos para favorecer con obras cuestionables y una serie de d\u00e1divas a sectores masistas. Y por falta de previsi\u00f3n para reponer las reservas gas\u00edferas, paulatinamente la producci\u00f3n de ese energ\u00e9tico fue disminuyendo y con ello los ingresos econ\u00f3micos para el pa\u00eds.<\/em><br \/>\n<em>Una de las consecuencias de ese p\u00e9simo manejo de la econom\u00eda nacional durante los gobiernos \u201cmasistas\u201d es que la producci\u00f3n agr\u00edcola baj\u00f3 hasta niveles alarmantes por falta de apoyo. Prueba de ello es que los mercados nacionales est\u00e1n hoy llenos de productos for\u00e1neos. Por falta de ayuda al sector agr\u00edcola, particularmente del occidente, la producci\u00f3n de trigo es insuficiente y el Estado plurinacional ha estado importando harina y otros insumos para subvencionar al sector panificador y mantener el precio del pan en 0.50 centavos.<\/em><br \/>\n<em>No obstante, por la crisis econ\u00f3mica causada por gobiernos masistas, el dinero del Estado es insuficiente para mantener esas condiciones, por lo que ahora muchos se ven obligados a comprar un pan, &#8211;ya no la marraqueta, pues casi ha desaparecido&#8211;, no solo de menor tama\u00f1o, sino de mala calidad, sin considerar que ese producto es esencial para la alimentaci\u00f3n popular.<\/em><br \/>\n<em>Al respecto, no se puede olvidar que Emapa, empresa estatal encargada de entregar harina y otros insumos a los panificadores, ha sido intervenida con fines de investigaci\u00f3n, al ser acusada hace poco<\/em><br \/>\n<em>de crear asociaciones, proveedores y beneficiarios \u00abfantasmas\u00bb. A todo eso se debe agregar que desde el sector panificador han surgido demandas para subir el precio del pan y los panificadores independientes solicitan eliminar la subvenci\u00f3n porque favorecer\u00eda solo a algunos que negociaban con la harina. En todo caso, desde el nuevo gobierno se ha anunciado una semana de evaluaci\u00f3n para dar respuesta sobre la subvenci\u00f3n al pan.<\/em><br \/>\n<em>Como se advierte, este es otro problema que se ha agravado por deficientes gobiernos pasados que no han impulsado de la mejor manera la producci\u00f3n de trigo en territorio nacional. Lo que s\u00ed han hecho es crear empresas estatales como Emapa, donde han colocado a los adeptos al MAS, pero que han causado denuncias por corrupci\u00f3n, deudas a productores y otros males. Mientras tanto, la poblaci\u00f3n, a la que el masismo le prometi\u00f3 \u201cvivir bien\u201d, ahora tiene que tratar de enfrentar problemas como la desaparici\u00f3n de la marraqueta, tan solicitada por ser un alimento b\u00e1sico.<\/em><\/p>\n","protected":false},"excerpt":{"rendered":"<p>Cuando en 2006 el MAS lleg\u00f3 al poder y anunciaba pomposamente un \u201cproceso de cambio\u201d para corregir todos los males achacados a gobiernos anteriores, ingenuamente grandes sectores de la poblaci\u00f3n creyeron que ser\u00edan cumplidas tales promesas. Adem\u00e1s, la situaci\u00f3n econ\u00f3mica era inmejorable por factores como la alta cotizaci\u00f3n de materias primas que nuestro pa\u00eds exportaba. [&hellip;]<\/p>\n","protected":false},"author":1,"featured_media":194776,"comment_status":"closed","ping_status":"open","sticky":false,"template":"","format":"standard","meta":{"_acf_changed":false,"footnotes":""},"categories":[4],"tags":[],"class_list":["post-347321","post","type-post","status-publish","format-standard","has-post-thumbnail","category-editorial"],"acf":{"antetitulo":""},"yoast_head":"<!-- This site is optimized with the Yoast SEO plugin v28.3 - https:\/\/yoast.com\/product\/yoast-seo-wordpress\/ -->\n<title>Reducida elaboraci\u00f3n de pan de batalla - El Diario - Bolivia<\/title>\n<meta name=\"robots\" content=\"index, follow, max-snippet:-1, max-image-preview:large, max-video-preview:-1\" \/>\n<link rel=\"canonical\" href=\"https:\/\/www.eldiario.net\/portal\/2025\/11\/23\/reducida-elaboracion-de-pan-de-batalla\/\" \/>\n<meta property=\"og:locale\" content=\"es_ES\" \/>\n<meta property=\"og:type\" content=\"article\" \/>\n<meta property=\"og:title\" content=\"Reducida elaboraci\u00f3n de pan de batalla - El Diario - Bolivia\" \/>\n<meta property=\"og:description\" content=\"Cuando en 2006 el MAS lleg\u00f3 al poder y anunciaba pomposamente un \u201cproceso de cambio\u201d para corregir todos los males achacados a gobiernos anteriores, ingenuamente grandes sectores de la poblaci\u00f3n creyeron que ser\u00edan cumplidas tales promesas. Adem\u00e1s, la situaci\u00f3n econ\u00f3mica era inmejorable por factores como la alta cotizaci\u00f3n de materias primas que nuestro pa\u00eds exportaba. [&hellip;]\" \/>\n<meta property=\"og:url\" content=\"https:\/\/www.eldiario.net\/portal\/2025\/11\/23\/reducida-elaboracion-de-pan-de-batalla\/\" \/>\n<meta property=\"og:site_name\" content=\"El Diario - Bolivia\" \/>\n<meta property=\"article:publisher\" content=\"https:\/\/www.facebook.com\/eldiario.bolivia\/\" \/>\n<meta property=\"article:published_time\" content=\"2025-11-23T11:17:38+00:00\" \/>\n<meta property=\"og:image\" content=\"https:\/\/www.eldiario.net\/portal\/wp-content\/uploads\/2023\/12\/Editorial.jpg\" \/>\n\t<meta property=\"og:image:width\" content=\"800\" \/>\n\t<meta property=\"og:image:height\" content=\"500\" \/>\n\t<meta property=\"og:image:type\" content=\"image\/jpeg\" \/>\n<meta name=\"author\" content=\"Jeanette\" \/>\n<meta name=\"twitter:card\" content=\"summary_large_image\" \/>\n<meta name=\"twitter:creator\" content=\"@eldiario_net\" \/>\n<meta name=\"twitter:site\" content=\"@eldiario_net\" \/>\n<meta name=\"twitter:label1\" content=\"Escrito por\" \/>\n\t<meta name=\"twitter:data1\" content=\"Jeanette\" \/>\n\t<meta name=\"twitter:label2\" content=\"Tiempo de lectura\" \/>\n\t<meta name=\"twitter:data2\" content=\"3 minutos\" \/>\n<script type=\"application\/ld+json\" class=\"yoast-schema-graph\">{\"@context\":\"https:\\\/\\\/schema.org\",\"@graph\":[{\"@type\":\"Article\",\"@id\":\"https:\\\/\\\/www.eldiario.net\\\/portal\\\/2025\\\/11\\\/23\\\/reducida-elaboracion-de-pan-de-batalla\\\/#article\",\"isPartOf\":{\"@id\":\"https:\\\/\\\/www.eldiario.net\\\/portal\\\/2025\\\/11\\\/23\\\/reducida-elaboracion-de-pan-de-batalla\\\/\"},\"author\":{\"name\":\"Jeanette\",\"@id\":\"https:\\\/\\\/www.eldiario.net\\\/portal\\\/#\\\/schema\\\/person\\\/f46445640444750d7d753ccd04ae01b7\"},\"headline\":\"Reducida elaboraci\u00f3n de pan de batalla\",\"datePublished\":\"2025-11-23T11:17:38+00:00\",\"mainEntityOfPage\":{\"@id\":\"https:\\\/\\\/www.eldiario.net\\\/portal\\\/2025\\\/11\\\/23\\\/reducida-elaboracion-de-pan-de-batalla\\\/\"},\"wordCount\":510,\"publisher\":{\"@id\":\"https:\\\/\\\/www.eldiario.net\\\/portal\\\/#organization\"},\"image\":{\"@id\":\"https:\\\/\\\/www.eldiario.net\\\/portal\\\/2025\\\/11\\\/23\\\/reducida-elaboracion-de-pan-de-batalla\\\/#primaryimage\"},\"thumbnailUrl\":\"https:\\\/\\\/www.eldiario.net\\\/portal\\\/wp-content\\\/uploads\\\/2023\\\/12\\\/Editorial.jpg\",\"articleSection\":[\"Editorial\"],\"inLanguage\":\"es\"},{\"@type\":\"WebPage\",\"@id\":\"https:\\\/\\\/www.eldiario.net\\\/portal\\\/2025\\\/11\\\/23\\\/reducida-elaboracion-de-pan-de-batalla\\\/\",\"url\":\"https:\\\/\\\/www.eldiario.net\\\/portal\\\/2025\\\/11\\\/23\\\/reducida-elaboracion-de-pan-de-batalla\\\/\",\"name\":\"Reducida elaboraci\u00f3n de pan de batalla - El Diario - Bolivia\",\"isPartOf\":{\"@id\":\"https:\\\/\\\/www.eldiario.net\\\/portal\\\/#website\"},\"primaryImageOfPage\":{\"@id\":\"https:\\\/\\\/www.eldiario.net\\\/portal\\\/2025\\\/11\\\/23\\\/reducida-elaboracion-de-pan-de-batalla\\\/#primaryimage\"},\"image\":{\"@id\":\"https:\\\/\\\/www.eldiario.net\\\/portal\\\/2025\\\/11\\\/23\\\/reducida-elaboracion-de-pan-de-batalla\\\/#primaryimage\"},\"thumbnailUrl\":\"https:\\\/\\\/www.eldiario.net\\\/portal\\\/wp-content\\\/uploads\\\/2023\\\/12\\\/Editorial.jpg\",\"datePublished\":\"2025-11-23T11:17:38+00:00\",\"breadcrumb\":{\"@id\":\"https:\\\/\\\/www.eldiario.net\\\/portal\\\/2025\\\/11\\\/23\\\/reducida-elaboracion-de-pan-de-batalla\\\/#breadcrumb\"},\"inLanguage\":\"es\",\"potentialAction\":[{\"@type\":\"ReadAction\",\"target\":[\"https:\\\/\\\/www.eldiario.net\\\/portal\\\/2025\\\/11\\\/23\\\/reducida-elaboracion-de-pan-de-batalla\\\/\"]}]},{\"@type\":\"ImageObject\",\"inLanguage\":\"es\",\"@id\":\"https:\\\/\\\/www.eldiario.net\\\/portal\\\/2025\\\/11\\\/23\\\/reducida-elaboracion-de-pan-de-batalla\\\/#primaryimage\",\"url\":\"https:\\\/\\\/www.eldiario.net\\\/portal\\\/wp-content\\\/uploads\\\/2023\\\/12\\\/Editorial.jpg\",\"contentUrl\":\"https:\\\/\\\/www.eldiario.net\\\/portal\\\/wp-content\\\/uploads\\\/2023\\\/12\\\/Editorial.jpg\",\"width\":800,\"height\":500},{\"@type\":\"BreadcrumbList\",\"@id\":\"https:\\\/\\\/www.eldiario.net\\\/portal\\\/2025\\\/11\\\/23\\\/reducida-elaboracion-de-pan-de-batalla\\\/#breadcrumb\",\"itemListElement\":[{\"@type\":\"ListItem\",\"position\":1,\"name\":\"Portada\",\"item\":\"https:\\\/\\\/www.eldiario.net\\\/portal\\\/\"},{\"@type\":\"ListItem\",\"position\":2,\"name\":\"Reducida elaboraci\u00f3n de pan de batalla\"}]},{\"@type\":\"WebSite\",\"@id\":\"https:\\\/\\\/www.eldiario.net\\\/portal\\\/#website\",\"url\":\"https:\\\/\\\/www.eldiario.net\\\/portal\\\/\",\"name\":\"El Diario - Decano de la prensa nacional\",\"description\":\"El Diario - Decano de la prensa nacional\",\"publisher\":{\"@id\":\"https:\\\/\\\/www.eldiario.net\\\/portal\\\/#organization\"},\"potentialAction\":[{\"@type\":\"SearchAction\",\"target\":{\"@type\":\"EntryPoint\",\"urlTemplate\":\"https:\\\/\\\/www.eldiario.net\\\/portal\\\/?s={search_term_string}\"},\"query-input\":{\"@type\":\"PropertyValueSpecification\",\"valueRequired\":true,\"valueName\":\"search_term_string\"}}],\"inLanguage\":\"es\"},{\"@type\":\"Organization\",\"@id\":\"https:\\\/\\\/www.eldiario.net\\\/portal\\\/#organization\",\"name\":\"El Diario - Decano de la prensa nacional\",\"url\":\"https:\\\/\\\/www.eldiario.net\\\/portal\\\/\",\"logo\":{\"@type\":\"ImageObject\",\"inLanguage\":\"es\",\"@id\":\"https:\\\/\\\/www.eldiario.net\\\/portal\\\/#\\\/schema\\\/logo\\\/image\\\/\",\"url\":\"https:\\\/\\\/www.eldiario.net\\\/portal\\\/wp-content\\\/uploads\\\/2023\\\/07\\\/logo_ED.jpg\",\"contentUrl\":\"https:\\\/\\\/www.eldiario.net\\\/portal\\\/wp-content\\\/uploads\\\/2023\\\/07\\\/logo_ED.jpg\",\"width\":272,\"height\":52,\"caption\":\"El Diario - Decano de la prensa nacional\"},\"image\":{\"@id\":\"https:\\\/\\\/www.eldiario.net\\\/portal\\\/#\\\/schema\\\/logo\\\/image\\\/\"},\"sameAs\":[\"https:\\\/\\\/www.facebook.com\\\/eldiario.bolivia\\\/\",\"https:\\\/\\\/x.com\\\/eldiario_net\"]},{\"@type\":\"Person\",\"@id\":\"https:\\\/\\\/www.eldiario.net\\\/portal\\\/#\\\/schema\\\/person\\\/f46445640444750d7d753ccd04ae01b7\",\"name\":\"Jeanette\",\"image\":{\"@type\":\"ImageObject\",\"inLanguage\":\"es\",\"@id\":\"https:\\\/\\\/secure.gravatar.com\\\/avatar\\\/3ea2118a5f7dad2b7138b1187a6b7ee55f160b9968b66013c3a3ef39dd7e5798?s=96&d=mm&r=g\",\"url\":\"https:\\\/\\\/secure.gravatar.com\\\/avatar\\\/3ea2118a5f7dad2b7138b1187a6b7ee55f160b9968b66013c3a3ef39dd7e5798?s=96&d=mm&r=g\",\"contentUrl\":\"https:\\\/\\\/secure.gravatar.com\\\/avatar\\\/3ea2118a5f7dad2b7138b1187a6b7ee55f160b9968b66013c3a3ef39dd7e5798?s=96&d=mm&r=g\",\"caption\":\"Jeanette\"},\"sameAs\":[\"https:\\\/\\\/www.eldiario.net\\\/portal\"],\"url\":\"https:\\\/\\\/www.eldiario.net\\\/portal\\\/author\\\/jeanette\\\/\"}]}<\/script>\n<!-- \/ Yoast SEO plugin. -->","yoast_head_json":{"title":"Reducida elaboraci\u00f3n de pan de batalla - El Diario - Bolivia","robots":{"index":"index","follow":"follow","max-snippet":"max-snippet:-1","max-image-preview":"max-image-preview:large","max-video-preview":"max-video-preview:-1"},"canonical":"https:\/\/www.eldiario.net\/portal\/2025\/11\/23\/reducida-elaboracion-de-pan-de-batalla\/","og_locale":"es_ES","og_type":"article","og_title":"Reducida elaboraci\u00f3n de pan de batalla - El Diario - Bolivia","og_description":"Cuando en 2006 el MAS lleg\u00f3 al poder y anunciaba pomposamente un \u201cproceso de cambio\u201d para corregir todos los males achacados a gobiernos anteriores, ingenuamente grandes sectores de la poblaci\u00f3n creyeron que ser\u00edan cumplidas tales promesas. Adem\u00e1s, la situaci\u00f3n econ\u00f3mica era inmejorable por factores como la alta cotizaci\u00f3n de materias primas que nuestro pa\u00eds exportaba. [&hellip;]","og_url":"https:\/\/www.eldiario.net\/portal\/2025\/11\/23\/reducida-elaboracion-de-pan-de-batalla\/","og_site_name":"El Diario - Bolivia","article_publisher":"https:\/\/www.facebook.com\/eldiario.bolivia\/","article_published_time":"2025-11-23T11:17:38+00:00","og_image":[{"width":800,"height":500,"url":"https:\/\/www.eldiario.net\/portal\/wp-content\/uploads\/2023\/12\/Editorial.jpg","type":"image\/jpeg"}],"author":"Jeanette","twitter_card":"summary_large_image","twitter_creator":"@eldiario_net","twitter_site":"@eldiario_net","twitter_misc":{"Escrito por":"Jeanette","Tiempo de lectura":"3 minutos"},"schema":{"@context":"https:\/\/schema.org","@graph":[{"@type":"Article","@id":"https:\/\/www.eldiario.net\/portal\/2025\/11\/23\/reducida-elaboracion-de-pan-de-batalla\/#article","isPartOf":{"@id":"https:\/\/www.eldiario.net\/portal\/2025\/11\/23\/reducida-elaboracion-de-pan-de-batalla\/"},"author":{"name":"Jeanette","@id":"https:\/\/www.eldiario.net\/portal\/#\/schema\/person\/f46445640444750d7d753ccd04ae01b7"},"headline":"Reducida elaboraci\u00f3n de pan de batalla","datePublished":"2025-11-23T11:17:38+00:00","mainEntityOfPage":{"@id":"https:\/\/www.eldiario.net\/portal\/2025\/11\/23\/reducida-elaboracion-de-pan-de-batalla\/"},"wordCount":510,"publisher":{"@id":"https:\/\/www.eldiario.net\/portal\/#organization"},"image":{"@id":"https:\/\/www.eldiario.net\/portal\/2025\/11\/23\/reducida-elaboracion-de-pan-de-batalla\/#primaryimage"},"thumbnailUrl":"https:\/\/www.eldiario.net\/portal\/wp-content\/uploads\/2023\/12\/Editorial.jpg","articleSection":["Editorial"],"inLanguage":"es"},{"@type":"WebPage","@id":"https:\/\/www.eldiario.net\/portal\/2025\/11\/23\/reducida-elaboracion-de-pan-de-batalla\/","url":"https:\/\/www.eldiario.net\/portal\/2025\/11\/23\/reducida-elaboracion-de-pan-de-batalla\/","name":"Reducida elaboraci\u00f3n de pan de batalla - El Diario - Bolivia","isPartOf":{"@id":"https:\/\/www.eldiario.net\/portal\/#website"},"primaryImageOfPage":{"@id":"https:\/\/www.eldiario.net\/portal\/2025\/11\/23\/reducida-elaboracion-de-pan-de-batalla\/#primaryimage"},"image":{"@id":"https:\/\/www.eldiario.net\/portal\/2025\/11\/23\/reducida-elaboracion-de-pan-de-batalla\/#primaryimage"},"thumbnailUrl":"https:\/\/www.eldiario.net\/portal\/wp-content\/uploads\/2023\/12\/Editorial.jpg","datePublished":"2025-11-23T11:17:38+00:00","breadcrumb":{"@id":"https:\/\/www.eldiario.net\/portal\/2025\/11\/23\/reducida-elaboracion-de-pan-de-batalla\/#breadcrumb"},"inLanguage":"es","potentialAction":[{"@type":"ReadAction","target":["https:\/\/www.eldiario.net\/portal\/2025\/11\/23\/reducida-elaboracion-de-pan-de-batalla\/"]}]},{"@type":"ImageObject","inLanguage":"es","@id":"https:\/\/www.eldiario.net\/portal\/2025\/11\/23\/reducida-elaboracion-de-pan-de-batalla\/#primaryimage","url":"https:\/\/www.eldiario.net\/portal\/wp-content\/uploads\/2023\/12\/Editorial.jpg","contentUrl":"https:\/\/www.eldiario.net\/portal\/wp-content\/uploads\/2023\/12\/Editorial.jpg","width":800,"height":500},{"@type":"BreadcrumbList","@id":"https:\/\/www.eldiario.net\/portal\/2025\/11\/23\/reducida-elaboracion-de-pan-de-batalla\/#breadcrumb","itemListElement":[{"@type":"ListItem","position":1,"name":"Portada","item":"https:\/\/www.eldiario.net\/portal\/"},{"@type":"ListItem","position":2,"name":"Reducida elaboraci\u00f3n de pan de batalla"}]},{"@type":"WebSite","@id":"https:\/\/www.eldiario.net\/portal\/#website","url":"https:\/\/www.eldiario.net\/portal\/","name":"El Diario - Decano de la prensa nacional","description":"El Diario - Decano de la prensa nacional","publisher":{"@id":"https:\/\/www.eldiario.net\/portal\/#organization"},"potentialAction":[{"@type":"SearchAction","target":{"@type":"EntryPoint","urlTemplate":"https:\/\/www.eldiario.net\/portal\/?s={search_term_string}"},"query-input":{"@type":"PropertyValueSpecification","valueRequired":true,"valueName":"search_term_string"}}],"inLanguage":"es"},{"@type":"Organization","@id":"https:\/\/www.eldiario.net\/portal\/#organization","name":"El Diario - Decano de la prensa nacional","url":"https:\/\/www.eldiario.net\/portal\/","logo":{"@type":"ImageObject","inLanguage":"es","@id":"https:\/\/www.eldiario.net\/portal\/#\/schema\/logo\/image\/","url":"https:\/\/www.eldiario.net\/portal\/wp-content\/uploads\/2023\/07\/logo_ED.jpg","contentUrl":"https:\/\/www.eldiario.net\/portal\/wp-content\/uploads\/2023\/07\/logo_ED.jpg","width":272,"height":52,"caption":"El Diario - Decano de la prensa nacional"},"image":{"@id":"https:\/\/www.eldiario.net\/portal\/#\/schema\/logo\/image\/"},"sameAs":["https:\/\/www.facebook.com\/eldiario.bolivia\/","https:\/\/x.com\/eldiario_net"]},{"@type":"Person","@id":"https:\/\/www.eldiario.net\/portal\/#\/schema\/person\/f46445640444750d7d753ccd04ae01b7","name":"Jeanette","image":{"@type":"ImageObject","inLanguage":"es","@id":"https:\/\/secure.gravatar.com\/avatar\/3ea2118a5f7dad2b7138b1187a6b7ee55f160b9968b66013c3a3ef39dd7e5798?s=96&d=mm&r=g","url":"https:\/\/secure.gravatar.com\/avatar\/3ea2118a5f7dad2b7138b1187a6b7ee55f160b9968b66013c3a3ef39dd7e5798?s=96&d=mm&r=g","contentUrl":"https:\/\/secure.gravatar.com\/avatar\/3ea2118a5f7dad2b7138b1187a6b7ee55f160b9968b66013c3a3ef39dd7e5798?s=96&d=mm&r=g","caption":"Jeanette"},"sameAs":["https:\/\/www.eldiario.net\/portal"],"url":"https:\/\/www.eldiario.net\/portal\/author\/jeanette\/"}]}},"_links":{"self":[{"href":"https:\/\/www.eldiario.net\/portal\/wp-json\/wp\/v2\/posts\/347321","targetHints":{"allow":["GET"]}}],"collection":[{"href":"https:\/\/www.eldiario.net\/portal\/wp-json\/wp\/v2\/posts"}],"about":[{"href":"https:\/\/www.eldiario.net\/portal\/wp-json\/wp\/v2\/types\/post"}],"author":[{"embeddable":true,"href":"https:\/\/www.eldiario.net\/portal\/wp-json\/wp\/v2\/users\/1"}],"replies":[{"embeddable":true,"href":"https:\/\/www.eldiario.net\/portal\/wp-json\/wp\/v2\/comments?post=347321"}],"version-history":[{"count":1,"href":"https:\/\/www.eldiario.net\/portal\/wp-json\/wp\/v2\/posts\/347321\/revisions"}],"predecessor-version":[{"id":347322,"href":"https:\/\/www.eldiario.net\/portal\/wp-json\/wp\/v2\/posts\/347321\/revisions\/347322"}],"wp:featuredmedia":[{"embeddable":true,"href":"https:\/\/www.eldiario.net\/portal\/wp-json\/wp\/v2\/media\/194776"}],"wp:attachment":[{"href":"https:\/\/www.eldiario.net\/portal\/wp-json\/wp\/v2\/media?parent=347321"}],"wp:term":[{"taxonomy":"category","embeddable":true,"href":"https:\/\/www.eldiario.net\/portal\/wp-json\/wp\/v2\/categories?post=347321"},{"taxonomy":"post_tag","embeddable":true,"href":"https:\/\/www.eldiario.net\/portal\/wp-json\/wp\/v2\/tags?post=347321"}],"curies":[{"name":"wp","href":"https:\/\/api.w.org\/{rel}","templated":true}]}}