{"id":347318,"date":"2025-11-23T07:16:07","date_gmt":"2025-11-23T11:16:07","guid":{"rendered":"https:\/\/www.eldiario.net\/portal\/?p=347318"},"modified":"2025-11-23T07:16:07","modified_gmt":"2025-11-23T11:16:07","slug":"en-peru-evaluan-prohibir-bandas-y-trajes-bolivianos-en-candelaria-2026","status":"publish","type":"post","link":"https:\/\/www.eldiario.net\/portal\/2025\/11\/23\/en-peru-evaluan-prohibir-bandas-y-trajes-bolivianos-en-candelaria-2026\/","title":{"rendered":"En Per\u00fa eval\u00faan prohibir bandas y  trajes bolivianos en Candelaria 2026"},"content":{"rendered":"<p>Autoridades de Per\u00fa analizan impedir la participaci\u00f3n de bandas y trajes provenientes de Bolivia en la festividad Virgen de la Candelaria 2026, como una medida de \u201crechazo\u201d ante las acusaciones sobre el origen de algunas danzas.<br \/>\nLa vicegobernadora regional de Puno y presidenta del Comit\u00e9 de Salvaguarda de la festividad de la Virgen de la Candelaria, Margot de la Riva, plante\u00f3 esta posibilidad ante las \u201cagresiones\u201d de un \u201cgrupo reducido\u201d de ciudadanos bolivianos por el origen del \u201cPepino\u201d.<br \/>\n\u201cVamos a presentar un documento a Relaciones Exteriores de Per\u00fa para que podamos hacer un \u2018basta\u2019 al insulto, vamos a trabajar con otras instituciones, para pedir y trabajar que se impida que vengan en esta Candelaria 2026 bandas de nuestro hermano pa\u00eds de Bolivia. Ropa, todo, para que vean que ac\u00e1 en Puno hacemos nuestra ropa, tenemos nuestras bandas y nuestra m\u00fasica\u201d, dijo, citada en el portal Infobae.<br \/>\nLas declaraciones de De la Riva se dieron despu\u00e9s de que autoridades municipales, representantes del folklore de Bolivia y un grupo de danzarines reivindicaron en una marcha, al ic\u00f3nico personaje del Pepino, uno de los m\u00e1s representativos del Carnaval de La Paz, por la presunta \u201capropiaci\u00f3n\u201d de esta figura en una festividad religiosa en Puno.<br \/>\nEl presidente de la Organizaci\u00f3n Boliviana de Defensa y Difusi\u00f3n del Folklore (Obdefolk), Napole\u00f3n G\u00f3mez, afirm\u00f3 que \u201cno les decimos que no bailen, bailen como se baila en todo el mundo, como bailan ecuatorianos, colombianos, paraguayos, en M\u00e9xico, en Europa y en EEUU, pero no se apropien indebidamente porque le est\u00e1n mintiendo al mundo, esta mentira viene desde Puno y est\u00e1n mintiendo\u201d. (Con datos de Infobae)<\/p>\n<p>&nbsp;<\/p>\n","protected":false},"excerpt":{"rendered":"<p>Autoridades de Per\u00fa analizan impedir la participaci\u00f3n de bandas y trajes provenientes de Bolivia en la festividad Virgen de la Candelaria 2026, como una medida de \u201crechazo\u201d ante las acusaciones sobre el origen de algunas danzas. La vicegobernadora regional de Puno y presidenta del Comit\u00e9 de Salvaguarda de la festividad de la Virgen de la [&hellip;]<\/p>\n","protected":false},"author":1,"featured_media":347319,"comment_status":"closed","ping_status":"open","sticky":false,"template":"","format":"standard","meta":{"_acf_changed":false,"footnotes":""},"categories":[12],"tags":[],"class_list":["post-347318","post","type-post","status-publish","format-standard","has-post-thumbnail","category-nacional"],"acf":{"antetitulo":""},"yoast_head":"<!-- This site is optimized with the Yoast SEO plugin v28.3 - https:\/\/yoast.com\/product\/yoast-seo-wordpress\/ -->\n<title>En Per\u00fa eval\u00faan prohibir bandas y trajes bolivianos en Candelaria 2026 - El Diario - Bolivia<\/title>\n<meta name=\"robots\" content=\"index, follow, max-snippet:-1, max-image-preview:large, max-video-preview:-1\" \/>\n<link rel=\"canonical\" href=\"https:\/\/www.eldiario.net\/portal\/2025\/11\/23\/en-peru-evaluan-prohibir-bandas-y-trajes-bolivianos-en-candelaria-2026\/\" \/>\n<meta property=\"og:locale\" content=\"es_ES\" \/>\n<meta property=\"og:type\" content=\"article\" \/>\n<meta property=\"og:title\" content=\"En Per\u00fa eval\u00faan prohibir bandas y trajes bolivianos en Candelaria 2026 - El Diario - Bolivia\" \/>\n<meta property=\"og:description\" content=\"Autoridades de Per\u00fa analizan impedir la participaci\u00f3n de bandas y trajes provenientes de Bolivia en la festividad Virgen de la Candelaria 2026, como una medida de \u201crechazo\u201d ante las acusaciones sobre el origen de algunas danzas. La vicegobernadora regional de Puno y presidenta del Comit\u00e9 de Salvaguarda de la festividad de la Virgen de la [&hellip;]\" \/>\n<meta property=\"og:url\" content=\"https:\/\/www.eldiario.net\/portal\/2025\/11\/23\/en-peru-evaluan-prohibir-bandas-y-trajes-bolivianos-en-candelaria-2026\/\" \/>\n<meta property=\"og:site_name\" content=\"El Diario - Bolivia\" \/>\n<meta property=\"article:publisher\" content=\"https:\/\/www.facebook.com\/eldiario.bolivia\/\" \/>\n<meta property=\"article:published_time\" content=\"2025-11-23T11:16:07+00:00\" \/>\n<meta property=\"og:image\" content=\"https:\/\/www.eldiario.net\/portal\/wp-content\/uploads\/2025\/11\/30-NAL-1.webp\" \/>\n\t<meta property=\"og:image:width\" content=\"984\" \/>\n\t<meta property=\"og:image:height\" content=\"545\" \/>\n\t<meta property=\"og:image:type\" content=\"image\/webp\" \/>\n<meta name=\"author\" content=\"Jeanette\" \/>\n<meta name=\"twitter:card\" content=\"summary_large_image\" \/>\n<meta name=\"twitter:creator\" content=\"@eldiario_net\" \/>\n<meta name=\"twitter:site\" content=\"@eldiario_net\" \/>\n<meta name=\"twitter:label1\" content=\"Escrito por\" \/>\n\t<meta name=\"twitter:data1\" content=\"Jeanette\" \/>\n\t<meta name=\"twitter:label2\" content=\"Tiempo de lectura\" \/>\n\t<meta name=\"twitter:data2\" content=\"2 minutos\" \/>\n<script type=\"application\/ld+json\" class=\"yoast-schema-graph\">{\"@context\":\"https:\\\/\\\/schema.org\",\"@graph\":[{\"@type\":\"Article\",\"@id\":\"https:\\\/\\\/www.eldiario.net\\\/portal\\\/2025\\\/11\\\/23\\\/en-peru-evaluan-prohibir-bandas-y-trajes-bolivianos-en-candelaria-2026\\\/#article\",\"isPartOf\":{\"@id\":\"https:\\\/\\\/www.eldiario.net\\\/portal\\\/2025\\\/11\\\/23\\\/en-peru-evaluan-prohibir-bandas-y-trajes-bolivianos-en-candelaria-2026\\\/\"},\"author\":{\"name\":\"Jeanette\",\"@id\":\"https:\\\/\\\/www.eldiario.net\\\/portal\\\/#\\\/schema\\\/person\\\/f46445640444750d7d753ccd04ae01b7\"},\"headline\":\"En Per\u00fa eval\u00faan prohibir bandas y trajes bolivianos en Candelaria 2026\",\"datePublished\":\"2025-11-23T11:16:07+00:00\",\"mainEntityOfPage\":{\"@id\":\"https:\\\/\\\/www.eldiario.net\\\/portal\\\/2025\\\/11\\\/23\\\/en-peru-evaluan-prohibir-bandas-y-trajes-bolivianos-en-candelaria-2026\\\/\"},\"wordCount\":291,\"publisher\":{\"@id\":\"https:\\\/\\\/www.eldiario.net\\\/portal\\\/#organization\"},\"image\":{\"@id\":\"https:\\\/\\\/www.eldiario.net\\\/portal\\\/2025\\\/11\\\/23\\\/en-peru-evaluan-prohibir-bandas-y-trajes-bolivianos-en-candelaria-2026\\\/#primaryimage\"},\"thumbnailUrl\":\"https:\\\/\\\/www.eldiario.net\\\/portal\\\/wp-content\\\/uploads\\\/2025\\\/11\\\/30-NAL-1.webp\",\"articleSection\":[\"Nacional\"],\"inLanguage\":\"es\"},{\"@type\":\"WebPage\",\"@id\":\"https:\\\/\\\/www.eldiario.net\\\/portal\\\/2025\\\/11\\\/23\\\/en-peru-evaluan-prohibir-bandas-y-trajes-bolivianos-en-candelaria-2026\\\/\",\"url\":\"https:\\\/\\\/www.eldiario.net\\\/portal\\\/2025\\\/11\\\/23\\\/en-peru-evaluan-prohibir-bandas-y-trajes-bolivianos-en-candelaria-2026\\\/\",\"name\":\"En Per\u00fa eval\u00faan prohibir bandas y trajes bolivianos en Candelaria 2026 - El Diario - Bolivia\",\"isPartOf\":{\"@id\":\"https:\\\/\\\/www.eldiario.net\\\/portal\\\/#website\"},\"primaryImageOfPage\":{\"@id\":\"https:\\\/\\\/www.eldiario.net\\\/portal\\\/2025\\\/11\\\/23\\\/en-peru-evaluan-prohibir-bandas-y-trajes-bolivianos-en-candelaria-2026\\\/#primaryimage\"},\"image\":{\"@id\":\"https:\\\/\\\/www.eldiario.net\\\/portal\\\/2025\\\/11\\\/23\\\/en-peru-evaluan-prohibir-bandas-y-trajes-bolivianos-en-candelaria-2026\\\/#primaryimage\"},\"thumbnailUrl\":\"https:\\\/\\\/www.eldiario.net\\\/portal\\\/wp-content\\\/uploads\\\/2025\\\/11\\\/30-NAL-1.webp\",\"datePublished\":\"2025-11-23T11:16:07+00:00\",\"breadcrumb\":{\"@id\":\"https:\\\/\\\/www.eldiario.net\\\/portal\\\/2025\\\/11\\\/23\\\/en-peru-evaluan-prohibir-bandas-y-trajes-bolivianos-en-candelaria-2026\\\/#breadcrumb\"},\"inLanguage\":\"es\",\"potentialAction\":[{\"@type\":\"ReadAction\",\"target\":[\"https:\\\/\\\/www.eldiario.net\\\/portal\\\/2025\\\/11\\\/23\\\/en-peru-evaluan-prohibir-bandas-y-trajes-bolivianos-en-candelaria-2026\\\/\"]}]},{\"@type\":\"ImageObject\",\"inLanguage\":\"es\",\"@id\":\"https:\\\/\\\/www.eldiario.net\\\/portal\\\/2025\\\/11\\\/23\\\/en-peru-evaluan-prohibir-bandas-y-trajes-bolivianos-en-candelaria-2026\\\/#primaryimage\",\"url\":\"https:\\\/\\\/www.eldiario.net\\\/portal\\\/wp-content\\\/uploads\\\/2025\\\/11\\\/30-NAL-1.webp\",\"contentUrl\":\"https:\\\/\\\/www.eldiario.net\\\/portal\\\/wp-content\\\/uploads\\\/2025\\\/11\\\/30-NAL-1.webp\",\"width\":984,\"height\":545,\"caption\":\"La Festividad de Candelaria se realiza en Puno los primeros d\u00edas del mes de febrero.\"},{\"@type\":\"BreadcrumbList\",\"@id\":\"https:\\\/\\\/www.eldiario.net\\\/portal\\\/2025\\\/11\\\/23\\\/en-peru-evaluan-prohibir-bandas-y-trajes-bolivianos-en-candelaria-2026\\\/#breadcrumb\",\"itemListElement\":[{\"@type\":\"ListItem\",\"position\":1,\"name\":\"Portada\",\"item\":\"https:\\\/\\\/www.eldiario.net\\\/portal\\\/\"},{\"@type\":\"ListItem\",\"position\":2,\"name\":\"En Per\u00fa eval\u00faan prohibir bandas y trajes bolivianos en Candelaria 2026\"}]},{\"@type\":\"WebSite\",\"@id\":\"https:\\\/\\\/www.eldiario.net\\\/portal\\\/#website\",\"url\":\"https:\\\/\\\/www.eldiario.net\\\/portal\\\/\",\"name\":\"El Diario - Decano de la prensa nacional\",\"description\":\"El Diario - Decano de la prensa nacional\",\"publisher\":{\"@id\":\"https:\\\/\\\/www.eldiario.net\\\/portal\\\/#organization\"},\"potentialAction\":[{\"@type\":\"SearchAction\",\"target\":{\"@type\":\"EntryPoint\",\"urlTemplate\":\"https:\\\/\\\/www.eldiario.net\\\/portal\\\/?s={search_term_string}\"},\"query-input\":{\"@type\":\"PropertyValueSpecification\",\"valueRequired\":true,\"valueName\":\"search_term_string\"}}],\"inLanguage\":\"es\"},{\"@type\":\"Organization\",\"@id\":\"https:\\\/\\\/www.eldiario.net\\\/portal\\\/#organization\",\"name\":\"El Diario - Decano de la prensa nacional\",\"url\":\"https:\\\/\\\/www.eldiario.net\\\/portal\\\/\",\"logo\":{\"@type\":\"ImageObject\",\"inLanguage\":\"es\",\"@id\":\"https:\\\/\\\/www.eldiario.net\\\/portal\\\/#\\\/schema\\\/logo\\\/image\\\/\",\"url\":\"https:\\\/\\\/www.eldiario.net\\\/portal\\\/wp-content\\\/uploads\\\/2023\\\/07\\\/logo_ED.jpg\",\"contentUrl\":\"https:\\\/\\\/www.eldiario.net\\\/portal\\\/wp-content\\\/uploads\\\/2023\\\/07\\\/logo_ED.jpg\",\"width\":272,\"height\":52,\"caption\":\"El Diario - Decano de la prensa nacional\"},\"image\":{\"@id\":\"https:\\\/\\\/www.eldiario.net\\\/portal\\\/#\\\/schema\\\/logo\\\/image\\\/\"},\"sameAs\":[\"https:\\\/\\\/www.facebook.com\\\/eldiario.bolivia\\\/\",\"https:\\\/\\\/x.com\\\/eldiario_net\"]},{\"@type\":\"Person\",\"@id\":\"https:\\\/\\\/www.eldiario.net\\\/portal\\\/#\\\/schema\\\/person\\\/f46445640444750d7d753ccd04ae01b7\",\"name\":\"Jeanette\",\"image\":{\"@type\":\"ImageObject\",\"inLanguage\":\"es\",\"@id\":\"https:\\\/\\\/secure.gravatar.com\\\/avatar\\\/3ea2118a5f7dad2b7138b1187a6b7ee55f160b9968b66013c3a3ef39dd7e5798?s=96&d=mm&r=g\",\"url\":\"https:\\\/\\\/secure.gravatar.com\\\/avatar\\\/3ea2118a5f7dad2b7138b1187a6b7ee55f160b9968b66013c3a3ef39dd7e5798?s=96&d=mm&r=g\",\"contentUrl\":\"https:\\\/\\\/secure.gravatar.com\\\/avatar\\\/3ea2118a5f7dad2b7138b1187a6b7ee55f160b9968b66013c3a3ef39dd7e5798?s=96&d=mm&r=g\",\"caption\":\"Jeanette\"},\"sameAs\":[\"https:\\\/\\\/www.eldiario.net\\\/portal\"],\"url\":\"https:\\\/\\\/www.eldiario.net\\\/portal\\\/author\\\/jeanette\\\/\"}]}<\/script>\n<!-- \/ Yoast SEO plugin. -->","yoast_head_json":{"title":"En Per\u00fa eval\u00faan prohibir bandas y trajes bolivianos en Candelaria 2026 - El Diario - Bolivia","robots":{"index":"index","follow":"follow","max-snippet":"max-snippet:-1","max-image-preview":"max-image-preview:large","max-video-preview":"max-video-preview:-1"},"canonical":"https:\/\/www.eldiario.net\/portal\/2025\/11\/23\/en-peru-evaluan-prohibir-bandas-y-trajes-bolivianos-en-candelaria-2026\/","og_locale":"es_ES","og_type":"article","og_title":"En Per\u00fa eval\u00faan prohibir bandas y trajes bolivianos en Candelaria 2026 - El Diario - Bolivia","og_description":"Autoridades de Per\u00fa analizan impedir la participaci\u00f3n de bandas y trajes provenientes de Bolivia en la festividad Virgen de la Candelaria 2026, como una medida de \u201crechazo\u201d ante las acusaciones sobre el origen de algunas danzas. La vicegobernadora regional de Puno y presidenta del Comit\u00e9 de Salvaguarda de la festividad de la Virgen de la [&hellip;]","og_url":"https:\/\/www.eldiario.net\/portal\/2025\/11\/23\/en-peru-evaluan-prohibir-bandas-y-trajes-bolivianos-en-candelaria-2026\/","og_site_name":"El Diario - Bolivia","article_publisher":"https:\/\/www.facebook.com\/eldiario.bolivia\/","article_published_time":"2025-11-23T11:16:07+00:00","og_image":[{"width":984,"height":545,"url":"https:\/\/www.eldiario.net\/portal\/wp-content\/uploads\/2025\/11\/30-NAL-1.webp","type":"image\/webp"}],"author":"Jeanette","twitter_card":"summary_large_image","twitter_creator":"@eldiario_net","twitter_site":"@eldiario_net","twitter_misc":{"Escrito por":"Jeanette","Tiempo de lectura":"2 minutos"},"schema":{"@context":"https:\/\/schema.org","@graph":[{"@type":"Article","@id":"https:\/\/www.eldiario.net\/portal\/2025\/11\/23\/en-peru-evaluan-prohibir-bandas-y-trajes-bolivianos-en-candelaria-2026\/#article","isPartOf":{"@id":"https:\/\/www.eldiario.net\/portal\/2025\/11\/23\/en-peru-evaluan-prohibir-bandas-y-trajes-bolivianos-en-candelaria-2026\/"},"author":{"name":"Jeanette","@id":"https:\/\/www.eldiario.net\/portal\/#\/schema\/person\/f46445640444750d7d753ccd04ae01b7"},"headline":"En Per\u00fa eval\u00faan prohibir bandas y trajes bolivianos en Candelaria 2026","datePublished":"2025-11-23T11:16:07+00:00","mainEntityOfPage":{"@id":"https:\/\/www.eldiario.net\/portal\/2025\/11\/23\/en-peru-evaluan-prohibir-bandas-y-trajes-bolivianos-en-candelaria-2026\/"},"wordCount":291,"publisher":{"@id":"https:\/\/www.eldiario.net\/portal\/#organization"},"image":{"@id":"https:\/\/www.eldiario.net\/portal\/2025\/11\/23\/en-peru-evaluan-prohibir-bandas-y-trajes-bolivianos-en-candelaria-2026\/#primaryimage"},"thumbnailUrl":"https:\/\/www.eldiario.net\/portal\/wp-content\/uploads\/2025\/11\/30-NAL-1.webp","articleSection":["Nacional"],"inLanguage":"es"},{"@type":"WebPage","@id":"https:\/\/www.eldiario.net\/portal\/2025\/11\/23\/en-peru-evaluan-prohibir-bandas-y-trajes-bolivianos-en-candelaria-2026\/","url":"https:\/\/www.eldiario.net\/portal\/2025\/11\/23\/en-peru-evaluan-prohibir-bandas-y-trajes-bolivianos-en-candelaria-2026\/","name":"En Per\u00fa eval\u00faan prohibir bandas y trajes bolivianos en Candelaria 2026 - El Diario - Bolivia","isPartOf":{"@id":"https:\/\/www.eldiario.net\/portal\/#website"},"primaryImageOfPage":{"@id":"https:\/\/www.eldiario.net\/portal\/2025\/11\/23\/en-peru-evaluan-prohibir-bandas-y-trajes-bolivianos-en-candelaria-2026\/#primaryimage"},"image":{"@id":"https:\/\/www.eldiario.net\/portal\/2025\/11\/23\/en-peru-evaluan-prohibir-bandas-y-trajes-bolivianos-en-candelaria-2026\/#primaryimage"},"thumbnailUrl":"https:\/\/www.eldiario.net\/portal\/wp-content\/uploads\/2025\/11\/30-NAL-1.webp","datePublished":"2025-11-23T11:16:07+00:00","breadcrumb":{"@id":"https:\/\/www.eldiario.net\/portal\/2025\/11\/23\/en-peru-evaluan-prohibir-bandas-y-trajes-bolivianos-en-candelaria-2026\/#breadcrumb"},"inLanguage":"es","potentialAction":[{"@type":"ReadAction","target":["https:\/\/www.eldiario.net\/portal\/2025\/11\/23\/en-peru-evaluan-prohibir-bandas-y-trajes-bolivianos-en-candelaria-2026\/"]}]},{"@type":"ImageObject","inLanguage":"es","@id":"https:\/\/www.eldiario.net\/portal\/2025\/11\/23\/en-peru-evaluan-prohibir-bandas-y-trajes-bolivianos-en-candelaria-2026\/#primaryimage","url":"https:\/\/www.eldiario.net\/portal\/wp-content\/uploads\/2025\/11\/30-NAL-1.webp","contentUrl":"https:\/\/www.eldiario.net\/portal\/wp-content\/uploads\/2025\/11\/30-NAL-1.webp","width":984,"height":545,"caption":"La Festividad de Candelaria se realiza en Puno los primeros d\u00edas del mes de febrero."},{"@type":"BreadcrumbList","@id":"https:\/\/www.eldiario.net\/portal\/2025\/11\/23\/en-peru-evaluan-prohibir-bandas-y-trajes-bolivianos-en-candelaria-2026\/#breadcrumb","itemListElement":[{"@type":"ListItem","position":1,"name":"Portada","item":"https:\/\/www.eldiario.net\/portal\/"},{"@type":"ListItem","position":2,"name":"En Per\u00fa eval\u00faan prohibir bandas y trajes bolivianos en Candelaria 2026"}]},{"@type":"WebSite","@id":"https:\/\/www.eldiario.net\/portal\/#website","url":"https:\/\/www.eldiario.net\/portal\/","name":"El Diario - Decano de la prensa nacional","description":"El Diario - Decano de la prensa nacional","publisher":{"@id":"https:\/\/www.eldiario.net\/portal\/#organization"},"potentialAction":[{"@type":"SearchAction","target":{"@type":"EntryPoint","urlTemplate":"https:\/\/www.eldiario.net\/portal\/?s={search_term_string}"},"query-input":{"@type":"PropertyValueSpecification","valueRequired":true,"valueName":"search_term_string"}}],"inLanguage":"es"},{"@type":"Organization","@id":"https:\/\/www.eldiario.net\/portal\/#organization","name":"El Diario - Decano de la prensa nacional","url":"https:\/\/www.eldiario.net\/portal\/","logo":{"@type":"ImageObject","inLanguage":"es","@id":"https:\/\/www.eldiario.net\/portal\/#\/schema\/logo\/image\/","url":"https:\/\/www.eldiario.net\/portal\/wp-content\/uploads\/2023\/07\/logo_ED.jpg","contentUrl":"https:\/\/www.eldiario.net\/portal\/wp-content\/uploads\/2023\/07\/logo_ED.jpg","width":272,"height":52,"caption":"El Diario - Decano de la prensa nacional"},"image":{"@id":"https:\/\/www.eldiario.net\/portal\/#\/schema\/logo\/image\/"},"sameAs":["https:\/\/www.facebook.com\/eldiario.bolivia\/","https:\/\/x.com\/eldiario_net"]},{"@type":"Person","@id":"https:\/\/www.eldiario.net\/portal\/#\/schema\/person\/f46445640444750d7d753ccd04ae01b7","name":"Jeanette","image":{"@type":"ImageObject","inLanguage":"es","@id":"https:\/\/secure.gravatar.com\/avatar\/3ea2118a5f7dad2b7138b1187a6b7ee55f160b9968b66013c3a3ef39dd7e5798?s=96&d=mm&r=g","url":"https:\/\/secure.gravatar.com\/avatar\/3ea2118a5f7dad2b7138b1187a6b7ee55f160b9968b66013c3a3ef39dd7e5798?s=96&d=mm&r=g","contentUrl":"https:\/\/secure.gravatar.com\/avatar\/3ea2118a5f7dad2b7138b1187a6b7ee55f160b9968b66013c3a3ef39dd7e5798?s=96&d=mm&r=g","caption":"Jeanette"},"sameAs":["https:\/\/www.eldiario.net\/portal"],"url":"https:\/\/www.eldiario.net\/portal\/author\/jeanette\/"}]}},"_links":{"self":[{"href":"https:\/\/www.eldiario.net\/portal\/wp-json\/wp\/v2\/posts\/347318","targetHints":{"allow":["GET"]}}],"collection":[{"href":"https:\/\/www.eldiario.net\/portal\/wp-json\/wp\/v2\/posts"}],"about":[{"href":"https:\/\/www.eldiario.net\/portal\/wp-json\/wp\/v2\/types\/post"}],"author":[{"embeddable":true,"href":"https:\/\/www.eldiario.net\/portal\/wp-json\/wp\/v2\/users\/1"}],"replies":[{"embeddable":true,"href":"https:\/\/www.eldiario.net\/portal\/wp-json\/wp\/v2\/comments?post=347318"}],"version-history":[{"count":1,"href":"https:\/\/www.eldiario.net\/portal\/wp-json\/wp\/v2\/posts\/347318\/revisions"}],"predecessor-version":[{"id":347320,"href":"https:\/\/www.eldiario.net\/portal\/wp-json\/wp\/v2\/posts\/347318\/revisions\/347320"}],"wp:featuredmedia":[{"embeddable":true,"href":"https:\/\/www.eldiario.net\/portal\/wp-json\/wp\/v2\/media\/347319"}],"wp:attachment":[{"href":"https:\/\/www.eldiario.net\/portal\/wp-json\/wp\/v2\/media?parent=347318"}],"wp:term":[{"taxonomy":"category","embeddable":true,"href":"https:\/\/www.eldiario.net\/portal\/wp-json\/wp\/v2\/categories?post=347318"},{"taxonomy":"post_tag","embeddable":true,"href":"https:\/\/www.eldiario.net\/portal\/wp-json\/wp\/v2\/tags?post=347318"}],"curies":[{"name":"wp","href":"https:\/\/api.w.org\/{rel}","templated":true}]}}