{"id":347307,"date":"2025-11-23T07:13:22","date_gmt":"2025-11-23T11:13:22","guid":{"rendered":"https:\/\/www.eldiario.net\/portal\/?p=347307"},"modified":"2025-11-23T07:13:22","modified_gmt":"2025-11-23T11:13:22","slug":"presidente-paz-se-compromete-impulsar-el-sector-productivo","status":"publish","type":"post","link":"https:\/\/www.eldiario.net\/portal\/2025\/11\/23\/presidente-paz-se-compromete-impulsar-el-sector-productivo\/","title":{"rendered":"Presidente Paz se compromete  impulsar el sector productivo"},"content":{"rendered":"<p>El presidente del Estado, Rodrigo Paz Pereira, particip\u00f3 en la inauguraci\u00f3n de un nuevo frigor\u00edfico privado de Bovinsa, en Santa Cruz, que generar\u00e1 al menos 600 empleos y anunci\u00f3 que la pr\u00f3xima semana se pondr\u00e1 en vigencia incentivos impositivos para los productores.<br \/>\nSer\u00e1 una de las medidas iniciales que ejecutar\u00e1 el Gobierno nacional, como parte de la pol\u00edtica de \u201ccapitalismo para todos\u201d, que propugna Paz desde la campa\u00f1a presidencial.<br \/>\n\u201cPongamos al capital en el eje central, para que ese capital, por muy poco que tengamos, tenga valor y signifique producci\u00f3n y crecimiento. Eso ser\u00e1 a trav\u00e9s de una serie de normativas. Y les quiero dar un adelanto, no voy a decir, pero est\u00e9n atentos, la siguiente semana daremos algunos anuncios impositivos para liberar nuestra econom\u00eda, para producir y para entender qu\u00e9 es el \u2018capitalismo para todos\u2019. No de consumo, sino de producci\u00f3n\u201d, indic\u00f3 sin anticipar detalles.<br \/>\nLa pol\u00edtica de \u201ccapitalismo para todos\u201d es parte de los cinco pilares del gobierno de Paz, quien lleva 14 d\u00edas como presidente de la naci\u00f3n, dando inicio a un nuevo ciclo pol\u00edtico en Bolivia luego de 20 a\u00f1os del gobierno del MAS-IPSP.<br \/>\nConsiste en el acceso a cr\u00e9ditos con condiciones favorables, la reducci\u00f3n de impuestos y la eliminaci\u00f3n de aranceles para productos que Bolivia no produce.<br \/>\nAl defender su propuesta, Paz argument\u00f3 que Bolivia es un \u201cpa\u00eds capitalista\u201d porque est\u00e1 conformado por comerciantes, cuentapropistas, transportistas, artesanos, empresarios y emprendedores, y porque \u201ces el capital que mueve\u201d a toda la econom\u00eda.<br \/>\nJunto con el capitalismo para todos los otros pilares del gobierno de Paz son el fin del \u201cEstado tranca\u201d, el 50-50, \u201cBolivia en el mundo y el mundo en Bolivia y lucha contra la corrupci\u00f3n\u201d.<br \/>\nAsegur\u00f3 que, en estos 14 d\u00edas de gesti\u00f3n, se dieron importantes pasos en estos cinco pilares, que tiene la tarea de revertir los m\u00e1s de 7.300 d\u00edas de los gobiernos del MAS-IPSP que dejaron p\u00e9rdidas millonarias al pa\u00eds y que ser\u00e1n investigadas por varias comisiones.<br \/>\nAl hablar de esa etapa, expres\u00f3 que un presidente que pertenec\u00eda al MAS-IPSP no habr\u00eda estado como \u00e9l en un evento organizado por el sector privado en Santa Cruz, uno de los principales polos de desarrollo econ\u00f3mico del pa\u00eds.<br \/>\nPor ello, afirm\u00f3 que Bolivia cambi\u00f3 y est\u00e1 \u201ccomprometida para que en el siglo XXI tengamos una nueva etapa donde la econom\u00eda sea una econom\u00eda para la gente, no sea una econom\u00eda para el Estado, donde el Estado te facilite las cosas, donde el Estado te ayude, no trabajes t\u00fa para el Estado, el Estado trabaje para que t\u00fa puedas rendir y ser un mejor boliviano con dignidad, produciendo, creciendo en tu pa\u00eds. Eso es fundamental\u201d. (Santa Cruz, ABI)<\/p>\n","protected":false},"excerpt":{"rendered":"<p>El presidente del Estado, Rodrigo Paz Pereira, particip\u00f3 en la inauguraci\u00f3n de un nuevo frigor\u00edfico privado de Bovinsa, en Santa Cruz, que generar\u00e1 al menos 600 empleos y anunci\u00f3 que la pr\u00f3xima semana se pondr\u00e1 en vigencia incentivos impositivos para los productores. Ser\u00e1 una de las medidas iniciales que ejecutar\u00e1 el Gobierno nacional, como parte [&hellip;]<\/p>\n","protected":false},"author":1,"featured_media":347308,"comment_status":"closed","ping_status":"open","sticky":false,"template":"","format":"standard","meta":{"_acf_changed":false,"footnotes":""},"categories":[12],"tags":[],"class_list":["post-347307","post","type-post","status-publish","format-standard","has-post-thumbnail","category-nacional"],"acf":{"antetitulo":"Santa Cruz"},"yoast_head":"<!-- This site is optimized with the Yoast SEO plugin v28.3 - https:\/\/yoast.com\/product\/yoast-seo-wordpress\/ -->\n<title>Presidente Paz se compromete impulsar el sector productivo - El Diario - Bolivia<\/title>\n<meta name=\"robots\" content=\"index, follow, max-snippet:-1, max-image-preview:large, max-video-preview:-1\" \/>\n<link rel=\"canonical\" href=\"https:\/\/www.eldiario.net\/portal\/2025\/11\/23\/presidente-paz-se-compromete-impulsar-el-sector-productivo\/\" \/>\n<meta property=\"og:locale\" content=\"es_ES\" \/>\n<meta property=\"og:type\" content=\"article\" \/>\n<meta property=\"og:title\" content=\"Presidente Paz se compromete impulsar el sector productivo - El Diario - Bolivia\" \/>\n<meta property=\"og:description\" content=\"El presidente del Estado, Rodrigo Paz Pereira, particip\u00f3 en la inauguraci\u00f3n de un nuevo frigor\u00edfico privado de Bovinsa, en Santa Cruz, que generar\u00e1 al menos 600 empleos y anunci\u00f3 que la pr\u00f3xima semana se pondr\u00e1 en vigencia incentivos impositivos para los productores. Ser\u00e1 una de las medidas iniciales que ejecutar\u00e1 el Gobierno nacional, como parte [&hellip;]\" \/>\n<meta property=\"og:url\" content=\"https:\/\/www.eldiario.net\/portal\/2025\/11\/23\/presidente-paz-se-compromete-impulsar-el-sector-productivo\/\" \/>\n<meta property=\"og:site_name\" content=\"El Diario - Bolivia\" \/>\n<meta property=\"article:publisher\" content=\"https:\/\/www.facebook.com\/eldiario.bolivia\/\" \/>\n<meta property=\"article:published_time\" content=\"2025-11-23T11:13:22+00:00\" \/>\n<meta property=\"og:image\" content=\"https:\/\/www.eldiario.net\/portal\/wp-content\/uploads\/2025\/11\/35-NAL.webp\" \/>\n\t<meta property=\"og:image:width\" content=\"810\" \/>\n\t<meta property=\"og:image:height\" content=\"545\" \/>\n\t<meta property=\"og:image:type\" content=\"image\/webp\" \/>\n<meta name=\"author\" content=\"Jeanette\" \/>\n<meta name=\"twitter:card\" content=\"summary_large_image\" \/>\n<meta name=\"twitter:creator\" content=\"@eldiario_net\" \/>\n<meta name=\"twitter:site\" content=\"@eldiario_net\" \/>\n<meta name=\"twitter:label1\" content=\"Escrito por\" \/>\n\t<meta name=\"twitter:data1\" content=\"Jeanette\" \/>\n\t<meta name=\"twitter:label2\" content=\"Tiempo de lectura\" \/>\n\t<meta name=\"twitter:data2\" content=\"3 minutos\" \/>\n<script type=\"application\/ld+json\" class=\"yoast-schema-graph\">{\"@context\":\"https:\\\/\\\/schema.org\",\"@graph\":[{\"@type\":\"Article\",\"@id\":\"https:\\\/\\\/www.eldiario.net\\\/portal\\\/2025\\\/11\\\/23\\\/presidente-paz-se-compromete-impulsar-el-sector-productivo\\\/#article\",\"isPartOf\":{\"@id\":\"https:\\\/\\\/www.eldiario.net\\\/portal\\\/2025\\\/11\\\/23\\\/presidente-paz-se-compromete-impulsar-el-sector-productivo\\\/\"},\"author\":{\"name\":\"Jeanette\",\"@id\":\"https:\\\/\\\/www.eldiario.net\\\/portal\\\/#\\\/schema\\\/person\\\/f46445640444750d7d753ccd04ae01b7\"},\"headline\":\"Presidente Paz se compromete impulsar el sector productivo\",\"datePublished\":\"2025-11-23T11:13:22+00:00\",\"mainEntityOfPage\":{\"@id\":\"https:\\\/\\\/www.eldiario.net\\\/portal\\\/2025\\\/11\\\/23\\\/presidente-paz-se-compromete-impulsar-el-sector-productivo\\\/\"},\"wordCount\":483,\"publisher\":{\"@id\":\"https:\\\/\\\/www.eldiario.net\\\/portal\\\/#organization\"},\"image\":{\"@id\":\"https:\\\/\\\/www.eldiario.net\\\/portal\\\/2025\\\/11\\\/23\\\/presidente-paz-se-compromete-impulsar-el-sector-productivo\\\/#primaryimage\"},\"thumbnailUrl\":\"https:\\\/\\\/www.eldiario.net\\\/portal\\\/wp-content\\\/uploads\\\/2025\\\/11\\\/35-NAL.webp\",\"articleSection\":[\"Nacional\"],\"inLanguage\":\"es\"},{\"@type\":\"WebPage\",\"@id\":\"https:\\\/\\\/www.eldiario.net\\\/portal\\\/2025\\\/11\\\/23\\\/presidente-paz-se-compromete-impulsar-el-sector-productivo\\\/\",\"url\":\"https:\\\/\\\/www.eldiario.net\\\/portal\\\/2025\\\/11\\\/23\\\/presidente-paz-se-compromete-impulsar-el-sector-productivo\\\/\",\"name\":\"Presidente Paz se compromete impulsar el sector productivo - El Diario - Bolivia\",\"isPartOf\":{\"@id\":\"https:\\\/\\\/www.eldiario.net\\\/portal\\\/#website\"},\"primaryImageOfPage\":{\"@id\":\"https:\\\/\\\/www.eldiario.net\\\/portal\\\/2025\\\/11\\\/23\\\/presidente-paz-se-compromete-impulsar-el-sector-productivo\\\/#primaryimage\"},\"image\":{\"@id\":\"https:\\\/\\\/www.eldiario.net\\\/portal\\\/2025\\\/11\\\/23\\\/presidente-paz-se-compromete-impulsar-el-sector-productivo\\\/#primaryimage\"},\"thumbnailUrl\":\"https:\\\/\\\/www.eldiario.net\\\/portal\\\/wp-content\\\/uploads\\\/2025\\\/11\\\/35-NAL.webp\",\"datePublished\":\"2025-11-23T11:13:22+00:00\",\"breadcrumb\":{\"@id\":\"https:\\\/\\\/www.eldiario.net\\\/portal\\\/2025\\\/11\\\/23\\\/presidente-paz-se-compromete-impulsar-el-sector-productivo\\\/#breadcrumb\"},\"inLanguage\":\"es\",\"potentialAction\":[{\"@type\":\"ReadAction\",\"target\":[\"https:\\\/\\\/www.eldiario.net\\\/portal\\\/2025\\\/11\\\/23\\\/presidente-paz-se-compromete-impulsar-el-sector-productivo\\\/\"]}]},{\"@type\":\"ImageObject\",\"inLanguage\":\"es\",\"@id\":\"https:\\\/\\\/www.eldiario.net\\\/portal\\\/2025\\\/11\\\/23\\\/presidente-paz-se-compromete-impulsar-el-sector-productivo\\\/#primaryimage\",\"url\":\"https:\\\/\\\/www.eldiario.net\\\/portal\\\/wp-content\\\/uploads\\\/2025\\\/11\\\/35-NAL.webp\",\"contentUrl\":\"https:\\\/\\\/www.eldiario.net\\\/portal\\\/wp-content\\\/uploads\\\/2025\\\/11\\\/35-NAL.webp\",\"width\":810,\"height\":545,\"caption\":\"EL JEFE DE ESTADO EN LA INAUGURACI\u00d3N DEL FRIGOR\u00cdFICO EN SANTA CRUZ.\"},{\"@type\":\"BreadcrumbList\",\"@id\":\"https:\\\/\\\/www.eldiario.net\\\/portal\\\/2025\\\/11\\\/23\\\/presidente-paz-se-compromete-impulsar-el-sector-productivo\\\/#breadcrumb\",\"itemListElement\":[{\"@type\":\"ListItem\",\"position\":1,\"name\":\"Portada\",\"item\":\"https:\\\/\\\/www.eldiario.net\\\/portal\\\/\"},{\"@type\":\"ListItem\",\"position\":2,\"name\":\"Presidente Paz se compromete impulsar el sector productivo\"}]},{\"@type\":\"WebSite\",\"@id\":\"https:\\\/\\\/www.eldiario.net\\\/portal\\\/#website\",\"url\":\"https:\\\/\\\/www.eldiario.net\\\/portal\\\/\",\"name\":\"El Diario - Decano de la prensa nacional\",\"description\":\"El Diario - Decano de la prensa nacional\",\"publisher\":{\"@id\":\"https:\\\/\\\/www.eldiario.net\\\/portal\\\/#organization\"},\"potentialAction\":[{\"@type\":\"SearchAction\",\"target\":{\"@type\":\"EntryPoint\",\"urlTemplate\":\"https:\\\/\\\/www.eldiario.net\\\/portal\\\/?s={search_term_string}\"},\"query-input\":{\"@type\":\"PropertyValueSpecification\",\"valueRequired\":true,\"valueName\":\"search_term_string\"}}],\"inLanguage\":\"es\"},{\"@type\":\"Organization\",\"@id\":\"https:\\\/\\\/www.eldiario.net\\\/portal\\\/#organization\",\"name\":\"El Diario - Decano de la prensa nacional\",\"url\":\"https:\\\/\\\/www.eldiario.net\\\/portal\\\/\",\"logo\":{\"@type\":\"ImageObject\",\"inLanguage\":\"es\",\"@id\":\"https:\\\/\\\/www.eldiario.net\\\/portal\\\/#\\\/schema\\\/logo\\\/image\\\/\",\"url\":\"https:\\\/\\\/www.eldiario.net\\\/portal\\\/wp-content\\\/uploads\\\/2023\\\/07\\\/logo_ED.jpg\",\"contentUrl\":\"https:\\\/\\\/www.eldiario.net\\\/portal\\\/wp-content\\\/uploads\\\/2023\\\/07\\\/logo_ED.jpg\",\"width\":272,\"height\":52,\"caption\":\"El Diario - Decano de la prensa nacional\"},\"image\":{\"@id\":\"https:\\\/\\\/www.eldiario.net\\\/portal\\\/#\\\/schema\\\/logo\\\/image\\\/\"},\"sameAs\":[\"https:\\\/\\\/www.facebook.com\\\/eldiario.bolivia\\\/\",\"https:\\\/\\\/x.com\\\/eldiario_net\"]},{\"@type\":\"Person\",\"@id\":\"https:\\\/\\\/www.eldiario.net\\\/portal\\\/#\\\/schema\\\/person\\\/f46445640444750d7d753ccd04ae01b7\",\"name\":\"Jeanette\",\"image\":{\"@type\":\"ImageObject\",\"inLanguage\":\"es\",\"@id\":\"https:\\\/\\\/secure.gravatar.com\\\/avatar\\\/3ea2118a5f7dad2b7138b1187a6b7ee55f160b9968b66013c3a3ef39dd7e5798?s=96&d=mm&r=g\",\"url\":\"https:\\\/\\\/secure.gravatar.com\\\/avatar\\\/3ea2118a5f7dad2b7138b1187a6b7ee55f160b9968b66013c3a3ef39dd7e5798?s=96&d=mm&r=g\",\"contentUrl\":\"https:\\\/\\\/secure.gravatar.com\\\/avatar\\\/3ea2118a5f7dad2b7138b1187a6b7ee55f160b9968b66013c3a3ef39dd7e5798?s=96&d=mm&r=g\",\"caption\":\"Jeanette\"},\"sameAs\":[\"https:\\\/\\\/www.eldiario.net\\\/portal\"],\"url\":\"https:\\\/\\\/www.eldiario.net\\\/portal\\\/author\\\/jeanette\\\/\"}]}<\/script>\n<!-- \/ Yoast SEO plugin. -->","yoast_head_json":{"title":"Presidente Paz se compromete impulsar el sector productivo - El Diario - Bolivia","robots":{"index":"index","follow":"follow","max-snippet":"max-snippet:-1","max-image-preview":"max-image-preview:large","max-video-preview":"max-video-preview:-1"},"canonical":"https:\/\/www.eldiario.net\/portal\/2025\/11\/23\/presidente-paz-se-compromete-impulsar-el-sector-productivo\/","og_locale":"es_ES","og_type":"article","og_title":"Presidente Paz se compromete impulsar el sector productivo - El Diario - Bolivia","og_description":"El presidente del Estado, Rodrigo Paz Pereira, particip\u00f3 en la inauguraci\u00f3n de un nuevo frigor\u00edfico privado de Bovinsa, en Santa Cruz, que generar\u00e1 al menos 600 empleos y anunci\u00f3 que la pr\u00f3xima semana se pondr\u00e1 en vigencia incentivos impositivos para los productores. Ser\u00e1 una de las medidas iniciales que ejecutar\u00e1 el Gobierno nacional, como parte [&hellip;]","og_url":"https:\/\/www.eldiario.net\/portal\/2025\/11\/23\/presidente-paz-se-compromete-impulsar-el-sector-productivo\/","og_site_name":"El Diario - Bolivia","article_publisher":"https:\/\/www.facebook.com\/eldiario.bolivia\/","article_published_time":"2025-11-23T11:13:22+00:00","og_image":[{"width":810,"height":545,"url":"https:\/\/www.eldiario.net\/portal\/wp-content\/uploads\/2025\/11\/35-NAL.webp","type":"image\/webp"}],"author":"Jeanette","twitter_card":"summary_large_image","twitter_creator":"@eldiario_net","twitter_site":"@eldiario_net","twitter_misc":{"Escrito por":"Jeanette","Tiempo de lectura":"3 minutos"},"schema":{"@context":"https:\/\/schema.org","@graph":[{"@type":"Article","@id":"https:\/\/www.eldiario.net\/portal\/2025\/11\/23\/presidente-paz-se-compromete-impulsar-el-sector-productivo\/#article","isPartOf":{"@id":"https:\/\/www.eldiario.net\/portal\/2025\/11\/23\/presidente-paz-se-compromete-impulsar-el-sector-productivo\/"},"author":{"name":"Jeanette","@id":"https:\/\/www.eldiario.net\/portal\/#\/schema\/person\/f46445640444750d7d753ccd04ae01b7"},"headline":"Presidente Paz se compromete impulsar el sector productivo","datePublished":"2025-11-23T11:13:22+00:00","mainEntityOfPage":{"@id":"https:\/\/www.eldiario.net\/portal\/2025\/11\/23\/presidente-paz-se-compromete-impulsar-el-sector-productivo\/"},"wordCount":483,"publisher":{"@id":"https:\/\/www.eldiario.net\/portal\/#organization"},"image":{"@id":"https:\/\/www.eldiario.net\/portal\/2025\/11\/23\/presidente-paz-se-compromete-impulsar-el-sector-productivo\/#primaryimage"},"thumbnailUrl":"https:\/\/www.eldiario.net\/portal\/wp-content\/uploads\/2025\/11\/35-NAL.webp","articleSection":["Nacional"],"inLanguage":"es"},{"@type":"WebPage","@id":"https:\/\/www.eldiario.net\/portal\/2025\/11\/23\/presidente-paz-se-compromete-impulsar-el-sector-productivo\/","url":"https:\/\/www.eldiario.net\/portal\/2025\/11\/23\/presidente-paz-se-compromete-impulsar-el-sector-productivo\/","name":"Presidente Paz se compromete impulsar el sector productivo - El Diario - Bolivia","isPartOf":{"@id":"https:\/\/www.eldiario.net\/portal\/#website"},"primaryImageOfPage":{"@id":"https:\/\/www.eldiario.net\/portal\/2025\/11\/23\/presidente-paz-se-compromete-impulsar-el-sector-productivo\/#primaryimage"},"image":{"@id":"https:\/\/www.eldiario.net\/portal\/2025\/11\/23\/presidente-paz-se-compromete-impulsar-el-sector-productivo\/#primaryimage"},"thumbnailUrl":"https:\/\/www.eldiario.net\/portal\/wp-content\/uploads\/2025\/11\/35-NAL.webp","datePublished":"2025-11-23T11:13:22+00:00","breadcrumb":{"@id":"https:\/\/www.eldiario.net\/portal\/2025\/11\/23\/presidente-paz-se-compromete-impulsar-el-sector-productivo\/#breadcrumb"},"inLanguage":"es","potentialAction":[{"@type":"ReadAction","target":["https:\/\/www.eldiario.net\/portal\/2025\/11\/23\/presidente-paz-se-compromete-impulsar-el-sector-productivo\/"]}]},{"@type":"ImageObject","inLanguage":"es","@id":"https:\/\/www.eldiario.net\/portal\/2025\/11\/23\/presidente-paz-se-compromete-impulsar-el-sector-productivo\/#primaryimage","url":"https:\/\/www.eldiario.net\/portal\/wp-content\/uploads\/2025\/11\/35-NAL.webp","contentUrl":"https:\/\/www.eldiario.net\/portal\/wp-content\/uploads\/2025\/11\/35-NAL.webp","width":810,"height":545,"caption":"EL JEFE DE ESTADO EN LA INAUGURACI\u00d3N DEL FRIGOR\u00cdFICO EN SANTA CRUZ."},{"@type":"BreadcrumbList","@id":"https:\/\/www.eldiario.net\/portal\/2025\/11\/23\/presidente-paz-se-compromete-impulsar-el-sector-productivo\/#breadcrumb","itemListElement":[{"@type":"ListItem","position":1,"name":"Portada","item":"https:\/\/www.eldiario.net\/portal\/"},{"@type":"ListItem","position":2,"name":"Presidente Paz se compromete impulsar el sector productivo"}]},{"@type":"WebSite","@id":"https:\/\/www.eldiario.net\/portal\/#website","url":"https:\/\/www.eldiario.net\/portal\/","name":"El Diario - Decano de la prensa nacional","description":"El Diario - Decano de la prensa nacional","publisher":{"@id":"https:\/\/www.eldiario.net\/portal\/#organization"},"potentialAction":[{"@type":"SearchAction","target":{"@type":"EntryPoint","urlTemplate":"https:\/\/www.eldiario.net\/portal\/?s={search_term_string}"},"query-input":{"@type":"PropertyValueSpecification","valueRequired":true,"valueName":"search_term_string"}}],"inLanguage":"es"},{"@type":"Organization","@id":"https:\/\/www.eldiario.net\/portal\/#organization","name":"El Diario - Decano de la prensa nacional","url":"https:\/\/www.eldiario.net\/portal\/","logo":{"@type":"ImageObject","inLanguage":"es","@id":"https:\/\/www.eldiario.net\/portal\/#\/schema\/logo\/image\/","url":"https:\/\/www.eldiario.net\/portal\/wp-content\/uploads\/2023\/07\/logo_ED.jpg","contentUrl":"https:\/\/www.eldiario.net\/portal\/wp-content\/uploads\/2023\/07\/logo_ED.jpg","width":272,"height":52,"caption":"El Diario - Decano de la prensa nacional"},"image":{"@id":"https:\/\/www.eldiario.net\/portal\/#\/schema\/logo\/image\/"},"sameAs":["https:\/\/www.facebook.com\/eldiario.bolivia\/","https:\/\/x.com\/eldiario_net"]},{"@type":"Person","@id":"https:\/\/www.eldiario.net\/portal\/#\/schema\/person\/f46445640444750d7d753ccd04ae01b7","name":"Jeanette","image":{"@type":"ImageObject","inLanguage":"es","@id":"https:\/\/secure.gravatar.com\/avatar\/3ea2118a5f7dad2b7138b1187a6b7ee55f160b9968b66013c3a3ef39dd7e5798?s=96&d=mm&r=g","url":"https:\/\/secure.gravatar.com\/avatar\/3ea2118a5f7dad2b7138b1187a6b7ee55f160b9968b66013c3a3ef39dd7e5798?s=96&d=mm&r=g","contentUrl":"https:\/\/secure.gravatar.com\/avatar\/3ea2118a5f7dad2b7138b1187a6b7ee55f160b9968b66013c3a3ef39dd7e5798?s=96&d=mm&r=g","caption":"Jeanette"},"sameAs":["https:\/\/www.eldiario.net\/portal"],"url":"https:\/\/www.eldiario.net\/portal\/author\/jeanette\/"}]}},"_links":{"self":[{"href":"https:\/\/www.eldiario.net\/portal\/wp-json\/wp\/v2\/posts\/347307","targetHints":{"allow":["GET"]}}],"collection":[{"href":"https:\/\/www.eldiario.net\/portal\/wp-json\/wp\/v2\/posts"}],"about":[{"href":"https:\/\/www.eldiario.net\/portal\/wp-json\/wp\/v2\/types\/post"}],"author":[{"embeddable":true,"href":"https:\/\/www.eldiario.net\/portal\/wp-json\/wp\/v2\/users\/1"}],"replies":[{"embeddable":true,"href":"https:\/\/www.eldiario.net\/portal\/wp-json\/wp\/v2\/comments?post=347307"}],"version-history":[{"count":1,"href":"https:\/\/www.eldiario.net\/portal\/wp-json\/wp\/v2\/posts\/347307\/revisions"}],"predecessor-version":[{"id":347309,"href":"https:\/\/www.eldiario.net\/portal\/wp-json\/wp\/v2\/posts\/347307\/revisions\/347309"}],"wp:featuredmedia":[{"embeddable":true,"href":"https:\/\/www.eldiario.net\/portal\/wp-json\/wp\/v2\/media\/347308"}],"wp:attachment":[{"href":"https:\/\/www.eldiario.net\/portal\/wp-json\/wp\/v2\/media?parent=347307"}],"wp:term":[{"taxonomy":"category","embeddable":true,"href":"https:\/\/www.eldiario.net\/portal\/wp-json\/wp\/v2\/categories?post=347307"},{"taxonomy":"post_tag","embeddable":true,"href":"https:\/\/www.eldiario.net\/portal\/wp-json\/wp\/v2\/tags?post=347307"}],"curies":[{"name":"wp","href":"https:\/\/api.w.org\/{rel}","templated":true}]}}