{"id":347302,"date":"2025-11-23T07:11:43","date_gmt":"2025-11-23T11:11:43","guid":{"rendered":"https:\/\/www.eldiario.net\/portal\/?p=347302"},"modified":"2025-11-23T07:11:43","modified_gmt":"2025-11-23T11:11:43","slug":"las-reformas-estructurales-deben-gozar-de-legitimidad","status":"publish","type":"post","link":"https:\/\/www.eldiario.net\/portal\/2025\/11\/23\/las-reformas-estructurales-deben-gozar-de-legitimidad\/","title":{"rendered":"Las reformas estructurales  deben gozar de legitimidad"},"content":{"rendered":"<p>Ante constantes planteamientos de la clase pol\u00edtica sobre la necesidad de implementar reformas estructurales en distintos \u00e1mbitos del Estado boliviano, el abogado constitucionalista V\u00edctor Hugo Ch\u00e1vez, se\u00f1al\u00f3 que la actual Carta Magna es la \u00fanica que fue aprobada por voto popular, hecho que le da legitimidad y condiciona que cualquier cambio o modificaci\u00f3n deba gozar de la misma cualidad.<br \/>\n\u201cA lo largo de la historia de Bolivia, la \u00fanica Constituci\u00f3n Pol\u00edtica del Estado que ha sido aprobada mediante voto ciudadano del 25 de enero de 2009, es la actual, que adem\u00e1s emerge, en gran parte, de la Asamblea Constituyente, eso quiere decir que goza de amplia legitimidad otorgada por el voto del pueblo\u201d, sostuvo el jurista a trav\u00e9s de sus redes sociales.<br \/>\nAsimismo, resalt\u00f3 que el tratamiento de la actual Ley Fundamental fue analizado, debatido y concertado por constituyentes que finalmente establecieron el contenido del texto constitucional.<br \/>\nEn ese sentido, asegur\u00f3 que las \u201creformas estructurales\u201d que se plantea aplicar para modificar ciertos aspectos en el funcionamiento del Estado boliviano solo gozar\u00e1n de legitimidad si se hacen a trav\u00e9s de un nuevo proceso constituyente.<br \/>\n\u201cLas reformas estructurales de nuestra norma suprema solo pueden hacerse a trav\u00e9s de una nueva Asamblea Constituyente. Temas como el Estado Federal, la supresi\u00f3n de las elecciones judiciales y otros que venimos escuchando a lo largo del debate pol\u00edtico deben ser debatidos en una nueva constituyente\u201d, dijo.<br \/>\nSeg\u00fan Ch\u00e1vez, si lo que se quiere es aplicar reformas estructurales que gocen de un alto grado de legitimidad, el \u00fanico camino es una nueva constituyente de la que emerja un nuevo texto constitucional, y que este sea puesto a consideraci\u00f3n del soberano.<br \/>\n\u201cSolo de esa manera se podr\u00e1 gozar de legitimidad. La actual Constituci\u00f3n goza de legitimidad porque fue aprobada por m\u00e1s del 60% de la votaci\u00f3n ciudadana\u201d, finaliz\u00f3.<br \/>\nTras asumir la presidencia de Bolivia, Rodrigo Paz lanz\u00f3 un mensaje de cambio, al asegurar que su Gobierno pondr\u00e1 fin al \u201cEstado tranca\u201d, caracterizado por la burocracia y la corrupci\u00f3n que, limita la gesti\u00f3n p\u00fablica, la educaci\u00f3n, la salud y la inversi\u00f3n.<br \/>\n\u201cNo se transforma la patria, se transforma el \u2018Estado tranca\u2019, ese es mi compromiso con ustedes. La patria somos nosotros y nosotros transformamos el Estado para que sirva a la patria\u201d, afirm\u00f3.<br \/>\nEn su mensaje, el mandatario plante\u00f3 un ambicioso plan de reformas en el \u00e1mbito judicial, econ\u00f3mico, productivo, educativo, tecnol\u00f3gico, en turismo y medio ambiente, adem\u00e1s de anunciar una mejor protecci\u00f3n de la propiedad privada y la seguridad jur\u00eddica, como ejes para fomentar la inversi\u00f3n y el empleo.<br \/>\nEsta semana, durante una entrevista televisiva, el ministro de la Presidencia, Jos\u00e9 Luis Lupo, anunci\u00f3 que, una vez cumplida la etapa de estabilizaci\u00f3n de precios y normal suministro de combustibles, el Gobierno nacional perfila para el mes de marzo de 2026 una reforma normativa estructural en los sectores de hidrocarburos y el agro.<br \/>\nEl paquete normativo ser\u00e1 una parte central del Acuerdo del Bicentenario, que impulsa el presidente Rodrigo Paz para revertir el \u201cEstado tranca\u201d y consolidar su pol\u00edtica de \u201cBolivia en el mundo y el mundo en Bolivia\u201d.<br \/>\n\u201cTenemos un plan integral que va a una primera etapa, la que estamos haciendo ahora de garantizar combustibles, de lograr estabilidad de precios y de poder generar condiciones para que esto sea sostenible\u201d, explic\u00f3 la autoridad.<br \/>\nPrecis\u00f3 adem\u00e1s que, \u201chasta el mes de marzo, pensamos, que ya vamos a estar con un plan completamente consolidado para poder iniciar la reforma estructural que tiene que ver con cambiar las leyes de hidrocarburos, de energ\u00eda, del sector agropecuario, para garantizar inversiones, porque sin inversi\u00f3n no hay crecimiento, sin crecimiento no hay exportaciones, sin exportaciones no hay divisas y tampoco hay empleo\u201d.<br \/>\n\u201cQuedan tareas por realizar, sobre todo, cuando desde el Gobierno se revel\u00f3 que los gobiernos del MAS dejaron, pr\u00e1cticamente, un Estado quebrado y muerto, sin institucionalidad\u201d, explic\u00f3 el ministro Lupo; no obstante, asegur\u00f3 que el Gobierno trabaja para revertir este escenario.<\/p>\n","protected":false},"excerpt":{"rendered":"<p>Ante constantes planteamientos de la clase pol\u00edtica sobre la necesidad de implementar reformas estructurales en distintos \u00e1mbitos del Estado boliviano, el abogado constitucionalista V\u00edctor Hugo Ch\u00e1vez, se\u00f1al\u00f3 que la actual Carta Magna es la \u00fanica que fue aprobada por voto popular, hecho que le da legitimidad y condiciona que cualquier cambio o modificaci\u00f3n deba gozar [&hellip;]<\/p>\n","protected":false},"author":1,"featured_media":347303,"comment_status":"closed","ping_status":"open","sticky":false,"template":"","format":"standard","meta":{"_acf_changed":false,"footnotes":""},"categories":[14],"tags":[],"class_list":["post-347302","post","type-post","status-publish","format-standard","has-post-thumbnail","category-politica"],"acf":{"antetitulo":"Afirma abogado constitucionalista V\u00edctor Hugo Ch\u00e1vez"},"yoast_head":"<!-- This site is optimized with the Yoast SEO plugin v28.3 - https:\/\/yoast.com\/product\/yoast-seo-wordpress\/ -->\n<title>Las reformas estructurales deben gozar de legitimidad - El Diario - Bolivia<\/title>\n<meta name=\"robots\" content=\"index, follow, max-snippet:-1, max-image-preview:large, max-video-preview:-1\" \/>\n<link rel=\"canonical\" href=\"https:\/\/www.eldiario.net\/portal\/2025\/11\/23\/las-reformas-estructurales-deben-gozar-de-legitimidad\/\" \/>\n<meta property=\"og:locale\" content=\"es_ES\" \/>\n<meta property=\"og:type\" content=\"article\" \/>\n<meta property=\"og:title\" content=\"Las reformas estructurales deben gozar de legitimidad - El Diario - Bolivia\" \/>\n<meta property=\"og:description\" content=\"Ante constantes planteamientos de la clase pol\u00edtica sobre la necesidad de implementar reformas estructurales en distintos \u00e1mbitos del Estado boliviano, el abogado constitucionalista V\u00edctor Hugo Ch\u00e1vez, se\u00f1al\u00f3 que la actual Carta Magna es la \u00fanica que fue aprobada por voto popular, hecho que le da legitimidad y condiciona que cualquier cambio o modificaci\u00f3n deba gozar [&hellip;]\" \/>\n<meta property=\"og:url\" content=\"https:\/\/www.eldiario.net\/portal\/2025\/11\/23\/las-reformas-estructurales-deben-gozar-de-legitimidad\/\" \/>\n<meta property=\"og:site_name\" content=\"El Diario - Bolivia\" \/>\n<meta property=\"article:publisher\" content=\"https:\/\/www.facebook.com\/eldiario.bolivia\/\" \/>\n<meta property=\"article:published_time\" content=\"2025-11-23T11:11:43+00:00\" \/>\n<meta property=\"og:image\" content=\"https:\/\/www.eldiario.net\/portal\/wp-content\/uploads\/2025\/11\/40-POL-12.webp\" \/>\n\t<meta property=\"og:image:width\" content=\"800\" \/>\n\t<meta property=\"og:image:height\" content=\"450\" \/>\n\t<meta property=\"og:image:type\" content=\"image\/webp\" \/>\n<meta name=\"author\" content=\"Jeanette\" \/>\n<meta name=\"twitter:card\" content=\"summary_large_image\" \/>\n<meta name=\"twitter:creator\" content=\"@eldiario_net\" \/>\n<meta name=\"twitter:site\" content=\"@eldiario_net\" \/>\n<meta name=\"twitter:label1\" content=\"Escrito por\" \/>\n\t<meta name=\"twitter:data1\" content=\"Jeanette\" \/>\n\t<meta name=\"twitter:label2\" content=\"Tiempo de lectura\" \/>\n\t<meta name=\"twitter:data2\" content=\"4 minutos\" \/>\n<script type=\"application\/ld+json\" class=\"yoast-schema-graph\">{\"@context\":\"https:\\\/\\\/schema.org\",\"@graph\":[{\"@type\":\"Article\",\"@id\":\"https:\\\/\\\/www.eldiario.net\\\/portal\\\/2025\\\/11\\\/23\\\/las-reformas-estructurales-deben-gozar-de-legitimidad\\\/#article\",\"isPartOf\":{\"@id\":\"https:\\\/\\\/www.eldiario.net\\\/portal\\\/2025\\\/11\\\/23\\\/las-reformas-estructurales-deben-gozar-de-legitimidad\\\/\"},\"author\":{\"name\":\"Jeanette\",\"@id\":\"https:\\\/\\\/www.eldiario.net\\\/portal\\\/#\\\/schema\\\/person\\\/f46445640444750d7d753ccd04ae01b7\"},\"headline\":\"Las reformas estructurales deben gozar de legitimidad\",\"datePublished\":\"2025-11-23T11:11:43+00:00\",\"mainEntityOfPage\":{\"@id\":\"https:\\\/\\\/www.eldiario.net\\\/portal\\\/2025\\\/11\\\/23\\\/las-reformas-estructurales-deben-gozar-de-legitimidad\\\/\"},\"wordCount\":690,\"publisher\":{\"@id\":\"https:\\\/\\\/www.eldiario.net\\\/portal\\\/#organization\"},\"image\":{\"@id\":\"https:\\\/\\\/www.eldiario.net\\\/portal\\\/2025\\\/11\\\/23\\\/las-reformas-estructurales-deben-gozar-de-legitimidad\\\/#primaryimage\"},\"thumbnailUrl\":\"https:\\\/\\\/www.eldiario.net\\\/portal\\\/wp-content\\\/uploads\\\/2025\\\/11\\\/40-POL-12.webp\",\"articleSection\":[\"Pol\u00edtica\"],\"inLanguage\":\"es\"},{\"@type\":\"WebPage\",\"@id\":\"https:\\\/\\\/www.eldiario.net\\\/portal\\\/2025\\\/11\\\/23\\\/las-reformas-estructurales-deben-gozar-de-legitimidad\\\/\",\"url\":\"https:\\\/\\\/www.eldiario.net\\\/portal\\\/2025\\\/11\\\/23\\\/las-reformas-estructurales-deben-gozar-de-legitimidad\\\/\",\"name\":\"Las reformas estructurales deben gozar de legitimidad - El Diario - Bolivia\",\"isPartOf\":{\"@id\":\"https:\\\/\\\/www.eldiario.net\\\/portal\\\/#website\"},\"primaryImageOfPage\":{\"@id\":\"https:\\\/\\\/www.eldiario.net\\\/portal\\\/2025\\\/11\\\/23\\\/las-reformas-estructurales-deben-gozar-de-legitimidad\\\/#primaryimage\"},\"image\":{\"@id\":\"https:\\\/\\\/www.eldiario.net\\\/portal\\\/2025\\\/11\\\/23\\\/las-reformas-estructurales-deben-gozar-de-legitimidad\\\/#primaryimage\"},\"thumbnailUrl\":\"https:\\\/\\\/www.eldiario.net\\\/portal\\\/wp-content\\\/uploads\\\/2025\\\/11\\\/40-POL-12.webp\",\"datePublished\":\"2025-11-23T11:11:43+00:00\",\"breadcrumb\":{\"@id\":\"https:\\\/\\\/www.eldiario.net\\\/portal\\\/2025\\\/11\\\/23\\\/las-reformas-estructurales-deben-gozar-de-legitimidad\\\/#breadcrumb\"},\"inLanguage\":\"es\",\"potentialAction\":[{\"@type\":\"ReadAction\",\"target\":[\"https:\\\/\\\/www.eldiario.net\\\/portal\\\/2025\\\/11\\\/23\\\/las-reformas-estructurales-deben-gozar-de-legitimidad\\\/\"]}]},{\"@type\":\"ImageObject\",\"inLanguage\":\"es\",\"@id\":\"https:\\\/\\\/www.eldiario.net\\\/portal\\\/2025\\\/11\\\/23\\\/las-reformas-estructurales-deben-gozar-de-legitimidad\\\/#primaryimage\",\"url\":\"https:\\\/\\\/www.eldiario.net\\\/portal\\\/wp-content\\\/uploads\\\/2025\\\/11\\\/40-POL-12.webp\",\"contentUrl\":\"https:\\\/\\\/www.eldiario.net\\\/portal\\\/wp-content\\\/uploads\\\/2025\\\/11\\\/40-POL-12.webp\",\"width\":800,\"height\":450,\"caption\":\"El abogado constitucionalista, V\u00edctor Hugo Ch\u00e1vez.\"},{\"@type\":\"BreadcrumbList\",\"@id\":\"https:\\\/\\\/www.eldiario.net\\\/portal\\\/2025\\\/11\\\/23\\\/las-reformas-estructurales-deben-gozar-de-legitimidad\\\/#breadcrumb\",\"itemListElement\":[{\"@type\":\"ListItem\",\"position\":1,\"name\":\"Portada\",\"item\":\"https:\\\/\\\/www.eldiario.net\\\/portal\\\/\"},{\"@type\":\"ListItem\",\"position\":2,\"name\":\"Las reformas estructurales deben gozar de legitimidad\"}]},{\"@type\":\"WebSite\",\"@id\":\"https:\\\/\\\/www.eldiario.net\\\/portal\\\/#website\",\"url\":\"https:\\\/\\\/www.eldiario.net\\\/portal\\\/\",\"name\":\"El Diario - Decano de la prensa nacional\",\"description\":\"El Diario - Decano de la prensa nacional\",\"publisher\":{\"@id\":\"https:\\\/\\\/www.eldiario.net\\\/portal\\\/#organization\"},\"potentialAction\":[{\"@type\":\"SearchAction\",\"target\":{\"@type\":\"EntryPoint\",\"urlTemplate\":\"https:\\\/\\\/www.eldiario.net\\\/portal\\\/?s={search_term_string}\"},\"query-input\":{\"@type\":\"PropertyValueSpecification\",\"valueRequired\":true,\"valueName\":\"search_term_string\"}}],\"inLanguage\":\"es\"},{\"@type\":\"Organization\",\"@id\":\"https:\\\/\\\/www.eldiario.net\\\/portal\\\/#organization\",\"name\":\"El Diario - Decano de la prensa nacional\",\"url\":\"https:\\\/\\\/www.eldiario.net\\\/portal\\\/\",\"logo\":{\"@type\":\"ImageObject\",\"inLanguage\":\"es\",\"@id\":\"https:\\\/\\\/www.eldiario.net\\\/portal\\\/#\\\/schema\\\/logo\\\/image\\\/\",\"url\":\"https:\\\/\\\/www.eldiario.net\\\/portal\\\/wp-content\\\/uploads\\\/2023\\\/07\\\/logo_ED.jpg\",\"contentUrl\":\"https:\\\/\\\/www.eldiario.net\\\/portal\\\/wp-content\\\/uploads\\\/2023\\\/07\\\/logo_ED.jpg\",\"width\":272,\"height\":52,\"caption\":\"El Diario - Decano de la prensa nacional\"},\"image\":{\"@id\":\"https:\\\/\\\/www.eldiario.net\\\/portal\\\/#\\\/schema\\\/logo\\\/image\\\/\"},\"sameAs\":[\"https:\\\/\\\/www.facebook.com\\\/eldiario.bolivia\\\/\",\"https:\\\/\\\/x.com\\\/eldiario_net\"]},{\"@type\":\"Person\",\"@id\":\"https:\\\/\\\/www.eldiario.net\\\/portal\\\/#\\\/schema\\\/person\\\/f46445640444750d7d753ccd04ae01b7\",\"name\":\"Jeanette\",\"image\":{\"@type\":\"ImageObject\",\"inLanguage\":\"es\",\"@id\":\"https:\\\/\\\/secure.gravatar.com\\\/avatar\\\/3ea2118a5f7dad2b7138b1187a6b7ee55f160b9968b66013c3a3ef39dd7e5798?s=96&d=mm&r=g\",\"url\":\"https:\\\/\\\/secure.gravatar.com\\\/avatar\\\/3ea2118a5f7dad2b7138b1187a6b7ee55f160b9968b66013c3a3ef39dd7e5798?s=96&d=mm&r=g\",\"contentUrl\":\"https:\\\/\\\/secure.gravatar.com\\\/avatar\\\/3ea2118a5f7dad2b7138b1187a6b7ee55f160b9968b66013c3a3ef39dd7e5798?s=96&d=mm&r=g\",\"caption\":\"Jeanette\"},\"sameAs\":[\"https:\\\/\\\/www.eldiario.net\\\/portal\"],\"url\":\"https:\\\/\\\/www.eldiario.net\\\/portal\\\/author\\\/jeanette\\\/\"}]}<\/script>\n<!-- \/ Yoast SEO plugin. -->","yoast_head_json":{"title":"Las reformas estructurales deben gozar de legitimidad - El Diario - Bolivia","robots":{"index":"index","follow":"follow","max-snippet":"max-snippet:-1","max-image-preview":"max-image-preview:large","max-video-preview":"max-video-preview:-1"},"canonical":"https:\/\/www.eldiario.net\/portal\/2025\/11\/23\/las-reformas-estructurales-deben-gozar-de-legitimidad\/","og_locale":"es_ES","og_type":"article","og_title":"Las reformas estructurales deben gozar de legitimidad - El Diario - Bolivia","og_description":"Ante constantes planteamientos de la clase pol\u00edtica sobre la necesidad de implementar reformas estructurales en distintos \u00e1mbitos del Estado boliviano, el abogado constitucionalista V\u00edctor Hugo Ch\u00e1vez, se\u00f1al\u00f3 que la actual Carta Magna es la \u00fanica que fue aprobada por voto popular, hecho que le da legitimidad y condiciona que cualquier cambio o modificaci\u00f3n deba gozar [&hellip;]","og_url":"https:\/\/www.eldiario.net\/portal\/2025\/11\/23\/las-reformas-estructurales-deben-gozar-de-legitimidad\/","og_site_name":"El Diario - Bolivia","article_publisher":"https:\/\/www.facebook.com\/eldiario.bolivia\/","article_published_time":"2025-11-23T11:11:43+00:00","og_image":[{"width":800,"height":450,"url":"https:\/\/www.eldiario.net\/portal\/wp-content\/uploads\/2025\/11\/40-POL-12.webp","type":"image\/webp"}],"author":"Jeanette","twitter_card":"summary_large_image","twitter_creator":"@eldiario_net","twitter_site":"@eldiario_net","twitter_misc":{"Escrito por":"Jeanette","Tiempo de lectura":"4 minutos"},"schema":{"@context":"https:\/\/schema.org","@graph":[{"@type":"Article","@id":"https:\/\/www.eldiario.net\/portal\/2025\/11\/23\/las-reformas-estructurales-deben-gozar-de-legitimidad\/#article","isPartOf":{"@id":"https:\/\/www.eldiario.net\/portal\/2025\/11\/23\/las-reformas-estructurales-deben-gozar-de-legitimidad\/"},"author":{"name":"Jeanette","@id":"https:\/\/www.eldiario.net\/portal\/#\/schema\/person\/f46445640444750d7d753ccd04ae01b7"},"headline":"Las reformas estructurales deben gozar de legitimidad","datePublished":"2025-11-23T11:11:43+00:00","mainEntityOfPage":{"@id":"https:\/\/www.eldiario.net\/portal\/2025\/11\/23\/las-reformas-estructurales-deben-gozar-de-legitimidad\/"},"wordCount":690,"publisher":{"@id":"https:\/\/www.eldiario.net\/portal\/#organization"},"image":{"@id":"https:\/\/www.eldiario.net\/portal\/2025\/11\/23\/las-reformas-estructurales-deben-gozar-de-legitimidad\/#primaryimage"},"thumbnailUrl":"https:\/\/www.eldiario.net\/portal\/wp-content\/uploads\/2025\/11\/40-POL-12.webp","articleSection":["Pol\u00edtica"],"inLanguage":"es"},{"@type":"WebPage","@id":"https:\/\/www.eldiario.net\/portal\/2025\/11\/23\/las-reformas-estructurales-deben-gozar-de-legitimidad\/","url":"https:\/\/www.eldiario.net\/portal\/2025\/11\/23\/las-reformas-estructurales-deben-gozar-de-legitimidad\/","name":"Las reformas estructurales deben gozar de legitimidad - El Diario - Bolivia","isPartOf":{"@id":"https:\/\/www.eldiario.net\/portal\/#website"},"primaryImageOfPage":{"@id":"https:\/\/www.eldiario.net\/portal\/2025\/11\/23\/las-reformas-estructurales-deben-gozar-de-legitimidad\/#primaryimage"},"image":{"@id":"https:\/\/www.eldiario.net\/portal\/2025\/11\/23\/las-reformas-estructurales-deben-gozar-de-legitimidad\/#primaryimage"},"thumbnailUrl":"https:\/\/www.eldiario.net\/portal\/wp-content\/uploads\/2025\/11\/40-POL-12.webp","datePublished":"2025-11-23T11:11:43+00:00","breadcrumb":{"@id":"https:\/\/www.eldiario.net\/portal\/2025\/11\/23\/las-reformas-estructurales-deben-gozar-de-legitimidad\/#breadcrumb"},"inLanguage":"es","potentialAction":[{"@type":"ReadAction","target":["https:\/\/www.eldiario.net\/portal\/2025\/11\/23\/las-reformas-estructurales-deben-gozar-de-legitimidad\/"]}]},{"@type":"ImageObject","inLanguage":"es","@id":"https:\/\/www.eldiario.net\/portal\/2025\/11\/23\/las-reformas-estructurales-deben-gozar-de-legitimidad\/#primaryimage","url":"https:\/\/www.eldiario.net\/portal\/wp-content\/uploads\/2025\/11\/40-POL-12.webp","contentUrl":"https:\/\/www.eldiario.net\/portal\/wp-content\/uploads\/2025\/11\/40-POL-12.webp","width":800,"height":450,"caption":"El abogado constitucionalista, V\u00edctor Hugo Ch\u00e1vez."},{"@type":"BreadcrumbList","@id":"https:\/\/www.eldiario.net\/portal\/2025\/11\/23\/las-reformas-estructurales-deben-gozar-de-legitimidad\/#breadcrumb","itemListElement":[{"@type":"ListItem","position":1,"name":"Portada","item":"https:\/\/www.eldiario.net\/portal\/"},{"@type":"ListItem","position":2,"name":"Las reformas estructurales deben gozar de legitimidad"}]},{"@type":"WebSite","@id":"https:\/\/www.eldiario.net\/portal\/#website","url":"https:\/\/www.eldiario.net\/portal\/","name":"El Diario - Decano de la prensa nacional","description":"El Diario - Decano de la prensa nacional","publisher":{"@id":"https:\/\/www.eldiario.net\/portal\/#organization"},"potentialAction":[{"@type":"SearchAction","target":{"@type":"EntryPoint","urlTemplate":"https:\/\/www.eldiario.net\/portal\/?s={search_term_string}"},"query-input":{"@type":"PropertyValueSpecification","valueRequired":true,"valueName":"search_term_string"}}],"inLanguage":"es"},{"@type":"Organization","@id":"https:\/\/www.eldiario.net\/portal\/#organization","name":"El Diario - Decano de la prensa nacional","url":"https:\/\/www.eldiario.net\/portal\/","logo":{"@type":"ImageObject","inLanguage":"es","@id":"https:\/\/www.eldiario.net\/portal\/#\/schema\/logo\/image\/","url":"https:\/\/www.eldiario.net\/portal\/wp-content\/uploads\/2023\/07\/logo_ED.jpg","contentUrl":"https:\/\/www.eldiario.net\/portal\/wp-content\/uploads\/2023\/07\/logo_ED.jpg","width":272,"height":52,"caption":"El Diario - Decano de la prensa nacional"},"image":{"@id":"https:\/\/www.eldiario.net\/portal\/#\/schema\/logo\/image\/"},"sameAs":["https:\/\/www.facebook.com\/eldiario.bolivia\/","https:\/\/x.com\/eldiario_net"]},{"@type":"Person","@id":"https:\/\/www.eldiario.net\/portal\/#\/schema\/person\/f46445640444750d7d753ccd04ae01b7","name":"Jeanette","image":{"@type":"ImageObject","inLanguage":"es","@id":"https:\/\/secure.gravatar.com\/avatar\/3ea2118a5f7dad2b7138b1187a6b7ee55f160b9968b66013c3a3ef39dd7e5798?s=96&d=mm&r=g","url":"https:\/\/secure.gravatar.com\/avatar\/3ea2118a5f7dad2b7138b1187a6b7ee55f160b9968b66013c3a3ef39dd7e5798?s=96&d=mm&r=g","contentUrl":"https:\/\/secure.gravatar.com\/avatar\/3ea2118a5f7dad2b7138b1187a6b7ee55f160b9968b66013c3a3ef39dd7e5798?s=96&d=mm&r=g","caption":"Jeanette"},"sameAs":["https:\/\/www.eldiario.net\/portal"],"url":"https:\/\/www.eldiario.net\/portal\/author\/jeanette\/"}]}},"_links":{"self":[{"href":"https:\/\/www.eldiario.net\/portal\/wp-json\/wp\/v2\/posts\/347302","targetHints":{"allow":["GET"]}}],"collection":[{"href":"https:\/\/www.eldiario.net\/portal\/wp-json\/wp\/v2\/posts"}],"about":[{"href":"https:\/\/www.eldiario.net\/portal\/wp-json\/wp\/v2\/types\/post"}],"author":[{"embeddable":true,"href":"https:\/\/www.eldiario.net\/portal\/wp-json\/wp\/v2\/users\/1"}],"replies":[{"embeddable":true,"href":"https:\/\/www.eldiario.net\/portal\/wp-json\/wp\/v2\/comments?post=347302"}],"version-history":[{"count":1,"href":"https:\/\/www.eldiario.net\/portal\/wp-json\/wp\/v2\/posts\/347302\/revisions"}],"predecessor-version":[{"id":347304,"href":"https:\/\/www.eldiario.net\/portal\/wp-json\/wp\/v2\/posts\/347302\/revisions\/347304"}],"wp:featuredmedia":[{"embeddable":true,"href":"https:\/\/www.eldiario.net\/portal\/wp-json\/wp\/v2\/media\/347303"}],"wp:attachment":[{"href":"https:\/\/www.eldiario.net\/portal\/wp-json\/wp\/v2\/media?parent=347302"}],"wp:term":[{"taxonomy":"category","embeddable":true,"href":"https:\/\/www.eldiario.net\/portal\/wp-json\/wp\/v2\/categories?post=347302"},{"taxonomy":"post_tag","embeddable":true,"href":"https:\/\/www.eldiario.net\/portal\/wp-json\/wp\/v2\/tags?post=347302"}],"curies":[{"name":"wp","href":"https:\/\/api.w.org\/{rel}","templated":true}]}}