{"id":347296,"date":"2025-11-23T07:10:25","date_gmt":"2025-11-23T11:10:25","guid":{"rendered":"https:\/\/www.eldiario.net\/portal\/?p=347296"},"modified":"2025-11-23T07:10:25","modified_gmt":"2025-11-23T11:10:25","slug":"lara-viaja-junto-a-familiares-a-paraguay-y-dijo-que-fue-invitado-por-la-conmebol","status":"publish","type":"post","link":"https:\/\/www.eldiario.net\/portal\/2025\/11\/23\/lara-viaja-junto-a-familiares-a-paraguay-y-dijo-que-fue-invitado-por-la-conmebol\/","title":{"rendered":"Lara viaja junto a familiares a Paraguay y dijo que fue invitado por la Conmebol"},"content":{"rendered":"<p>El vicepresidente del Estado, Edmand Lara, viaj\u00f3 a Asunci\u00f3n, Paraguay, junto a familiares, sin que se conozcan de forma oficial los motivos.<br \/>\nEl columnista de Br\u00fajula Digital, Agust\u00edn Echalar, estaba en el mismo avi\u00f3n y confirm\u00f3 la informaci\u00f3n. Relat\u00f3 que Lara y sus acompa\u00f1antes fueron los \u00faltimos en abordar la aeronave que parti\u00f3 ayer al mediod\u00eda hacia la capital paraguaya.<br \/>\nEchalar indic\u00f3 que el vicepresidente estaba acompa\u00f1ado por dos j\u00f3venes.<br \/>\nINVITADO POR<br \/>\nLA CONMEBOL<br \/>\nLara lleg\u00f3 al aeropuerto de Asunci\u00f3n en un vuelo regular de BoA. Vest\u00eda la camiseta de la selecci\u00f3n boliviana, la misma que utiliz\u00f3 en varias ocasiones durante la campa\u00f1a electoral.<br \/>\n\u201cEn esta ocasi\u00f3n vengo por una invitaci\u00f3n directa del presidente de la Conmebol, anteriormente me hab\u00edan invitado. El se\u00f1or (Alejandro) Dom\u00ednguez tambi\u00e9n estuvo en nuestra posesi\u00f3n, una persona que ama mucho el deporte, yo tambi\u00e9n. Hoy es una invitaci\u00f3n directa del presidente de la Conmebol, le agradezco. Ma\u00f1ana nos retornamos (a Bolivia) para seguir trabajando\u201d, declar\u00f3 Lara a enviados especiales de RDC Deportes en la terminal a\u00e9rea.<br \/>\nLa final de la Sudamericana de 2025 deb\u00eda jugarse originalmente en Santa Cruz de la Sierra; sin embargo, la Conmebol retir\u00f3 la sede a Bolivia debido al retraso en las obras de remodelaci\u00f3n del estadio Tahuichi Aguilera, ocurridas durante el gobierno de Luis Arce.<br \/>\nEl viaje del vicepresidente no fue anunciado por la Vicepresidencia del Estado ni \u00e9l public\u00f3 informaci\u00f3n en sus redes sociales, donde suele compartir diversos videos.<br \/>\nEn los \u00faltimos d\u00edas las ha utilizado para lanzar duras cr\u00edticas al presidente Paz y a su Gobierno, especialmente tras la salida de Freddy Vidovic del Ministerio de Justicia. (Con informaci\u00f3n de Br\u00fajula Digital)<\/p>\n","protected":false},"excerpt":{"rendered":"<p>El vicepresidente del Estado, Edmand Lara, viaj\u00f3 a Asunci\u00f3n, Paraguay, junto a familiares, sin que se conozcan de forma oficial los motivos. El columnista de Br\u00fajula Digital, Agust\u00edn Echalar, estaba en el mismo avi\u00f3n y confirm\u00f3 la informaci\u00f3n. Relat\u00f3 que Lara y sus acompa\u00f1antes fueron los \u00faltimos en abordar la aeronave que parti\u00f3 ayer al [&hellip;]<\/p>\n","protected":false},"author":1,"featured_media":347297,"comment_status":"closed","ping_status":"open","sticky":false,"template":"","format":"standard","meta":{"_acf_changed":false,"footnotes":""},"categories":[14],"tags":[],"class_list":["post-347296","post","type-post","status-publish","format-standard","has-post-thumbnail","category-politica"],"acf":{"antetitulo":""},"yoast_head":"<!-- This site is optimized with the Yoast SEO plugin v28.3 - https:\/\/yoast.com\/product\/yoast-seo-wordpress\/ -->\n<title>Lara viaja junto a familiares a Paraguay y dijo que fue invitado por la Conmebol - El Diario - Bolivia<\/title>\n<meta name=\"robots\" content=\"index, follow, max-snippet:-1, max-image-preview:large, max-video-preview:-1\" \/>\n<link rel=\"canonical\" href=\"https:\/\/www.eldiario.net\/portal\/2025\/11\/23\/lara-viaja-junto-a-familiares-a-paraguay-y-dijo-que-fue-invitado-por-la-conmebol\/\" \/>\n<meta property=\"og:locale\" content=\"es_ES\" \/>\n<meta property=\"og:type\" content=\"article\" \/>\n<meta property=\"og:title\" content=\"Lara viaja junto a familiares a Paraguay y dijo que fue invitado por la Conmebol - El Diario - Bolivia\" \/>\n<meta property=\"og:description\" content=\"El vicepresidente del Estado, Edmand Lara, viaj\u00f3 a Asunci\u00f3n, Paraguay, junto a familiares, sin que se conozcan de forma oficial los motivos. El columnista de Br\u00fajula Digital, Agust\u00edn Echalar, estaba en el mismo avi\u00f3n y confirm\u00f3 la informaci\u00f3n. Relat\u00f3 que Lara y sus acompa\u00f1antes fueron los \u00faltimos en abordar la aeronave que parti\u00f3 ayer al [&hellip;]\" \/>\n<meta property=\"og:url\" content=\"https:\/\/www.eldiario.net\/portal\/2025\/11\/23\/lara-viaja-junto-a-familiares-a-paraguay-y-dijo-que-fue-invitado-por-la-conmebol\/\" \/>\n<meta property=\"og:site_name\" content=\"El Diario - Bolivia\" \/>\n<meta property=\"article:publisher\" content=\"https:\/\/www.facebook.com\/eldiario.bolivia\/\" \/>\n<meta property=\"article:published_time\" content=\"2025-11-23T11:10:25+00:00\" \/>\n<meta property=\"og:image\" content=\"https:\/\/www.eldiario.net\/portal\/wp-content\/uploads\/2025\/11\/43-POL-9.webp\" \/>\n\t<meta property=\"og:image:width\" content=\"720\" \/>\n\t<meta property=\"og:image:height\" content=\"399\" \/>\n\t<meta property=\"og:image:type\" content=\"image\/webp\" \/>\n<meta name=\"author\" content=\"Jeanette\" \/>\n<meta name=\"twitter:card\" content=\"summary_large_image\" \/>\n<meta name=\"twitter:creator\" content=\"@eldiario_net\" \/>\n<meta name=\"twitter:site\" content=\"@eldiario_net\" \/>\n<meta name=\"twitter:label1\" content=\"Escrito por\" \/>\n\t<meta name=\"twitter:data1\" content=\"Jeanette\" \/>\n\t<meta name=\"twitter:label2\" content=\"Tiempo de lectura\" \/>\n\t<meta name=\"twitter:data2\" content=\"2 minutos\" \/>\n<script type=\"application\/ld+json\" class=\"yoast-schema-graph\">{\"@context\":\"https:\\\/\\\/schema.org\",\"@graph\":[{\"@type\":\"Article\",\"@id\":\"https:\\\/\\\/www.eldiario.net\\\/portal\\\/2025\\\/11\\\/23\\\/lara-viaja-junto-a-familiares-a-paraguay-y-dijo-que-fue-invitado-por-la-conmebol\\\/#article\",\"isPartOf\":{\"@id\":\"https:\\\/\\\/www.eldiario.net\\\/portal\\\/2025\\\/11\\\/23\\\/lara-viaja-junto-a-familiares-a-paraguay-y-dijo-que-fue-invitado-por-la-conmebol\\\/\"},\"author\":{\"name\":\"Jeanette\",\"@id\":\"https:\\\/\\\/www.eldiario.net\\\/portal\\\/#\\\/schema\\\/person\\\/f46445640444750d7d753ccd04ae01b7\"},\"headline\":\"Lara viaja junto a familiares a Paraguay y dijo que fue invitado por la Conmebol\",\"datePublished\":\"2025-11-23T11:10:25+00:00\",\"mainEntityOfPage\":{\"@id\":\"https:\\\/\\\/www.eldiario.net\\\/portal\\\/2025\\\/11\\\/23\\\/lara-viaja-junto-a-familiares-a-paraguay-y-dijo-que-fue-invitado-por-la-conmebol\\\/\"},\"wordCount\":319,\"publisher\":{\"@id\":\"https:\\\/\\\/www.eldiario.net\\\/portal\\\/#organization\"},\"image\":{\"@id\":\"https:\\\/\\\/www.eldiario.net\\\/portal\\\/2025\\\/11\\\/23\\\/lara-viaja-junto-a-familiares-a-paraguay-y-dijo-que-fue-invitado-por-la-conmebol\\\/#primaryimage\"},\"thumbnailUrl\":\"https:\\\/\\\/www.eldiario.net\\\/portal\\\/wp-content\\\/uploads\\\/2025\\\/11\\\/43-POL-9.webp\",\"articleSection\":[\"Pol\u00edtica\"],\"inLanguage\":\"es\"},{\"@type\":\"WebPage\",\"@id\":\"https:\\\/\\\/www.eldiario.net\\\/portal\\\/2025\\\/11\\\/23\\\/lara-viaja-junto-a-familiares-a-paraguay-y-dijo-que-fue-invitado-por-la-conmebol\\\/\",\"url\":\"https:\\\/\\\/www.eldiario.net\\\/portal\\\/2025\\\/11\\\/23\\\/lara-viaja-junto-a-familiares-a-paraguay-y-dijo-que-fue-invitado-por-la-conmebol\\\/\",\"name\":\"Lara viaja junto a familiares a Paraguay y dijo que fue invitado por la Conmebol - El Diario - Bolivia\",\"isPartOf\":{\"@id\":\"https:\\\/\\\/www.eldiario.net\\\/portal\\\/#website\"},\"primaryImageOfPage\":{\"@id\":\"https:\\\/\\\/www.eldiario.net\\\/portal\\\/2025\\\/11\\\/23\\\/lara-viaja-junto-a-familiares-a-paraguay-y-dijo-que-fue-invitado-por-la-conmebol\\\/#primaryimage\"},\"image\":{\"@id\":\"https:\\\/\\\/www.eldiario.net\\\/portal\\\/2025\\\/11\\\/23\\\/lara-viaja-junto-a-familiares-a-paraguay-y-dijo-que-fue-invitado-por-la-conmebol\\\/#primaryimage\"},\"thumbnailUrl\":\"https:\\\/\\\/www.eldiario.net\\\/portal\\\/wp-content\\\/uploads\\\/2025\\\/11\\\/43-POL-9.webp\",\"datePublished\":\"2025-11-23T11:10:25+00:00\",\"breadcrumb\":{\"@id\":\"https:\\\/\\\/www.eldiario.net\\\/portal\\\/2025\\\/11\\\/23\\\/lara-viaja-junto-a-familiares-a-paraguay-y-dijo-que-fue-invitado-por-la-conmebol\\\/#breadcrumb\"},\"inLanguage\":\"es\",\"potentialAction\":[{\"@type\":\"ReadAction\",\"target\":[\"https:\\\/\\\/www.eldiario.net\\\/portal\\\/2025\\\/11\\\/23\\\/lara-viaja-junto-a-familiares-a-paraguay-y-dijo-que-fue-invitado-por-la-conmebol\\\/\"]}]},{\"@type\":\"ImageObject\",\"inLanguage\":\"es\",\"@id\":\"https:\\\/\\\/www.eldiario.net\\\/portal\\\/2025\\\/11\\\/23\\\/lara-viaja-junto-a-familiares-a-paraguay-y-dijo-que-fue-invitado-por-la-conmebol\\\/#primaryimage\",\"url\":\"https:\\\/\\\/www.eldiario.net\\\/portal\\\/wp-content\\\/uploads\\\/2025\\\/11\\\/43-POL-9.webp\",\"contentUrl\":\"https:\\\/\\\/www.eldiario.net\\\/portal\\\/wp-content\\\/uploads\\\/2025\\\/11\\\/43-POL-9.webp\",\"width\":720,\"height\":399,\"caption\":\"EDMAND LARA A SU ARRIBO AL AEROPUERTO DE ASUNCI\u00d3N.\"},{\"@type\":\"BreadcrumbList\",\"@id\":\"https:\\\/\\\/www.eldiario.net\\\/portal\\\/2025\\\/11\\\/23\\\/lara-viaja-junto-a-familiares-a-paraguay-y-dijo-que-fue-invitado-por-la-conmebol\\\/#breadcrumb\",\"itemListElement\":[{\"@type\":\"ListItem\",\"position\":1,\"name\":\"Portada\",\"item\":\"https:\\\/\\\/www.eldiario.net\\\/portal\\\/\"},{\"@type\":\"ListItem\",\"position\":2,\"name\":\"Lara viaja junto a familiares a Paraguay y dijo que fue invitado por la Conmebol\"}]},{\"@type\":\"WebSite\",\"@id\":\"https:\\\/\\\/www.eldiario.net\\\/portal\\\/#website\",\"url\":\"https:\\\/\\\/www.eldiario.net\\\/portal\\\/\",\"name\":\"El Diario - Decano de la prensa nacional\",\"description\":\"El Diario - Decano de la prensa nacional\",\"publisher\":{\"@id\":\"https:\\\/\\\/www.eldiario.net\\\/portal\\\/#organization\"},\"potentialAction\":[{\"@type\":\"SearchAction\",\"target\":{\"@type\":\"EntryPoint\",\"urlTemplate\":\"https:\\\/\\\/www.eldiario.net\\\/portal\\\/?s={search_term_string}\"},\"query-input\":{\"@type\":\"PropertyValueSpecification\",\"valueRequired\":true,\"valueName\":\"search_term_string\"}}],\"inLanguage\":\"es\"},{\"@type\":\"Organization\",\"@id\":\"https:\\\/\\\/www.eldiario.net\\\/portal\\\/#organization\",\"name\":\"El Diario - Decano de la prensa nacional\",\"url\":\"https:\\\/\\\/www.eldiario.net\\\/portal\\\/\",\"logo\":{\"@type\":\"ImageObject\",\"inLanguage\":\"es\",\"@id\":\"https:\\\/\\\/www.eldiario.net\\\/portal\\\/#\\\/schema\\\/logo\\\/image\\\/\",\"url\":\"https:\\\/\\\/www.eldiario.net\\\/portal\\\/wp-content\\\/uploads\\\/2023\\\/07\\\/logo_ED.jpg\",\"contentUrl\":\"https:\\\/\\\/www.eldiario.net\\\/portal\\\/wp-content\\\/uploads\\\/2023\\\/07\\\/logo_ED.jpg\",\"width\":272,\"height\":52,\"caption\":\"El Diario - Decano de la prensa nacional\"},\"image\":{\"@id\":\"https:\\\/\\\/www.eldiario.net\\\/portal\\\/#\\\/schema\\\/logo\\\/image\\\/\"},\"sameAs\":[\"https:\\\/\\\/www.facebook.com\\\/eldiario.bolivia\\\/\",\"https:\\\/\\\/x.com\\\/eldiario_net\"]},{\"@type\":\"Person\",\"@id\":\"https:\\\/\\\/www.eldiario.net\\\/portal\\\/#\\\/schema\\\/person\\\/f46445640444750d7d753ccd04ae01b7\",\"name\":\"Jeanette\",\"image\":{\"@type\":\"ImageObject\",\"inLanguage\":\"es\",\"@id\":\"https:\\\/\\\/secure.gravatar.com\\\/avatar\\\/3ea2118a5f7dad2b7138b1187a6b7ee55f160b9968b66013c3a3ef39dd7e5798?s=96&d=mm&r=g\",\"url\":\"https:\\\/\\\/secure.gravatar.com\\\/avatar\\\/3ea2118a5f7dad2b7138b1187a6b7ee55f160b9968b66013c3a3ef39dd7e5798?s=96&d=mm&r=g\",\"contentUrl\":\"https:\\\/\\\/secure.gravatar.com\\\/avatar\\\/3ea2118a5f7dad2b7138b1187a6b7ee55f160b9968b66013c3a3ef39dd7e5798?s=96&d=mm&r=g\",\"caption\":\"Jeanette\"},\"sameAs\":[\"https:\\\/\\\/www.eldiario.net\\\/portal\"],\"url\":\"https:\\\/\\\/www.eldiario.net\\\/portal\\\/author\\\/jeanette\\\/\"}]}<\/script>\n<!-- \/ Yoast SEO plugin. -->","yoast_head_json":{"title":"Lara viaja junto a familiares a Paraguay y dijo que fue invitado por la Conmebol - El Diario - Bolivia","robots":{"index":"index","follow":"follow","max-snippet":"max-snippet:-1","max-image-preview":"max-image-preview:large","max-video-preview":"max-video-preview:-1"},"canonical":"https:\/\/www.eldiario.net\/portal\/2025\/11\/23\/lara-viaja-junto-a-familiares-a-paraguay-y-dijo-que-fue-invitado-por-la-conmebol\/","og_locale":"es_ES","og_type":"article","og_title":"Lara viaja junto a familiares a Paraguay y dijo que fue invitado por la Conmebol - El Diario - Bolivia","og_description":"El vicepresidente del Estado, Edmand Lara, viaj\u00f3 a Asunci\u00f3n, Paraguay, junto a familiares, sin que se conozcan de forma oficial los motivos. El columnista de Br\u00fajula Digital, Agust\u00edn Echalar, estaba en el mismo avi\u00f3n y confirm\u00f3 la informaci\u00f3n. Relat\u00f3 que Lara y sus acompa\u00f1antes fueron los \u00faltimos en abordar la aeronave que parti\u00f3 ayer al [&hellip;]","og_url":"https:\/\/www.eldiario.net\/portal\/2025\/11\/23\/lara-viaja-junto-a-familiares-a-paraguay-y-dijo-que-fue-invitado-por-la-conmebol\/","og_site_name":"El Diario - Bolivia","article_publisher":"https:\/\/www.facebook.com\/eldiario.bolivia\/","article_published_time":"2025-11-23T11:10:25+00:00","og_image":[{"width":720,"height":399,"url":"https:\/\/www.eldiario.net\/portal\/wp-content\/uploads\/2025\/11\/43-POL-9.webp","type":"image\/webp"}],"author":"Jeanette","twitter_card":"summary_large_image","twitter_creator":"@eldiario_net","twitter_site":"@eldiario_net","twitter_misc":{"Escrito por":"Jeanette","Tiempo de lectura":"2 minutos"},"schema":{"@context":"https:\/\/schema.org","@graph":[{"@type":"Article","@id":"https:\/\/www.eldiario.net\/portal\/2025\/11\/23\/lara-viaja-junto-a-familiares-a-paraguay-y-dijo-que-fue-invitado-por-la-conmebol\/#article","isPartOf":{"@id":"https:\/\/www.eldiario.net\/portal\/2025\/11\/23\/lara-viaja-junto-a-familiares-a-paraguay-y-dijo-que-fue-invitado-por-la-conmebol\/"},"author":{"name":"Jeanette","@id":"https:\/\/www.eldiario.net\/portal\/#\/schema\/person\/f46445640444750d7d753ccd04ae01b7"},"headline":"Lara viaja junto a familiares a Paraguay y dijo que fue invitado por la Conmebol","datePublished":"2025-11-23T11:10:25+00:00","mainEntityOfPage":{"@id":"https:\/\/www.eldiario.net\/portal\/2025\/11\/23\/lara-viaja-junto-a-familiares-a-paraguay-y-dijo-que-fue-invitado-por-la-conmebol\/"},"wordCount":319,"publisher":{"@id":"https:\/\/www.eldiario.net\/portal\/#organization"},"image":{"@id":"https:\/\/www.eldiario.net\/portal\/2025\/11\/23\/lara-viaja-junto-a-familiares-a-paraguay-y-dijo-que-fue-invitado-por-la-conmebol\/#primaryimage"},"thumbnailUrl":"https:\/\/www.eldiario.net\/portal\/wp-content\/uploads\/2025\/11\/43-POL-9.webp","articleSection":["Pol\u00edtica"],"inLanguage":"es"},{"@type":"WebPage","@id":"https:\/\/www.eldiario.net\/portal\/2025\/11\/23\/lara-viaja-junto-a-familiares-a-paraguay-y-dijo-que-fue-invitado-por-la-conmebol\/","url":"https:\/\/www.eldiario.net\/portal\/2025\/11\/23\/lara-viaja-junto-a-familiares-a-paraguay-y-dijo-que-fue-invitado-por-la-conmebol\/","name":"Lara viaja junto a familiares a Paraguay y dijo que fue invitado por la Conmebol - El Diario - Bolivia","isPartOf":{"@id":"https:\/\/www.eldiario.net\/portal\/#website"},"primaryImageOfPage":{"@id":"https:\/\/www.eldiario.net\/portal\/2025\/11\/23\/lara-viaja-junto-a-familiares-a-paraguay-y-dijo-que-fue-invitado-por-la-conmebol\/#primaryimage"},"image":{"@id":"https:\/\/www.eldiario.net\/portal\/2025\/11\/23\/lara-viaja-junto-a-familiares-a-paraguay-y-dijo-que-fue-invitado-por-la-conmebol\/#primaryimage"},"thumbnailUrl":"https:\/\/www.eldiario.net\/portal\/wp-content\/uploads\/2025\/11\/43-POL-9.webp","datePublished":"2025-11-23T11:10:25+00:00","breadcrumb":{"@id":"https:\/\/www.eldiario.net\/portal\/2025\/11\/23\/lara-viaja-junto-a-familiares-a-paraguay-y-dijo-que-fue-invitado-por-la-conmebol\/#breadcrumb"},"inLanguage":"es","potentialAction":[{"@type":"ReadAction","target":["https:\/\/www.eldiario.net\/portal\/2025\/11\/23\/lara-viaja-junto-a-familiares-a-paraguay-y-dijo-que-fue-invitado-por-la-conmebol\/"]}]},{"@type":"ImageObject","inLanguage":"es","@id":"https:\/\/www.eldiario.net\/portal\/2025\/11\/23\/lara-viaja-junto-a-familiares-a-paraguay-y-dijo-que-fue-invitado-por-la-conmebol\/#primaryimage","url":"https:\/\/www.eldiario.net\/portal\/wp-content\/uploads\/2025\/11\/43-POL-9.webp","contentUrl":"https:\/\/www.eldiario.net\/portal\/wp-content\/uploads\/2025\/11\/43-POL-9.webp","width":720,"height":399,"caption":"EDMAND LARA A SU ARRIBO AL AEROPUERTO DE ASUNCI\u00d3N."},{"@type":"BreadcrumbList","@id":"https:\/\/www.eldiario.net\/portal\/2025\/11\/23\/lara-viaja-junto-a-familiares-a-paraguay-y-dijo-que-fue-invitado-por-la-conmebol\/#breadcrumb","itemListElement":[{"@type":"ListItem","position":1,"name":"Portada","item":"https:\/\/www.eldiario.net\/portal\/"},{"@type":"ListItem","position":2,"name":"Lara viaja junto a familiares a Paraguay y dijo que fue invitado por la Conmebol"}]},{"@type":"WebSite","@id":"https:\/\/www.eldiario.net\/portal\/#website","url":"https:\/\/www.eldiario.net\/portal\/","name":"El Diario - Decano de la prensa nacional","description":"El Diario - Decano de la prensa nacional","publisher":{"@id":"https:\/\/www.eldiario.net\/portal\/#organization"},"potentialAction":[{"@type":"SearchAction","target":{"@type":"EntryPoint","urlTemplate":"https:\/\/www.eldiario.net\/portal\/?s={search_term_string}"},"query-input":{"@type":"PropertyValueSpecification","valueRequired":true,"valueName":"search_term_string"}}],"inLanguage":"es"},{"@type":"Organization","@id":"https:\/\/www.eldiario.net\/portal\/#organization","name":"El Diario - Decano de la prensa nacional","url":"https:\/\/www.eldiario.net\/portal\/","logo":{"@type":"ImageObject","inLanguage":"es","@id":"https:\/\/www.eldiario.net\/portal\/#\/schema\/logo\/image\/","url":"https:\/\/www.eldiario.net\/portal\/wp-content\/uploads\/2023\/07\/logo_ED.jpg","contentUrl":"https:\/\/www.eldiario.net\/portal\/wp-content\/uploads\/2023\/07\/logo_ED.jpg","width":272,"height":52,"caption":"El Diario - Decano de la prensa nacional"},"image":{"@id":"https:\/\/www.eldiario.net\/portal\/#\/schema\/logo\/image\/"},"sameAs":["https:\/\/www.facebook.com\/eldiario.bolivia\/","https:\/\/x.com\/eldiario_net"]},{"@type":"Person","@id":"https:\/\/www.eldiario.net\/portal\/#\/schema\/person\/f46445640444750d7d753ccd04ae01b7","name":"Jeanette","image":{"@type":"ImageObject","inLanguage":"es","@id":"https:\/\/secure.gravatar.com\/avatar\/3ea2118a5f7dad2b7138b1187a6b7ee55f160b9968b66013c3a3ef39dd7e5798?s=96&d=mm&r=g","url":"https:\/\/secure.gravatar.com\/avatar\/3ea2118a5f7dad2b7138b1187a6b7ee55f160b9968b66013c3a3ef39dd7e5798?s=96&d=mm&r=g","contentUrl":"https:\/\/secure.gravatar.com\/avatar\/3ea2118a5f7dad2b7138b1187a6b7ee55f160b9968b66013c3a3ef39dd7e5798?s=96&d=mm&r=g","caption":"Jeanette"},"sameAs":["https:\/\/www.eldiario.net\/portal"],"url":"https:\/\/www.eldiario.net\/portal\/author\/jeanette\/"}]}},"_links":{"self":[{"href":"https:\/\/www.eldiario.net\/portal\/wp-json\/wp\/v2\/posts\/347296","targetHints":{"allow":["GET"]}}],"collection":[{"href":"https:\/\/www.eldiario.net\/portal\/wp-json\/wp\/v2\/posts"}],"about":[{"href":"https:\/\/www.eldiario.net\/portal\/wp-json\/wp\/v2\/types\/post"}],"author":[{"embeddable":true,"href":"https:\/\/www.eldiario.net\/portal\/wp-json\/wp\/v2\/users\/1"}],"replies":[{"embeddable":true,"href":"https:\/\/www.eldiario.net\/portal\/wp-json\/wp\/v2\/comments?post=347296"}],"version-history":[{"count":1,"href":"https:\/\/www.eldiario.net\/portal\/wp-json\/wp\/v2\/posts\/347296\/revisions"}],"predecessor-version":[{"id":347298,"href":"https:\/\/www.eldiario.net\/portal\/wp-json\/wp\/v2\/posts\/347296\/revisions\/347298"}],"wp:featuredmedia":[{"embeddable":true,"href":"https:\/\/www.eldiario.net\/portal\/wp-json\/wp\/v2\/media\/347297"}],"wp:attachment":[{"href":"https:\/\/www.eldiario.net\/portal\/wp-json\/wp\/v2\/media?parent=347296"}],"wp:term":[{"taxonomy":"category","embeddable":true,"href":"https:\/\/www.eldiario.net\/portal\/wp-json\/wp\/v2\/categories?post=347296"},{"taxonomy":"post_tag","embeddable":true,"href":"https:\/\/www.eldiario.net\/portal\/wp-json\/wp\/v2\/tags?post=347296"}],"curies":[{"name":"wp","href":"https:\/\/api.w.org\/{rel}","templated":true}]}}