{"id":347293,"date":"2025-11-23T07:09:40","date_gmt":"2025-11-23T11:09:40","guid":{"rendered":"https:\/\/www.eldiario.net\/portal\/?p=347293"},"modified":"2025-11-23T07:09:40","modified_gmt":"2025-11-23T11:09:40","slug":"a-la-gente-y-al-gobierno-le-interesa-salir-de-la-crisis","status":"publish","type":"post","link":"https:\/\/www.eldiario.net\/portal\/2025\/11\/23\/a-la-gente-y-al-gobierno-le-interesa-salir-de-la-crisis\/","title":{"rendered":"A la gente y al Gobierno le  interesa salir de la crisis"},"content":{"rendered":"<p>Restando importancia a la supuesta ruptura entre el presidente del Estado, Rodrigo Paz Pereira y el vicepresidente Edmand Lara, el diputado por el Partido Dem\u00f3crata Cristiano (PDC), Alejandro Medinaceli, se\u00f1al\u00f3 que, toda persona tiene derecho a opinar como crea conveniente; sin embargo, en la actual coyuntura lo que debe priorizarse es la coordinaci\u00f3n entre \u00d3rganos del Estado para sacar al pa\u00eds de la crisis.<br \/>\n\u201cCada quien tiene derecho a opinar como crea conveniente, pero lo que hay que dejar en claro es que la preocupaci\u00f3n mayor del \u00d3rgano Ejecutivo es solucionar los problemas de los bolivianos\u201d, dijo el parlamentario.<br \/>\nSeg\u00fan Medinaceli, el mejor ejemplo del trabajo que va realizando el nuevo gobierno en favor de la ciudadan\u00eda son todas las gestiones para generar oportunidades en el sector productivo y las medidas para estabilizar la econom\u00eda.<br \/>\nAsimismo, afirm\u00f3 que otro ejemplo del trabajo realizado es que la gasolina y el di\u00e9sel se distribuye con regularidad en todo el territorio nacional, adem\u00e1s de contar con un precio casi estabilizado en el caso del d\u00f3lar, medidas que poco a poco van agilizando la econom\u00eda y contribuyen a que los precios de la canasta familiar reduzcan.<br \/>\n\u201cTodo lo dem\u00e1s es algo que hay que tomarlo en el marco de la divisi\u00f3n y la coordinaci\u00f3n entre \u00d3rganos del Estado que est\u00e1 enmarcada en la Constituci\u00f3n Pol\u00edtica\u201d, a\u00f1adi\u00f3.<br \/>\nSobre las versiones que apuntan a una supuesta ruptura entre las primeras autoridades del pa\u00eds, Medinaceli rest\u00f3 importancia a lo que se pueda especular al respecto, afirmando que el inter\u00e9s primordial para la gente y sus autoridades es salir de la crisis y superar todos los problemas heredados de pasadas gestiones de gobierno.<br \/>\n\u201cYo creo, en lo personal, lo que a la gente le interesa es salir de la crisis y mientras tenga soluciones, va a vivir tranquila\u201d, finaliz\u00f3.<br \/>\nEn las \u00faltimas horas, mediante sus redes sociales, el vicepresidente Edmand Lara, pidi\u00f3 al jefe de Estado, Rodrigo Paz Pereira, la destituci\u00f3n del ministro de Gobierno, Marco Antonio Oviedo, bajo el argumento de no ser una persona id\u00f3nea para el cargo, tomando en cuenta que tiene procesos pendientes con la Justicia.<br \/>\nAsimismo, afirm\u00f3 que no permanecer\u00e1 en silencio ante este tipo de situaciones, aclarando que sus observaciones no buscan confrontar, sino alejar al Primer Mandatario de \u201cgente que lo est\u00e1 perjudicando\u201d.<br \/>\nEsta semana, la vocera presidencial, Carla Faval, aclar\u00f3 que el Vicepresidente del Estado tiene derecho a emitir opiniones, a diferencia de pasadas gestiones en que la figura vicepresidencial era pr\u00e1cticamente inexistente; adem\u00e1s, anunci\u00f3 que Paz y Lara pr\u00f3ximamente sostendr\u00e1n reuniones para mejorar la comunicaci\u00f3n y la gesti\u00f3n como cabezas de Estado.<br \/>\n\u201cNos hemos acostumbrado por a\u00f1os a tener un Vicepresidente que pr\u00e1cticamente no exist\u00eda, hoy tenemos uno que emite opiniones y est\u00e1 presente en el pa\u00eds\u201d, dijo.<\/p>\n","protected":false},"excerpt":{"rendered":"<p>Restando importancia a la supuesta ruptura entre el presidente del Estado, Rodrigo Paz Pereira y el vicepresidente Edmand Lara, el diputado por el Partido Dem\u00f3crata Cristiano (PDC), Alejandro Medinaceli, se\u00f1al\u00f3 que, toda persona tiene derecho a opinar como crea conveniente; sin embargo, en la actual coyuntura lo que debe priorizarse es la coordinaci\u00f3n entre \u00d3rganos [&hellip;]<\/p>\n","protected":false},"author":1,"featured_media":347294,"comment_status":"closed","ping_status":"open","sticky":false,"template":"","format":"standard","meta":{"_acf_changed":false,"footnotes":""},"categories":[14],"tags":[],"class_list":["post-347293","post","type-post","status-publish","format-standard","has-post-thumbnail","category-politica"],"acf":{"antetitulo":"Medinaceli sostiene"},"yoast_head":"<!-- This site is optimized with the Yoast SEO plugin v28.3 - https:\/\/yoast.com\/product\/yoast-seo-wordpress\/ -->\n<title>A la gente y al Gobierno le interesa salir de la crisis - El Diario - Bolivia<\/title>\n<meta name=\"robots\" content=\"index, follow, max-snippet:-1, max-image-preview:large, max-video-preview:-1\" \/>\n<link rel=\"canonical\" href=\"https:\/\/www.eldiario.net\/portal\/2025\/11\/23\/a-la-gente-y-al-gobierno-le-interesa-salir-de-la-crisis\/\" \/>\n<meta property=\"og:locale\" content=\"es_ES\" \/>\n<meta property=\"og:type\" content=\"article\" \/>\n<meta property=\"og:title\" content=\"A la gente y al Gobierno le interesa salir de la crisis - El Diario - Bolivia\" \/>\n<meta property=\"og:description\" content=\"Restando importancia a la supuesta ruptura entre el presidente del Estado, Rodrigo Paz Pereira y el vicepresidente Edmand Lara, el diputado por el Partido Dem\u00f3crata Cristiano (PDC), Alejandro Medinaceli, se\u00f1al\u00f3 que, toda persona tiene derecho a opinar como crea conveniente; sin embargo, en la actual coyuntura lo que debe priorizarse es la coordinaci\u00f3n entre \u00d3rganos [&hellip;]\" \/>\n<meta property=\"og:url\" content=\"https:\/\/www.eldiario.net\/portal\/2025\/11\/23\/a-la-gente-y-al-gobierno-le-interesa-salir-de-la-crisis\/\" \/>\n<meta property=\"og:site_name\" content=\"El Diario - Bolivia\" \/>\n<meta property=\"article:publisher\" content=\"https:\/\/www.facebook.com\/eldiario.bolivia\/\" \/>\n<meta property=\"article:published_time\" content=\"2025-11-23T11:09:40+00:00\" \/>\n<meta property=\"og:image\" content=\"https:\/\/www.eldiario.net\/portal\/wp-content\/uploads\/2025\/11\/42-POL-11.webp\" \/>\n\t<meta property=\"og:image:width\" content=\"918\" \/>\n\t<meta property=\"og:image:height\" content=\"549\" \/>\n\t<meta property=\"og:image:type\" content=\"image\/webp\" \/>\n<meta name=\"author\" content=\"Jeanette\" \/>\n<meta name=\"twitter:card\" content=\"summary_large_image\" \/>\n<meta name=\"twitter:creator\" content=\"@eldiario_net\" \/>\n<meta name=\"twitter:site\" content=\"@eldiario_net\" \/>\n<meta name=\"twitter:label1\" content=\"Escrito por\" \/>\n\t<meta name=\"twitter:data1\" content=\"Jeanette\" \/>\n\t<meta name=\"twitter:label2\" content=\"Tiempo de lectura\" \/>\n\t<meta name=\"twitter:data2\" content=\"3 minutos\" \/>\n<script type=\"application\/ld+json\" class=\"yoast-schema-graph\">{\"@context\":\"https:\\\/\\\/schema.org\",\"@graph\":[{\"@type\":\"Article\",\"@id\":\"https:\\\/\\\/www.eldiario.net\\\/portal\\\/2025\\\/11\\\/23\\\/a-la-gente-y-al-gobierno-le-interesa-salir-de-la-crisis\\\/#article\",\"isPartOf\":{\"@id\":\"https:\\\/\\\/www.eldiario.net\\\/portal\\\/2025\\\/11\\\/23\\\/a-la-gente-y-al-gobierno-le-interesa-salir-de-la-crisis\\\/\"},\"author\":{\"name\":\"Jeanette\",\"@id\":\"https:\\\/\\\/www.eldiario.net\\\/portal\\\/#\\\/schema\\\/person\\\/f46445640444750d7d753ccd04ae01b7\"},\"headline\":\"A la gente y al Gobierno le interesa salir de la crisis\",\"datePublished\":\"2025-11-23T11:09:40+00:00\",\"mainEntityOfPage\":{\"@id\":\"https:\\\/\\\/www.eldiario.net\\\/portal\\\/2025\\\/11\\\/23\\\/a-la-gente-y-al-gobierno-le-interesa-salir-de-la-crisis\\\/\"},\"wordCount\":503,\"publisher\":{\"@id\":\"https:\\\/\\\/www.eldiario.net\\\/portal\\\/#organization\"},\"image\":{\"@id\":\"https:\\\/\\\/www.eldiario.net\\\/portal\\\/2025\\\/11\\\/23\\\/a-la-gente-y-al-gobierno-le-interesa-salir-de-la-crisis\\\/#primaryimage\"},\"thumbnailUrl\":\"https:\\\/\\\/www.eldiario.net\\\/portal\\\/wp-content\\\/uploads\\\/2025\\\/11\\\/42-POL-11.webp\",\"articleSection\":[\"Pol\u00edtica\"],\"inLanguage\":\"es\"},{\"@type\":\"WebPage\",\"@id\":\"https:\\\/\\\/www.eldiario.net\\\/portal\\\/2025\\\/11\\\/23\\\/a-la-gente-y-al-gobierno-le-interesa-salir-de-la-crisis\\\/\",\"url\":\"https:\\\/\\\/www.eldiario.net\\\/portal\\\/2025\\\/11\\\/23\\\/a-la-gente-y-al-gobierno-le-interesa-salir-de-la-crisis\\\/\",\"name\":\"A la gente y al Gobierno le interesa salir de la crisis - El Diario - Bolivia\",\"isPartOf\":{\"@id\":\"https:\\\/\\\/www.eldiario.net\\\/portal\\\/#website\"},\"primaryImageOfPage\":{\"@id\":\"https:\\\/\\\/www.eldiario.net\\\/portal\\\/2025\\\/11\\\/23\\\/a-la-gente-y-al-gobierno-le-interesa-salir-de-la-crisis\\\/#primaryimage\"},\"image\":{\"@id\":\"https:\\\/\\\/www.eldiario.net\\\/portal\\\/2025\\\/11\\\/23\\\/a-la-gente-y-al-gobierno-le-interesa-salir-de-la-crisis\\\/#primaryimage\"},\"thumbnailUrl\":\"https:\\\/\\\/www.eldiario.net\\\/portal\\\/wp-content\\\/uploads\\\/2025\\\/11\\\/42-POL-11.webp\",\"datePublished\":\"2025-11-23T11:09:40+00:00\",\"breadcrumb\":{\"@id\":\"https:\\\/\\\/www.eldiario.net\\\/portal\\\/2025\\\/11\\\/23\\\/a-la-gente-y-al-gobierno-le-interesa-salir-de-la-crisis\\\/#breadcrumb\"},\"inLanguage\":\"es\",\"potentialAction\":[{\"@type\":\"ReadAction\",\"target\":[\"https:\\\/\\\/www.eldiario.net\\\/portal\\\/2025\\\/11\\\/23\\\/a-la-gente-y-al-gobierno-le-interesa-salir-de-la-crisis\\\/\"]}]},{\"@type\":\"ImageObject\",\"inLanguage\":\"es\",\"@id\":\"https:\\\/\\\/www.eldiario.net\\\/portal\\\/2025\\\/11\\\/23\\\/a-la-gente-y-al-gobierno-le-interesa-salir-de-la-crisis\\\/#primaryimage\",\"url\":\"https:\\\/\\\/www.eldiario.net\\\/portal\\\/wp-content\\\/uploads\\\/2025\\\/11\\\/42-POL-11.webp\",\"contentUrl\":\"https:\\\/\\\/www.eldiario.net\\\/portal\\\/wp-content\\\/uploads\\\/2025\\\/11\\\/42-POL-11.webp\",\"width\":918,\"height\":549,\"caption\":\"Diputado Alejandro Medinaceli (PDC).\"},{\"@type\":\"BreadcrumbList\",\"@id\":\"https:\\\/\\\/www.eldiario.net\\\/portal\\\/2025\\\/11\\\/23\\\/a-la-gente-y-al-gobierno-le-interesa-salir-de-la-crisis\\\/#breadcrumb\",\"itemListElement\":[{\"@type\":\"ListItem\",\"position\":1,\"name\":\"Portada\",\"item\":\"https:\\\/\\\/www.eldiario.net\\\/portal\\\/\"},{\"@type\":\"ListItem\",\"position\":2,\"name\":\"A la gente y al Gobierno le interesa salir de la crisis\"}]},{\"@type\":\"WebSite\",\"@id\":\"https:\\\/\\\/www.eldiario.net\\\/portal\\\/#website\",\"url\":\"https:\\\/\\\/www.eldiario.net\\\/portal\\\/\",\"name\":\"El Diario - Decano de la prensa nacional\",\"description\":\"El Diario - Decano de la prensa nacional\",\"publisher\":{\"@id\":\"https:\\\/\\\/www.eldiario.net\\\/portal\\\/#organization\"},\"potentialAction\":[{\"@type\":\"SearchAction\",\"target\":{\"@type\":\"EntryPoint\",\"urlTemplate\":\"https:\\\/\\\/www.eldiario.net\\\/portal\\\/?s={search_term_string}\"},\"query-input\":{\"@type\":\"PropertyValueSpecification\",\"valueRequired\":true,\"valueName\":\"search_term_string\"}}],\"inLanguage\":\"es\"},{\"@type\":\"Organization\",\"@id\":\"https:\\\/\\\/www.eldiario.net\\\/portal\\\/#organization\",\"name\":\"El Diario - Decano de la prensa nacional\",\"url\":\"https:\\\/\\\/www.eldiario.net\\\/portal\\\/\",\"logo\":{\"@type\":\"ImageObject\",\"inLanguage\":\"es\",\"@id\":\"https:\\\/\\\/www.eldiario.net\\\/portal\\\/#\\\/schema\\\/logo\\\/image\\\/\",\"url\":\"https:\\\/\\\/www.eldiario.net\\\/portal\\\/wp-content\\\/uploads\\\/2023\\\/07\\\/logo_ED.jpg\",\"contentUrl\":\"https:\\\/\\\/www.eldiario.net\\\/portal\\\/wp-content\\\/uploads\\\/2023\\\/07\\\/logo_ED.jpg\",\"width\":272,\"height\":52,\"caption\":\"El Diario - Decano de la prensa nacional\"},\"image\":{\"@id\":\"https:\\\/\\\/www.eldiario.net\\\/portal\\\/#\\\/schema\\\/logo\\\/image\\\/\"},\"sameAs\":[\"https:\\\/\\\/www.facebook.com\\\/eldiario.bolivia\\\/\",\"https:\\\/\\\/x.com\\\/eldiario_net\"]},{\"@type\":\"Person\",\"@id\":\"https:\\\/\\\/www.eldiario.net\\\/portal\\\/#\\\/schema\\\/person\\\/f46445640444750d7d753ccd04ae01b7\",\"name\":\"Jeanette\",\"image\":{\"@type\":\"ImageObject\",\"inLanguage\":\"es\",\"@id\":\"https:\\\/\\\/secure.gravatar.com\\\/avatar\\\/3ea2118a5f7dad2b7138b1187a6b7ee55f160b9968b66013c3a3ef39dd7e5798?s=96&d=mm&r=g\",\"url\":\"https:\\\/\\\/secure.gravatar.com\\\/avatar\\\/3ea2118a5f7dad2b7138b1187a6b7ee55f160b9968b66013c3a3ef39dd7e5798?s=96&d=mm&r=g\",\"contentUrl\":\"https:\\\/\\\/secure.gravatar.com\\\/avatar\\\/3ea2118a5f7dad2b7138b1187a6b7ee55f160b9968b66013c3a3ef39dd7e5798?s=96&d=mm&r=g\",\"caption\":\"Jeanette\"},\"sameAs\":[\"https:\\\/\\\/www.eldiario.net\\\/portal\"],\"url\":\"https:\\\/\\\/www.eldiario.net\\\/portal\\\/author\\\/jeanette\\\/\"}]}<\/script>\n<!-- \/ Yoast SEO plugin. -->","yoast_head_json":{"title":"A la gente y al Gobierno le interesa salir de la crisis - El Diario - Bolivia","robots":{"index":"index","follow":"follow","max-snippet":"max-snippet:-1","max-image-preview":"max-image-preview:large","max-video-preview":"max-video-preview:-1"},"canonical":"https:\/\/www.eldiario.net\/portal\/2025\/11\/23\/a-la-gente-y-al-gobierno-le-interesa-salir-de-la-crisis\/","og_locale":"es_ES","og_type":"article","og_title":"A la gente y al Gobierno le interesa salir de la crisis - El Diario - Bolivia","og_description":"Restando importancia a la supuesta ruptura entre el presidente del Estado, Rodrigo Paz Pereira y el vicepresidente Edmand Lara, el diputado por el Partido Dem\u00f3crata Cristiano (PDC), Alejandro Medinaceli, se\u00f1al\u00f3 que, toda persona tiene derecho a opinar como crea conveniente; sin embargo, en la actual coyuntura lo que debe priorizarse es la coordinaci\u00f3n entre \u00d3rganos [&hellip;]","og_url":"https:\/\/www.eldiario.net\/portal\/2025\/11\/23\/a-la-gente-y-al-gobierno-le-interesa-salir-de-la-crisis\/","og_site_name":"El Diario - Bolivia","article_publisher":"https:\/\/www.facebook.com\/eldiario.bolivia\/","article_published_time":"2025-11-23T11:09:40+00:00","og_image":[{"width":918,"height":549,"url":"https:\/\/www.eldiario.net\/portal\/wp-content\/uploads\/2025\/11\/42-POL-11.webp","type":"image\/webp"}],"author":"Jeanette","twitter_card":"summary_large_image","twitter_creator":"@eldiario_net","twitter_site":"@eldiario_net","twitter_misc":{"Escrito por":"Jeanette","Tiempo de lectura":"3 minutos"},"schema":{"@context":"https:\/\/schema.org","@graph":[{"@type":"Article","@id":"https:\/\/www.eldiario.net\/portal\/2025\/11\/23\/a-la-gente-y-al-gobierno-le-interesa-salir-de-la-crisis\/#article","isPartOf":{"@id":"https:\/\/www.eldiario.net\/portal\/2025\/11\/23\/a-la-gente-y-al-gobierno-le-interesa-salir-de-la-crisis\/"},"author":{"name":"Jeanette","@id":"https:\/\/www.eldiario.net\/portal\/#\/schema\/person\/f46445640444750d7d753ccd04ae01b7"},"headline":"A la gente y al Gobierno le interesa salir de la crisis","datePublished":"2025-11-23T11:09:40+00:00","mainEntityOfPage":{"@id":"https:\/\/www.eldiario.net\/portal\/2025\/11\/23\/a-la-gente-y-al-gobierno-le-interesa-salir-de-la-crisis\/"},"wordCount":503,"publisher":{"@id":"https:\/\/www.eldiario.net\/portal\/#organization"},"image":{"@id":"https:\/\/www.eldiario.net\/portal\/2025\/11\/23\/a-la-gente-y-al-gobierno-le-interesa-salir-de-la-crisis\/#primaryimage"},"thumbnailUrl":"https:\/\/www.eldiario.net\/portal\/wp-content\/uploads\/2025\/11\/42-POL-11.webp","articleSection":["Pol\u00edtica"],"inLanguage":"es"},{"@type":"WebPage","@id":"https:\/\/www.eldiario.net\/portal\/2025\/11\/23\/a-la-gente-y-al-gobierno-le-interesa-salir-de-la-crisis\/","url":"https:\/\/www.eldiario.net\/portal\/2025\/11\/23\/a-la-gente-y-al-gobierno-le-interesa-salir-de-la-crisis\/","name":"A la gente y al Gobierno le interesa salir de la crisis - El Diario - Bolivia","isPartOf":{"@id":"https:\/\/www.eldiario.net\/portal\/#website"},"primaryImageOfPage":{"@id":"https:\/\/www.eldiario.net\/portal\/2025\/11\/23\/a-la-gente-y-al-gobierno-le-interesa-salir-de-la-crisis\/#primaryimage"},"image":{"@id":"https:\/\/www.eldiario.net\/portal\/2025\/11\/23\/a-la-gente-y-al-gobierno-le-interesa-salir-de-la-crisis\/#primaryimage"},"thumbnailUrl":"https:\/\/www.eldiario.net\/portal\/wp-content\/uploads\/2025\/11\/42-POL-11.webp","datePublished":"2025-11-23T11:09:40+00:00","breadcrumb":{"@id":"https:\/\/www.eldiario.net\/portal\/2025\/11\/23\/a-la-gente-y-al-gobierno-le-interesa-salir-de-la-crisis\/#breadcrumb"},"inLanguage":"es","potentialAction":[{"@type":"ReadAction","target":["https:\/\/www.eldiario.net\/portal\/2025\/11\/23\/a-la-gente-y-al-gobierno-le-interesa-salir-de-la-crisis\/"]}]},{"@type":"ImageObject","inLanguage":"es","@id":"https:\/\/www.eldiario.net\/portal\/2025\/11\/23\/a-la-gente-y-al-gobierno-le-interesa-salir-de-la-crisis\/#primaryimage","url":"https:\/\/www.eldiario.net\/portal\/wp-content\/uploads\/2025\/11\/42-POL-11.webp","contentUrl":"https:\/\/www.eldiario.net\/portal\/wp-content\/uploads\/2025\/11\/42-POL-11.webp","width":918,"height":549,"caption":"Diputado Alejandro Medinaceli (PDC)."},{"@type":"BreadcrumbList","@id":"https:\/\/www.eldiario.net\/portal\/2025\/11\/23\/a-la-gente-y-al-gobierno-le-interesa-salir-de-la-crisis\/#breadcrumb","itemListElement":[{"@type":"ListItem","position":1,"name":"Portada","item":"https:\/\/www.eldiario.net\/portal\/"},{"@type":"ListItem","position":2,"name":"A la gente y al Gobierno le interesa salir de la crisis"}]},{"@type":"WebSite","@id":"https:\/\/www.eldiario.net\/portal\/#website","url":"https:\/\/www.eldiario.net\/portal\/","name":"El Diario - Decano de la prensa nacional","description":"El Diario - Decano de la prensa nacional","publisher":{"@id":"https:\/\/www.eldiario.net\/portal\/#organization"},"potentialAction":[{"@type":"SearchAction","target":{"@type":"EntryPoint","urlTemplate":"https:\/\/www.eldiario.net\/portal\/?s={search_term_string}"},"query-input":{"@type":"PropertyValueSpecification","valueRequired":true,"valueName":"search_term_string"}}],"inLanguage":"es"},{"@type":"Organization","@id":"https:\/\/www.eldiario.net\/portal\/#organization","name":"El Diario - Decano de la prensa nacional","url":"https:\/\/www.eldiario.net\/portal\/","logo":{"@type":"ImageObject","inLanguage":"es","@id":"https:\/\/www.eldiario.net\/portal\/#\/schema\/logo\/image\/","url":"https:\/\/www.eldiario.net\/portal\/wp-content\/uploads\/2023\/07\/logo_ED.jpg","contentUrl":"https:\/\/www.eldiario.net\/portal\/wp-content\/uploads\/2023\/07\/logo_ED.jpg","width":272,"height":52,"caption":"El Diario - Decano de la prensa nacional"},"image":{"@id":"https:\/\/www.eldiario.net\/portal\/#\/schema\/logo\/image\/"},"sameAs":["https:\/\/www.facebook.com\/eldiario.bolivia\/","https:\/\/x.com\/eldiario_net"]},{"@type":"Person","@id":"https:\/\/www.eldiario.net\/portal\/#\/schema\/person\/f46445640444750d7d753ccd04ae01b7","name":"Jeanette","image":{"@type":"ImageObject","inLanguage":"es","@id":"https:\/\/secure.gravatar.com\/avatar\/3ea2118a5f7dad2b7138b1187a6b7ee55f160b9968b66013c3a3ef39dd7e5798?s=96&d=mm&r=g","url":"https:\/\/secure.gravatar.com\/avatar\/3ea2118a5f7dad2b7138b1187a6b7ee55f160b9968b66013c3a3ef39dd7e5798?s=96&d=mm&r=g","contentUrl":"https:\/\/secure.gravatar.com\/avatar\/3ea2118a5f7dad2b7138b1187a6b7ee55f160b9968b66013c3a3ef39dd7e5798?s=96&d=mm&r=g","caption":"Jeanette"},"sameAs":["https:\/\/www.eldiario.net\/portal"],"url":"https:\/\/www.eldiario.net\/portal\/author\/jeanette\/"}]}},"_links":{"self":[{"href":"https:\/\/www.eldiario.net\/portal\/wp-json\/wp\/v2\/posts\/347293","targetHints":{"allow":["GET"]}}],"collection":[{"href":"https:\/\/www.eldiario.net\/portal\/wp-json\/wp\/v2\/posts"}],"about":[{"href":"https:\/\/www.eldiario.net\/portal\/wp-json\/wp\/v2\/types\/post"}],"author":[{"embeddable":true,"href":"https:\/\/www.eldiario.net\/portal\/wp-json\/wp\/v2\/users\/1"}],"replies":[{"embeddable":true,"href":"https:\/\/www.eldiario.net\/portal\/wp-json\/wp\/v2\/comments?post=347293"}],"version-history":[{"count":1,"href":"https:\/\/www.eldiario.net\/portal\/wp-json\/wp\/v2\/posts\/347293\/revisions"}],"predecessor-version":[{"id":347295,"href":"https:\/\/www.eldiario.net\/portal\/wp-json\/wp\/v2\/posts\/347293\/revisions\/347295"}],"wp:featuredmedia":[{"embeddable":true,"href":"https:\/\/www.eldiario.net\/portal\/wp-json\/wp\/v2\/media\/347294"}],"wp:attachment":[{"href":"https:\/\/www.eldiario.net\/portal\/wp-json\/wp\/v2\/media?parent=347293"}],"wp:term":[{"taxonomy":"category","embeddable":true,"href":"https:\/\/www.eldiario.net\/portal\/wp-json\/wp\/v2\/categories?post=347293"},{"taxonomy":"post_tag","embeddable":true,"href":"https:\/\/www.eldiario.net\/portal\/wp-json\/wp\/v2\/tags?post=347293"}],"curies":[{"name":"wp","href":"https:\/\/api.w.org\/{rel}","templated":true}]}}