{"id":347291,"date":"2025-11-23T07:08:39","date_gmt":"2025-11-23T11:08:39","guid":{"rendered":"https:\/\/www.eldiario.net\/portal\/?p=347291"},"modified":"2025-11-23T07:08:39","modified_gmt":"2025-11-23T11:08:39","slug":"el-mir-anuncia-que-tse-le-restituira-su-personeria-y-participaran-en-subnacionales","status":"publish","type":"post","link":"https:\/\/www.eldiario.net\/portal\/2025\/11\/23\/el-mir-anuncia-que-tse-le-restituira-su-personeria-y-participaran-en-subnacionales\/","title":{"rendered":"El MIR anuncia que TSE le restituir\u00e1 su  personer\u00eda y participar\u00e1n en subnacionales"},"content":{"rendered":"<p>El Movimiento de Izquierda Revolucionaria (MIR) Nueva Mayor\u00eda participar\u00e1 en las elecciones subnacionales de 2026 despu\u00e9s de que el Tribunal Supremo Electoral (TSE) decidi\u00f3 restituir la personer\u00eda jur\u00eddica del partido, confirm\u00f3 el dirigente Rolando Reynaga.<br \/>\n\u201cQuiero decirles, el legado de Jaime Paz Zamora est\u00e1 de vuelta, anunciar al pa\u00eds que el MIR participa en las elecciones subnacionales y las elecciones que vengan\u201d, dijo Reynaga.<br \/>\nEl dirigente inform\u00f3 sobre la restituci\u00f3n, tras una reuni\u00f3n en el Tribunal Supremo Electoral con el secretario de C\u00e1mara, Fernando Arteaga, quien le confirm\u00f3 la decisi\u00f3n.<br \/>\n\u201cMe acerqu\u00e9 al Tribunal Supremo Electoral, nos ten\u00edan que notificar con la resoluci\u00f3n de restituci\u00f3n de la personalidad jur\u00eddica del MIR Nueva Mayor\u00eda y hemos tenido una reuni\u00f3n con el secretario de C\u00e1mara y nos manifiesta que el pr\u00f3ximo d\u00eda martes nos entregan nuestra personalidad jur\u00eddica vigente\u201d, sostuvo Reynaga a medios de comunicaci\u00f3n.<br \/>\nReynaga asegur\u00f3 que la organizaci\u00f3n pol\u00edtica presentar\u00e1 candidatos en todo el pa\u00eds. \u201cEn todos los municipios, todas las ciudades. El \u2018gallo\u2019 ha vuelto, el gallo combativo, nuestra bandera naranja, azul, hoy nos llama otra vez a luchar para que la gente tenga oportunidad\u201d. (Br\u00fajula Digital)<\/p>\n","protected":false},"excerpt":{"rendered":"<p>El Movimiento de Izquierda Revolucionaria (MIR) Nueva Mayor\u00eda participar\u00e1 en las elecciones subnacionales de 2026 despu\u00e9s de que el Tribunal Supremo Electoral (TSE) decidi\u00f3 restituir la personer\u00eda jur\u00eddica del partido, confirm\u00f3 el dirigente Rolando Reynaga. \u201cQuiero decirles, el legado de Jaime Paz Zamora est\u00e1 de vuelta, anunciar al pa\u00eds que el MIR participa en las [&hellip;]<\/p>\n","protected":false},"author":1,"featured_media":194754,"comment_status":"closed","ping_status":"open","sticky":false,"template":"","format":"standard","meta":{"_acf_changed":false,"footnotes":""},"categories":[14],"tags":[],"class_list":["post-347291","post","type-post","status-publish","format-standard","has-post-thumbnail","category-politica"],"acf":{"antetitulo":""},"yoast_head":"<!-- This site is optimized with the Yoast SEO plugin v28.3 - https:\/\/yoast.com\/product\/yoast-seo-wordpress\/ -->\n<title>El MIR anuncia que TSE le restituir\u00e1 su personer\u00eda y participar\u00e1n en subnacionales - El Diario - Bolivia<\/title>\n<meta name=\"robots\" content=\"index, follow, max-snippet:-1, max-image-preview:large, max-video-preview:-1\" \/>\n<link rel=\"canonical\" href=\"https:\/\/www.eldiario.net\/portal\/2025\/11\/23\/el-mir-anuncia-que-tse-le-restituira-su-personeria-y-participaran-en-subnacionales\/\" \/>\n<meta property=\"og:locale\" content=\"es_ES\" \/>\n<meta property=\"og:type\" content=\"article\" \/>\n<meta property=\"og:title\" content=\"El MIR anuncia que TSE le restituir\u00e1 su personer\u00eda y participar\u00e1n en subnacionales - El Diario - Bolivia\" \/>\n<meta property=\"og:description\" content=\"El Movimiento de Izquierda Revolucionaria (MIR) Nueva Mayor\u00eda participar\u00e1 en las elecciones subnacionales de 2026 despu\u00e9s de que el Tribunal Supremo Electoral (TSE) decidi\u00f3 restituir la personer\u00eda jur\u00eddica del partido, confirm\u00f3 el dirigente Rolando Reynaga. \u201cQuiero decirles, el legado de Jaime Paz Zamora est\u00e1 de vuelta, anunciar al pa\u00eds que el MIR participa en las [&hellip;]\" \/>\n<meta property=\"og:url\" content=\"https:\/\/www.eldiario.net\/portal\/2025\/11\/23\/el-mir-anuncia-que-tse-le-restituira-su-personeria-y-participaran-en-subnacionales\/\" \/>\n<meta property=\"og:site_name\" content=\"El Diario - Bolivia\" \/>\n<meta property=\"article:publisher\" content=\"https:\/\/www.facebook.com\/eldiario.bolivia\/\" \/>\n<meta property=\"article:published_time\" content=\"2025-11-23T11:08:39+00:00\" \/>\n<meta property=\"og:image\" content=\"https:\/\/www.eldiario.net\/portal\/wp-content\/uploads\/2023\/12\/Politica.jpg\" \/>\n\t<meta property=\"og:image:width\" content=\"800\" \/>\n\t<meta property=\"og:image:height\" content=\"500\" \/>\n\t<meta property=\"og:image:type\" content=\"image\/jpeg\" \/>\n<meta name=\"author\" content=\"Jeanette\" \/>\n<meta name=\"twitter:card\" content=\"summary_large_image\" \/>\n<meta name=\"twitter:creator\" content=\"@eldiario_net\" \/>\n<meta name=\"twitter:site\" content=\"@eldiario_net\" \/>\n<meta name=\"twitter:label1\" content=\"Escrito por\" \/>\n\t<meta name=\"twitter:data1\" content=\"Jeanette\" \/>\n\t<meta name=\"twitter:label2\" content=\"Tiempo de lectura\" \/>\n\t<meta name=\"twitter:data2\" content=\"2 minutos\" \/>\n<script type=\"application\/ld+json\" class=\"yoast-schema-graph\">{\"@context\":\"https:\\\/\\\/schema.org\",\"@graph\":[{\"@type\":\"Article\",\"@id\":\"https:\\\/\\\/www.eldiario.net\\\/portal\\\/2025\\\/11\\\/23\\\/el-mir-anuncia-que-tse-le-restituira-su-personeria-y-participaran-en-subnacionales\\\/#article\",\"isPartOf\":{\"@id\":\"https:\\\/\\\/www.eldiario.net\\\/portal\\\/2025\\\/11\\\/23\\\/el-mir-anuncia-que-tse-le-restituira-su-personeria-y-participaran-en-subnacionales\\\/\"},\"author\":{\"name\":\"Jeanette\",\"@id\":\"https:\\\/\\\/www.eldiario.net\\\/portal\\\/#\\\/schema\\\/person\\\/f46445640444750d7d753ccd04ae01b7\"},\"headline\":\"El MIR anuncia que TSE le restituir\u00e1 su personer\u00eda y participar\u00e1n en subnacionales\",\"datePublished\":\"2025-11-23T11:08:39+00:00\",\"mainEntityOfPage\":{\"@id\":\"https:\\\/\\\/www.eldiario.net\\\/portal\\\/2025\\\/11\\\/23\\\/el-mir-anuncia-que-tse-le-restituira-su-personeria-y-participaran-en-subnacionales\\\/\"},\"wordCount\":226,\"publisher\":{\"@id\":\"https:\\\/\\\/www.eldiario.net\\\/portal\\\/#organization\"},\"image\":{\"@id\":\"https:\\\/\\\/www.eldiario.net\\\/portal\\\/2025\\\/11\\\/23\\\/el-mir-anuncia-que-tse-le-restituira-su-personeria-y-participaran-en-subnacionales\\\/#primaryimage\"},\"thumbnailUrl\":\"https:\\\/\\\/www.eldiario.net\\\/portal\\\/wp-content\\\/uploads\\\/2023\\\/12\\\/Politica.jpg\",\"articleSection\":[\"Pol\u00edtica\"],\"inLanguage\":\"es\"},{\"@type\":\"WebPage\",\"@id\":\"https:\\\/\\\/www.eldiario.net\\\/portal\\\/2025\\\/11\\\/23\\\/el-mir-anuncia-que-tse-le-restituira-su-personeria-y-participaran-en-subnacionales\\\/\",\"url\":\"https:\\\/\\\/www.eldiario.net\\\/portal\\\/2025\\\/11\\\/23\\\/el-mir-anuncia-que-tse-le-restituira-su-personeria-y-participaran-en-subnacionales\\\/\",\"name\":\"El MIR anuncia que TSE le restituir\u00e1 su personer\u00eda y participar\u00e1n en subnacionales - El Diario - Bolivia\",\"isPartOf\":{\"@id\":\"https:\\\/\\\/www.eldiario.net\\\/portal\\\/#website\"},\"primaryImageOfPage\":{\"@id\":\"https:\\\/\\\/www.eldiario.net\\\/portal\\\/2025\\\/11\\\/23\\\/el-mir-anuncia-que-tse-le-restituira-su-personeria-y-participaran-en-subnacionales\\\/#primaryimage\"},\"image\":{\"@id\":\"https:\\\/\\\/www.eldiario.net\\\/portal\\\/2025\\\/11\\\/23\\\/el-mir-anuncia-que-tse-le-restituira-su-personeria-y-participaran-en-subnacionales\\\/#primaryimage\"},\"thumbnailUrl\":\"https:\\\/\\\/www.eldiario.net\\\/portal\\\/wp-content\\\/uploads\\\/2023\\\/12\\\/Politica.jpg\",\"datePublished\":\"2025-11-23T11:08:39+00:00\",\"breadcrumb\":{\"@id\":\"https:\\\/\\\/www.eldiario.net\\\/portal\\\/2025\\\/11\\\/23\\\/el-mir-anuncia-que-tse-le-restituira-su-personeria-y-participaran-en-subnacionales\\\/#breadcrumb\"},\"inLanguage\":\"es\",\"potentialAction\":[{\"@type\":\"ReadAction\",\"target\":[\"https:\\\/\\\/www.eldiario.net\\\/portal\\\/2025\\\/11\\\/23\\\/el-mir-anuncia-que-tse-le-restituira-su-personeria-y-participaran-en-subnacionales\\\/\"]}]},{\"@type\":\"ImageObject\",\"inLanguage\":\"es\",\"@id\":\"https:\\\/\\\/www.eldiario.net\\\/portal\\\/2025\\\/11\\\/23\\\/el-mir-anuncia-que-tse-le-restituira-su-personeria-y-participaran-en-subnacionales\\\/#primaryimage\",\"url\":\"https:\\\/\\\/www.eldiario.net\\\/portal\\\/wp-content\\\/uploads\\\/2023\\\/12\\\/Politica.jpg\",\"contentUrl\":\"https:\\\/\\\/www.eldiario.net\\\/portal\\\/wp-content\\\/uploads\\\/2023\\\/12\\\/Politica.jpg\",\"width\":800,\"height\":500},{\"@type\":\"BreadcrumbList\",\"@id\":\"https:\\\/\\\/www.eldiario.net\\\/portal\\\/2025\\\/11\\\/23\\\/el-mir-anuncia-que-tse-le-restituira-su-personeria-y-participaran-en-subnacionales\\\/#breadcrumb\",\"itemListElement\":[{\"@type\":\"ListItem\",\"position\":1,\"name\":\"Portada\",\"item\":\"https:\\\/\\\/www.eldiario.net\\\/portal\\\/\"},{\"@type\":\"ListItem\",\"position\":2,\"name\":\"El MIR anuncia que TSE le restituir\u00e1 su personer\u00eda y participar\u00e1n en subnacionales\"}]},{\"@type\":\"WebSite\",\"@id\":\"https:\\\/\\\/www.eldiario.net\\\/portal\\\/#website\",\"url\":\"https:\\\/\\\/www.eldiario.net\\\/portal\\\/\",\"name\":\"El Diario - Decano de la prensa nacional\",\"description\":\"El Diario - Decano de la prensa nacional\",\"publisher\":{\"@id\":\"https:\\\/\\\/www.eldiario.net\\\/portal\\\/#organization\"},\"potentialAction\":[{\"@type\":\"SearchAction\",\"target\":{\"@type\":\"EntryPoint\",\"urlTemplate\":\"https:\\\/\\\/www.eldiario.net\\\/portal\\\/?s={search_term_string}\"},\"query-input\":{\"@type\":\"PropertyValueSpecification\",\"valueRequired\":true,\"valueName\":\"search_term_string\"}}],\"inLanguage\":\"es\"},{\"@type\":\"Organization\",\"@id\":\"https:\\\/\\\/www.eldiario.net\\\/portal\\\/#organization\",\"name\":\"El Diario - Decano de la prensa nacional\",\"url\":\"https:\\\/\\\/www.eldiario.net\\\/portal\\\/\",\"logo\":{\"@type\":\"ImageObject\",\"inLanguage\":\"es\",\"@id\":\"https:\\\/\\\/www.eldiario.net\\\/portal\\\/#\\\/schema\\\/logo\\\/image\\\/\",\"url\":\"https:\\\/\\\/www.eldiario.net\\\/portal\\\/wp-content\\\/uploads\\\/2023\\\/07\\\/logo_ED.jpg\",\"contentUrl\":\"https:\\\/\\\/www.eldiario.net\\\/portal\\\/wp-content\\\/uploads\\\/2023\\\/07\\\/logo_ED.jpg\",\"width\":272,\"height\":52,\"caption\":\"El Diario - Decano de la prensa nacional\"},\"image\":{\"@id\":\"https:\\\/\\\/www.eldiario.net\\\/portal\\\/#\\\/schema\\\/logo\\\/image\\\/\"},\"sameAs\":[\"https:\\\/\\\/www.facebook.com\\\/eldiario.bolivia\\\/\",\"https:\\\/\\\/x.com\\\/eldiario_net\"]},{\"@type\":\"Person\",\"@id\":\"https:\\\/\\\/www.eldiario.net\\\/portal\\\/#\\\/schema\\\/person\\\/f46445640444750d7d753ccd04ae01b7\",\"name\":\"Jeanette\",\"image\":{\"@type\":\"ImageObject\",\"inLanguage\":\"es\",\"@id\":\"https:\\\/\\\/secure.gravatar.com\\\/avatar\\\/3ea2118a5f7dad2b7138b1187a6b7ee55f160b9968b66013c3a3ef39dd7e5798?s=96&d=mm&r=g\",\"url\":\"https:\\\/\\\/secure.gravatar.com\\\/avatar\\\/3ea2118a5f7dad2b7138b1187a6b7ee55f160b9968b66013c3a3ef39dd7e5798?s=96&d=mm&r=g\",\"contentUrl\":\"https:\\\/\\\/secure.gravatar.com\\\/avatar\\\/3ea2118a5f7dad2b7138b1187a6b7ee55f160b9968b66013c3a3ef39dd7e5798?s=96&d=mm&r=g\",\"caption\":\"Jeanette\"},\"sameAs\":[\"https:\\\/\\\/www.eldiario.net\\\/portal\"],\"url\":\"https:\\\/\\\/www.eldiario.net\\\/portal\\\/author\\\/jeanette\\\/\"}]}<\/script>\n<!-- \/ Yoast SEO plugin. -->","yoast_head_json":{"title":"El MIR anuncia que TSE le restituir\u00e1 su personer\u00eda y participar\u00e1n en subnacionales - El Diario - Bolivia","robots":{"index":"index","follow":"follow","max-snippet":"max-snippet:-1","max-image-preview":"max-image-preview:large","max-video-preview":"max-video-preview:-1"},"canonical":"https:\/\/www.eldiario.net\/portal\/2025\/11\/23\/el-mir-anuncia-que-tse-le-restituira-su-personeria-y-participaran-en-subnacionales\/","og_locale":"es_ES","og_type":"article","og_title":"El MIR anuncia que TSE le restituir\u00e1 su personer\u00eda y participar\u00e1n en subnacionales - El Diario - Bolivia","og_description":"El Movimiento de Izquierda Revolucionaria (MIR) Nueva Mayor\u00eda participar\u00e1 en las elecciones subnacionales de 2026 despu\u00e9s de que el Tribunal Supremo Electoral (TSE) decidi\u00f3 restituir la personer\u00eda jur\u00eddica del partido, confirm\u00f3 el dirigente Rolando Reynaga. \u201cQuiero decirles, el legado de Jaime Paz Zamora est\u00e1 de vuelta, anunciar al pa\u00eds que el MIR participa en las [&hellip;]","og_url":"https:\/\/www.eldiario.net\/portal\/2025\/11\/23\/el-mir-anuncia-que-tse-le-restituira-su-personeria-y-participaran-en-subnacionales\/","og_site_name":"El Diario - Bolivia","article_publisher":"https:\/\/www.facebook.com\/eldiario.bolivia\/","article_published_time":"2025-11-23T11:08:39+00:00","og_image":[{"width":800,"height":500,"url":"https:\/\/www.eldiario.net\/portal\/wp-content\/uploads\/2023\/12\/Politica.jpg","type":"image\/jpeg"}],"author":"Jeanette","twitter_card":"summary_large_image","twitter_creator":"@eldiario_net","twitter_site":"@eldiario_net","twitter_misc":{"Escrito por":"Jeanette","Tiempo de lectura":"2 minutos"},"schema":{"@context":"https:\/\/schema.org","@graph":[{"@type":"Article","@id":"https:\/\/www.eldiario.net\/portal\/2025\/11\/23\/el-mir-anuncia-que-tse-le-restituira-su-personeria-y-participaran-en-subnacionales\/#article","isPartOf":{"@id":"https:\/\/www.eldiario.net\/portal\/2025\/11\/23\/el-mir-anuncia-que-tse-le-restituira-su-personeria-y-participaran-en-subnacionales\/"},"author":{"name":"Jeanette","@id":"https:\/\/www.eldiario.net\/portal\/#\/schema\/person\/f46445640444750d7d753ccd04ae01b7"},"headline":"El MIR anuncia que TSE le restituir\u00e1 su personer\u00eda y participar\u00e1n en subnacionales","datePublished":"2025-11-23T11:08:39+00:00","mainEntityOfPage":{"@id":"https:\/\/www.eldiario.net\/portal\/2025\/11\/23\/el-mir-anuncia-que-tse-le-restituira-su-personeria-y-participaran-en-subnacionales\/"},"wordCount":226,"publisher":{"@id":"https:\/\/www.eldiario.net\/portal\/#organization"},"image":{"@id":"https:\/\/www.eldiario.net\/portal\/2025\/11\/23\/el-mir-anuncia-que-tse-le-restituira-su-personeria-y-participaran-en-subnacionales\/#primaryimage"},"thumbnailUrl":"https:\/\/www.eldiario.net\/portal\/wp-content\/uploads\/2023\/12\/Politica.jpg","articleSection":["Pol\u00edtica"],"inLanguage":"es"},{"@type":"WebPage","@id":"https:\/\/www.eldiario.net\/portal\/2025\/11\/23\/el-mir-anuncia-que-tse-le-restituira-su-personeria-y-participaran-en-subnacionales\/","url":"https:\/\/www.eldiario.net\/portal\/2025\/11\/23\/el-mir-anuncia-que-tse-le-restituira-su-personeria-y-participaran-en-subnacionales\/","name":"El MIR anuncia que TSE le restituir\u00e1 su personer\u00eda y participar\u00e1n en subnacionales - El Diario - Bolivia","isPartOf":{"@id":"https:\/\/www.eldiario.net\/portal\/#website"},"primaryImageOfPage":{"@id":"https:\/\/www.eldiario.net\/portal\/2025\/11\/23\/el-mir-anuncia-que-tse-le-restituira-su-personeria-y-participaran-en-subnacionales\/#primaryimage"},"image":{"@id":"https:\/\/www.eldiario.net\/portal\/2025\/11\/23\/el-mir-anuncia-que-tse-le-restituira-su-personeria-y-participaran-en-subnacionales\/#primaryimage"},"thumbnailUrl":"https:\/\/www.eldiario.net\/portal\/wp-content\/uploads\/2023\/12\/Politica.jpg","datePublished":"2025-11-23T11:08:39+00:00","breadcrumb":{"@id":"https:\/\/www.eldiario.net\/portal\/2025\/11\/23\/el-mir-anuncia-que-tse-le-restituira-su-personeria-y-participaran-en-subnacionales\/#breadcrumb"},"inLanguage":"es","potentialAction":[{"@type":"ReadAction","target":["https:\/\/www.eldiario.net\/portal\/2025\/11\/23\/el-mir-anuncia-que-tse-le-restituira-su-personeria-y-participaran-en-subnacionales\/"]}]},{"@type":"ImageObject","inLanguage":"es","@id":"https:\/\/www.eldiario.net\/portal\/2025\/11\/23\/el-mir-anuncia-que-tse-le-restituira-su-personeria-y-participaran-en-subnacionales\/#primaryimage","url":"https:\/\/www.eldiario.net\/portal\/wp-content\/uploads\/2023\/12\/Politica.jpg","contentUrl":"https:\/\/www.eldiario.net\/portal\/wp-content\/uploads\/2023\/12\/Politica.jpg","width":800,"height":500},{"@type":"BreadcrumbList","@id":"https:\/\/www.eldiario.net\/portal\/2025\/11\/23\/el-mir-anuncia-que-tse-le-restituira-su-personeria-y-participaran-en-subnacionales\/#breadcrumb","itemListElement":[{"@type":"ListItem","position":1,"name":"Portada","item":"https:\/\/www.eldiario.net\/portal\/"},{"@type":"ListItem","position":2,"name":"El MIR anuncia que TSE le restituir\u00e1 su personer\u00eda y participar\u00e1n en subnacionales"}]},{"@type":"WebSite","@id":"https:\/\/www.eldiario.net\/portal\/#website","url":"https:\/\/www.eldiario.net\/portal\/","name":"El Diario - Decano de la prensa nacional","description":"El Diario - Decano de la prensa nacional","publisher":{"@id":"https:\/\/www.eldiario.net\/portal\/#organization"},"potentialAction":[{"@type":"SearchAction","target":{"@type":"EntryPoint","urlTemplate":"https:\/\/www.eldiario.net\/portal\/?s={search_term_string}"},"query-input":{"@type":"PropertyValueSpecification","valueRequired":true,"valueName":"search_term_string"}}],"inLanguage":"es"},{"@type":"Organization","@id":"https:\/\/www.eldiario.net\/portal\/#organization","name":"El Diario - Decano de la prensa nacional","url":"https:\/\/www.eldiario.net\/portal\/","logo":{"@type":"ImageObject","inLanguage":"es","@id":"https:\/\/www.eldiario.net\/portal\/#\/schema\/logo\/image\/","url":"https:\/\/www.eldiario.net\/portal\/wp-content\/uploads\/2023\/07\/logo_ED.jpg","contentUrl":"https:\/\/www.eldiario.net\/portal\/wp-content\/uploads\/2023\/07\/logo_ED.jpg","width":272,"height":52,"caption":"El Diario - Decano de la prensa nacional"},"image":{"@id":"https:\/\/www.eldiario.net\/portal\/#\/schema\/logo\/image\/"},"sameAs":["https:\/\/www.facebook.com\/eldiario.bolivia\/","https:\/\/x.com\/eldiario_net"]},{"@type":"Person","@id":"https:\/\/www.eldiario.net\/portal\/#\/schema\/person\/f46445640444750d7d753ccd04ae01b7","name":"Jeanette","image":{"@type":"ImageObject","inLanguage":"es","@id":"https:\/\/secure.gravatar.com\/avatar\/3ea2118a5f7dad2b7138b1187a6b7ee55f160b9968b66013c3a3ef39dd7e5798?s=96&d=mm&r=g","url":"https:\/\/secure.gravatar.com\/avatar\/3ea2118a5f7dad2b7138b1187a6b7ee55f160b9968b66013c3a3ef39dd7e5798?s=96&d=mm&r=g","contentUrl":"https:\/\/secure.gravatar.com\/avatar\/3ea2118a5f7dad2b7138b1187a6b7ee55f160b9968b66013c3a3ef39dd7e5798?s=96&d=mm&r=g","caption":"Jeanette"},"sameAs":["https:\/\/www.eldiario.net\/portal"],"url":"https:\/\/www.eldiario.net\/portal\/author\/jeanette\/"}]}},"_links":{"self":[{"href":"https:\/\/www.eldiario.net\/portal\/wp-json\/wp\/v2\/posts\/347291","targetHints":{"allow":["GET"]}}],"collection":[{"href":"https:\/\/www.eldiario.net\/portal\/wp-json\/wp\/v2\/posts"}],"about":[{"href":"https:\/\/www.eldiario.net\/portal\/wp-json\/wp\/v2\/types\/post"}],"author":[{"embeddable":true,"href":"https:\/\/www.eldiario.net\/portal\/wp-json\/wp\/v2\/users\/1"}],"replies":[{"embeddable":true,"href":"https:\/\/www.eldiario.net\/portal\/wp-json\/wp\/v2\/comments?post=347291"}],"version-history":[{"count":1,"href":"https:\/\/www.eldiario.net\/portal\/wp-json\/wp\/v2\/posts\/347291\/revisions"}],"predecessor-version":[{"id":347292,"href":"https:\/\/www.eldiario.net\/portal\/wp-json\/wp\/v2\/posts\/347291\/revisions\/347292"}],"wp:featuredmedia":[{"embeddable":true,"href":"https:\/\/www.eldiario.net\/portal\/wp-json\/wp\/v2\/media\/194754"}],"wp:attachment":[{"href":"https:\/\/www.eldiario.net\/portal\/wp-json\/wp\/v2\/media?parent=347291"}],"wp:term":[{"taxonomy":"category","embeddable":true,"href":"https:\/\/www.eldiario.net\/portal\/wp-json\/wp\/v2\/categories?post=347291"},{"taxonomy":"post_tag","embeddable":true,"href":"https:\/\/www.eldiario.net\/portal\/wp-json\/wp\/v2\/tags?post=347291"}],"curies":[{"name":"wp","href":"https:\/\/api.w.org\/{rel}","templated":true}]}}