{"id":347286,"date":"2025-11-23T07:07:21","date_gmt":"2025-11-23T11:07:21","guid":{"rendered":"https:\/\/www.eldiario.net\/portal\/?p=347286"},"modified":"2025-11-23T07:07:21","modified_gmt":"2025-11-23T11:07:21","slug":"policia-detiene-de-forma-preventiva-a-bolsonaro-por-manipular-tobillera","status":"publish","type":"post","link":"https:\/\/www.eldiario.net\/portal\/2025\/11\/23\/policia-detiene-de-forma-preventiva-a-bolsonaro-por-manipular-tobillera\/","title":{"rendered":"Polic\u00eda detiene de forma preventiva a Bolsonaro por manipular tobillera"},"content":{"rendered":"<p>El expresidente de extrema derecha de Brasil, Jair Bolsonaro, afirm\u00f3 que intent\u00f3 da\u00f1ar su tobillera electr\u00f3nica \u00abpor curiosidad\u00bb despu\u00e9s de ser arrestado en su villa debido a sospechas de que estaba a punto de fugarse.<br \/>\nEn un video publicado por la Corte Suprema, se puede escuchar a Bolsonaro, quien recientemente fue sentenciado a 27 a\u00f1os de prisi\u00f3n por planear un golpe militar, admitiendo ante un oficial de seguridad que hab\u00eda usado un soldador para manipular la etiqueta negra.<br \/>\nEl video muestra el dispositivo gravemente da\u00f1ado y quemado en ambos lados, pero a\u00fan en su tobillo.<br \/>\nBolsonaro fue arrestado poco despu\u00e9s de las 6 de la ma\u00f1ana de ayer por la polic\u00eda federal, despu\u00e9s de que un juez del Tribunal Supremo emitiera una orden de arresto preventivo porque se dispon\u00eda a huir a una embajada extranjera.<br \/>\nEl pol\u00edtico de 70 a\u00f1os fue trasladado a una base de la polic\u00eda federal, a 11 kil\u00f3metros del Palacio Presidencial que ocup\u00f3 entre 2019 y 2022, cuando perdi\u00f3 las elecciones e intent\u00f3 dar un golpe militar.<br \/>\nLa detenci\u00f3n de Bolsonaro, que viv\u00eda bajo arresto domiciliario en la capital, Brasilia, desde agosto, fue ordenada por el juez de la Corte Suprema, Alexandre de Moraes, como resultado de los temores de que el expresidente pudiera fugarse a uno de los muchos complejos diplom\u00e1ticos de Brasilia para evitar el castigo por el fallido intento de toma de poder.<br \/>\nEn septiembre, Bolsonaro fue condenado a 27 a\u00f1os y tres meses de prisi\u00f3n por un complot para impedir la toma de posesi\u00f3n del ganador de las elecciones de 2022, Luiz In\u00e1cio Lula da Silva. Sin embargo, el tribunal a\u00fan no orden\u00f3 la prisi\u00f3n de Bolsonaro por estos delitos mientras se resuelven una serie de procedimientos legales y apelaciones.<br \/>\nEn medio de crecientes especulaciones de que Bolsonaro ser\u00eda encarcelado en los pr\u00f3ximos d\u00edas, sus partidarios hab\u00edan planeado realizar una \u201cvigilia\u201d ayer por la noche afuera del condominio de lujo donde su l\u00edder estuvo viviendo bajo arresto domiciliario.<br \/>\nLa protesta hab\u00eda sido convocada por el hijo senador de Bolsonaro, Fl\u00e1vio Bolsonaro, en un video en las redes sociales: \u00ab\u00bfVas a luchar por tu pa\u00eds o vas a ver todo en tu tel\u00e9fono m\u00f3vil mientras est\u00e1s sentado en casa en tu sof\u00e1?\u00bb, invit\u00f3 a los bolsonaristas a \u00abvenir a luchar con nosotros\u00bb.<br \/>\nEn su decisi\u00f3n de ordenar el arresto de Bolsonaro ayer por la ma\u00f1ana, Moraes dijo que era posible que la vigilia pudiera ser utilizada como una distracci\u00f3n para ayudar al expresidente a escapar a una embajada extranjera.<br \/>\nPara aumentar estas sospechas, Moraes afirm\u00f3 que el tobillero electr\u00f3nico de Bolsonaro hab\u00eda sido manipulado a las 00:08 del s\u00e1bado. \u201cEsto suger\u00eda que el convicto hab\u00eda planeado romper el tobillero para asegurar su fuga, aprovechando la confusi\u00f3n causada por la protesta convocada por su hijo\u201d.<br \/>\nAdem\u00e1s, indic\u00f3 que Bolsonaro, quien cuenta con el presidente estadounidense Donald Trump entre sus aliados internacionales, viv\u00eda a unos 15 minutos de la Embajada estadounidense. En agosto, Bolsonaro fue acusado de solicitar asilo en Argentina, donde otro aliado de la derecha, Javier Milei, ostenta el poder. En 2024, el expresidente pas\u00f3 misteriosamente dos noches dentro de la Embajada de Hungr\u00eda.<br \/>\nLas especulaciones sobre la inminencia del arresto de Bolsonaro hab\u00edan alcanzado un punto \u00e1lgido en los \u00faltimos d\u00edas, aunque sus aliados expresaban su indignaci\u00f3n ante la perspectiva de que el expresidente fuera enviado a una prisi\u00f3n de m\u00e1xima seguridad en Brasilia llamada Papuda.<br \/>\nLos partidarios de Lula expresaron su satisfacci\u00f3n por el hecho de que el exmandatario pareciera estar condenado a prisi\u00f3n. \u00abEl mensaje a Brasil y al mundo es que el crimen no paga\u00bb, declar\u00f3 Reimont Otoni, congresista del Partido de los Trabajadores (PT), asegurando que el complot de Bolsonaro inclu\u00eda una conspiraci\u00f3n para asesinar a Lula.<br \/>\nLa esposa evang\u00e9lica de Bolsonaro, Michelle Bolsonaro, respondi\u00f3 al arresto de su esposo publicando un extracto del Salmo 121 en redes sociales. \u201cEl Se\u00f1or te proteger\u00e1 de todo mal; \u00e9l cuidar\u00e1 tu vida; el Se\u00f1or cuidar\u00e1 tu ir y venir, ahora y para siempre\u201d.<br \/>\nEl congresista S\u00f3stenes Cavalcante, uno de los aliados m\u00e1s cercanos de Bolsonaro, calific\u00f3 el arresto como \u201cel mayor (acto de) persecuci\u00f3n pol\u00edtica en la historia brasile\u00f1a\u201d.<br \/>\nLos abogados de Bolsonaro expresaron una \u00abprofunda perplejidad\u00bb por la detenci\u00f3n de su cliente en una habitaci\u00f3n policial de 12 metros cuadrados, escasamente decorada y prometieron apelar contra una decisi\u00f3n que, seg\u00fan ellos, pondr\u00eda en riesgo la vida del expresidente, dada su \u00abdelicada\u00bb salud.<br \/>\nTal\u00edria Petrone, congresista de izquierda de R\u00edo, capt\u00f3 la alegr\u00eda de los progresistas, mientras los detractores de Bolsonaro eran filmados abriendo botellas de vino espumoso y encendiendo fuegos artificiales frente a la sede de la polic\u00eda federal. \u00abHoy el despertador son\u00f3 diferente: fue la noticia del arresto de Bolsonaro la que ilumin\u00f3 la ma\u00f1ana\u00bb, tuite\u00f3. Agreg\u00f3: \u00abBrasil sonr\u00ede. Un d\u00eda maravilloso\u00bb.<br \/>\nPetra Costa, cineasta y directora de documentales sobre los ataques de Bolsonaro a la democracia brasile\u00f1a, tambi\u00e9n celebraba. \u00abBrasil acaba de triunfar donde Estados Unidos fracas\u00f3. Llevar ante la justicia a un expresidente que atac\u00f3 la democracia\u00bb, escribi\u00f3 en Facebook. (The Guardian)<\/p>\n","protected":false},"excerpt":{"rendered":"<p>El expresidente de extrema derecha de Brasil, Jair Bolsonaro, afirm\u00f3 que intent\u00f3 da\u00f1ar su tobillera electr\u00f3nica \u00abpor curiosidad\u00bb despu\u00e9s de ser arrestado en su villa debido a sospechas de que estaba a punto de fugarse. En un video publicado por la Corte Suprema, se puede escuchar a Bolsonaro, quien recientemente fue sentenciado a 27 a\u00f1os [&hellip;]<\/p>\n","protected":false},"author":1,"featured_media":347287,"comment_status":"closed","ping_status":"open","sticky":false,"template":"","format":"standard","meta":{"_acf_changed":false,"footnotes":""},"categories":[3],"tags":[],"class_list":["post-347286","post","type-post","status-publish","format-standard","has-post-thumbnail","category-internacional"],"acf":{"antetitulo":"Brasil"},"yoast_head":"<!-- This site is optimized with the Yoast SEO plugin v28.3 - https:\/\/yoast.com\/product\/yoast-seo-wordpress\/ -->\n<title>Polic\u00eda detiene de forma preventiva a Bolsonaro por manipular tobillera - El Diario - Bolivia<\/title>\n<meta name=\"robots\" content=\"index, follow, max-snippet:-1, max-image-preview:large, max-video-preview:-1\" \/>\n<link rel=\"canonical\" href=\"https:\/\/www.eldiario.net\/portal\/2025\/11\/23\/policia-detiene-de-forma-preventiva-a-bolsonaro-por-manipular-tobillera\/\" \/>\n<meta property=\"og:locale\" content=\"es_ES\" \/>\n<meta property=\"og:type\" content=\"article\" \/>\n<meta property=\"og:title\" content=\"Polic\u00eda detiene de forma preventiva a Bolsonaro por manipular tobillera - El Diario - Bolivia\" \/>\n<meta property=\"og:description\" content=\"El expresidente de extrema derecha de Brasil, Jair Bolsonaro, afirm\u00f3 que intent\u00f3 da\u00f1ar su tobillera electr\u00f3nica \u00abpor curiosidad\u00bb despu\u00e9s de ser arrestado en su villa debido a sospechas de que estaba a punto de fugarse. En un video publicado por la Corte Suprema, se puede escuchar a Bolsonaro, quien recientemente fue sentenciado a 27 a\u00f1os [&hellip;]\" \/>\n<meta property=\"og:url\" content=\"https:\/\/www.eldiario.net\/portal\/2025\/11\/23\/policia-detiene-de-forma-preventiva-a-bolsonaro-por-manipular-tobillera\/\" \/>\n<meta property=\"og:site_name\" content=\"El Diario - Bolivia\" \/>\n<meta property=\"article:publisher\" content=\"https:\/\/www.facebook.com\/eldiario.bolivia\/\" \/>\n<meta property=\"article:published_time\" content=\"2025-11-23T11:07:21+00:00\" \/>\n<meta property=\"og:image\" content=\"https:\/\/www.eldiario.net\/portal\/wp-content\/uploads\/2025\/11\/BOLSONARO-AP.webp\" \/>\n\t<meta property=\"og:image:width\" content=\"1024\" \/>\n\t<meta property=\"og:image:height\" content=\"576\" \/>\n\t<meta property=\"og:image:type\" content=\"image\/webp\" \/>\n<meta name=\"author\" content=\"Jeanette\" \/>\n<meta name=\"twitter:card\" content=\"summary_large_image\" \/>\n<meta name=\"twitter:creator\" content=\"@eldiario_net\" \/>\n<meta name=\"twitter:site\" content=\"@eldiario_net\" \/>\n<meta name=\"twitter:label1\" content=\"Escrito por\" \/>\n\t<meta name=\"twitter:data1\" content=\"Jeanette\" \/>\n\t<meta name=\"twitter:label2\" content=\"Tiempo de lectura\" \/>\n\t<meta name=\"twitter:data2\" content=\"5 minutos\" \/>\n<script type=\"application\/ld+json\" class=\"yoast-schema-graph\">{\"@context\":\"https:\\\/\\\/schema.org\",\"@graph\":[{\"@type\":\"Article\",\"@id\":\"https:\\\/\\\/www.eldiario.net\\\/portal\\\/2025\\\/11\\\/23\\\/policia-detiene-de-forma-preventiva-a-bolsonaro-por-manipular-tobillera\\\/#article\",\"isPartOf\":{\"@id\":\"https:\\\/\\\/www.eldiario.net\\\/portal\\\/2025\\\/11\\\/23\\\/policia-detiene-de-forma-preventiva-a-bolsonaro-por-manipular-tobillera\\\/\"},\"author\":{\"name\":\"Jeanette\",\"@id\":\"https:\\\/\\\/www.eldiario.net\\\/portal\\\/#\\\/schema\\\/person\\\/f46445640444750d7d753ccd04ae01b7\"},\"headline\":\"Polic\u00eda detiene de forma preventiva a Bolsonaro por manipular tobillera\",\"datePublished\":\"2025-11-23T11:07:21+00:00\",\"mainEntityOfPage\":{\"@id\":\"https:\\\/\\\/www.eldiario.net\\\/portal\\\/2025\\\/11\\\/23\\\/policia-detiene-de-forma-preventiva-a-bolsonaro-por-manipular-tobillera\\\/\"},\"wordCount\":914,\"publisher\":{\"@id\":\"https:\\\/\\\/www.eldiario.net\\\/portal\\\/#organization\"},\"image\":{\"@id\":\"https:\\\/\\\/www.eldiario.net\\\/portal\\\/2025\\\/11\\\/23\\\/policia-detiene-de-forma-preventiva-a-bolsonaro-por-manipular-tobillera\\\/#primaryimage\"},\"thumbnailUrl\":\"https:\\\/\\\/www.eldiario.net\\\/portal\\\/wp-content\\\/uploads\\\/2025\\\/11\\\/BOLSONARO-AP.webp\",\"articleSection\":[\"Internacional\"],\"inLanguage\":\"es\"},{\"@type\":\"WebPage\",\"@id\":\"https:\\\/\\\/www.eldiario.net\\\/portal\\\/2025\\\/11\\\/23\\\/policia-detiene-de-forma-preventiva-a-bolsonaro-por-manipular-tobillera\\\/\",\"url\":\"https:\\\/\\\/www.eldiario.net\\\/portal\\\/2025\\\/11\\\/23\\\/policia-detiene-de-forma-preventiva-a-bolsonaro-por-manipular-tobillera\\\/\",\"name\":\"Polic\u00eda detiene de forma preventiva a Bolsonaro por manipular tobillera - El Diario - Bolivia\",\"isPartOf\":{\"@id\":\"https:\\\/\\\/www.eldiario.net\\\/portal\\\/#website\"},\"primaryImageOfPage\":{\"@id\":\"https:\\\/\\\/www.eldiario.net\\\/portal\\\/2025\\\/11\\\/23\\\/policia-detiene-de-forma-preventiva-a-bolsonaro-por-manipular-tobillera\\\/#primaryimage\"},\"image\":{\"@id\":\"https:\\\/\\\/www.eldiario.net\\\/portal\\\/2025\\\/11\\\/23\\\/policia-detiene-de-forma-preventiva-a-bolsonaro-por-manipular-tobillera\\\/#primaryimage\"},\"thumbnailUrl\":\"https:\\\/\\\/www.eldiario.net\\\/portal\\\/wp-content\\\/uploads\\\/2025\\\/11\\\/BOLSONARO-AP.webp\",\"datePublished\":\"2025-11-23T11:07:21+00:00\",\"breadcrumb\":{\"@id\":\"https:\\\/\\\/www.eldiario.net\\\/portal\\\/2025\\\/11\\\/23\\\/policia-detiene-de-forma-preventiva-a-bolsonaro-por-manipular-tobillera\\\/#breadcrumb\"},\"inLanguage\":\"es\",\"potentialAction\":[{\"@type\":\"ReadAction\",\"target\":[\"https:\\\/\\\/www.eldiario.net\\\/portal\\\/2025\\\/11\\\/23\\\/policia-detiene-de-forma-preventiva-a-bolsonaro-por-manipular-tobillera\\\/\"]}]},{\"@type\":\"ImageObject\",\"inLanguage\":\"es\",\"@id\":\"https:\\\/\\\/www.eldiario.net\\\/portal\\\/2025\\\/11\\\/23\\\/policia-detiene-de-forma-preventiva-a-bolsonaro-por-manipular-tobillera\\\/#primaryimage\",\"url\":\"https:\\\/\\\/www.eldiario.net\\\/portal\\\/wp-content\\\/uploads\\\/2025\\\/11\\\/BOLSONARO-AP.webp\",\"contentUrl\":\"https:\\\/\\\/www.eldiario.net\\\/portal\\\/wp-content\\\/uploads\\\/2025\\\/11\\\/BOLSONARO-AP.webp\",\"width\":1024,\"height\":576,\"caption\":\"El expresidente de Brasil, Jair Bolsonaro, fue arrestado ayer. (Archivo)\"},{\"@type\":\"BreadcrumbList\",\"@id\":\"https:\\\/\\\/www.eldiario.net\\\/portal\\\/2025\\\/11\\\/23\\\/policia-detiene-de-forma-preventiva-a-bolsonaro-por-manipular-tobillera\\\/#breadcrumb\",\"itemListElement\":[{\"@type\":\"ListItem\",\"position\":1,\"name\":\"Portada\",\"item\":\"https:\\\/\\\/www.eldiario.net\\\/portal\\\/\"},{\"@type\":\"ListItem\",\"position\":2,\"name\":\"Polic\u00eda detiene de forma preventiva a Bolsonaro por manipular tobillera\"}]},{\"@type\":\"WebSite\",\"@id\":\"https:\\\/\\\/www.eldiario.net\\\/portal\\\/#website\",\"url\":\"https:\\\/\\\/www.eldiario.net\\\/portal\\\/\",\"name\":\"El Diario - Decano de la prensa nacional\",\"description\":\"El Diario - Decano de la prensa nacional\",\"publisher\":{\"@id\":\"https:\\\/\\\/www.eldiario.net\\\/portal\\\/#organization\"},\"potentialAction\":[{\"@type\":\"SearchAction\",\"target\":{\"@type\":\"EntryPoint\",\"urlTemplate\":\"https:\\\/\\\/www.eldiario.net\\\/portal\\\/?s={search_term_string}\"},\"query-input\":{\"@type\":\"PropertyValueSpecification\",\"valueRequired\":true,\"valueName\":\"search_term_string\"}}],\"inLanguage\":\"es\"},{\"@type\":\"Organization\",\"@id\":\"https:\\\/\\\/www.eldiario.net\\\/portal\\\/#organization\",\"name\":\"El Diario - Decano de la prensa nacional\",\"url\":\"https:\\\/\\\/www.eldiario.net\\\/portal\\\/\",\"logo\":{\"@type\":\"ImageObject\",\"inLanguage\":\"es\",\"@id\":\"https:\\\/\\\/www.eldiario.net\\\/portal\\\/#\\\/schema\\\/logo\\\/image\\\/\",\"url\":\"https:\\\/\\\/www.eldiario.net\\\/portal\\\/wp-content\\\/uploads\\\/2023\\\/07\\\/logo_ED.jpg\",\"contentUrl\":\"https:\\\/\\\/www.eldiario.net\\\/portal\\\/wp-content\\\/uploads\\\/2023\\\/07\\\/logo_ED.jpg\",\"width\":272,\"height\":52,\"caption\":\"El Diario - Decano de la prensa nacional\"},\"image\":{\"@id\":\"https:\\\/\\\/www.eldiario.net\\\/portal\\\/#\\\/schema\\\/logo\\\/image\\\/\"},\"sameAs\":[\"https:\\\/\\\/www.facebook.com\\\/eldiario.bolivia\\\/\",\"https:\\\/\\\/x.com\\\/eldiario_net\"]},{\"@type\":\"Person\",\"@id\":\"https:\\\/\\\/www.eldiario.net\\\/portal\\\/#\\\/schema\\\/person\\\/f46445640444750d7d753ccd04ae01b7\",\"name\":\"Jeanette\",\"image\":{\"@type\":\"ImageObject\",\"inLanguage\":\"es\",\"@id\":\"https:\\\/\\\/secure.gravatar.com\\\/avatar\\\/3ea2118a5f7dad2b7138b1187a6b7ee55f160b9968b66013c3a3ef39dd7e5798?s=96&d=mm&r=g\",\"url\":\"https:\\\/\\\/secure.gravatar.com\\\/avatar\\\/3ea2118a5f7dad2b7138b1187a6b7ee55f160b9968b66013c3a3ef39dd7e5798?s=96&d=mm&r=g\",\"contentUrl\":\"https:\\\/\\\/secure.gravatar.com\\\/avatar\\\/3ea2118a5f7dad2b7138b1187a6b7ee55f160b9968b66013c3a3ef39dd7e5798?s=96&d=mm&r=g\",\"caption\":\"Jeanette\"},\"sameAs\":[\"https:\\\/\\\/www.eldiario.net\\\/portal\"],\"url\":\"https:\\\/\\\/www.eldiario.net\\\/portal\\\/author\\\/jeanette\\\/\"}]}<\/script>\n<!-- \/ Yoast SEO plugin. -->","yoast_head_json":{"title":"Polic\u00eda detiene de forma preventiva a Bolsonaro por manipular tobillera - El Diario - Bolivia","robots":{"index":"index","follow":"follow","max-snippet":"max-snippet:-1","max-image-preview":"max-image-preview:large","max-video-preview":"max-video-preview:-1"},"canonical":"https:\/\/www.eldiario.net\/portal\/2025\/11\/23\/policia-detiene-de-forma-preventiva-a-bolsonaro-por-manipular-tobillera\/","og_locale":"es_ES","og_type":"article","og_title":"Polic\u00eda detiene de forma preventiva a Bolsonaro por manipular tobillera - El Diario - Bolivia","og_description":"El expresidente de extrema derecha de Brasil, Jair Bolsonaro, afirm\u00f3 que intent\u00f3 da\u00f1ar su tobillera electr\u00f3nica \u00abpor curiosidad\u00bb despu\u00e9s de ser arrestado en su villa debido a sospechas de que estaba a punto de fugarse. En un video publicado por la Corte Suprema, se puede escuchar a Bolsonaro, quien recientemente fue sentenciado a 27 a\u00f1os [&hellip;]","og_url":"https:\/\/www.eldiario.net\/portal\/2025\/11\/23\/policia-detiene-de-forma-preventiva-a-bolsonaro-por-manipular-tobillera\/","og_site_name":"El Diario - Bolivia","article_publisher":"https:\/\/www.facebook.com\/eldiario.bolivia\/","article_published_time":"2025-11-23T11:07:21+00:00","og_image":[{"width":1024,"height":576,"url":"https:\/\/www.eldiario.net\/portal\/wp-content\/uploads\/2025\/11\/BOLSONARO-AP.webp","type":"image\/webp"}],"author":"Jeanette","twitter_card":"summary_large_image","twitter_creator":"@eldiario_net","twitter_site":"@eldiario_net","twitter_misc":{"Escrito por":"Jeanette","Tiempo de lectura":"5 minutos"},"schema":{"@context":"https:\/\/schema.org","@graph":[{"@type":"Article","@id":"https:\/\/www.eldiario.net\/portal\/2025\/11\/23\/policia-detiene-de-forma-preventiva-a-bolsonaro-por-manipular-tobillera\/#article","isPartOf":{"@id":"https:\/\/www.eldiario.net\/portal\/2025\/11\/23\/policia-detiene-de-forma-preventiva-a-bolsonaro-por-manipular-tobillera\/"},"author":{"name":"Jeanette","@id":"https:\/\/www.eldiario.net\/portal\/#\/schema\/person\/f46445640444750d7d753ccd04ae01b7"},"headline":"Polic\u00eda detiene de forma preventiva a Bolsonaro por manipular tobillera","datePublished":"2025-11-23T11:07:21+00:00","mainEntityOfPage":{"@id":"https:\/\/www.eldiario.net\/portal\/2025\/11\/23\/policia-detiene-de-forma-preventiva-a-bolsonaro-por-manipular-tobillera\/"},"wordCount":914,"publisher":{"@id":"https:\/\/www.eldiario.net\/portal\/#organization"},"image":{"@id":"https:\/\/www.eldiario.net\/portal\/2025\/11\/23\/policia-detiene-de-forma-preventiva-a-bolsonaro-por-manipular-tobillera\/#primaryimage"},"thumbnailUrl":"https:\/\/www.eldiario.net\/portal\/wp-content\/uploads\/2025\/11\/BOLSONARO-AP.webp","articleSection":["Internacional"],"inLanguage":"es"},{"@type":"WebPage","@id":"https:\/\/www.eldiario.net\/portal\/2025\/11\/23\/policia-detiene-de-forma-preventiva-a-bolsonaro-por-manipular-tobillera\/","url":"https:\/\/www.eldiario.net\/portal\/2025\/11\/23\/policia-detiene-de-forma-preventiva-a-bolsonaro-por-manipular-tobillera\/","name":"Polic\u00eda detiene de forma preventiva a Bolsonaro por manipular tobillera - El Diario - Bolivia","isPartOf":{"@id":"https:\/\/www.eldiario.net\/portal\/#website"},"primaryImageOfPage":{"@id":"https:\/\/www.eldiario.net\/portal\/2025\/11\/23\/policia-detiene-de-forma-preventiva-a-bolsonaro-por-manipular-tobillera\/#primaryimage"},"image":{"@id":"https:\/\/www.eldiario.net\/portal\/2025\/11\/23\/policia-detiene-de-forma-preventiva-a-bolsonaro-por-manipular-tobillera\/#primaryimage"},"thumbnailUrl":"https:\/\/www.eldiario.net\/portal\/wp-content\/uploads\/2025\/11\/BOLSONARO-AP.webp","datePublished":"2025-11-23T11:07:21+00:00","breadcrumb":{"@id":"https:\/\/www.eldiario.net\/portal\/2025\/11\/23\/policia-detiene-de-forma-preventiva-a-bolsonaro-por-manipular-tobillera\/#breadcrumb"},"inLanguage":"es","potentialAction":[{"@type":"ReadAction","target":["https:\/\/www.eldiario.net\/portal\/2025\/11\/23\/policia-detiene-de-forma-preventiva-a-bolsonaro-por-manipular-tobillera\/"]}]},{"@type":"ImageObject","inLanguage":"es","@id":"https:\/\/www.eldiario.net\/portal\/2025\/11\/23\/policia-detiene-de-forma-preventiva-a-bolsonaro-por-manipular-tobillera\/#primaryimage","url":"https:\/\/www.eldiario.net\/portal\/wp-content\/uploads\/2025\/11\/BOLSONARO-AP.webp","contentUrl":"https:\/\/www.eldiario.net\/portal\/wp-content\/uploads\/2025\/11\/BOLSONARO-AP.webp","width":1024,"height":576,"caption":"El expresidente de Brasil, Jair Bolsonaro, fue arrestado ayer. (Archivo)"},{"@type":"BreadcrumbList","@id":"https:\/\/www.eldiario.net\/portal\/2025\/11\/23\/policia-detiene-de-forma-preventiva-a-bolsonaro-por-manipular-tobillera\/#breadcrumb","itemListElement":[{"@type":"ListItem","position":1,"name":"Portada","item":"https:\/\/www.eldiario.net\/portal\/"},{"@type":"ListItem","position":2,"name":"Polic\u00eda detiene de forma preventiva a Bolsonaro por manipular tobillera"}]},{"@type":"WebSite","@id":"https:\/\/www.eldiario.net\/portal\/#website","url":"https:\/\/www.eldiario.net\/portal\/","name":"El Diario - Decano de la prensa nacional","description":"El Diario - Decano de la prensa nacional","publisher":{"@id":"https:\/\/www.eldiario.net\/portal\/#organization"},"potentialAction":[{"@type":"SearchAction","target":{"@type":"EntryPoint","urlTemplate":"https:\/\/www.eldiario.net\/portal\/?s={search_term_string}"},"query-input":{"@type":"PropertyValueSpecification","valueRequired":true,"valueName":"search_term_string"}}],"inLanguage":"es"},{"@type":"Organization","@id":"https:\/\/www.eldiario.net\/portal\/#organization","name":"El Diario - Decano de la prensa nacional","url":"https:\/\/www.eldiario.net\/portal\/","logo":{"@type":"ImageObject","inLanguage":"es","@id":"https:\/\/www.eldiario.net\/portal\/#\/schema\/logo\/image\/","url":"https:\/\/www.eldiario.net\/portal\/wp-content\/uploads\/2023\/07\/logo_ED.jpg","contentUrl":"https:\/\/www.eldiario.net\/portal\/wp-content\/uploads\/2023\/07\/logo_ED.jpg","width":272,"height":52,"caption":"El Diario - Decano de la prensa nacional"},"image":{"@id":"https:\/\/www.eldiario.net\/portal\/#\/schema\/logo\/image\/"},"sameAs":["https:\/\/www.facebook.com\/eldiario.bolivia\/","https:\/\/x.com\/eldiario_net"]},{"@type":"Person","@id":"https:\/\/www.eldiario.net\/portal\/#\/schema\/person\/f46445640444750d7d753ccd04ae01b7","name":"Jeanette","image":{"@type":"ImageObject","inLanguage":"es","@id":"https:\/\/secure.gravatar.com\/avatar\/3ea2118a5f7dad2b7138b1187a6b7ee55f160b9968b66013c3a3ef39dd7e5798?s=96&d=mm&r=g","url":"https:\/\/secure.gravatar.com\/avatar\/3ea2118a5f7dad2b7138b1187a6b7ee55f160b9968b66013c3a3ef39dd7e5798?s=96&d=mm&r=g","contentUrl":"https:\/\/secure.gravatar.com\/avatar\/3ea2118a5f7dad2b7138b1187a6b7ee55f160b9968b66013c3a3ef39dd7e5798?s=96&d=mm&r=g","caption":"Jeanette"},"sameAs":["https:\/\/www.eldiario.net\/portal"],"url":"https:\/\/www.eldiario.net\/portal\/author\/jeanette\/"}]}},"_links":{"self":[{"href":"https:\/\/www.eldiario.net\/portal\/wp-json\/wp\/v2\/posts\/347286","targetHints":{"allow":["GET"]}}],"collection":[{"href":"https:\/\/www.eldiario.net\/portal\/wp-json\/wp\/v2\/posts"}],"about":[{"href":"https:\/\/www.eldiario.net\/portal\/wp-json\/wp\/v2\/types\/post"}],"author":[{"embeddable":true,"href":"https:\/\/www.eldiario.net\/portal\/wp-json\/wp\/v2\/users\/1"}],"replies":[{"embeddable":true,"href":"https:\/\/www.eldiario.net\/portal\/wp-json\/wp\/v2\/comments?post=347286"}],"version-history":[{"count":1,"href":"https:\/\/www.eldiario.net\/portal\/wp-json\/wp\/v2\/posts\/347286\/revisions"}],"predecessor-version":[{"id":347288,"href":"https:\/\/www.eldiario.net\/portal\/wp-json\/wp\/v2\/posts\/347286\/revisions\/347288"}],"wp:featuredmedia":[{"embeddable":true,"href":"https:\/\/www.eldiario.net\/portal\/wp-json\/wp\/v2\/media\/347287"}],"wp:attachment":[{"href":"https:\/\/www.eldiario.net\/portal\/wp-json\/wp\/v2\/media?parent=347286"}],"wp:term":[{"taxonomy":"category","embeddable":true,"href":"https:\/\/www.eldiario.net\/portal\/wp-json\/wp\/v2\/categories?post=347286"},{"taxonomy":"post_tag","embeddable":true,"href":"https:\/\/www.eldiario.net\/portal\/wp-json\/wp\/v2\/tags?post=347286"}],"curies":[{"name":"wp","href":"https:\/\/api.w.org\/{rel}","templated":true}]}}