{"id":347283,"date":"2025-11-23T07:06:20","date_gmt":"2025-11-23T11:06:20","guid":{"rendered":"https:\/\/www.eldiario.net\/portal\/?p=347283"},"modified":"2025-11-23T07:06:20","modified_gmt":"2025-11-23T11:06:20","slug":"ucrania-y-eeuu-hablaran-en-suiza-del-plan-de-trump","status":"publish","type":"post","link":"https:\/\/www.eldiario.net\/portal\/2025\/11\/23\/ucrania-y-eeuu-hablaran-en-suiza-del-plan-de-trump\/","title":{"rendered":"Ucrania y EEUU hablar\u00e1n en Suiza del plan de Trump"},"content":{"rendered":"<p>El jefe de la diplomacia estadounidense, Marco Rubio y el emisario diplom\u00e1tico de Donald Trump, Steve Witkoff, viajar\u00e1n a Ginebra hoy (domingo) para discutir el plan de Trump con representantes ucranianos, confirm\u00f3 a la agencia de noticias AFP un responsable estadounidense.<br \/>\nEste responsable tambi\u00e9n se\u00f1al\u00f3 que el secretario estadounidense del Ej\u00e9rcito, Daniel Driscoll, recibido el jueves en Kiev por el presidente ucraniano Volodimir Zelenski, ya hab\u00eda llegado este s\u00e1bado a la ciudad suiza.<br \/>\nEl inicio de las conversaciones fue anunciado por Rustem Umerov, secretario del Consejo de Seguridad Nacional y Defensa de Ucrania, quien detall\u00f3 que las consultas se celebrar\u00e1n en Suiza y reunir\u00e1n a altos responsables de ambos pa\u00edses.<br \/>\nUmerov agradeci\u00f3 la disposici\u00f3n de Estados Unidos para entablar un di\u00e1logo sustancial y subray\u00f3 la importancia de estas negociaciones para definir los posibles par\u00e1metros de un futuro acuerdo de paz.<br \/>\nEl presidente Zelenski firm\u00f3 un decreto que establece la composici\u00f3n de la delegaci\u00f3n ucraniana y aprob\u00f3 las instrucciones para la negociaci\u00f3n, reafirmando que los representantes de Kiev defender\u00e1n los intereses leg\u00edtimos del pueblo ucraniano y los fundamentos de la seguridad europea.<br \/>\n\u201cEn los pr\u00f3ximos d\u00edas iniciaremos en Suiza consultas entre altos responsables ucranianos y estadounidenses sobre los posibles par\u00e1metros de un futuro acuerdo de paz\u201d, se\u00f1al\u00f3 en Facebook Umerov.<br \/>\nEl plan de paz propuesto por Trump contempla una serie de condiciones que generaron debate tanto en Kiev como en Mosc\u00fa.<br \/>\nEntre los puntos centrales figura la cesi\u00f3n a Rusia de amplias zonas del Donb\u00e1s, as\u00ed como la divisi\u00f3n de las regiones de Jerson y Zaporiyia conforme a la l\u00ednea actual del frente de combate.<br \/>\nAdem\u00e1s, el documento exige que Ucrania reduzca sus fuerzas armadas a 600.000 efectivos y que la OTAN se comprometa a no desplegar tropas en territorio ucraniano, mientras que los aviones europeos de apoyo defensivo permanecer\u00edan estacionados en Polonia.<br \/>\nEl plan tambi\u00e9n incluye garant\u00edas de seguridad para Kiev por parte de Washington y sus aliados europeos, equiparables a los compromisos de la OTAN en caso de agresi\u00f3n a uno de sus miembros.<br \/>\nEl mandatario ucraniano reconoci\u00f3 la dificultad de la decisi\u00f3n, al tener que elegir entre \u201cperder su dignidad o a un socio clave\u201d, y reiter\u00f3 que Ucrania \u201cnunca ser\u00e1 un obst\u00e1culo para la paz\u201d. La presidencia ucraniana insisti\u00f3 en que sus representantes defender\u00e1n los intereses nacionales y que cualquier acuerdo debe respetar la soberan\u00eda y la integridad territorial del pa\u00eds.<br \/>\nTrump fij\u00f3 un plazo de menos de una semana para que Zelenski se pronuncie sobre el plan, advirtiendo que, de no aceptarlo, Ucrania deber\u00e1 continuar combatiendo.<br \/>\nPor su parte, Vladimir Putin manifest\u00f3 que el plan estadounidense podr\u00eda servir de base para un acuerdo definitivo, aunque advirti\u00f3 que Rusia est\u00e1 preparada para conquistar m\u00e1s territorio si Kiev rechaza la propuesta.<br \/>\nPutin destac\u00f3 que el documento recoge varias de las exigencias rusas, como las cesiones territoriales y la reducci\u00f3n del ej\u00e9rcito ucraniano, pero indic\u00f3 que hasta el momento solo se discuti\u00f3 a grandes rasgos con Estados Unidos y que espera una discusi\u00f3n profunda de todos los detalles.<br \/>\nEl mandatario ruso subray\u00f3 que, en caso de rechazo, Mosc\u00fa continuar\u00e1 sus ofensivas militares para alcanzar sus objetivos, citando la reciente captura de la ciudad de Kupiansk, como ejemplo de lo que podr\u00eda repetirse en otras zonas clave del frente.<br \/>\nDesde Washington, el vicepresidente JD Vance defendi\u00f3 que cualquier acuerdo de paz debe ser aceptable tanto para Rusia como para Ucrania y centrarse en detener el derramamiento de sangre y preservar la soberan\u00eda ucraniana.<br \/>\nVance rechaz\u00f3 la idea de que la victoria militar ucraniana sea posible \u00fanicamente con un mayor aporte de armas, dinero o sanciones, y sostuvo que la paz requiere pragmatismo y realismo.<br \/>\nEl funcionario estadounidense remarc\u00f3 que la administraci\u00f3n Trump present\u00f3 un marco de paz que busca maximizar las posibilidades de que la guerra no se reanude y apunt\u00f3 que toda cr\u00edtica a este enfoque malinterpreta la realidad sobre el terreno.<br \/>\n\u201cCualquier plan de paz entre Ucrania y Rusia debe: 1) Detener los asesinatos y preservar la soberan\u00eda ucraniana. 2) Ser aceptable tanto para Rusia como para Ucrania. 3) Maximizar las posibilidades de que la guerra no se reanude\u201d, public\u00f3 el vicepresidente norteamericano en la red social X. (Infobae)<\/p>\n<p>PIE DE FOTO<br \/>\nLas autoridades estadounidenses, Steve Witkoff y Marco Rubio.<\/p>\n<p>CREDITO: Reuters<\/p>\n<p>&nbsp;<\/p>\n","protected":false},"excerpt":{"rendered":"<p>El jefe de la diplomacia estadounidense, Marco Rubio y el emisario diplom\u00e1tico de Donald Trump, Steve Witkoff, viajar\u00e1n a Ginebra hoy (domingo) para discutir el plan de Trump con representantes ucranianos, confirm\u00f3 a la agencia de noticias AFP un responsable estadounidense. Este responsable tambi\u00e9n se\u00f1al\u00f3 que el secretario estadounidense del Ej\u00e9rcito, Daniel Driscoll, recibido el [&hellip;]<\/p>\n","protected":false},"author":1,"featured_media":347284,"comment_status":"closed","ping_status":"open","sticky":false,"template":"","format":"standard","meta":{"_acf_changed":false,"footnotes":""},"categories":[3],"tags":[],"class_list":["post-347283","post","type-post","status-publish","format-standard","has-post-thumbnail","category-internacional"],"acf":{"antetitulo":""},"yoast_head":"<!-- This site is optimized with the Yoast SEO plugin v28.3 - https:\/\/yoast.com\/product\/yoast-seo-wordpress\/ -->\n<title>Ucrania y EEUU hablar\u00e1n en Suiza del plan de Trump - El Diario - Bolivia<\/title>\n<meta name=\"robots\" content=\"index, follow, max-snippet:-1, max-image-preview:large, max-video-preview:-1\" \/>\n<link rel=\"canonical\" href=\"https:\/\/www.eldiario.net\/portal\/2025\/11\/23\/ucrania-y-eeuu-hablaran-en-suiza-del-plan-de-trump\/\" \/>\n<meta property=\"og:locale\" content=\"es_ES\" \/>\n<meta property=\"og:type\" content=\"article\" \/>\n<meta property=\"og:title\" content=\"Ucrania y EEUU hablar\u00e1n en Suiza del plan de Trump - El Diario - Bolivia\" \/>\n<meta property=\"og:description\" content=\"El jefe de la diplomacia estadounidense, Marco Rubio y el emisario diplom\u00e1tico de Donald Trump, Steve Witkoff, viajar\u00e1n a Ginebra hoy (domingo) para discutir el plan de Trump con representantes ucranianos, confirm\u00f3 a la agencia de noticias AFP un responsable estadounidense. Este responsable tambi\u00e9n se\u00f1al\u00f3 que el secretario estadounidense del Ej\u00e9rcito, Daniel Driscoll, recibido el [&hellip;]\" \/>\n<meta property=\"og:url\" content=\"https:\/\/www.eldiario.net\/portal\/2025\/11\/23\/ucrania-y-eeuu-hablaran-en-suiza-del-plan-de-trump\/\" \/>\n<meta property=\"og:site_name\" content=\"El Diario - Bolivia\" \/>\n<meta property=\"article:publisher\" content=\"https:\/\/www.facebook.com\/eldiario.bolivia\/\" \/>\n<meta property=\"article:published_time\" content=\"2025-11-23T11:06:20+00:00\" \/>\n<meta property=\"og:image\" content=\"https:\/\/www.eldiario.net\/portal\/wp-content\/uploads\/2025\/11\/UCRANIA-Reuters-14.webp\" \/>\n\t<meta property=\"og:image:width\" content=\"992\" \/>\n\t<meta property=\"og:image:height\" content=\"687\" \/>\n\t<meta property=\"og:image:type\" content=\"image\/webp\" \/>\n<meta name=\"author\" content=\"Jeanette\" \/>\n<meta name=\"twitter:card\" content=\"summary_large_image\" \/>\n<meta name=\"twitter:creator\" content=\"@eldiario_net\" \/>\n<meta name=\"twitter:site\" content=\"@eldiario_net\" \/>\n<meta name=\"twitter:label1\" content=\"Escrito por\" \/>\n\t<meta name=\"twitter:data1\" content=\"Jeanette\" \/>\n\t<meta name=\"twitter:label2\" content=\"Tiempo de lectura\" \/>\n\t<meta name=\"twitter:data2\" content=\"4 minutos\" \/>\n<script type=\"application\/ld+json\" class=\"yoast-schema-graph\">{\"@context\":\"https:\\\/\\\/schema.org\",\"@graph\":[{\"@type\":\"Article\",\"@id\":\"https:\\\/\\\/www.eldiario.net\\\/portal\\\/2025\\\/11\\\/23\\\/ucrania-y-eeuu-hablaran-en-suiza-del-plan-de-trump\\\/#article\",\"isPartOf\":{\"@id\":\"https:\\\/\\\/www.eldiario.net\\\/portal\\\/2025\\\/11\\\/23\\\/ucrania-y-eeuu-hablaran-en-suiza-del-plan-de-trump\\\/\"},\"author\":{\"name\":\"Jeanette\",\"@id\":\"https:\\\/\\\/www.eldiario.net\\\/portal\\\/#\\\/schema\\\/person\\\/f46445640444750d7d753ccd04ae01b7\"},\"headline\":\"Ucrania y EEUU hablar\u00e1n en Suiza del plan de Trump\",\"datePublished\":\"2025-11-23T11:06:20+00:00\",\"mainEntityOfPage\":{\"@id\":\"https:\\\/\\\/www.eldiario.net\\\/portal\\\/2025\\\/11\\\/23\\\/ucrania-y-eeuu-hablaran-en-suiza-del-plan-de-trump\\\/\"},\"wordCount\":758,\"publisher\":{\"@id\":\"https:\\\/\\\/www.eldiario.net\\\/portal\\\/#organization\"},\"image\":{\"@id\":\"https:\\\/\\\/www.eldiario.net\\\/portal\\\/2025\\\/11\\\/23\\\/ucrania-y-eeuu-hablaran-en-suiza-del-plan-de-trump\\\/#primaryimage\"},\"thumbnailUrl\":\"https:\\\/\\\/www.eldiario.net\\\/portal\\\/wp-content\\\/uploads\\\/2025\\\/11\\\/UCRANIA-Reuters-14.webp\",\"articleSection\":[\"Internacional\"],\"inLanguage\":\"es\"},{\"@type\":\"WebPage\",\"@id\":\"https:\\\/\\\/www.eldiario.net\\\/portal\\\/2025\\\/11\\\/23\\\/ucrania-y-eeuu-hablaran-en-suiza-del-plan-de-trump\\\/\",\"url\":\"https:\\\/\\\/www.eldiario.net\\\/portal\\\/2025\\\/11\\\/23\\\/ucrania-y-eeuu-hablaran-en-suiza-del-plan-de-trump\\\/\",\"name\":\"Ucrania y EEUU hablar\u00e1n en Suiza del plan de Trump - El Diario - Bolivia\",\"isPartOf\":{\"@id\":\"https:\\\/\\\/www.eldiario.net\\\/portal\\\/#website\"},\"primaryImageOfPage\":{\"@id\":\"https:\\\/\\\/www.eldiario.net\\\/portal\\\/2025\\\/11\\\/23\\\/ucrania-y-eeuu-hablaran-en-suiza-del-plan-de-trump\\\/#primaryimage\"},\"image\":{\"@id\":\"https:\\\/\\\/www.eldiario.net\\\/portal\\\/2025\\\/11\\\/23\\\/ucrania-y-eeuu-hablaran-en-suiza-del-plan-de-trump\\\/#primaryimage\"},\"thumbnailUrl\":\"https:\\\/\\\/www.eldiario.net\\\/portal\\\/wp-content\\\/uploads\\\/2025\\\/11\\\/UCRANIA-Reuters-14.webp\",\"datePublished\":\"2025-11-23T11:06:20+00:00\",\"breadcrumb\":{\"@id\":\"https:\\\/\\\/www.eldiario.net\\\/portal\\\/2025\\\/11\\\/23\\\/ucrania-y-eeuu-hablaran-en-suiza-del-plan-de-trump\\\/#breadcrumb\"},\"inLanguage\":\"es\",\"potentialAction\":[{\"@type\":\"ReadAction\",\"target\":[\"https:\\\/\\\/www.eldiario.net\\\/portal\\\/2025\\\/11\\\/23\\\/ucrania-y-eeuu-hablaran-en-suiza-del-plan-de-trump\\\/\"]}]},{\"@type\":\"ImageObject\",\"inLanguage\":\"es\",\"@id\":\"https:\\\/\\\/www.eldiario.net\\\/portal\\\/2025\\\/11\\\/23\\\/ucrania-y-eeuu-hablaran-en-suiza-del-plan-de-trump\\\/#primaryimage\",\"url\":\"https:\\\/\\\/www.eldiario.net\\\/portal\\\/wp-content\\\/uploads\\\/2025\\\/11\\\/UCRANIA-Reuters-14.webp\",\"contentUrl\":\"https:\\\/\\\/www.eldiario.net\\\/portal\\\/wp-content\\\/uploads\\\/2025\\\/11\\\/UCRANIA-Reuters-14.webp\",\"width\":992,\"height\":687},{\"@type\":\"BreadcrumbList\",\"@id\":\"https:\\\/\\\/www.eldiario.net\\\/portal\\\/2025\\\/11\\\/23\\\/ucrania-y-eeuu-hablaran-en-suiza-del-plan-de-trump\\\/#breadcrumb\",\"itemListElement\":[{\"@type\":\"ListItem\",\"position\":1,\"name\":\"Portada\",\"item\":\"https:\\\/\\\/www.eldiario.net\\\/portal\\\/\"},{\"@type\":\"ListItem\",\"position\":2,\"name\":\"Ucrania y EEUU hablar\u00e1n en Suiza del plan de Trump\"}]},{\"@type\":\"WebSite\",\"@id\":\"https:\\\/\\\/www.eldiario.net\\\/portal\\\/#website\",\"url\":\"https:\\\/\\\/www.eldiario.net\\\/portal\\\/\",\"name\":\"El Diario - Decano de la prensa nacional\",\"description\":\"El Diario - Decano de la prensa nacional\",\"publisher\":{\"@id\":\"https:\\\/\\\/www.eldiario.net\\\/portal\\\/#organization\"},\"potentialAction\":[{\"@type\":\"SearchAction\",\"target\":{\"@type\":\"EntryPoint\",\"urlTemplate\":\"https:\\\/\\\/www.eldiario.net\\\/portal\\\/?s={search_term_string}\"},\"query-input\":{\"@type\":\"PropertyValueSpecification\",\"valueRequired\":true,\"valueName\":\"search_term_string\"}}],\"inLanguage\":\"es\"},{\"@type\":\"Organization\",\"@id\":\"https:\\\/\\\/www.eldiario.net\\\/portal\\\/#organization\",\"name\":\"El Diario - Decano de la prensa nacional\",\"url\":\"https:\\\/\\\/www.eldiario.net\\\/portal\\\/\",\"logo\":{\"@type\":\"ImageObject\",\"inLanguage\":\"es\",\"@id\":\"https:\\\/\\\/www.eldiario.net\\\/portal\\\/#\\\/schema\\\/logo\\\/image\\\/\",\"url\":\"https:\\\/\\\/www.eldiario.net\\\/portal\\\/wp-content\\\/uploads\\\/2023\\\/07\\\/logo_ED.jpg\",\"contentUrl\":\"https:\\\/\\\/www.eldiario.net\\\/portal\\\/wp-content\\\/uploads\\\/2023\\\/07\\\/logo_ED.jpg\",\"width\":272,\"height\":52,\"caption\":\"El Diario - Decano de la prensa nacional\"},\"image\":{\"@id\":\"https:\\\/\\\/www.eldiario.net\\\/portal\\\/#\\\/schema\\\/logo\\\/image\\\/\"},\"sameAs\":[\"https:\\\/\\\/www.facebook.com\\\/eldiario.bolivia\\\/\",\"https:\\\/\\\/x.com\\\/eldiario_net\"]},{\"@type\":\"Person\",\"@id\":\"https:\\\/\\\/www.eldiario.net\\\/portal\\\/#\\\/schema\\\/person\\\/f46445640444750d7d753ccd04ae01b7\",\"name\":\"Jeanette\",\"image\":{\"@type\":\"ImageObject\",\"inLanguage\":\"es\",\"@id\":\"https:\\\/\\\/secure.gravatar.com\\\/avatar\\\/3ea2118a5f7dad2b7138b1187a6b7ee55f160b9968b66013c3a3ef39dd7e5798?s=96&d=mm&r=g\",\"url\":\"https:\\\/\\\/secure.gravatar.com\\\/avatar\\\/3ea2118a5f7dad2b7138b1187a6b7ee55f160b9968b66013c3a3ef39dd7e5798?s=96&d=mm&r=g\",\"contentUrl\":\"https:\\\/\\\/secure.gravatar.com\\\/avatar\\\/3ea2118a5f7dad2b7138b1187a6b7ee55f160b9968b66013c3a3ef39dd7e5798?s=96&d=mm&r=g\",\"caption\":\"Jeanette\"},\"sameAs\":[\"https:\\\/\\\/www.eldiario.net\\\/portal\"],\"url\":\"https:\\\/\\\/www.eldiario.net\\\/portal\\\/author\\\/jeanette\\\/\"}]}<\/script>\n<!-- \/ Yoast SEO plugin. -->","yoast_head_json":{"title":"Ucrania y EEUU hablar\u00e1n en Suiza del plan de Trump - El Diario - Bolivia","robots":{"index":"index","follow":"follow","max-snippet":"max-snippet:-1","max-image-preview":"max-image-preview:large","max-video-preview":"max-video-preview:-1"},"canonical":"https:\/\/www.eldiario.net\/portal\/2025\/11\/23\/ucrania-y-eeuu-hablaran-en-suiza-del-plan-de-trump\/","og_locale":"es_ES","og_type":"article","og_title":"Ucrania y EEUU hablar\u00e1n en Suiza del plan de Trump - El Diario - Bolivia","og_description":"El jefe de la diplomacia estadounidense, Marco Rubio y el emisario diplom\u00e1tico de Donald Trump, Steve Witkoff, viajar\u00e1n a Ginebra hoy (domingo) para discutir el plan de Trump con representantes ucranianos, confirm\u00f3 a la agencia de noticias AFP un responsable estadounidense. Este responsable tambi\u00e9n se\u00f1al\u00f3 que el secretario estadounidense del Ej\u00e9rcito, Daniel Driscoll, recibido el [&hellip;]","og_url":"https:\/\/www.eldiario.net\/portal\/2025\/11\/23\/ucrania-y-eeuu-hablaran-en-suiza-del-plan-de-trump\/","og_site_name":"El Diario - Bolivia","article_publisher":"https:\/\/www.facebook.com\/eldiario.bolivia\/","article_published_time":"2025-11-23T11:06:20+00:00","og_image":[{"width":992,"height":687,"url":"https:\/\/www.eldiario.net\/portal\/wp-content\/uploads\/2025\/11\/UCRANIA-Reuters-14.webp","type":"image\/webp"}],"author":"Jeanette","twitter_card":"summary_large_image","twitter_creator":"@eldiario_net","twitter_site":"@eldiario_net","twitter_misc":{"Escrito por":"Jeanette","Tiempo de lectura":"4 minutos"},"schema":{"@context":"https:\/\/schema.org","@graph":[{"@type":"Article","@id":"https:\/\/www.eldiario.net\/portal\/2025\/11\/23\/ucrania-y-eeuu-hablaran-en-suiza-del-plan-de-trump\/#article","isPartOf":{"@id":"https:\/\/www.eldiario.net\/portal\/2025\/11\/23\/ucrania-y-eeuu-hablaran-en-suiza-del-plan-de-trump\/"},"author":{"name":"Jeanette","@id":"https:\/\/www.eldiario.net\/portal\/#\/schema\/person\/f46445640444750d7d753ccd04ae01b7"},"headline":"Ucrania y EEUU hablar\u00e1n en Suiza del plan de Trump","datePublished":"2025-11-23T11:06:20+00:00","mainEntityOfPage":{"@id":"https:\/\/www.eldiario.net\/portal\/2025\/11\/23\/ucrania-y-eeuu-hablaran-en-suiza-del-plan-de-trump\/"},"wordCount":758,"publisher":{"@id":"https:\/\/www.eldiario.net\/portal\/#organization"},"image":{"@id":"https:\/\/www.eldiario.net\/portal\/2025\/11\/23\/ucrania-y-eeuu-hablaran-en-suiza-del-plan-de-trump\/#primaryimage"},"thumbnailUrl":"https:\/\/www.eldiario.net\/portal\/wp-content\/uploads\/2025\/11\/UCRANIA-Reuters-14.webp","articleSection":["Internacional"],"inLanguage":"es"},{"@type":"WebPage","@id":"https:\/\/www.eldiario.net\/portal\/2025\/11\/23\/ucrania-y-eeuu-hablaran-en-suiza-del-plan-de-trump\/","url":"https:\/\/www.eldiario.net\/portal\/2025\/11\/23\/ucrania-y-eeuu-hablaran-en-suiza-del-plan-de-trump\/","name":"Ucrania y EEUU hablar\u00e1n en Suiza del plan de Trump - El Diario - Bolivia","isPartOf":{"@id":"https:\/\/www.eldiario.net\/portal\/#website"},"primaryImageOfPage":{"@id":"https:\/\/www.eldiario.net\/portal\/2025\/11\/23\/ucrania-y-eeuu-hablaran-en-suiza-del-plan-de-trump\/#primaryimage"},"image":{"@id":"https:\/\/www.eldiario.net\/portal\/2025\/11\/23\/ucrania-y-eeuu-hablaran-en-suiza-del-plan-de-trump\/#primaryimage"},"thumbnailUrl":"https:\/\/www.eldiario.net\/portal\/wp-content\/uploads\/2025\/11\/UCRANIA-Reuters-14.webp","datePublished":"2025-11-23T11:06:20+00:00","breadcrumb":{"@id":"https:\/\/www.eldiario.net\/portal\/2025\/11\/23\/ucrania-y-eeuu-hablaran-en-suiza-del-plan-de-trump\/#breadcrumb"},"inLanguage":"es","potentialAction":[{"@type":"ReadAction","target":["https:\/\/www.eldiario.net\/portal\/2025\/11\/23\/ucrania-y-eeuu-hablaran-en-suiza-del-plan-de-trump\/"]}]},{"@type":"ImageObject","inLanguage":"es","@id":"https:\/\/www.eldiario.net\/portal\/2025\/11\/23\/ucrania-y-eeuu-hablaran-en-suiza-del-plan-de-trump\/#primaryimage","url":"https:\/\/www.eldiario.net\/portal\/wp-content\/uploads\/2025\/11\/UCRANIA-Reuters-14.webp","contentUrl":"https:\/\/www.eldiario.net\/portal\/wp-content\/uploads\/2025\/11\/UCRANIA-Reuters-14.webp","width":992,"height":687},{"@type":"BreadcrumbList","@id":"https:\/\/www.eldiario.net\/portal\/2025\/11\/23\/ucrania-y-eeuu-hablaran-en-suiza-del-plan-de-trump\/#breadcrumb","itemListElement":[{"@type":"ListItem","position":1,"name":"Portada","item":"https:\/\/www.eldiario.net\/portal\/"},{"@type":"ListItem","position":2,"name":"Ucrania y EEUU hablar\u00e1n en Suiza del plan de Trump"}]},{"@type":"WebSite","@id":"https:\/\/www.eldiario.net\/portal\/#website","url":"https:\/\/www.eldiario.net\/portal\/","name":"El Diario - Decano de la prensa nacional","description":"El Diario - Decano de la prensa nacional","publisher":{"@id":"https:\/\/www.eldiario.net\/portal\/#organization"},"potentialAction":[{"@type":"SearchAction","target":{"@type":"EntryPoint","urlTemplate":"https:\/\/www.eldiario.net\/portal\/?s={search_term_string}"},"query-input":{"@type":"PropertyValueSpecification","valueRequired":true,"valueName":"search_term_string"}}],"inLanguage":"es"},{"@type":"Organization","@id":"https:\/\/www.eldiario.net\/portal\/#organization","name":"El Diario - Decano de la prensa nacional","url":"https:\/\/www.eldiario.net\/portal\/","logo":{"@type":"ImageObject","inLanguage":"es","@id":"https:\/\/www.eldiario.net\/portal\/#\/schema\/logo\/image\/","url":"https:\/\/www.eldiario.net\/portal\/wp-content\/uploads\/2023\/07\/logo_ED.jpg","contentUrl":"https:\/\/www.eldiario.net\/portal\/wp-content\/uploads\/2023\/07\/logo_ED.jpg","width":272,"height":52,"caption":"El Diario - Decano de la prensa nacional"},"image":{"@id":"https:\/\/www.eldiario.net\/portal\/#\/schema\/logo\/image\/"},"sameAs":["https:\/\/www.facebook.com\/eldiario.bolivia\/","https:\/\/x.com\/eldiario_net"]},{"@type":"Person","@id":"https:\/\/www.eldiario.net\/portal\/#\/schema\/person\/f46445640444750d7d753ccd04ae01b7","name":"Jeanette","image":{"@type":"ImageObject","inLanguage":"es","@id":"https:\/\/secure.gravatar.com\/avatar\/3ea2118a5f7dad2b7138b1187a6b7ee55f160b9968b66013c3a3ef39dd7e5798?s=96&d=mm&r=g","url":"https:\/\/secure.gravatar.com\/avatar\/3ea2118a5f7dad2b7138b1187a6b7ee55f160b9968b66013c3a3ef39dd7e5798?s=96&d=mm&r=g","contentUrl":"https:\/\/secure.gravatar.com\/avatar\/3ea2118a5f7dad2b7138b1187a6b7ee55f160b9968b66013c3a3ef39dd7e5798?s=96&d=mm&r=g","caption":"Jeanette"},"sameAs":["https:\/\/www.eldiario.net\/portal"],"url":"https:\/\/www.eldiario.net\/portal\/author\/jeanette\/"}]}},"_links":{"self":[{"href":"https:\/\/www.eldiario.net\/portal\/wp-json\/wp\/v2\/posts\/347283","targetHints":{"allow":["GET"]}}],"collection":[{"href":"https:\/\/www.eldiario.net\/portal\/wp-json\/wp\/v2\/posts"}],"about":[{"href":"https:\/\/www.eldiario.net\/portal\/wp-json\/wp\/v2\/types\/post"}],"author":[{"embeddable":true,"href":"https:\/\/www.eldiario.net\/portal\/wp-json\/wp\/v2\/users\/1"}],"replies":[{"embeddable":true,"href":"https:\/\/www.eldiario.net\/portal\/wp-json\/wp\/v2\/comments?post=347283"}],"version-history":[{"count":1,"href":"https:\/\/www.eldiario.net\/portal\/wp-json\/wp\/v2\/posts\/347283\/revisions"}],"predecessor-version":[{"id":347285,"href":"https:\/\/www.eldiario.net\/portal\/wp-json\/wp\/v2\/posts\/347283\/revisions\/347285"}],"wp:featuredmedia":[{"embeddable":true,"href":"https:\/\/www.eldiario.net\/portal\/wp-json\/wp\/v2\/media\/347284"}],"wp:attachment":[{"href":"https:\/\/www.eldiario.net\/portal\/wp-json\/wp\/v2\/media?parent=347283"}],"wp:term":[{"taxonomy":"category","embeddable":true,"href":"https:\/\/www.eldiario.net\/portal\/wp-json\/wp\/v2\/categories?post=347283"},{"taxonomy":"post_tag","embeddable":true,"href":"https:\/\/www.eldiario.net\/portal\/wp-json\/wp\/v2\/tags?post=347283"}],"curies":[{"name":"wp","href":"https:\/\/api.w.org\/{rel}","templated":true}]}}