{"id":347274,"date":"2025-11-23T07:03:07","date_gmt":"2025-11-23T11:03:07","guid":{"rendered":"https:\/\/www.eldiario.net\/portal\/?p=347274"},"modified":"2025-11-23T07:03:07","modified_gmt":"2025-11-23T11:03:07","slug":"armas-cerebrales-que-alteran-la-mente-ya-no-es-ciencia-ficcion","status":"publish","type":"post","link":"https:\/\/www.eldiario.net\/portal\/2025\/11\/23\/armas-cerebrales-que-alteran-la-mente-ya-no-es-ciencia-ficcion\/","title":{"rendered":"\u00abArmas cerebrales\u00bb que alteran  la mente ya no es ciencia ficci\u00f3n"},"content":{"rendered":"<p class=\"v1MsoNormal\">Las sofisticadas y letales \u00abarmas cerebrales\u00bb que pueden atacar o alterar la conciencia, la percepci\u00f3n, la memoria o el comportamiento humanos ya no son cosa de ciencia ficci\u00f3n, argumentan dos acad\u00e9micos brit\u00e1nicos.<\/p>\n<p class=\"v1MsoNormal\">Michael Crowley y Malcolm Dando, de la Universidad de Bradford, est\u00e1n a punto de publicar un libro que creen que deber\u00eda ser una llamada de atenci\u00f3n para el mundo.<\/p>\n<p class=\"v1MsoNormal\">Este fin de semana viajan a La Haya para una reuni\u00f3n clave de estados, argumentando que la mente humana es una nueva frontera en la guerra y que se necesita una acci\u00f3n global urgente para evitar la instrumentalizaci\u00f3n de la neurociencia.<\/p>\n<p class=\"v1MsoNormal\">\u00abSuena a ciencia ficci\u00f3n\u00bb, sostuvo Crowley. \u00abEl peligro es que se convierta en realidad cient\u00edfica\u00bb.<\/p>\n<p class=\"v1MsoNormal\">El libro, publicado por la Royal Society of Chemistry, explora c\u00f3mo los avances en neurociencia, farmacolog\u00eda e inteligencia artificial se est\u00e1n combinando para crear una nueva amenaza.<\/p>\n<p class=\"v1MsoNormal\">\u00abEstamos entrando en una era donde el cerebro mismo podr\u00eda convertirse en un campo de batalla\u00bb, sostuvo Crowley. \u00abLas herramientas para manipular el sistema nervioso central, para sedar, confundir o incluso coaccionar, son cada vez m\u00e1s precisas, m\u00e1s accesibles y m\u00e1s atractivas para los estados\u00bb.<\/p>\n<p class=\"v1MsoNormal\">El libro narra la fascinante, aunque espantosa, historia de la investigaci\u00f3n patrocinada por el estado sobre sustancias qu\u00edmicas que act\u00faan sobre el sistema nervioso central (SNC).<\/p>\n<p class=\"v1MsoNormal\">Durante la Guerra Fr\u00eda y posteriormente, Estados Unidos, la Uni\u00f3n Sovi\u00e9tica y China buscaron activamente desarrollar armas que actuaran sobre el sistema nervioso central, afirm\u00f3 Crowley. Su prop\u00f3sito era causar una incapacitaci\u00f3n prolongada en las personas, incluyendo p\u00e9rdida de consciencia, sedaci\u00f3n, alucinaciones, incoherencia, par\u00e1lisis y desorientaci\u00f3n.<\/p>\n<p class=\"v1MsoNormal\">La \u00fanica vez que se utiliz\u00f3 un arma que act\u00faa sobre el sistema nervioso central a gran escala fue por parte de la Federaci\u00f3n Rusa en 2002 para poner fin al asedio del teatro de Mosc\u00fa. Las fuerzas de seguridad utilizaron derivados del fentanilo para terminar con el asedio, en el que militantes chechenos armados hab\u00edan tomado como rehenes a 900 espectadores.<\/p>\n<p class=\"v1MsoNormal\">La mayor\u00eda de los rehenes fueron liberados, pero m\u00e1s de 120 murieron a causa de los efectos de los agentes qu\u00edmicos y un n\u00famero indeterminado sufri\u00f3 da\u00f1os a largo plazo o muri\u00f3 prematuramente.<\/p>\n<p class=\"v1MsoNormal\">Desde entonces, la investigaci\u00f3n experiment\u00f3 avances significativos. Los acad\u00e9micos sostienen que existe la capacidad de crear armas mucho m\u00e1s sofisticadas y espec\u00edficas que antes habr\u00edan sido inimaginables.<\/p>\n<p class=\"v1MsoNormal\">Dando afirm\u00f3: \u00abEl mismo conocimiento que nos ayuda a tratar los trastornos neurol\u00f3gicos podr\u00eda utilizarse para alterar la cognici\u00f3n, inducir la conformidad o incluso, en el futuro, convertir a las personas en agentes involuntarios\u00bb.<\/p>\n<p class=\"v1MsoNormal\">La amenaza es \u00abreal y creciente\u00bb, pero existen lagunas en los tratados internacionales de control de armas que impiden abordarla eficazmente, afirman.<\/p>\n<p class=\"v1MsoNormal\">Dando es profesor em\u00e9rito de seguridad internacional en la Universidad de Bradford y un destacado experto en el control de armas biol\u00f3gicas y qu\u00edmicas. Crowley es investigador principal visitante honorario en la divisi\u00f3n de estudios de paz y desarrollo internacional de Bradford.<\/p>\n<p class=\"v1MsoNormal\">Este fin de semana viajar\u00e1n a La Haya, donde la Conferencia de los Estados Partes (CSP) celebrar\u00e1 su 30.\u00aa sesi\u00f3n. La CSP supervisa la aplicaci\u00f3n de la Convenci\u00f3n sobre las Armas Qu\u00edmicas.<\/p>\n<p class=\"v1MsoNormal\">El libro defiende un nuevo marco de \u00abcontrol integral de armas\u00bb, en lugar de basarse en los tratados de control de armas existentes. Expone una serie de medidas pr\u00e1cticas que podr\u00edan adoptarse, como la creaci\u00f3n de un grupo de trabajo sobre agentes que act\u00faan sobre el sistema nervioso central y otros agentes incapacitantes. Otras propuestas se refieren a la formaci\u00f3n, el seguimiento y las definiciones.<\/p>\n<p class=\"v1MsoNormal\">\u00abNecesitamos pasar de una gobernanza reactiva a una proactiva\u00bb, se\u00f1al\u00f3 Dando.<\/p>\n<p class=\"v1MsoNormal\">Ambos reconocen que estamos aprendiendo m\u00e1s sobre el cerebro y el sistema nervioso central, lo cual es positivo para la humanidad. Afirmaron que no intentaban frenar el progreso cient\u00edfico, sino prevenir malas intenciones.<\/p>\n<p class=\"v1MsoNormal\">Crowley afirm\u00f3: \u00abEsto es una llamada de atenci\u00f3n. Debemos actuar ahora para proteger la integridad de la ciencia y la inviolabilidad de la mente humana\u00bb.(The Guardian)<\/p>\n","protected":false},"excerpt":{"rendered":"<p>Las sofisticadas y letales \u00abarmas cerebrales\u00bb que pueden atacar o alterar la conciencia, la percepci\u00f3n, la memoria o el comportamiento humanos ya no son cosa de ciencia ficci\u00f3n, argumentan dos acad\u00e9micos brit\u00e1nicos. Michael Crowley y Malcolm Dando, de la Universidad de Bradford, est\u00e1n a punto de publicar un libro que creen que deber\u00eda ser una [&hellip;]<\/p>\n","protected":false},"author":1,"featured_media":347275,"comment_status":"closed","ping_status":"open","sticky":false,"template":"","format":"standard","meta":{"_acf_changed":false,"footnotes":""},"categories":[3],"tags":[],"class_list":["post-347274","post","type-post","status-publish","format-standard","has-post-thumbnail","category-internacional"],"acf":{"antetitulo":"Seg\u00fan investigadores"},"yoast_head":"<!-- This site is optimized with the Yoast SEO plugin v28.4 - https:\/\/yoast.com\/product\/yoast-seo-wordpress\/ -->\n<title>&quot;Armas cerebrales&quot; que alteran la mente ya no es ciencia ficci\u00f3n - El Diario - Bolivia<\/title>\n<meta name=\"robots\" content=\"index, follow, max-snippet:-1, max-image-preview:large, max-video-preview:-1\" \/>\n<link rel=\"canonical\" href=\"https:\/\/www.eldiario.net\/portal\/2025\/11\/23\/armas-cerebrales-que-alteran-la-mente-ya-no-es-ciencia-ficcion\/\" \/>\n<meta property=\"og:locale\" content=\"es_ES\" \/>\n<meta property=\"og:type\" content=\"article\" \/>\n<meta property=\"og:title\" content=\"&quot;Armas cerebrales&quot; que alteran la mente ya no es ciencia ficci\u00f3n - El Diario - Bolivia\" \/>\n<meta property=\"og:description\" content=\"Las sofisticadas y letales \u00abarmas cerebrales\u00bb que pueden atacar o alterar la conciencia, la percepci\u00f3n, la memoria o el comportamiento humanos ya no son cosa de ciencia ficci\u00f3n, argumentan dos acad\u00e9micos brit\u00e1nicos. Michael Crowley y Malcolm Dando, de la Universidad de Bradford, est\u00e1n a punto de publicar un libro que creen que deber\u00eda ser una [&hellip;]\" \/>\n<meta property=\"og:url\" content=\"https:\/\/www.eldiario.net\/portal\/2025\/11\/23\/armas-cerebrales-que-alteran-la-mente-ya-no-es-ciencia-ficcion\/\" \/>\n<meta property=\"og:site_name\" content=\"El Diario - Bolivia\" \/>\n<meta property=\"article:publisher\" content=\"https:\/\/www.facebook.com\/eldiario.bolivia\/\" \/>\n<meta property=\"article:published_time\" content=\"2025-11-23T11:03:07+00:00\" \/>\n<meta property=\"og:image\" content=\"https:\/\/www.eldiario.net\/portal\/wp-content\/uploads\/2025\/11\/ARMAS-Reuters-1.webp\" \/>\n\t<meta property=\"og:image:width\" content=\"620\" \/>\n\t<meta property=\"og:image:height\" content=\"496\" \/>\n\t<meta property=\"og:image:type\" content=\"image\/webp\" \/>\n<meta name=\"author\" content=\"Jeanette\" \/>\n<meta name=\"twitter:card\" content=\"summary_large_image\" \/>\n<meta name=\"twitter:creator\" content=\"@eldiario_net\" \/>\n<meta name=\"twitter:site\" content=\"@eldiario_net\" \/>\n<meta name=\"twitter:label1\" content=\"Escrito por\" \/>\n\t<meta name=\"twitter:data1\" content=\"Jeanette\" \/>\n\t<meta name=\"twitter:label2\" content=\"Tiempo de lectura\" \/>\n\t<meta name=\"twitter:data2\" content=\"4 minutos\" \/>\n<script type=\"application\/ld+json\" class=\"yoast-schema-graph\">{\"@context\":\"https:\\\/\\\/schema.org\",\"@graph\":[{\"@type\":\"Article\",\"@id\":\"https:\\\/\\\/www.eldiario.net\\\/portal\\\/2025\\\/11\\\/23\\\/armas-cerebrales-que-alteran-la-mente-ya-no-es-ciencia-ficcion\\\/#article\",\"isPartOf\":{\"@id\":\"https:\\\/\\\/www.eldiario.net\\\/portal\\\/2025\\\/11\\\/23\\\/armas-cerebrales-que-alteran-la-mente-ya-no-es-ciencia-ficcion\\\/\"},\"author\":{\"name\":\"Jeanette\",\"@id\":\"https:\\\/\\\/www.eldiario.net\\\/portal\\\/#\\\/schema\\\/person\\\/f46445640444750d7d753ccd04ae01b7\"},\"headline\":\"\u00abArmas cerebrales\u00bb que alteran la mente ya no es ciencia ficci\u00f3n\",\"datePublished\":\"2025-11-23T11:03:07+00:00\",\"mainEntityOfPage\":{\"@id\":\"https:\\\/\\\/www.eldiario.net\\\/portal\\\/2025\\\/11\\\/23\\\/armas-cerebrales-que-alteran-la-mente-ya-no-es-ciencia-ficcion\\\/\"},\"wordCount\":722,\"publisher\":{\"@id\":\"https:\\\/\\\/www.eldiario.net\\\/portal\\\/#organization\"},\"image\":{\"@id\":\"https:\\\/\\\/www.eldiario.net\\\/portal\\\/2025\\\/11\\\/23\\\/armas-cerebrales-que-alteran-la-mente-ya-no-es-ciencia-ficcion\\\/#primaryimage\"},\"thumbnailUrl\":\"https:\\\/\\\/www.eldiario.net\\\/portal\\\/wp-content\\\/uploads\\\/2025\\\/11\\\/ARMAS-Reuters-1.webp\",\"articleSection\":[\"Internacional\"],\"inLanguage\":\"es\"},{\"@type\":\"WebPage\",\"@id\":\"https:\\\/\\\/www.eldiario.net\\\/portal\\\/2025\\\/11\\\/23\\\/armas-cerebrales-que-alteran-la-mente-ya-no-es-ciencia-ficcion\\\/\",\"url\":\"https:\\\/\\\/www.eldiario.net\\\/portal\\\/2025\\\/11\\\/23\\\/armas-cerebrales-que-alteran-la-mente-ya-no-es-ciencia-ficcion\\\/\",\"name\":\"\\\"Armas cerebrales\\\" que alteran la mente ya no es ciencia ficci\u00f3n - El Diario - Bolivia\",\"isPartOf\":{\"@id\":\"https:\\\/\\\/www.eldiario.net\\\/portal\\\/#website\"},\"primaryImageOfPage\":{\"@id\":\"https:\\\/\\\/www.eldiario.net\\\/portal\\\/2025\\\/11\\\/23\\\/armas-cerebrales-que-alteran-la-mente-ya-no-es-ciencia-ficcion\\\/#primaryimage\"},\"image\":{\"@id\":\"https:\\\/\\\/www.eldiario.net\\\/portal\\\/2025\\\/11\\\/23\\\/armas-cerebrales-que-alteran-la-mente-ya-no-es-ciencia-ficcion\\\/#primaryimage\"},\"thumbnailUrl\":\"https:\\\/\\\/www.eldiario.net\\\/portal\\\/wp-content\\\/uploads\\\/2025\\\/11\\\/ARMAS-Reuters-1.webp\",\"datePublished\":\"2025-11-23T11:03:07+00:00\",\"breadcrumb\":{\"@id\":\"https:\\\/\\\/www.eldiario.net\\\/portal\\\/2025\\\/11\\\/23\\\/armas-cerebrales-que-alteran-la-mente-ya-no-es-ciencia-ficcion\\\/#breadcrumb\"},\"inLanguage\":\"es\",\"potentialAction\":[{\"@type\":\"ReadAction\",\"target\":[\"https:\\\/\\\/www.eldiario.net\\\/portal\\\/2025\\\/11\\\/23\\\/armas-cerebrales-que-alteran-la-mente-ya-no-es-ciencia-ficcion\\\/\"]}]},{\"@type\":\"ImageObject\",\"inLanguage\":\"es\",\"@id\":\"https:\\\/\\\/www.eldiario.net\\\/portal\\\/2025\\\/11\\\/23\\\/armas-cerebrales-que-alteran-la-mente-ya-no-es-ciencia-ficcion\\\/#primaryimage\",\"url\":\"https:\\\/\\\/www.eldiario.net\\\/portal\\\/wp-content\\\/uploads\\\/2025\\\/11\\\/ARMAS-Reuters-1.webp\",\"contentUrl\":\"https:\\\/\\\/www.eldiario.net\\\/portal\\\/wp-content\\\/uploads\\\/2025\\\/11\\\/ARMAS-Reuters-1.webp\",\"width\":620,\"height\":496,\"caption\":\"Rusia utiliz\u00f3 derivados del fentanilo para finalizar asedio de militantes chechenos en 2002. CREDITO: Reuters\"},{\"@type\":\"BreadcrumbList\",\"@id\":\"https:\\\/\\\/www.eldiario.net\\\/portal\\\/2025\\\/11\\\/23\\\/armas-cerebrales-que-alteran-la-mente-ya-no-es-ciencia-ficcion\\\/#breadcrumb\",\"itemListElement\":[{\"@type\":\"ListItem\",\"position\":1,\"name\":\"Portada\",\"item\":\"https:\\\/\\\/www.eldiario.net\\\/portal\\\/\"},{\"@type\":\"ListItem\",\"position\":2,\"name\":\"\u00abArmas cerebrales\u00bb que alteran la mente ya no es ciencia ficci\u00f3n\"}]},{\"@type\":\"WebSite\",\"@id\":\"https:\\\/\\\/www.eldiario.net\\\/portal\\\/#website\",\"url\":\"https:\\\/\\\/www.eldiario.net\\\/portal\\\/\",\"name\":\"El Diario - Decano de la prensa nacional\",\"description\":\"El Diario - Decano de la prensa nacional\",\"publisher\":{\"@id\":\"https:\\\/\\\/www.eldiario.net\\\/portal\\\/#organization\"},\"potentialAction\":[{\"@type\":\"SearchAction\",\"target\":{\"@type\":\"EntryPoint\",\"urlTemplate\":\"https:\\\/\\\/www.eldiario.net\\\/portal\\\/?s={search_term_string}\"},\"query-input\":{\"@type\":\"PropertyValueSpecification\",\"valueRequired\":true,\"valueName\":\"search_term_string\"}}],\"inLanguage\":\"es\"},{\"@type\":\"Organization\",\"@id\":\"https:\\\/\\\/www.eldiario.net\\\/portal\\\/#organization\",\"name\":\"El Diario - Decano de la prensa nacional\",\"url\":\"https:\\\/\\\/www.eldiario.net\\\/portal\\\/\",\"logo\":{\"@type\":\"ImageObject\",\"inLanguage\":\"es\",\"@id\":\"https:\\\/\\\/www.eldiario.net\\\/portal\\\/#\\\/schema\\\/logo\\\/image\\\/\",\"url\":\"https:\\\/\\\/www.eldiario.net\\\/portal\\\/wp-content\\\/uploads\\\/2023\\\/07\\\/logo_ED.jpg\",\"contentUrl\":\"https:\\\/\\\/www.eldiario.net\\\/portal\\\/wp-content\\\/uploads\\\/2023\\\/07\\\/logo_ED.jpg\",\"width\":272,\"height\":52,\"caption\":\"El Diario - Decano de la prensa nacional\"},\"image\":{\"@id\":\"https:\\\/\\\/www.eldiario.net\\\/portal\\\/#\\\/schema\\\/logo\\\/image\\\/\"},\"sameAs\":[\"https:\\\/\\\/www.facebook.com\\\/eldiario.bolivia\\\/\",\"https:\\\/\\\/x.com\\\/eldiario_net\"]},{\"@type\":\"Person\",\"@id\":\"https:\\\/\\\/www.eldiario.net\\\/portal\\\/#\\\/schema\\\/person\\\/f46445640444750d7d753ccd04ae01b7\",\"name\":\"Jeanette\",\"image\":{\"@type\":\"ImageObject\",\"inLanguage\":\"es\",\"@id\":\"https:\\\/\\\/secure.gravatar.com\\\/avatar\\\/3ea2118a5f7dad2b7138b1187a6b7ee55f160b9968b66013c3a3ef39dd7e5798?s=96&d=mm&r=g\",\"url\":\"https:\\\/\\\/secure.gravatar.com\\\/avatar\\\/3ea2118a5f7dad2b7138b1187a6b7ee55f160b9968b66013c3a3ef39dd7e5798?s=96&d=mm&r=g\",\"contentUrl\":\"https:\\\/\\\/secure.gravatar.com\\\/avatar\\\/3ea2118a5f7dad2b7138b1187a6b7ee55f160b9968b66013c3a3ef39dd7e5798?s=96&d=mm&r=g\",\"caption\":\"Jeanette\"},\"sameAs\":[\"https:\\\/\\\/www.eldiario.net\\\/portal\"],\"url\":\"https:\\\/\\\/www.eldiario.net\\\/portal\\\/author\\\/jeanette\\\/\"}]}<\/script>\n<!-- \/ Yoast SEO plugin. -->","yoast_head_json":{"title":"\"Armas cerebrales\" que alteran la mente ya no es ciencia ficci\u00f3n - El Diario - Bolivia","robots":{"index":"index","follow":"follow","max-snippet":"max-snippet:-1","max-image-preview":"max-image-preview:large","max-video-preview":"max-video-preview:-1"},"canonical":"https:\/\/www.eldiario.net\/portal\/2025\/11\/23\/armas-cerebrales-que-alteran-la-mente-ya-no-es-ciencia-ficcion\/","og_locale":"es_ES","og_type":"article","og_title":"\"Armas cerebrales\" que alteran la mente ya no es ciencia ficci\u00f3n - El Diario - Bolivia","og_description":"Las sofisticadas y letales \u00abarmas cerebrales\u00bb que pueden atacar o alterar la conciencia, la percepci\u00f3n, la memoria o el comportamiento humanos ya no son cosa de ciencia ficci\u00f3n, argumentan dos acad\u00e9micos brit\u00e1nicos. Michael Crowley y Malcolm Dando, de la Universidad de Bradford, est\u00e1n a punto de publicar un libro que creen que deber\u00eda ser una [&hellip;]","og_url":"https:\/\/www.eldiario.net\/portal\/2025\/11\/23\/armas-cerebrales-que-alteran-la-mente-ya-no-es-ciencia-ficcion\/","og_site_name":"El Diario - Bolivia","article_publisher":"https:\/\/www.facebook.com\/eldiario.bolivia\/","article_published_time":"2025-11-23T11:03:07+00:00","og_image":[{"width":620,"height":496,"url":"https:\/\/www.eldiario.net\/portal\/wp-content\/uploads\/2025\/11\/ARMAS-Reuters-1.webp","type":"image\/webp"}],"author":"Jeanette","twitter_card":"summary_large_image","twitter_creator":"@eldiario_net","twitter_site":"@eldiario_net","twitter_misc":{"Escrito por":"Jeanette","Tiempo de lectura":"4 minutos"},"schema":{"@context":"https:\/\/schema.org","@graph":[{"@type":"Article","@id":"https:\/\/www.eldiario.net\/portal\/2025\/11\/23\/armas-cerebrales-que-alteran-la-mente-ya-no-es-ciencia-ficcion\/#article","isPartOf":{"@id":"https:\/\/www.eldiario.net\/portal\/2025\/11\/23\/armas-cerebrales-que-alteran-la-mente-ya-no-es-ciencia-ficcion\/"},"author":{"name":"Jeanette","@id":"https:\/\/www.eldiario.net\/portal\/#\/schema\/person\/f46445640444750d7d753ccd04ae01b7"},"headline":"\u00abArmas cerebrales\u00bb que alteran la mente ya no es ciencia ficci\u00f3n","datePublished":"2025-11-23T11:03:07+00:00","mainEntityOfPage":{"@id":"https:\/\/www.eldiario.net\/portal\/2025\/11\/23\/armas-cerebrales-que-alteran-la-mente-ya-no-es-ciencia-ficcion\/"},"wordCount":722,"publisher":{"@id":"https:\/\/www.eldiario.net\/portal\/#organization"},"image":{"@id":"https:\/\/www.eldiario.net\/portal\/2025\/11\/23\/armas-cerebrales-que-alteran-la-mente-ya-no-es-ciencia-ficcion\/#primaryimage"},"thumbnailUrl":"https:\/\/www.eldiario.net\/portal\/wp-content\/uploads\/2025\/11\/ARMAS-Reuters-1.webp","articleSection":["Internacional"],"inLanguage":"es"},{"@type":"WebPage","@id":"https:\/\/www.eldiario.net\/portal\/2025\/11\/23\/armas-cerebrales-que-alteran-la-mente-ya-no-es-ciencia-ficcion\/","url":"https:\/\/www.eldiario.net\/portal\/2025\/11\/23\/armas-cerebrales-que-alteran-la-mente-ya-no-es-ciencia-ficcion\/","name":"\"Armas cerebrales\" que alteran la mente ya no es ciencia ficci\u00f3n - El Diario - Bolivia","isPartOf":{"@id":"https:\/\/www.eldiario.net\/portal\/#website"},"primaryImageOfPage":{"@id":"https:\/\/www.eldiario.net\/portal\/2025\/11\/23\/armas-cerebrales-que-alteran-la-mente-ya-no-es-ciencia-ficcion\/#primaryimage"},"image":{"@id":"https:\/\/www.eldiario.net\/portal\/2025\/11\/23\/armas-cerebrales-que-alteran-la-mente-ya-no-es-ciencia-ficcion\/#primaryimage"},"thumbnailUrl":"https:\/\/www.eldiario.net\/portal\/wp-content\/uploads\/2025\/11\/ARMAS-Reuters-1.webp","datePublished":"2025-11-23T11:03:07+00:00","breadcrumb":{"@id":"https:\/\/www.eldiario.net\/portal\/2025\/11\/23\/armas-cerebrales-que-alteran-la-mente-ya-no-es-ciencia-ficcion\/#breadcrumb"},"inLanguage":"es","potentialAction":[{"@type":"ReadAction","target":["https:\/\/www.eldiario.net\/portal\/2025\/11\/23\/armas-cerebrales-que-alteran-la-mente-ya-no-es-ciencia-ficcion\/"]}]},{"@type":"ImageObject","inLanguage":"es","@id":"https:\/\/www.eldiario.net\/portal\/2025\/11\/23\/armas-cerebrales-que-alteran-la-mente-ya-no-es-ciencia-ficcion\/#primaryimage","url":"https:\/\/www.eldiario.net\/portal\/wp-content\/uploads\/2025\/11\/ARMAS-Reuters-1.webp","contentUrl":"https:\/\/www.eldiario.net\/portal\/wp-content\/uploads\/2025\/11\/ARMAS-Reuters-1.webp","width":620,"height":496,"caption":"Rusia utiliz\u00f3 derivados del fentanilo para finalizar asedio de militantes chechenos en 2002. CREDITO: Reuters"},{"@type":"BreadcrumbList","@id":"https:\/\/www.eldiario.net\/portal\/2025\/11\/23\/armas-cerebrales-que-alteran-la-mente-ya-no-es-ciencia-ficcion\/#breadcrumb","itemListElement":[{"@type":"ListItem","position":1,"name":"Portada","item":"https:\/\/www.eldiario.net\/portal\/"},{"@type":"ListItem","position":2,"name":"\u00abArmas cerebrales\u00bb que alteran la mente ya no es ciencia ficci\u00f3n"}]},{"@type":"WebSite","@id":"https:\/\/www.eldiario.net\/portal\/#website","url":"https:\/\/www.eldiario.net\/portal\/","name":"El Diario - Decano de la prensa nacional","description":"El Diario - Decano de la prensa nacional","publisher":{"@id":"https:\/\/www.eldiario.net\/portal\/#organization"},"potentialAction":[{"@type":"SearchAction","target":{"@type":"EntryPoint","urlTemplate":"https:\/\/www.eldiario.net\/portal\/?s={search_term_string}"},"query-input":{"@type":"PropertyValueSpecification","valueRequired":true,"valueName":"search_term_string"}}],"inLanguage":"es"},{"@type":"Organization","@id":"https:\/\/www.eldiario.net\/portal\/#organization","name":"El Diario - Decano de la prensa nacional","url":"https:\/\/www.eldiario.net\/portal\/","logo":{"@type":"ImageObject","inLanguage":"es","@id":"https:\/\/www.eldiario.net\/portal\/#\/schema\/logo\/image\/","url":"https:\/\/www.eldiario.net\/portal\/wp-content\/uploads\/2023\/07\/logo_ED.jpg","contentUrl":"https:\/\/www.eldiario.net\/portal\/wp-content\/uploads\/2023\/07\/logo_ED.jpg","width":272,"height":52,"caption":"El Diario - Decano de la prensa nacional"},"image":{"@id":"https:\/\/www.eldiario.net\/portal\/#\/schema\/logo\/image\/"},"sameAs":["https:\/\/www.facebook.com\/eldiario.bolivia\/","https:\/\/x.com\/eldiario_net"]},{"@type":"Person","@id":"https:\/\/www.eldiario.net\/portal\/#\/schema\/person\/f46445640444750d7d753ccd04ae01b7","name":"Jeanette","image":{"@type":"ImageObject","inLanguage":"es","@id":"https:\/\/secure.gravatar.com\/avatar\/3ea2118a5f7dad2b7138b1187a6b7ee55f160b9968b66013c3a3ef39dd7e5798?s=96&d=mm&r=g","url":"https:\/\/secure.gravatar.com\/avatar\/3ea2118a5f7dad2b7138b1187a6b7ee55f160b9968b66013c3a3ef39dd7e5798?s=96&d=mm&r=g","contentUrl":"https:\/\/secure.gravatar.com\/avatar\/3ea2118a5f7dad2b7138b1187a6b7ee55f160b9968b66013c3a3ef39dd7e5798?s=96&d=mm&r=g","caption":"Jeanette"},"sameAs":["https:\/\/www.eldiario.net\/portal"],"url":"https:\/\/www.eldiario.net\/portal\/author\/jeanette\/"}]}},"_links":{"self":[{"href":"https:\/\/www.eldiario.net\/portal\/wp-json\/wp\/v2\/posts\/347274","targetHints":{"allow":["GET"]}}],"collection":[{"href":"https:\/\/www.eldiario.net\/portal\/wp-json\/wp\/v2\/posts"}],"about":[{"href":"https:\/\/www.eldiario.net\/portal\/wp-json\/wp\/v2\/types\/post"}],"author":[{"embeddable":true,"href":"https:\/\/www.eldiario.net\/portal\/wp-json\/wp\/v2\/users\/1"}],"replies":[{"embeddable":true,"href":"https:\/\/www.eldiario.net\/portal\/wp-json\/wp\/v2\/comments?post=347274"}],"version-history":[{"count":1,"href":"https:\/\/www.eldiario.net\/portal\/wp-json\/wp\/v2\/posts\/347274\/revisions"}],"predecessor-version":[{"id":347276,"href":"https:\/\/www.eldiario.net\/portal\/wp-json\/wp\/v2\/posts\/347274\/revisions\/347276"}],"wp:featuredmedia":[{"embeddable":true,"href":"https:\/\/www.eldiario.net\/portal\/wp-json\/wp\/v2\/media\/347275"}],"wp:attachment":[{"href":"https:\/\/www.eldiario.net\/portal\/wp-json\/wp\/v2\/media?parent=347274"}],"wp:term":[{"taxonomy":"category","embeddable":true,"href":"https:\/\/www.eldiario.net\/portal\/wp-json\/wp\/v2\/categories?post=347274"},{"taxonomy":"post_tag","embeddable":true,"href":"https:\/\/www.eldiario.net\/portal\/wp-json\/wp\/v2\/tags?post=347274"}],"curies":[{"name":"wp","href":"https:\/\/api.w.org\/{rel}","templated":true}]}}