{"id":34692,"date":"2021-10-06T06:24:41","date_gmt":"2021-10-06T10:24:41","guid":{"rendered":"https:\/\/www.eldiario.net\/portal\/?p=34692"},"modified":"2021-10-06T06:24:41","modified_gmt":"2021-10-06T10:24:41","slug":"ante-mas-contagios-covid-19-piden-vacunacion-obligatoria","status":"publish","type":"post","link":"https:\/\/www.eldiario.net\/portal\/2021\/10\/06\/ante-mas-contagios-covid-19-piden-vacunacion-obligatoria\/","title":{"rendered":"Ante m\u00e1s contagios covid-19 piden vacunaci\u00f3n obligatoria"},"content":{"rendered":"<p>Ante un 30 % de incremento de nuevos contagios con coronavirus en el pa\u00eds, el Alcalde pace\u00f1o exigi\u00f3 ayer la vacunaci\u00f3n obligatoria e insisti\u00f3 en que tambi\u00e9n reciban la dosis los menores de 18 a\u00f1os como medida de prevenci\u00f3n frente a la pandemia.<br \/>\n\u201cEl informe del Ministerio de Salud es preocupante, est\u00e1n incrementando en un 30 % los casos, por eso present\u00e9 el recurso de acci\u00f3n popular para que la vacunaci\u00f3n sea obligatoria\u201d, indic\u00f3 la autoridad en rueda de prensa. El requerimiento tambi\u00e9n plantea la presentaci\u00f3n del certificado de vacunaci\u00f3n anticovid para realizar cualquier tr\u00e1mite, como el que exigen con el de sufragio en entidades bancarias.<br \/>\nEl ministro de Salud, Jeyson Auza, inform\u00f3 el lunes que hay un incremento de contagios en el pa\u00eds. \u201cPara esta semana se reporta un incremento de 30 % de casos positivos de covid-19 despu\u00e9s de 15 semanas consecutivas de continua desescalada. Si bien los porcentajes pueden dar una impresi\u00f3n (de alarma), estamos hablando de 549 casos m\u00e1s\u201d.<br \/>\nArias insisti\u00f3 a la poblaci\u00f3n a que reciba los inyectables porque eso los \u201cprotege\u201d y que de enfermarse, no entrar\u00edan a una unidad de terapia intensiva. \u201cOtros pa\u00edses van por la tercera dosis, vacunan a menores, nos estamos quedando atr\u00e1s, tenemos que ir por la tercera dosis, no puede ser que sigamos haci\u00e9ndonos a los locos\u201d, sostuvo el burgomaestre pace\u00f1o.<br \/>\nEste martes, la secretaria de Salud, Cecilia Vargas, anunci\u00f3 que este mes inocular\u00e1n con la segunda dosis a los que recibieron la primera, en la campa\u00f1a de vacunaci\u00f3n del pasado 18 de julio.<\/p>\n","protected":false},"excerpt":{"rendered":"<p>Ante un 30 % de incremento de nuevos contagios con coronavirus en el pa\u00eds, el Alcalde pace\u00f1o exigi\u00f3 ayer la vacunaci\u00f3n obligatoria e insisti\u00f3 en que tambi\u00e9n reciban la dosis los menores de 18 a\u00f1os como medida de prevenci\u00f3n frente a la pandemia. \u201cEl informe del Ministerio de Salud es preocupante, est\u00e1n incrementando en un [&hellip;]<\/p>\n","protected":false},"author":1,"featured_media":34693,"comment_status":"closed","ping_status":"closed","sticky":false,"template":"","format":"standard","meta":{"_acf_changed":false,"footnotes":""},"categories":[12],"tags":[],"class_list":["post-34692","post","type-post","status-publish","format-standard","has-post-thumbnail","category-nacional"],"acf":{"antetitulo":""},"yoast_head":"<!-- This site is optimized with the Yoast SEO plugin v28.3 - https:\/\/yoast.com\/product\/yoast-seo-wordpress\/ -->\n<title>Ante m\u00e1s contagios covid-19 piden vacunaci\u00f3n obligatoria - El Diario - Bolivia<\/title>\n<meta name=\"robots\" content=\"index, follow, max-snippet:-1, max-image-preview:large, max-video-preview:-1\" \/>\n<link rel=\"canonical\" href=\"https:\/\/www.eldiario.net\/portal\/2021\/10\/06\/ante-mas-contagios-covid-19-piden-vacunacion-obligatoria\/\" \/>\n<meta property=\"og:locale\" content=\"es_ES\" \/>\n<meta property=\"og:type\" content=\"article\" \/>\n<meta property=\"og:title\" content=\"Ante m\u00e1s contagios covid-19 piden vacunaci\u00f3n obligatoria - El Diario - Bolivia\" \/>\n<meta property=\"og:description\" content=\"Ante un 30 % de incremento de nuevos contagios con coronavirus en el pa\u00eds, el Alcalde pace\u00f1o exigi\u00f3 ayer la vacunaci\u00f3n obligatoria e insisti\u00f3 en que tambi\u00e9n reciban la dosis los menores de 18 a\u00f1os como medida de prevenci\u00f3n frente a la pandemia. \u201cEl informe del Ministerio de Salud es preocupante, est\u00e1n incrementando en un [&hellip;]\" \/>\n<meta property=\"og:url\" content=\"https:\/\/www.eldiario.net\/portal\/2021\/10\/06\/ante-mas-contagios-covid-19-piden-vacunacion-obligatoria\/\" \/>\n<meta property=\"og:site_name\" content=\"El Diario - Bolivia\" \/>\n<meta property=\"article:publisher\" content=\"https:\/\/www.facebook.com\/eldiario.bolivia\/\" \/>\n<meta property=\"article:published_time\" content=\"2021-10-06T10:24:41+00:00\" \/>\n<meta name=\"author\" content=\"Jeanette\" \/>\n<meta name=\"twitter:card\" content=\"summary_large_image\" \/>\n<meta name=\"twitter:creator\" content=\"@eldiario_net\" \/>\n<meta name=\"twitter:site\" content=\"@eldiario_net\" \/>\n<meta name=\"twitter:label1\" content=\"Escrito por\" \/>\n\t<meta name=\"twitter:data1\" content=\"Jeanette\" \/>\n\t<meta name=\"twitter:label2\" content=\"Tiempo de lectura\" \/>\n\t<meta name=\"twitter:data2\" content=\"2 minutos\" \/>\n<script type=\"application\/ld+json\" class=\"yoast-schema-graph\">{\"@context\":\"https:\\\/\\\/schema.org\",\"@graph\":[{\"@type\":\"Article\",\"@id\":\"https:\\\/\\\/www.eldiario.net\\\/portal\\\/2021\\\/10\\\/06\\\/ante-mas-contagios-covid-19-piden-vacunacion-obligatoria\\\/#article\",\"isPartOf\":{\"@id\":\"https:\\\/\\\/www.eldiario.net\\\/portal\\\/2021\\\/10\\\/06\\\/ante-mas-contagios-covid-19-piden-vacunacion-obligatoria\\\/\"},\"author\":{\"name\":\"Jeanette\",\"@id\":\"https:\\\/\\\/www.eldiario.net\\\/portal\\\/#\\\/schema\\\/person\\\/f46445640444750d7d753ccd04ae01b7\"},\"headline\":\"Ante m\u00e1s contagios covid-19 piden vacunaci\u00f3n obligatoria\",\"datePublished\":\"2021-10-06T10:24:41+00:00\",\"mainEntityOfPage\":{\"@id\":\"https:\\\/\\\/www.eldiario.net\\\/portal\\\/2021\\\/10\\\/06\\\/ante-mas-contagios-covid-19-piden-vacunacion-obligatoria\\\/\"},\"wordCount\":281,\"publisher\":{\"@id\":\"https:\\\/\\\/www.eldiario.net\\\/portal\\\/#organization\"},\"image\":{\"@id\":\"https:\\\/\\\/www.eldiario.net\\\/portal\\\/2021\\\/10\\\/06\\\/ante-mas-contagios-covid-19-piden-vacunacion-obligatoria\\\/#primaryimage\"},\"thumbnailUrl\":\"\",\"articleSection\":[\"Nacional\"],\"inLanguage\":\"es\"},{\"@type\":\"WebPage\",\"@id\":\"https:\\\/\\\/www.eldiario.net\\\/portal\\\/2021\\\/10\\\/06\\\/ante-mas-contagios-covid-19-piden-vacunacion-obligatoria\\\/\",\"url\":\"https:\\\/\\\/www.eldiario.net\\\/portal\\\/2021\\\/10\\\/06\\\/ante-mas-contagios-covid-19-piden-vacunacion-obligatoria\\\/\",\"name\":\"Ante m\u00e1s contagios covid-19 piden vacunaci\u00f3n obligatoria - El Diario - Bolivia\",\"isPartOf\":{\"@id\":\"https:\\\/\\\/www.eldiario.net\\\/portal\\\/#website\"},\"primaryImageOfPage\":{\"@id\":\"https:\\\/\\\/www.eldiario.net\\\/portal\\\/2021\\\/10\\\/06\\\/ante-mas-contagios-covid-19-piden-vacunacion-obligatoria\\\/#primaryimage\"},\"image\":{\"@id\":\"https:\\\/\\\/www.eldiario.net\\\/portal\\\/2021\\\/10\\\/06\\\/ante-mas-contagios-covid-19-piden-vacunacion-obligatoria\\\/#primaryimage\"},\"thumbnailUrl\":\"\",\"datePublished\":\"2021-10-06T10:24:41+00:00\",\"breadcrumb\":{\"@id\":\"https:\\\/\\\/www.eldiario.net\\\/portal\\\/2021\\\/10\\\/06\\\/ante-mas-contagios-covid-19-piden-vacunacion-obligatoria\\\/#breadcrumb\"},\"inLanguage\":\"es\",\"potentialAction\":[{\"@type\":\"ReadAction\",\"target\":[\"https:\\\/\\\/www.eldiario.net\\\/portal\\\/2021\\\/10\\\/06\\\/ante-mas-contagios-covid-19-piden-vacunacion-obligatoria\\\/\"]}]},{\"@type\":\"ImageObject\",\"inLanguage\":\"es\",\"@id\":\"https:\\\/\\\/www.eldiario.net\\\/portal\\\/2021\\\/10\\\/06\\\/ante-mas-contagios-covid-19-piden-vacunacion-obligatoria\\\/#primaryimage\",\"url\":\"\",\"contentUrl\":\"\"},{\"@type\":\"BreadcrumbList\",\"@id\":\"https:\\\/\\\/www.eldiario.net\\\/portal\\\/2021\\\/10\\\/06\\\/ante-mas-contagios-covid-19-piden-vacunacion-obligatoria\\\/#breadcrumb\",\"itemListElement\":[{\"@type\":\"ListItem\",\"position\":1,\"name\":\"Portada\",\"item\":\"https:\\\/\\\/www.eldiario.net\\\/portal\\\/\"},{\"@type\":\"ListItem\",\"position\":2,\"name\":\"Ante m\u00e1s contagios covid-19 piden vacunaci\u00f3n obligatoria\"}]},{\"@type\":\"WebSite\",\"@id\":\"https:\\\/\\\/www.eldiario.net\\\/portal\\\/#website\",\"url\":\"https:\\\/\\\/www.eldiario.net\\\/portal\\\/\",\"name\":\"El Diario - Decano de la prensa nacional\",\"description\":\"El Diario - Decano de la prensa nacional\",\"publisher\":{\"@id\":\"https:\\\/\\\/www.eldiario.net\\\/portal\\\/#organization\"},\"potentialAction\":[{\"@type\":\"SearchAction\",\"target\":{\"@type\":\"EntryPoint\",\"urlTemplate\":\"https:\\\/\\\/www.eldiario.net\\\/portal\\\/?s={search_term_string}\"},\"query-input\":{\"@type\":\"PropertyValueSpecification\",\"valueRequired\":true,\"valueName\":\"search_term_string\"}}],\"inLanguage\":\"es\"},{\"@type\":\"Organization\",\"@id\":\"https:\\\/\\\/www.eldiario.net\\\/portal\\\/#organization\",\"name\":\"El Diario - Decano de la prensa nacional\",\"url\":\"https:\\\/\\\/www.eldiario.net\\\/portal\\\/\",\"logo\":{\"@type\":\"ImageObject\",\"inLanguage\":\"es\",\"@id\":\"https:\\\/\\\/www.eldiario.net\\\/portal\\\/#\\\/schema\\\/logo\\\/image\\\/\",\"url\":\"https:\\\/\\\/www.eldiario.net\\\/portal\\\/wp-content\\\/uploads\\\/2023\\\/07\\\/logo_ED.jpg\",\"contentUrl\":\"https:\\\/\\\/www.eldiario.net\\\/portal\\\/wp-content\\\/uploads\\\/2023\\\/07\\\/logo_ED.jpg\",\"width\":272,\"height\":52,\"caption\":\"El Diario - Decano de la prensa nacional\"},\"image\":{\"@id\":\"https:\\\/\\\/www.eldiario.net\\\/portal\\\/#\\\/schema\\\/logo\\\/image\\\/\"},\"sameAs\":[\"https:\\\/\\\/www.facebook.com\\\/eldiario.bolivia\\\/\",\"https:\\\/\\\/x.com\\\/eldiario_net\"]},{\"@type\":\"Person\",\"@id\":\"https:\\\/\\\/www.eldiario.net\\\/portal\\\/#\\\/schema\\\/person\\\/f46445640444750d7d753ccd04ae01b7\",\"name\":\"Jeanette\",\"image\":{\"@type\":\"ImageObject\",\"inLanguage\":\"es\",\"@id\":\"https:\\\/\\\/secure.gravatar.com\\\/avatar\\\/3ea2118a5f7dad2b7138b1187a6b7ee55f160b9968b66013c3a3ef39dd7e5798?s=96&d=mm&r=g\",\"url\":\"https:\\\/\\\/secure.gravatar.com\\\/avatar\\\/3ea2118a5f7dad2b7138b1187a6b7ee55f160b9968b66013c3a3ef39dd7e5798?s=96&d=mm&r=g\",\"contentUrl\":\"https:\\\/\\\/secure.gravatar.com\\\/avatar\\\/3ea2118a5f7dad2b7138b1187a6b7ee55f160b9968b66013c3a3ef39dd7e5798?s=96&d=mm&r=g\",\"caption\":\"Jeanette\"},\"sameAs\":[\"https:\\\/\\\/www.eldiario.net\\\/portal\"],\"url\":\"https:\\\/\\\/www.eldiario.net\\\/portal\\\/author\\\/jeanette\\\/\"}]}<\/script>\n<!-- \/ Yoast SEO plugin. -->","yoast_head_json":{"title":"Ante m\u00e1s contagios covid-19 piden vacunaci\u00f3n obligatoria - El Diario - Bolivia","robots":{"index":"index","follow":"follow","max-snippet":"max-snippet:-1","max-image-preview":"max-image-preview:large","max-video-preview":"max-video-preview:-1"},"canonical":"https:\/\/www.eldiario.net\/portal\/2021\/10\/06\/ante-mas-contagios-covid-19-piden-vacunacion-obligatoria\/","og_locale":"es_ES","og_type":"article","og_title":"Ante m\u00e1s contagios covid-19 piden vacunaci\u00f3n obligatoria - El Diario - Bolivia","og_description":"Ante un 30 % de incremento de nuevos contagios con coronavirus en el pa\u00eds, el Alcalde pace\u00f1o exigi\u00f3 ayer la vacunaci\u00f3n obligatoria e insisti\u00f3 en que tambi\u00e9n reciban la dosis los menores de 18 a\u00f1os como medida de prevenci\u00f3n frente a la pandemia. \u201cEl informe del Ministerio de Salud es preocupante, est\u00e1n incrementando en un [&hellip;]","og_url":"https:\/\/www.eldiario.net\/portal\/2021\/10\/06\/ante-mas-contagios-covid-19-piden-vacunacion-obligatoria\/","og_site_name":"El Diario - Bolivia","article_publisher":"https:\/\/www.facebook.com\/eldiario.bolivia\/","article_published_time":"2021-10-06T10:24:41+00:00","author":"Jeanette","twitter_card":"summary_large_image","twitter_creator":"@eldiario_net","twitter_site":"@eldiario_net","twitter_misc":{"Escrito por":"Jeanette","Tiempo de lectura":"2 minutos"},"schema":{"@context":"https:\/\/schema.org","@graph":[{"@type":"Article","@id":"https:\/\/www.eldiario.net\/portal\/2021\/10\/06\/ante-mas-contagios-covid-19-piden-vacunacion-obligatoria\/#article","isPartOf":{"@id":"https:\/\/www.eldiario.net\/portal\/2021\/10\/06\/ante-mas-contagios-covid-19-piden-vacunacion-obligatoria\/"},"author":{"name":"Jeanette","@id":"https:\/\/www.eldiario.net\/portal\/#\/schema\/person\/f46445640444750d7d753ccd04ae01b7"},"headline":"Ante m\u00e1s contagios covid-19 piden vacunaci\u00f3n obligatoria","datePublished":"2021-10-06T10:24:41+00:00","mainEntityOfPage":{"@id":"https:\/\/www.eldiario.net\/portal\/2021\/10\/06\/ante-mas-contagios-covid-19-piden-vacunacion-obligatoria\/"},"wordCount":281,"publisher":{"@id":"https:\/\/www.eldiario.net\/portal\/#organization"},"image":{"@id":"https:\/\/www.eldiario.net\/portal\/2021\/10\/06\/ante-mas-contagios-covid-19-piden-vacunacion-obligatoria\/#primaryimage"},"thumbnailUrl":"","articleSection":["Nacional"],"inLanguage":"es"},{"@type":"WebPage","@id":"https:\/\/www.eldiario.net\/portal\/2021\/10\/06\/ante-mas-contagios-covid-19-piden-vacunacion-obligatoria\/","url":"https:\/\/www.eldiario.net\/portal\/2021\/10\/06\/ante-mas-contagios-covid-19-piden-vacunacion-obligatoria\/","name":"Ante m\u00e1s contagios covid-19 piden vacunaci\u00f3n obligatoria - El Diario - Bolivia","isPartOf":{"@id":"https:\/\/www.eldiario.net\/portal\/#website"},"primaryImageOfPage":{"@id":"https:\/\/www.eldiario.net\/portal\/2021\/10\/06\/ante-mas-contagios-covid-19-piden-vacunacion-obligatoria\/#primaryimage"},"image":{"@id":"https:\/\/www.eldiario.net\/portal\/2021\/10\/06\/ante-mas-contagios-covid-19-piden-vacunacion-obligatoria\/#primaryimage"},"thumbnailUrl":"","datePublished":"2021-10-06T10:24:41+00:00","breadcrumb":{"@id":"https:\/\/www.eldiario.net\/portal\/2021\/10\/06\/ante-mas-contagios-covid-19-piden-vacunacion-obligatoria\/#breadcrumb"},"inLanguage":"es","potentialAction":[{"@type":"ReadAction","target":["https:\/\/www.eldiario.net\/portal\/2021\/10\/06\/ante-mas-contagios-covid-19-piden-vacunacion-obligatoria\/"]}]},{"@type":"ImageObject","inLanguage":"es","@id":"https:\/\/www.eldiario.net\/portal\/2021\/10\/06\/ante-mas-contagios-covid-19-piden-vacunacion-obligatoria\/#primaryimage","url":"","contentUrl":""},{"@type":"BreadcrumbList","@id":"https:\/\/www.eldiario.net\/portal\/2021\/10\/06\/ante-mas-contagios-covid-19-piden-vacunacion-obligatoria\/#breadcrumb","itemListElement":[{"@type":"ListItem","position":1,"name":"Portada","item":"https:\/\/www.eldiario.net\/portal\/"},{"@type":"ListItem","position":2,"name":"Ante m\u00e1s contagios covid-19 piden vacunaci\u00f3n obligatoria"}]},{"@type":"WebSite","@id":"https:\/\/www.eldiario.net\/portal\/#website","url":"https:\/\/www.eldiario.net\/portal\/","name":"El Diario - Decano de la prensa nacional","description":"El Diario - Decano de la prensa nacional","publisher":{"@id":"https:\/\/www.eldiario.net\/portal\/#organization"},"potentialAction":[{"@type":"SearchAction","target":{"@type":"EntryPoint","urlTemplate":"https:\/\/www.eldiario.net\/portal\/?s={search_term_string}"},"query-input":{"@type":"PropertyValueSpecification","valueRequired":true,"valueName":"search_term_string"}}],"inLanguage":"es"},{"@type":"Organization","@id":"https:\/\/www.eldiario.net\/portal\/#organization","name":"El Diario - Decano de la prensa nacional","url":"https:\/\/www.eldiario.net\/portal\/","logo":{"@type":"ImageObject","inLanguage":"es","@id":"https:\/\/www.eldiario.net\/portal\/#\/schema\/logo\/image\/","url":"https:\/\/www.eldiario.net\/portal\/wp-content\/uploads\/2023\/07\/logo_ED.jpg","contentUrl":"https:\/\/www.eldiario.net\/portal\/wp-content\/uploads\/2023\/07\/logo_ED.jpg","width":272,"height":52,"caption":"El Diario - Decano de la prensa nacional"},"image":{"@id":"https:\/\/www.eldiario.net\/portal\/#\/schema\/logo\/image\/"},"sameAs":["https:\/\/www.facebook.com\/eldiario.bolivia\/","https:\/\/x.com\/eldiario_net"]},{"@type":"Person","@id":"https:\/\/www.eldiario.net\/portal\/#\/schema\/person\/f46445640444750d7d753ccd04ae01b7","name":"Jeanette","image":{"@type":"ImageObject","inLanguage":"es","@id":"https:\/\/secure.gravatar.com\/avatar\/3ea2118a5f7dad2b7138b1187a6b7ee55f160b9968b66013c3a3ef39dd7e5798?s=96&d=mm&r=g","url":"https:\/\/secure.gravatar.com\/avatar\/3ea2118a5f7dad2b7138b1187a6b7ee55f160b9968b66013c3a3ef39dd7e5798?s=96&d=mm&r=g","contentUrl":"https:\/\/secure.gravatar.com\/avatar\/3ea2118a5f7dad2b7138b1187a6b7ee55f160b9968b66013c3a3ef39dd7e5798?s=96&d=mm&r=g","caption":"Jeanette"},"sameAs":["https:\/\/www.eldiario.net\/portal"],"url":"https:\/\/www.eldiario.net\/portal\/author\/jeanette\/"}]}},"_links":{"self":[{"href":"https:\/\/www.eldiario.net\/portal\/wp-json\/wp\/v2\/posts\/34692","targetHints":{"allow":["GET"]}}],"collection":[{"href":"https:\/\/www.eldiario.net\/portal\/wp-json\/wp\/v2\/posts"}],"about":[{"href":"https:\/\/www.eldiario.net\/portal\/wp-json\/wp\/v2\/types\/post"}],"author":[{"embeddable":true,"href":"https:\/\/www.eldiario.net\/portal\/wp-json\/wp\/v2\/users\/1"}],"replies":[{"embeddable":true,"href":"https:\/\/www.eldiario.net\/portal\/wp-json\/wp\/v2\/comments?post=34692"}],"version-history":[{"count":0,"href":"https:\/\/www.eldiario.net\/portal\/wp-json\/wp\/v2\/posts\/34692\/revisions"}],"wp:attachment":[{"href":"https:\/\/www.eldiario.net\/portal\/wp-json\/wp\/v2\/media?parent=34692"}],"wp:term":[{"taxonomy":"category","embeddable":true,"href":"https:\/\/www.eldiario.net\/portal\/wp-json\/wp\/v2\/categories?post=34692"},{"taxonomy":"post_tag","embeddable":true,"href":"https:\/\/www.eldiario.net\/portal\/wp-json\/wp\/v2\/tags?post=34692"}],"curies":[{"name":"wp","href":"https:\/\/api.w.org\/{rel}","templated":true}]}}