{"id":34684,"date":"2021-10-06T06:21:06","date_gmt":"2021-10-06T10:21:06","guid":{"rendered":"https:\/\/www.eldiario.net\/portal\/?p=34684"},"modified":"2021-10-06T06:21:06","modified_gmt":"2021-10-06T10:21:06","slug":"29-anos-de-carcel-para-sujeto-que-violo-a-bebe","status":"publish","type":"post","link":"https:\/\/www.eldiario.net\/portal\/2021\/10\/06\/29-anos-de-carcel-para-sujeto-que-violo-a-bebe\/","title":{"rendered":"29 a\u00f1os de c\u00e1rcel para  sujeto que viol\u00f3 a beb\u00e9"},"content":{"rendered":"<p>Obed Edon Arraya Ontiveros de 38 a\u00f1os de edad fue sentenciado a 29 a\u00f1os de privaci\u00f3n de libertad en la c\u00e1rcel de Villaz\u00f3n, acusado por el delito de violaci\u00f3n cometido en contra de un beb\u00e9 de un a\u00f1o, inform\u00f3 ayer la fiscal departamental de Potos\u00ed, Roxana Choque.<br \/>\nLa fiscal Daniela Aricoma manifest\u00f3 que el hecho se registr\u00f3 el 8 de enero de 2020 a las 07.30 de la ma\u00f1ana en una comunidad del municipio de San Antonio de Esmoruco de Potos\u00ed, la progenitora del menor sali\u00f3 de su domicilio a soltar a sus animales y dej\u00f3 a su hijo solo, en ese momento Obed ingres\u00f3 a la casa y procedi\u00f3 a cometer el vejamen contra el beb\u00e9. Cuando el hombre sal\u00eda de la casa fue visto por un menor de edad que le pregunt\u00f3 qui\u00e9n era \u00e9l; sin embargo, el sujeto no le respondi\u00f3 y se dio a la fuga.<br \/>\nCuando la madre de la v\u00edctima retorn\u00f3 a su casa observ\u00f3 que su hijo presentaba manchas de sangre en sus partes \u00edntimas, por lo que avis\u00f3 a las autoridades de la comunidad y a los vecinos que buscaron al sospechoso de acuerdo con los datos que brind\u00f3 el menor de edad, que lo vio salir de la casa. Horas m\u00e1s tarde, el sujeto fue aprehendido cerca de un r\u00edo, luego trasladado hasta celdas policiales de San Pablo de L\u00edpez, donde fue puesto a disposici\u00f3n de las autoridades competentes.<\/p>\n","protected":false},"excerpt":{"rendered":"<p>Obed Edon Arraya Ontiveros de 38 a\u00f1os de edad fue sentenciado a 29 a\u00f1os de privaci\u00f3n de libertad en la c\u00e1rcel de Villaz\u00f3n, acusado por el delito de violaci\u00f3n cometido en contra de un beb\u00e9 de un a\u00f1o, inform\u00f3 ayer la fiscal departamental de Potos\u00ed, Roxana Choque. La fiscal Daniela Aricoma manifest\u00f3 que el hecho [&hellip;]<\/p>\n","protected":false},"author":1,"featured_media":0,"comment_status":"closed","ping_status":"closed","sticky":false,"template":"","format":"standard","meta":{"_acf_changed":false,"footnotes":""},"categories":[39],"tags":[],"class_list":["post-34684","post","type-post","status-publish","format-standard","category-sociedad"],"acf":{"antetitulo":""},"yoast_head":"<!-- This site is optimized with the Yoast SEO plugin v28.4 - https:\/\/yoast.com\/product\/yoast-seo-wordpress\/ -->\n<title>29 a\u00f1os de c\u00e1rcel para sujeto que viol\u00f3 a beb\u00e9 - El Diario - Bolivia<\/title>\n<meta name=\"robots\" content=\"index, follow, max-snippet:-1, max-image-preview:large, max-video-preview:-1\" \/>\n<link rel=\"canonical\" href=\"https:\/\/www.eldiario.net\/portal\/2021\/10\/06\/29-anos-de-carcel-para-sujeto-que-violo-a-bebe\/\" \/>\n<meta property=\"og:locale\" content=\"es_ES\" \/>\n<meta property=\"og:type\" content=\"article\" \/>\n<meta property=\"og:title\" content=\"29 a\u00f1os de c\u00e1rcel para sujeto que viol\u00f3 a beb\u00e9 - El Diario - Bolivia\" \/>\n<meta property=\"og:description\" content=\"Obed Edon Arraya Ontiveros de 38 a\u00f1os de edad fue sentenciado a 29 a\u00f1os de privaci\u00f3n de libertad en la c\u00e1rcel de Villaz\u00f3n, acusado por el delito de violaci\u00f3n cometido en contra de un beb\u00e9 de un a\u00f1o, inform\u00f3 ayer la fiscal departamental de Potos\u00ed, Roxana Choque. La fiscal Daniela Aricoma manifest\u00f3 que el hecho [&hellip;]\" \/>\n<meta property=\"og:url\" content=\"https:\/\/www.eldiario.net\/portal\/2021\/10\/06\/29-anos-de-carcel-para-sujeto-que-violo-a-bebe\/\" \/>\n<meta property=\"og:site_name\" content=\"El Diario - Bolivia\" \/>\n<meta property=\"article:publisher\" content=\"https:\/\/www.facebook.com\/eldiario.bolivia\/\" \/>\n<meta property=\"article:published_time\" content=\"2021-10-06T10:21:06+00:00\" \/>\n<meta name=\"author\" content=\"Jeanette\" \/>\n<meta name=\"twitter:card\" content=\"summary_large_image\" \/>\n<meta name=\"twitter:creator\" content=\"@eldiario_net\" \/>\n<meta name=\"twitter:site\" content=\"@eldiario_net\" \/>\n<meta name=\"twitter:label1\" content=\"Escrito por\" \/>\n\t<meta name=\"twitter:data1\" content=\"Jeanette\" \/>\n\t<meta name=\"twitter:label2\" content=\"Tiempo de lectura\" \/>\n\t<meta name=\"twitter:data2\" content=\"2 minutos\" \/>\n<script type=\"application\/ld+json\" class=\"yoast-schema-graph\">{\"@context\":\"https:\\\/\\\/schema.org\",\"@graph\":[{\"@type\":\"Article\",\"@id\":\"https:\\\/\\\/www.eldiario.net\\\/portal\\\/2021\\\/10\\\/06\\\/29-anos-de-carcel-para-sujeto-que-violo-a-bebe\\\/#article\",\"isPartOf\":{\"@id\":\"https:\\\/\\\/www.eldiario.net\\\/portal\\\/2021\\\/10\\\/06\\\/29-anos-de-carcel-para-sujeto-que-violo-a-bebe\\\/\"},\"author\":{\"name\":\"Jeanette\",\"@id\":\"https:\\\/\\\/www.eldiario.net\\\/portal\\\/#\\\/schema\\\/person\\\/f46445640444750d7d753ccd04ae01b7\"},\"headline\":\"29 a\u00f1os de c\u00e1rcel para sujeto que viol\u00f3 a beb\u00e9\",\"datePublished\":\"2021-10-06T10:21:06+00:00\",\"mainEntityOfPage\":{\"@id\":\"https:\\\/\\\/www.eldiario.net\\\/portal\\\/2021\\\/10\\\/06\\\/29-anos-de-carcel-para-sujeto-que-violo-a-bebe\\\/\"},\"wordCount\":259,\"publisher\":{\"@id\":\"https:\\\/\\\/www.eldiario.net\\\/portal\\\/#organization\"},\"articleSection\":[\"Sociedad - Seguridad\"],\"inLanguage\":\"es\"},{\"@type\":\"WebPage\",\"@id\":\"https:\\\/\\\/www.eldiario.net\\\/portal\\\/2021\\\/10\\\/06\\\/29-anos-de-carcel-para-sujeto-que-violo-a-bebe\\\/\",\"url\":\"https:\\\/\\\/www.eldiario.net\\\/portal\\\/2021\\\/10\\\/06\\\/29-anos-de-carcel-para-sujeto-que-violo-a-bebe\\\/\",\"name\":\"29 a\u00f1os de c\u00e1rcel para sujeto que viol\u00f3 a beb\u00e9 - El Diario - Bolivia\",\"isPartOf\":{\"@id\":\"https:\\\/\\\/www.eldiario.net\\\/portal\\\/#website\"},\"datePublished\":\"2021-10-06T10:21:06+00:00\",\"breadcrumb\":{\"@id\":\"https:\\\/\\\/www.eldiario.net\\\/portal\\\/2021\\\/10\\\/06\\\/29-anos-de-carcel-para-sujeto-que-violo-a-bebe\\\/#breadcrumb\"},\"inLanguage\":\"es\",\"potentialAction\":[{\"@type\":\"ReadAction\",\"target\":[\"https:\\\/\\\/www.eldiario.net\\\/portal\\\/2021\\\/10\\\/06\\\/29-anos-de-carcel-para-sujeto-que-violo-a-bebe\\\/\"]}]},{\"@type\":\"BreadcrumbList\",\"@id\":\"https:\\\/\\\/www.eldiario.net\\\/portal\\\/2021\\\/10\\\/06\\\/29-anos-de-carcel-para-sujeto-que-violo-a-bebe\\\/#breadcrumb\",\"itemListElement\":[{\"@type\":\"ListItem\",\"position\":1,\"name\":\"Portada\",\"item\":\"https:\\\/\\\/www.eldiario.net\\\/portal\\\/\"},{\"@type\":\"ListItem\",\"position\":2,\"name\":\"29 a\u00f1os de c\u00e1rcel para sujeto que viol\u00f3 a beb\u00e9\"}]},{\"@type\":\"WebSite\",\"@id\":\"https:\\\/\\\/www.eldiario.net\\\/portal\\\/#website\",\"url\":\"https:\\\/\\\/www.eldiario.net\\\/portal\\\/\",\"name\":\"El Diario - Decano de la prensa nacional\",\"description\":\"El Diario - Decano de la prensa nacional\",\"publisher\":{\"@id\":\"https:\\\/\\\/www.eldiario.net\\\/portal\\\/#organization\"},\"potentialAction\":[{\"@type\":\"SearchAction\",\"target\":{\"@type\":\"EntryPoint\",\"urlTemplate\":\"https:\\\/\\\/www.eldiario.net\\\/portal\\\/?s={search_term_string}\"},\"query-input\":{\"@type\":\"PropertyValueSpecification\",\"valueRequired\":true,\"valueName\":\"search_term_string\"}}],\"inLanguage\":\"es\"},{\"@type\":\"Organization\",\"@id\":\"https:\\\/\\\/www.eldiario.net\\\/portal\\\/#organization\",\"name\":\"El Diario - Decano de la prensa nacional\",\"url\":\"https:\\\/\\\/www.eldiario.net\\\/portal\\\/\",\"logo\":{\"@type\":\"ImageObject\",\"inLanguage\":\"es\",\"@id\":\"https:\\\/\\\/www.eldiario.net\\\/portal\\\/#\\\/schema\\\/logo\\\/image\\\/\",\"url\":\"https:\\\/\\\/www.eldiario.net\\\/portal\\\/wp-content\\\/uploads\\\/2023\\\/07\\\/logo_ED.jpg\",\"contentUrl\":\"https:\\\/\\\/www.eldiario.net\\\/portal\\\/wp-content\\\/uploads\\\/2023\\\/07\\\/logo_ED.jpg\",\"width\":272,\"height\":52,\"caption\":\"El Diario - Decano de la prensa nacional\"},\"image\":{\"@id\":\"https:\\\/\\\/www.eldiario.net\\\/portal\\\/#\\\/schema\\\/logo\\\/image\\\/\"},\"sameAs\":[\"https:\\\/\\\/www.facebook.com\\\/eldiario.bolivia\\\/\",\"https:\\\/\\\/x.com\\\/eldiario_net\"]},{\"@type\":\"Person\",\"@id\":\"https:\\\/\\\/www.eldiario.net\\\/portal\\\/#\\\/schema\\\/person\\\/f46445640444750d7d753ccd04ae01b7\",\"name\":\"Jeanette\",\"image\":{\"@type\":\"ImageObject\",\"inLanguage\":\"es\",\"@id\":\"https:\\\/\\\/secure.gravatar.com\\\/avatar\\\/3ea2118a5f7dad2b7138b1187a6b7ee55f160b9968b66013c3a3ef39dd7e5798?s=96&d=mm&r=g\",\"url\":\"https:\\\/\\\/secure.gravatar.com\\\/avatar\\\/3ea2118a5f7dad2b7138b1187a6b7ee55f160b9968b66013c3a3ef39dd7e5798?s=96&d=mm&r=g\",\"contentUrl\":\"https:\\\/\\\/secure.gravatar.com\\\/avatar\\\/3ea2118a5f7dad2b7138b1187a6b7ee55f160b9968b66013c3a3ef39dd7e5798?s=96&d=mm&r=g\",\"caption\":\"Jeanette\"},\"sameAs\":[\"https:\\\/\\\/www.eldiario.net\\\/portal\"],\"url\":\"https:\\\/\\\/www.eldiario.net\\\/portal\\\/author\\\/jeanette\\\/\"}]}<\/script>\n<!-- \/ Yoast SEO plugin. -->","yoast_head_json":{"title":"29 a\u00f1os de c\u00e1rcel para sujeto que viol\u00f3 a beb\u00e9 - El Diario - Bolivia","robots":{"index":"index","follow":"follow","max-snippet":"max-snippet:-1","max-image-preview":"max-image-preview:large","max-video-preview":"max-video-preview:-1"},"canonical":"https:\/\/www.eldiario.net\/portal\/2021\/10\/06\/29-anos-de-carcel-para-sujeto-que-violo-a-bebe\/","og_locale":"es_ES","og_type":"article","og_title":"29 a\u00f1os de c\u00e1rcel para sujeto que viol\u00f3 a beb\u00e9 - El Diario - Bolivia","og_description":"Obed Edon Arraya Ontiveros de 38 a\u00f1os de edad fue sentenciado a 29 a\u00f1os de privaci\u00f3n de libertad en la c\u00e1rcel de Villaz\u00f3n, acusado por el delito de violaci\u00f3n cometido en contra de un beb\u00e9 de un a\u00f1o, inform\u00f3 ayer la fiscal departamental de Potos\u00ed, Roxana Choque. La fiscal Daniela Aricoma manifest\u00f3 que el hecho [&hellip;]","og_url":"https:\/\/www.eldiario.net\/portal\/2021\/10\/06\/29-anos-de-carcel-para-sujeto-que-violo-a-bebe\/","og_site_name":"El Diario - Bolivia","article_publisher":"https:\/\/www.facebook.com\/eldiario.bolivia\/","article_published_time":"2021-10-06T10:21:06+00:00","author":"Jeanette","twitter_card":"summary_large_image","twitter_creator":"@eldiario_net","twitter_site":"@eldiario_net","twitter_misc":{"Escrito por":"Jeanette","Tiempo de lectura":"2 minutos"},"schema":{"@context":"https:\/\/schema.org","@graph":[{"@type":"Article","@id":"https:\/\/www.eldiario.net\/portal\/2021\/10\/06\/29-anos-de-carcel-para-sujeto-que-violo-a-bebe\/#article","isPartOf":{"@id":"https:\/\/www.eldiario.net\/portal\/2021\/10\/06\/29-anos-de-carcel-para-sujeto-que-violo-a-bebe\/"},"author":{"name":"Jeanette","@id":"https:\/\/www.eldiario.net\/portal\/#\/schema\/person\/f46445640444750d7d753ccd04ae01b7"},"headline":"29 a\u00f1os de c\u00e1rcel para sujeto que viol\u00f3 a beb\u00e9","datePublished":"2021-10-06T10:21:06+00:00","mainEntityOfPage":{"@id":"https:\/\/www.eldiario.net\/portal\/2021\/10\/06\/29-anos-de-carcel-para-sujeto-que-violo-a-bebe\/"},"wordCount":259,"publisher":{"@id":"https:\/\/www.eldiario.net\/portal\/#organization"},"articleSection":["Sociedad - Seguridad"],"inLanguage":"es"},{"@type":"WebPage","@id":"https:\/\/www.eldiario.net\/portal\/2021\/10\/06\/29-anos-de-carcel-para-sujeto-que-violo-a-bebe\/","url":"https:\/\/www.eldiario.net\/portal\/2021\/10\/06\/29-anos-de-carcel-para-sujeto-que-violo-a-bebe\/","name":"29 a\u00f1os de c\u00e1rcel para sujeto que viol\u00f3 a beb\u00e9 - El Diario - Bolivia","isPartOf":{"@id":"https:\/\/www.eldiario.net\/portal\/#website"},"datePublished":"2021-10-06T10:21:06+00:00","breadcrumb":{"@id":"https:\/\/www.eldiario.net\/portal\/2021\/10\/06\/29-anos-de-carcel-para-sujeto-que-violo-a-bebe\/#breadcrumb"},"inLanguage":"es","potentialAction":[{"@type":"ReadAction","target":["https:\/\/www.eldiario.net\/portal\/2021\/10\/06\/29-anos-de-carcel-para-sujeto-que-violo-a-bebe\/"]}]},{"@type":"BreadcrumbList","@id":"https:\/\/www.eldiario.net\/portal\/2021\/10\/06\/29-anos-de-carcel-para-sujeto-que-violo-a-bebe\/#breadcrumb","itemListElement":[{"@type":"ListItem","position":1,"name":"Portada","item":"https:\/\/www.eldiario.net\/portal\/"},{"@type":"ListItem","position":2,"name":"29 a\u00f1os de c\u00e1rcel para sujeto que viol\u00f3 a beb\u00e9"}]},{"@type":"WebSite","@id":"https:\/\/www.eldiario.net\/portal\/#website","url":"https:\/\/www.eldiario.net\/portal\/","name":"El Diario - Decano de la prensa nacional","description":"El Diario - Decano de la prensa nacional","publisher":{"@id":"https:\/\/www.eldiario.net\/portal\/#organization"},"potentialAction":[{"@type":"SearchAction","target":{"@type":"EntryPoint","urlTemplate":"https:\/\/www.eldiario.net\/portal\/?s={search_term_string}"},"query-input":{"@type":"PropertyValueSpecification","valueRequired":true,"valueName":"search_term_string"}}],"inLanguage":"es"},{"@type":"Organization","@id":"https:\/\/www.eldiario.net\/portal\/#organization","name":"El Diario - Decano de la prensa nacional","url":"https:\/\/www.eldiario.net\/portal\/","logo":{"@type":"ImageObject","inLanguage":"es","@id":"https:\/\/www.eldiario.net\/portal\/#\/schema\/logo\/image\/","url":"https:\/\/www.eldiario.net\/portal\/wp-content\/uploads\/2023\/07\/logo_ED.jpg","contentUrl":"https:\/\/www.eldiario.net\/portal\/wp-content\/uploads\/2023\/07\/logo_ED.jpg","width":272,"height":52,"caption":"El Diario - Decano de la prensa nacional"},"image":{"@id":"https:\/\/www.eldiario.net\/portal\/#\/schema\/logo\/image\/"},"sameAs":["https:\/\/www.facebook.com\/eldiario.bolivia\/","https:\/\/x.com\/eldiario_net"]},{"@type":"Person","@id":"https:\/\/www.eldiario.net\/portal\/#\/schema\/person\/f46445640444750d7d753ccd04ae01b7","name":"Jeanette","image":{"@type":"ImageObject","inLanguage":"es","@id":"https:\/\/secure.gravatar.com\/avatar\/3ea2118a5f7dad2b7138b1187a6b7ee55f160b9968b66013c3a3ef39dd7e5798?s=96&d=mm&r=g","url":"https:\/\/secure.gravatar.com\/avatar\/3ea2118a5f7dad2b7138b1187a6b7ee55f160b9968b66013c3a3ef39dd7e5798?s=96&d=mm&r=g","contentUrl":"https:\/\/secure.gravatar.com\/avatar\/3ea2118a5f7dad2b7138b1187a6b7ee55f160b9968b66013c3a3ef39dd7e5798?s=96&d=mm&r=g","caption":"Jeanette"},"sameAs":["https:\/\/www.eldiario.net\/portal"],"url":"https:\/\/www.eldiario.net\/portal\/author\/jeanette\/"}]}},"_links":{"self":[{"href":"https:\/\/www.eldiario.net\/portal\/wp-json\/wp\/v2\/posts\/34684","targetHints":{"allow":["GET"]}}],"collection":[{"href":"https:\/\/www.eldiario.net\/portal\/wp-json\/wp\/v2\/posts"}],"about":[{"href":"https:\/\/www.eldiario.net\/portal\/wp-json\/wp\/v2\/types\/post"}],"author":[{"embeddable":true,"href":"https:\/\/www.eldiario.net\/portal\/wp-json\/wp\/v2\/users\/1"}],"replies":[{"embeddable":true,"href":"https:\/\/www.eldiario.net\/portal\/wp-json\/wp\/v2\/comments?post=34684"}],"version-history":[{"count":0,"href":"https:\/\/www.eldiario.net\/portal\/wp-json\/wp\/v2\/posts\/34684\/revisions"}],"wp:attachment":[{"href":"https:\/\/www.eldiario.net\/portal\/wp-json\/wp\/v2\/media?parent=34684"}],"wp:term":[{"taxonomy":"category","embeddable":true,"href":"https:\/\/www.eldiario.net\/portal\/wp-json\/wp\/v2\/categories?post=34684"},{"taxonomy":"post_tag","embeddable":true,"href":"https:\/\/www.eldiario.net\/portal\/wp-json\/wp\/v2\/tags?post=34684"}],"curies":[{"name":"wp","href":"https:\/\/api.w.org\/{rel}","templated":true}]}}