{"id":34679,"date":"2021-10-06T06:19:58","date_gmt":"2021-10-06T10:19:58","guid":{"rendered":"https:\/\/www.eldiario.net\/portal\/?p=34679"},"modified":"2021-10-06T06:19:58","modified_gmt":"2021-10-06T10:19:58","slug":"suspension-del-tratamiento-de-ley-busca-cuidar-la-imagen-de-arce","status":"publish","type":"post","link":"https:\/\/www.eldiario.net\/portal\/2021\/10\/06\/suspension-del-tratamiento-de-ley-busca-cuidar-la-imagen-de-arce\/","title":{"rendered":"Suspensi\u00f3n del tratamiento de ley  busca cuidar la imagen de Arce"},"content":{"rendered":"<p>Ante la suspensi\u00f3n del tratamiento del proyecto de ley Contra la Legitimaci\u00f3n de Ganancias Il\u00edcitas en la C\u00e1mara Alta para priorizar su socializaci\u00f3n con los sectores que anunciaron su rechazo, el analista Jos\u00e9 Luis Bedregal manifest\u00f3 que esta determinaci\u00f3n busca no afectar la imagen del gobierno de Arce, mientras que la oposici\u00f3n ve una victoria de la movilizaci\u00f3n ciudadana.<br \/>\nAyer, luego de varias reuniones entre la bancada del oficialismo y autoridades del Ejecutivo, se determin\u00f3 paralizar el tratamiento de esta norma, mientras se inicia un per\u00edodo de socializaci\u00f3n con sectores que rechazan su aprobaci\u00f3n.<br \/>\nAl respecto, Bedregal sostuvo que esta reacci\u00f3n se debe a un error en la estrategia de confrontaci\u00f3n emprendida desde el Gobierno, \u201cde esta forma solo se abrieron varios flancos de convulsi\u00f3n que no se han logrado controlar, de ah\u00ed que se tomen medidas de esta naturaleza\u201d, dijo.<br \/>\nSe\u00f1al\u00f3 que es un momento de debilidad, debido a la ca\u00edda de la popularidad de Arce, atribuida a los conflictos con los sectores y sus errores en el \u00e1mbito internacional, lo cual hace que el Gobierno retroceda en el tratamiento de este proyecto de ley.<br \/>\nEl analista atribuye este momento a la impericia por parte de algunos miembros del gabinete de ministros y en consecuencia se asume la medida de suspender el tratamiento del proyecto de Ley Contra la Legitimaci\u00f3n de Ganancias Il\u00edcitas, \u201cpara evitar entrar en un conflicto mayor, que a la larga puede desgastar m\u00e1s la imagen de Arce y su gesti\u00f3n, que a\u00fan no cumple el a\u00f1o\u201d.<br \/>\nTras el anuncio de la paralizaci\u00f3n del tratamiento de esta norma en el Senado, el expresidente y l\u00edder de oposici\u00f3n Carlos Mesa, a trav\u00e9s de las redes sociales, manifest\u00f3 que esta determinaci\u00f3n se debe a la movilizaci\u00f3n de sectores y la denuncia oportuna por parte de opositores.<br \/>\n\u201cLa movilizaci\u00f3n popular logr\u00f3 parar la nefasta ley contra el enriquecimiento il\u00edcito del MAS, que pretende imponer el terrorismo de Estado y la persecuci\u00f3n a todos los sectores econ\u00f3micos del pa\u00eds\u201d, refiri\u00f3 Mesa desde su cuenta de Twitter.<br \/>\nPor su parte, el diputado Jos\u00e9 Manuel Ormachea (CC) destac\u00f3 la resistencia de la poblaci\u00f3n ante los intentos del Gobierno por poner en vigencia una norma que es atentatoria para las actividades econ\u00f3micas de los bolivianos, hecho que se convierte en una victoria para la poblaci\u00f3n que piden el respeto al orden democr\u00e1tico.<br \/>\n\u201cGracias a la resistencia del pueblo boliviano y a las oportunas denuncias de Comunidad Ciudadana, el oficialismo frena la ley de ganancias il\u00edcitas que buscaba imponer un Estado policial en nuestro pa\u00eds\u201d, expres\u00f3.<br \/>\nDesde la agrupaci\u00f3n Creemos, la diputada Mar\u00eda Rene Alvares manifest\u00f3 que esta determinaci\u00f3n por parte del oficialismo responde a intentos por detener las movilizaciones anunciadas para la pr\u00f3xima semana, mas estas est\u00e1n confirmadas y tienen otros puntos a ser atendidos.<br \/>\nPor el rechazo de diversos sectores de la poblaci\u00f3n y la convocatoria a medidas de presi\u00f3n en contra de la cuestionada norma, representantes del Movimiento al Socialismo (MAS) en la C\u00e1mara de Senadores decidieron suspender moment\u00e1neamente el tratamiento del proyecto de Ley Contra la Legitimaci\u00f3n de Ganancias Il\u00edcitas que deb\u00eda ser abordada esta semana.<br \/>\nLa jornada pasada, el senador Miguel P\u00e9rez (MAS) inform\u00f3 que luego de varias reuniones de la bancada de senadores del oficialismo, con la presencia del presidente Arce y el ministro de Econom\u00eda, Marcelo Montenegro, se determin\u00f3 suspender el tratamiento de la cuestionada norma.<br \/>\n\u201cSe ha dado la l\u00ednea de la suspensi\u00f3n del tratamiento del proyecto de ley para comenzar un trabajo de socializaci\u00f3n con los diferentes sectores. Esta decisi\u00f3n es temporal para ver y evaluar rodos los art\u00edculos en conflicto\u201d, inform\u00f3 P\u00e9rez.<br \/>\nPor su parte, el presidente de la C\u00e1mara de Diputados, Freddy Mamani, puntualiz\u00f3 que el proyecto de ley no ha sido suspendido de manera definitiva, sino que su tratamiento est\u00e1 paralizado en tanto se socializa su contenido con la poblaci\u00f3n. \u201cSe paraliza moment\u00e1neamente para poder consensuar las demandas, adem\u00e1s de informar los alcances de esta propuesta\u201d, indic\u00f3.<\/p>\n","protected":false},"excerpt":{"rendered":"<p>Ante la suspensi\u00f3n del tratamiento del proyecto de ley Contra la Legitimaci\u00f3n de Ganancias Il\u00edcitas en la C\u00e1mara Alta para priorizar su socializaci\u00f3n con los sectores que anunciaron su rechazo, el analista Jos\u00e9 Luis Bedregal manifest\u00f3 que esta determinaci\u00f3n busca no afectar la imagen del gobierno de Arce, mientras que la oposici\u00f3n ve una victoria [&hellip;]<\/p>\n","protected":false},"author":1,"featured_media":34680,"comment_status":"closed","ping_status":"closed","sticky":false,"template":"","format":"standard","meta":{"_acf_changed":false,"footnotes":""},"categories":[14],"tags":[],"class_list":["post-34679","post","type-post","status-publish","format-standard","has-post-thumbnail","category-politica"],"acf":{"antetitulo":""},"yoast_head":"<!-- This site is optimized with the Yoast SEO plugin v28.4 - https:\/\/yoast.com\/product\/yoast-seo-wordpress\/ -->\n<title>Suspensi\u00f3n del tratamiento de ley busca cuidar la imagen de Arce - El Diario - Bolivia<\/title>\n<meta name=\"robots\" content=\"index, follow, max-snippet:-1, max-image-preview:large, max-video-preview:-1\" \/>\n<link rel=\"canonical\" href=\"https:\/\/www.eldiario.net\/portal\/2021\/10\/06\/suspension-del-tratamiento-de-ley-busca-cuidar-la-imagen-de-arce\/\" \/>\n<meta property=\"og:locale\" content=\"es_ES\" \/>\n<meta property=\"og:type\" content=\"article\" \/>\n<meta property=\"og:title\" content=\"Suspensi\u00f3n del tratamiento de ley busca cuidar la imagen de Arce - El Diario - Bolivia\" \/>\n<meta property=\"og:description\" content=\"Ante la suspensi\u00f3n del tratamiento del proyecto de ley Contra la Legitimaci\u00f3n de Ganancias Il\u00edcitas en la C\u00e1mara Alta para priorizar su socializaci\u00f3n con los sectores que anunciaron su rechazo, el analista Jos\u00e9 Luis Bedregal manifest\u00f3 que esta determinaci\u00f3n busca no afectar la imagen del gobierno de Arce, mientras que la oposici\u00f3n ve una victoria [&hellip;]\" \/>\n<meta property=\"og:url\" content=\"https:\/\/www.eldiario.net\/portal\/2021\/10\/06\/suspension-del-tratamiento-de-ley-busca-cuidar-la-imagen-de-arce\/\" \/>\n<meta property=\"og:site_name\" content=\"El Diario - Bolivia\" \/>\n<meta property=\"article:publisher\" content=\"https:\/\/www.facebook.com\/eldiario.bolivia\/\" \/>\n<meta property=\"article:published_time\" content=\"2021-10-06T10:19:58+00:00\" \/>\n<meta name=\"author\" content=\"Jeanette\" \/>\n<meta name=\"twitter:card\" content=\"summary_large_image\" \/>\n<meta name=\"twitter:creator\" content=\"@eldiario_net\" \/>\n<meta name=\"twitter:site\" content=\"@eldiario_net\" \/>\n<meta name=\"twitter:label1\" content=\"Escrito por\" \/>\n\t<meta name=\"twitter:data1\" content=\"Jeanette\" \/>\n\t<meta name=\"twitter:label2\" content=\"Tiempo de lectura\" \/>\n\t<meta name=\"twitter:data2\" content=\"3 minutos\" \/>\n<script type=\"application\/ld+json\" class=\"yoast-schema-graph\">{\"@context\":\"https:\\\/\\\/schema.org\",\"@graph\":[{\"@type\":\"Article\",\"@id\":\"https:\\\/\\\/www.eldiario.net\\\/portal\\\/2021\\\/10\\\/06\\\/suspension-del-tratamiento-de-ley-busca-cuidar-la-imagen-de-arce\\\/#article\",\"isPartOf\":{\"@id\":\"https:\\\/\\\/www.eldiario.net\\\/portal\\\/2021\\\/10\\\/06\\\/suspension-del-tratamiento-de-ley-busca-cuidar-la-imagen-de-arce\\\/\"},\"author\":{\"name\":\"Jeanette\",\"@id\":\"https:\\\/\\\/www.eldiario.net\\\/portal\\\/#\\\/schema\\\/person\\\/2c57cf2b7a7ae032e449e4c9b1019eac\"},\"headline\":\"Suspensi\u00f3n del tratamiento de ley busca cuidar la imagen de Arce\",\"datePublished\":\"2021-10-06T10:19:58+00:00\",\"mainEntityOfPage\":{\"@id\":\"https:\\\/\\\/www.eldiario.net\\\/portal\\\/2021\\\/10\\\/06\\\/suspension-del-tratamiento-de-ley-busca-cuidar-la-imagen-de-arce\\\/\"},\"wordCount\":730,\"publisher\":{\"@id\":\"https:\\\/\\\/www.eldiario.net\\\/portal\\\/#organization\"},\"image\":{\"@id\":\"https:\\\/\\\/www.eldiario.net\\\/portal\\\/2021\\\/10\\\/06\\\/suspension-del-tratamiento-de-ley-busca-cuidar-la-imagen-de-arce\\\/#primaryimage\"},\"thumbnailUrl\":\"\",\"articleSection\":[\"Pol\u00edtica\"],\"inLanguage\":\"es\"},{\"@type\":\"WebPage\",\"@id\":\"https:\\\/\\\/www.eldiario.net\\\/portal\\\/2021\\\/10\\\/06\\\/suspension-del-tratamiento-de-ley-busca-cuidar-la-imagen-de-arce\\\/\",\"url\":\"https:\\\/\\\/www.eldiario.net\\\/portal\\\/2021\\\/10\\\/06\\\/suspension-del-tratamiento-de-ley-busca-cuidar-la-imagen-de-arce\\\/\",\"name\":\"Suspensi\u00f3n del tratamiento de ley busca cuidar la imagen de Arce - El Diario - Bolivia\",\"isPartOf\":{\"@id\":\"https:\\\/\\\/www.eldiario.net\\\/portal\\\/#website\"},\"primaryImageOfPage\":{\"@id\":\"https:\\\/\\\/www.eldiario.net\\\/portal\\\/2021\\\/10\\\/06\\\/suspension-del-tratamiento-de-ley-busca-cuidar-la-imagen-de-arce\\\/#primaryimage\"},\"image\":{\"@id\":\"https:\\\/\\\/www.eldiario.net\\\/portal\\\/2021\\\/10\\\/06\\\/suspension-del-tratamiento-de-ley-busca-cuidar-la-imagen-de-arce\\\/#primaryimage\"},\"thumbnailUrl\":\"\",\"datePublished\":\"2021-10-06T10:19:58+00:00\",\"breadcrumb\":{\"@id\":\"https:\\\/\\\/www.eldiario.net\\\/portal\\\/2021\\\/10\\\/06\\\/suspension-del-tratamiento-de-ley-busca-cuidar-la-imagen-de-arce\\\/#breadcrumb\"},\"inLanguage\":\"es\",\"potentialAction\":[{\"@type\":\"ReadAction\",\"target\":[\"https:\\\/\\\/www.eldiario.net\\\/portal\\\/2021\\\/10\\\/06\\\/suspension-del-tratamiento-de-ley-busca-cuidar-la-imagen-de-arce\\\/\"]}]},{\"@type\":\"ImageObject\",\"inLanguage\":\"es\",\"@id\":\"https:\\\/\\\/www.eldiario.net\\\/portal\\\/2021\\\/10\\\/06\\\/suspension-del-tratamiento-de-ley-busca-cuidar-la-imagen-de-arce\\\/#primaryimage\",\"url\":\"\",\"contentUrl\":\"\"},{\"@type\":\"BreadcrumbList\",\"@id\":\"https:\\\/\\\/www.eldiario.net\\\/portal\\\/2021\\\/10\\\/06\\\/suspension-del-tratamiento-de-ley-busca-cuidar-la-imagen-de-arce\\\/#breadcrumb\",\"itemListElement\":[{\"@type\":\"ListItem\",\"position\":1,\"name\":\"Portada\",\"item\":\"https:\\\/\\\/www.eldiario.net\\\/portal\\\/\"},{\"@type\":\"ListItem\",\"position\":2,\"name\":\"Suspensi\u00f3n del tratamiento de ley busca cuidar la imagen de Arce\"}]},{\"@type\":\"WebSite\",\"@id\":\"https:\\\/\\\/www.eldiario.net\\\/portal\\\/#website\",\"url\":\"https:\\\/\\\/www.eldiario.net\\\/portal\\\/\",\"name\":\"El Diario - Decano de la prensa nacional\",\"description\":\"El Diario - Decano de la prensa nacional\",\"publisher\":{\"@id\":\"https:\\\/\\\/www.eldiario.net\\\/portal\\\/#organization\"},\"potentialAction\":[{\"@type\":\"SearchAction\",\"target\":{\"@type\":\"EntryPoint\",\"urlTemplate\":\"https:\\\/\\\/www.eldiario.net\\\/portal\\\/?s={search_term_string}\"},\"query-input\":{\"@type\":\"PropertyValueSpecification\",\"valueRequired\":true,\"valueName\":\"search_term_string\"}}],\"inLanguage\":\"es\"},{\"@type\":\"Organization\",\"@id\":\"https:\\\/\\\/www.eldiario.net\\\/portal\\\/#organization\",\"name\":\"El Diario - Decano de la prensa nacional\",\"url\":\"https:\\\/\\\/www.eldiario.net\\\/portal\\\/\",\"logo\":{\"@type\":\"ImageObject\",\"inLanguage\":\"es\",\"@id\":\"https:\\\/\\\/www.eldiario.net\\\/portal\\\/#\\\/schema\\\/logo\\\/image\\\/\",\"url\":\"https:\\\/\\\/www.eldiario.net\\\/portal\\\/wp-content\\\/uploads\\\/2023\\\/07\\\/logo_ED.jpg\",\"contentUrl\":\"https:\\\/\\\/www.eldiario.net\\\/portal\\\/wp-content\\\/uploads\\\/2023\\\/07\\\/logo_ED.jpg\",\"width\":272,\"height\":52,\"caption\":\"El Diario - Decano de la prensa nacional\"},\"image\":{\"@id\":\"https:\\\/\\\/www.eldiario.net\\\/portal\\\/#\\\/schema\\\/logo\\\/image\\\/\"},\"sameAs\":[\"https:\\\/\\\/www.facebook.com\\\/eldiario.bolivia\\\/\",\"https:\\\/\\\/x.com\\\/eldiario_net\"]},{\"@type\":\"Person\",\"@id\":\"https:\\\/\\\/www.eldiario.net\\\/portal\\\/#\\\/schema\\\/person\\\/2c57cf2b7a7ae032e449e4c9b1019eac\",\"name\":\"Jeanette\",\"image\":{\"@type\":\"ImageObject\",\"inLanguage\":\"es\",\"@id\":\"https:\\\/\\\/secure.gravatar.com\\\/avatar\\\/3ea2118a5f7dad2b7138b1187a6b7ee55f160b9968b66013c3a3ef39dd7e5798?s=96&d=mm&r=g\",\"url\":\"https:\\\/\\\/secure.gravatar.com\\\/avatar\\\/3ea2118a5f7dad2b7138b1187a6b7ee55f160b9968b66013c3a3ef39dd7e5798?s=96&d=mm&r=g\",\"contentUrl\":\"https:\\\/\\\/secure.gravatar.com\\\/avatar\\\/3ea2118a5f7dad2b7138b1187a6b7ee55f160b9968b66013c3a3ef39dd7e5798?s=96&d=mm&r=g\",\"caption\":\"Jeanette\"},\"sameAs\":[\"https:\\\/\\\/www.eldiario.net\\\/portal\"],\"url\":\"https:\\\/\\\/www.eldiario.net\\\/portal\\\/author\\\/jeanette\\\/\"}]}<\/script>\n<!-- \/ Yoast SEO plugin. -->","yoast_head_json":{"title":"Suspensi\u00f3n del tratamiento de ley busca cuidar la imagen de Arce - El Diario - Bolivia","robots":{"index":"index","follow":"follow","max-snippet":"max-snippet:-1","max-image-preview":"max-image-preview:large","max-video-preview":"max-video-preview:-1"},"canonical":"https:\/\/www.eldiario.net\/portal\/2021\/10\/06\/suspension-del-tratamiento-de-ley-busca-cuidar-la-imagen-de-arce\/","og_locale":"es_ES","og_type":"article","og_title":"Suspensi\u00f3n del tratamiento de ley busca cuidar la imagen de Arce - El Diario - Bolivia","og_description":"Ante la suspensi\u00f3n del tratamiento del proyecto de ley Contra la Legitimaci\u00f3n de Ganancias Il\u00edcitas en la C\u00e1mara Alta para priorizar su socializaci\u00f3n con los sectores que anunciaron su rechazo, el analista Jos\u00e9 Luis Bedregal manifest\u00f3 que esta determinaci\u00f3n busca no afectar la imagen del gobierno de Arce, mientras que la oposici\u00f3n ve una victoria [&hellip;]","og_url":"https:\/\/www.eldiario.net\/portal\/2021\/10\/06\/suspension-del-tratamiento-de-ley-busca-cuidar-la-imagen-de-arce\/","og_site_name":"El Diario - Bolivia","article_publisher":"https:\/\/www.facebook.com\/eldiario.bolivia\/","article_published_time":"2021-10-06T10:19:58+00:00","author":"Jeanette","twitter_card":"summary_large_image","twitter_creator":"@eldiario_net","twitter_site":"@eldiario_net","twitter_misc":{"Escrito por":"Jeanette","Tiempo de lectura":"3 minutos"},"schema":{"@context":"https:\/\/schema.org","@graph":[{"@type":"Article","@id":"https:\/\/www.eldiario.net\/portal\/2021\/10\/06\/suspension-del-tratamiento-de-ley-busca-cuidar-la-imagen-de-arce\/#article","isPartOf":{"@id":"https:\/\/www.eldiario.net\/portal\/2021\/10\/06\/suspension-del-tratamiento-de-ley-busca-cuidar-la-imagen-de-arce\/"},"author":{"name":"Jeanette","@id":"https:\/\/www.eldiario.net\/portal\/#\/schema\/person\/2c57cf2b7a7ae032e449e4c9b1019eac"},"headline":"Suspensi\u00f3n del tratamiento de ley busca cuidar la imagen de Arce","datePublished":"2021-10-06T10:19:58+00:00","mainEntityOfPage":{"@id":"https:\/\/www.eldiario.net\/portal\/2021\/10\/06\/suspension-del-tratamiento-de-ley-busca-cuidar-la-imagen-de-arce\/"},"wordCount":730,"publisher":{"@id":"https:\/\/www.eldiario.net\/portal\/#organization"},"image":{"@id":"https:\/\/www.eldiario.net\/portal\/2021\/10\/06\/suspension-del-tratamiento-de-ley-busca-cuidar-la-imagen-de-arce\/#primaryimage"},"thumbnailUrl":"","articleSection":["Pol\u00edtica"],"inLanguage":"es"},{"@type":"WebPage","@id":"https:\/\/www.eldiario.net\/portal\/2021\/10\/06\/suspension-del-tratamiento-de-ley-busca-cuidar-la-imagen-de-arce\/","url":"https:\/\/www.eldiario.net\/portal\/2021\/10\/06\/suspension-del-tratamiento-de-ley-busca-cuidar-la-imagen-de-arce\/","name":"Suspensi\u00f3n del tratamiento de ley busca cuidar la imagen de Arce - El Diario - Bolivia","isPartOf":{"@id":"https:\/\/www.eldiario.net\/portal\/#website"},"primaryImageOfPage":{"@id":"https:\/\/www.eldiario.net\/portal\/2021\/10\/06\/suspension-del-tratamiento-de-ley-busca-cuidar-la-imagen-de-arce\/#primaryimage"},"image":{"@id":"https:\/\/www.eldiario.net\/portal\/2021\/10\/06\/suspension-del-tratamiento-de-ley-busca-cuidar-la-imagen-de-arce\/#primaryimage"},"thumbnailUrl":"","datePublished":"2021-10-06T10:19:58+00:00","breadcrumb":{"@id":"https:\/\/www.eldiario.net\/portal\/2021\/10\/06\/suspension-del-tratamiento-de-ley-busca-cuidar-la-imagen-de-arce\/#breadcrumb"},"inLanguage":"es","potentialAction":[{"@type":"ReadAction","target":["https:\/\/www.eldiario.net\/portal\/2021\/10\/06\/suspension-del-tratamiento-de-ley-busca-cuidar-la-imagen-de-arce\/"]}]},{"@type":"ImageObject","inLanguage":"es","@id":"https:\/\/www.eldiario.net\/portal\/2021\/10\/06\/suspension-del-tratamiento-de-ley-busca-cuidar-la-imagen-de-arce\/#primaryimage","url":"","contentUrl":""},{"@type":"BreadcrumbList","@id":"https:\/\/www.eldiario.net\/portal\/2021\/10\/06\/suspension-del-tratamiento-de-ley-busca-cuidar-la-imagen-de-arce\/#breadcrumb","itemListElement":[{"@type":"ListItem","position":1,"name":"Portada","item":"https:\/\/www.eldiario.net\/portal\/"},{"@type":"ListItem","position":2,"name":"Suspensi\u00f3n del tratamiento de ley busca cuidar la imagen de Arce"}]},{"@type":"WebSite","@id":"https:\/\/www.eldiario.net\/portal\/#website","url":"https:\/\/www.eldiario.net\/portal\/","name":"El Diario - Decano de la prensa nacional","description":"El Diario - Decano de la prensa nacional","publisher":{"@id":"https:\/\/www.eldiario.net\/portal\/#organization"},"potentialAction":[{"@type":"SearchAction","target":{"@type":"EntryPoint","urlTemplate":"https:\/\/www.eldiario.net\/portal\/?s={search_term_string}"},"query-input":{"@type":"PropertyValueSpecification","valueRequired":true,"valueName":"search_term_string"}}],"inLanguage":"es"},{"@type":"Organization","@id":"https:\/\/www.eldiario.net\/portal\/#organization","name":"El Diario - Decano de la prensa nacional","url":"https:\/\/www.eldiario.net\/portal\/","logo":{"@type":"ImageObject","inLanguage":"es","@id":"https:\/\/www.eldiario.net\/portal\/#\/schema\/logo\/image\/","url":"https:\/\/www.eldiario.net\/portal\/wp-content\/uploads\/2023\/07\/logo_ED.jpg","contentUrl":"https:\/\/www.eldiario.net\/portal\/wp-content\/uploads\/2023\/07\/logo_ED.jpg","width":272,"height":52,"caption":"El Diario - Decano de la prensa nacional"},"image":{"@id":"https:\/\/www.eldiario.net\/portal\/#\/schema\/logo\/image\/"},"sameAs":["https:\/\/www.facebook.com\/eldiario.bolivia\/","https:\/\/x.com\/eldiario_net"]},{"@type":"Person","@id":"https:\/\/www.eldiario.net\/portal\/#\/schema\/person\/2c57cf2b7a7ae032e449e4c9b1019eac","name":"Jeanette","image":{"@type":"ImageObject","inLanguage":"es","@id":"https:\/\/secure.gravatar.com\/avatar\/3ea2118a5f7dad2b7138b1187a6b7ee55f160b9968b66013c3a3ef39dd7e5798?s=96&d=mm&r=g","url":"https:\/\/secure.gravatar.com\/avatar\/3ea2118a5f7dad2b7138b1187a6b7ee55f160b9968b66013c3a3ef39dd7e5798?s=96&d=mm&r=g","contentUrl":"https:\/\/secure.gravatar.com\/avatar\/3ea2118a5f7dad2b7138b1187a6b7ee55f160b9968b66013c3a3ef39dd7e5798?s=96&d=mm&r=g","caption":"Jeanette"},"sameAs":["https:\/\/www.eldiario.net\/portal"],"url":"https:\/\/www.eldiario.net\/portal\/author\/jeanette\/"}]}},"_links":{"self":[{"href":"https:\/\/www.eldiario.net\/portal\/wp-json\/wp\/v2\/posts\/34679","targetHints":{"allow":["GET"]}}],"collection":[{"href":"https:\/\/www.eldiario.net\/portal\/wp-json\/wp\/v2\/posts"}],"about":[{"href":"https:\/\/www.eldiario.net\/portal\/wp-json\/wp\/v2\/types\/post"}],"author":[{"embeddable":true,"href":"https:\/\/www.eldiario.net\/portal\/wp-json\/wp\/v2\/users\/1"}],"replies":[{"embeddable":true,"href":"https:\/\/www.eldiario.net\/portal\/wp-json\/wp\/v2\/comments?post=34679"}],"version-history":[{"count":0,"href":"https:\/\/www.eldiario.net\/portal\/wp-json\/wp\/v2\/posts\/34679\/revisions"}],"wp:attachment":[{"href":"https:\/\/www.eldiario.net\/portal\/wp-json\/wp\/v2\/media?parent=34679"}],"wp:term":[{"taxonomy":"category","embeddable":true,"href":"https:\/\/www.eldiario.net\/portal\/wp-json\/wp\/v2\/categories?post=34679"},{"taxonomy":"post_tag","embeddable":true,"href":"https:\/\/www.eldiario.net\/portal\/wp-json\/wp\/v2\/tags?post=34679"}],"curies":[{"name":"wp","href":"https:\/\/api.w.org\/{rel}","templated":true}]}}