{"id":34633,"date":"2021-10-06T06:01:49","date_gmt":"2021-10-06T10:01:49","guid":{"rendered":"https:\/\/www.eldiario.net\/portal\/?p=34633"},"modified":"2021-10-06T06:01:49","modified_gmt":"2021-10-06T10:01:49","slug":"capital-humano-es-vital-para-implementacion-de-industria-4-0","status":"publish","type":"post","link":"https:\/\/www.eldiario.net\/portal\/2021\/10\/06\/capital-humano-es-vital-para-implementacion-de-industria-4-0\/","title":{"rendered":"Capital humano es vital para  implementaci\u00f3n de industria 4.0"},"content":{"rendered":"<p>El capital humano ser\u00e1 vital para la implementaci\u00f3n de la industria 4.0, conectas a las personas con la tecnolog\u00eda y la informaci\u00f3n y se avanza en el desarrollo econ\u00f3mico, seg\u00fan el foro de Innovaci\u00f3n y Revoluci\u00f3n Industrial 4.0, que se realiz\u00f3 ayer, en el marco de la semana industrial.<br \/>\nAyer fue el segundo d\u00eda de la semana industrial, el tema fue la innovaci\u00f3n y revoluci\u00f3n industrial 4.0, los expositores plantearon varias experiencias en la implementaci\u00f3n de la tecnolog\u00eda y la inteligencia artificial, pero tambi\u00e9n los desaf\u00edos que tienen los pa\u00edses para la implementaci\u00f3n de esta nueva forma de actividad econ\u00f3mica, en donde es importante la formaci\u00f3n del capital humano.<br \/>\nEl presidente de la C\u00e1mara Nacional de Industrias (CNI), Ibo Blazicevic, al t\u00e9rmino de las exposiciones, hizo un resumen de lo m\u00e1s destacado de las presentaciones, resalt\u00f3 las palabras del \u00faltimo panelista, al indicar que los cambios se vienen y hay que adaptarse a los mismos.<br \/>\nEl presidente de la Asociaci\u00f3n Nacional de Industriales de Colombia &#8211; ANDI, Bruce MAC Master, present\u00f3 las caracter\u00edsticas del desempe\u00f1o empresarial en el tema de la innovaci\u00f3n en su pa\u00eds.<br \/>\nEn ese contexto, el expositor se\u00f1al\u00f3 que la innovaci\u00f3n se distribuye de manera heterog\u00e9nea a nivel departamental, pero que hay por delante un desaf\u00edo de equilibrar la situaci\u00f3n.<br \/>\nInform\u00f3 que, en los \u00faltimos a\u00f1os, la cantidad de empresas innovadoras no ha crecido significativamente, a pesar de ello un porcentaje alto de las ventas de las compa\u00f1\u00edas se destina a la ciencia, tecnolog\u00eda e innovaci\u00f3n.<br \/>\nAnunci\u00f3 que ANDI tiene una Estrategia de innovaci\u00f3n, la cual se trabaja de manera articulada con el Gobierno nacional de Colombia, mediante 17 proyectos vinculados a la ciencia, la tecnolog\u00eda y la innovaci\u00f3n.<br \/>\nPor su parte, Bernardo Calzadilla Sarmiento, de la Onudi, indic\u00f3 que el camino hacia la industria 4.0 ser\u00e1 mediante la f\u00e1brica inteligente, es decir a trav\u00e9s de una red que conecte a las personas con las tecnolog\u00edas de la informaci\u00f3n y la innovaci\u00f3n.<br \/>\nApunt\u00f3 que es vital establecer el v\u00ednculo entre transformaci\u00f3n digital y desarrollo sostenible, adem\u00e1s considerar los beneficios sociales, econ\u00f3micos y ambientales.<br \/>\nMencion\u00f3 la importancia de la relaci\u00f3n entre la transformaci\u00f3n digital y la econom\u00eda circular y que las personas son los actores principales de la transformaci\u00f3n.<\/p>\n<p>Diferencias<br \/>\nPor su parte, el economista e historiador boliviano Jos\u00e9 P\u00e9rez Caj\u00edas dijo que la diferencia, entre pa\u00edses n\u00f3rdicos y pa\u00edses andinos, sobre la industrializaci\u00f3n 4.0, es la capacidad para industrializar una econom\u00eda.<br \/>\nDestac\u00f3 el proceso de industrializaci\u00f3n boliviano, en donde el sector privado fue un actor principal al impulsar la inversi\u00f3n entre 1920 y 1952.<br \/>\nNombr\u00f3 las restricciones estructurales de la econom\u00eda boliviana que est\u00e1n vinculadas al mercado interno peque\u00f1o, la escasa integraci\u00f3n y escaso capital humano especializado.<br \/>\nPor ello, se\u00f1al\u00f3 que es importante la coordinaci\u00f3n de la industria con la educaci\u00f3n; evidenciando que los tema centrales son el conocimiento, el entrenamiento continuo y el v\u00ednculo entre la academia y sector privado.<br \/>\n\u201cNo hay revoluci\u00f3n industrial sin conocimiento y entrenamiento continuo\u201d, reiter\u00f3.<\/p>\n<p>TalentO<br \/>\nLa especialista L\u00edder de la Divisi\u00f3n de Competitividad, Tecnolog\u00eda e Innovaci\u00f3n del Banco Interamericano de Desarrollo (BID), Claudia Suazn\u00e1bar, dijo que hoy en d\u00eda el talento digital es importante para enfrentar el desaf\u00edo de las grandes brechas en la regi\u00f3n.<br \/>\nApunt\u00f3 que ser\u00eda muy dif\u00edcil transitar hacia la econom\u00eda digital, en particular para las micro, peque\u00f1as y medianas empresas, sino se hacen esfuerzos para impulsar el talento.<br \/>\nMientras tanto, el director ejecutivo de Ruta N, Centro de Revoluci\u00f3n Industrial 4.0, Iv\u00e1n Dar\u00edo Casta\u00f1o, plante\u00f3 que para promover la revoluci\u00f3n industrial, se deber\u00eda realizar en base a una pol\u00edtica p\u00fablica de ciencia, tecnolog\u00eda e innovaci\u00f3n y reindustrializaci\u00f3n 2021-2030.<br \/>\nPor su parte, la CEO de Emercom y l\u00edder del Proyecto SIE de Chile, Barbarita Lara, explic\u00f3 c\u00f3mo a partir de la crisis derivada del terremoto naci\u00f3 su innovaci\u00f3n disruptiva y la relevancia que tiene la educaci\u00f3n STEAM para emprender, que es una de las debilidades de los sistemas de educaci\u00f3n.<br \/>\nDijo que es complicado el uso de la tecnolog\u00eda en las industrias, pero ser\u00e1 necesario conectar a las startups con este sector.<br \/>\nEntretanto, el vicepresidente de la Confederaci\u00f3n de C\u00e1maras Industriales de los Estadios Unidos Mexicanos (Concamin), Francisco Garza, se\u00f1al\u00f3 que la inteligencia artificial ingres\u00f3 con todo en el segmento automotriz, al indicar que la industria incorpor\u00f3 la digitalizaci\u00f3n en modificaci\u00f3n y producci\u00f3n de los chasis de los veh\u00edculos.<\/p>\n","protected":false},"excerpt":{"rendered":"<p>El capital humano ser\u00e1 vital para la implementaci\u00f3n de la industria 4.0, conectas a las personas con la tecnolog\u00eda y la informaci\u00f3n y se avanza en el desarrollo econ\u00f3mico, seg\u00fan el foro de Innovaci\u00f3n y Revoluci\u00f3n Industrial 4.0, que se realiz\u00f3 ayer, en el marco de la semana industrial. Ayer fue el segundo d\u00eda de [&hellip;]<\/p>\n","protected":false},"author":1,"featured_media":34634,"comment_status":"closed","ping_status":"closed","sticky":false,"template":"","format":"standard","meta":{"_acf_changed":false,"footnotes":""},"categories":[7],"tags":[],"class_list":["post-34633","post","type-post","status-publish","format-standard","has-post-thumbnail","category-economia"],"acf":{"antetitulo":""},"yoast_head":"<!-- This site is optimized with the Yoast SEO plugin v28.3 - https:\/\/yoast.com\/product\/yoast-seo-wordpress\/ -->\n<title>Capital humano es vital para implementaci\u00f3n de industria 4.0 - El Diario - Bolivia<\/title>\n<meta name=\"robots\" content=\"index, follow, max-snippet:-1, max-image-preview:large, max-video-preview:-1\" \/>\n<link rel=\"canonical\" href=\"https:\/\/www.eldiario.net\/portal\/2021\/10\/06\/capital-humano-es-vital-para-implementacion-de-industria-4-0\/\" \/>\n<meta property=\"og:locale\" content=\"es_ES\" \/>\n<meta property=\"og:type\" content=\"article\" \/>\n<meta property=\"og:title\" content=\"Capital humano es vital para implementaci\u00f3n de industria 4.0 - El Diario - Bolivia\" \/>\n<meta property=\"og:description\" content=\"El capital humano ser\u00e1 vital para la implementaci\u00f3n de la industria 4.0, conectas a las personas con la tecnolog\u00eda y la informaci\u00f3n y se avanza en el desarrollo econ\u00f3mico, seg\u00fan el foro de Innovaci\u00f3n y Revoluci\u00f3n Industrial 4.0, que se realiz\u00f3 ayer, en el marco de la semana industrial. Ayer fue el segundo d\u00eda de [&hellip;]\" \/>\n<meta property=\"og:url\" content=\"https:\/\/www.eldiario.net\/portal\/2021\/10\/06\/capital-humano-es-vital-para-implementacion-de-industria-4-0\/\" \/>\n<meta property=\"og:site_name\" content=\"El Diario - Bolivia\" \/>\n<meta property=\"article:publisher\" content=\"https:\/\/www.facebook.com\/eldiario.bolivia\/\" \/>\n<meta property=\"article:published_time\" content=\"2021-10-06T10:01:49+00:00\" \/>\n<meta name=\"author\" content=\"Jeanette\" \/>\n<meta name=\"twitter:card\" content=\"summary_large_image\" \/>\n<meta name=\"twitter:creator\" content=\"@eldiario_net\" \/>\n<meta name=\"twitter:site\" content=\"@eldiario_net\" \/>\n<meta name=\"twitter:label1\" content=\"Escrito por\" \/>\n\t<meta name=\"twitter:data1\" content=\"Jeanette\" \/>\n\t<meta name=\"twitter:label2\" content=\"Tiempo de lectura\" \/>\n\t<meta name=\"twitter:data2\" content=\"4 minutos\" \/>\n<script type=\"application\/ld+json\" class=\"yoast-schema-graph\">{\"@context\":\"https:\\\/\\\/schema.org\",\"@graph\":[{\"@type\":\"Article\",\"@id\":\"https:\\\/\\\/www.eldiario.net\\\/portal\\\/2021\\\/10\\\/06\\\/capital-humano-es-vital-para-implementacion-de-industria-4-0\\\/#article\",\"isPartOf\":{\"@id\":\"https:\\\/\\\/www.eldiario.net\\\/portal\\\/2021\\\/10\\\/06\\\/capital-humano-es-vital-para-implementacion-de-industria-4-0\\\/\"},\"author\":{\"name\":\"Jeanette\",\"@id\":\"https:\\\/\\\/www.eldiario.net\\\/portal\\\/#\\\/schema\\\/person\\\/f46445640444750d7d753ccd04ae01b7\"},\"headline\":\"Capital humano es vital para implementaci\u00f3n de industria 4.0\",\"datePublished\":\"2021-10-06T10:01:49+00:00\",\"mainEntityOfPage\":{\"@id\":\"https:\\\/\\\/www.eldiario.net\\\/portal\\\/2021\\\/10\\\/06\\\/capital-humano-es-vital-para-implementacion-de-industria-4-0\\\/\"},\"wordCount\":827,\"publisher\":{\"@id\":\"https:\\\/\\\/www.eldiario.net\\\/portal\\\/#organization\"},\"image\":{\"@id\":\"https:\\\/\\\/www.eldiario.net\\\/portal\\\/2021\\\/10\\\/06\\\/capital-humano-es-vital-para-implementacion-de-industria-4-0\\\/#primaryimage\"},\"thumbnailUrl\":\"\",\"articleSection\":[\"Econom\u00eda\"],\"inLanguage\":\"es\"},{\"@type\":\"WebPage\",\"@id\":\"https:\\\/\\\/www.eldiario.net\\\/portal\\\/2021\\\/10\\\/06\\\/capital-humano-es-vital-para-implementacion-de-industria-4-0\\\/\",\"url\":\"https:\\\/\\\/www.eldiario.net\\\/portal\\\/2021\\\/10\\\/06\\\/capital-humano-es-vital-para-implementacion-de-industria-4-0\\\/\",\"name\":\"Capital humano es vital para implementaci\u00f3n de industria 4.0 - El Diario - Bolivia\",\"isPartOf\":{\"@id\":\"https:\\\/\\\/www.eldiario.net\\\/portal\\\/#website\"},\"primaryImageOfPage\":{\"@id\":\"https:\\\/\\\/www.eldiario.net\\\/portal\\\/2021\\\/10\\\/06\\\/capital-humano-es-vital-para-implementacion-de-industria-4-0\\\/#primaryimage\"},\"image\":{\"@id\":\"https:\\\/\\\/www.eldiario.net\\\/portal\\\/2021\\\/10\\\/06\\\/capital-humano-es-vital-para-implementacion-de-industria-4-0\\\/#primaryimage\"},\"thumbnailUrl\":\"\",\"datePublished\":\"2021-10-06T10:01:49+00:00\",\"breadcrumb\":{\"@id\":\"https:\\\/\\\/www.eldiario.net\\\/portal\\\/2021\\\/10\\\/06\\\/capital-humano-es-vital-para-implementacion-de-industria-4-0\\\/#breadcrumb\"},\"inLanguage\":\"es\",\"potentialAction\":[{\"@type\":\"ReadAction\",\"target\":[\"https:\\\/\\\/www.eldiario.net\\\/portal\\\/2021\\\/10\\\/06\\\/capital-humano-es-vital-para-implementacion-de-industria-4-0\\\/\"]}]},{\"@type\":\"ImageObject\",\"inLanguage\":\"es\",\"@id\":\"https:\\\/\\\/www.eldiario.net\\\/portal\\\/2021\\\/10\\\/06\\\/capital-humano-es-vital-para-implementacion-de-industria-4-0\\\/#primaryimage\",\"url\":\"\",\"contentUrl\":\"\"},{\"@type\":\"BreadcrumbList\",\"@id\":\"https:\\\/\\\/www.eldiario.net\\\/portal\\\/2021\\\/10\\\/06\\\/capital-humano-es-vital-para-implementacion-de-industria-4-0\\\/#breadcrumb\",\"itemListElement\":[{\"@type\":\"ListItem\",\"position\":1,\"name\":\"Portada\",\"item\":\"https:\\\/\\\/www.eldiario.net\\\/portal\\\/\"},{\"@type\":\"ListItem\",\"position\":2,\"name\":\"Capital humano es vital para implementaci\u00f3n de industria 4.0\"}]},{\"@type\":\"WebSite\",\"@id\":\"https:\\\/\\\/www.eldiario.net\\\/portal\\\/#website\",\"url\":\"https:\\\/\\\/www.eldiario.net\\\/portal\\\/\",\"name\":\"El Diario - Decano de la prensa nacional\",\"description\":\"El Diario - Decano de la prensa nacional\",\"publisher\":{\"@id\":\"https:\\\/\\\/www.eldiario.net\\\/portal\\\/#organization\"},\"potentialAction\":[{\"@type\":\"SearchAction\",\"target\":{\"@type\":\"EntryPoint\",\"urlTemplate\":\"https:\\\/\\\/www.eldiario.net\\\/portal\\\/?s={search_term_string}\"},\"query-input\":{\"@type\":\"PropertyValueSpecification\",\"valueRequired\":true,\"valueName\":\"search_term_string\"}}],\"inLanguage\":\"es\"},{\"@type\":\"Organization\",\"@id\":\"https:\\\/\\\/www.eldiario.net\\\/portal\\\/#organization\",\"name\":\"El Diario - Decano de la prensa nacional\",\"url\":\"https:\\\/\\\/www.eldiario.net\\\/portal\\\/\",\"logo\":{\"@type\":\"ImageObject\",\"inLanguage\":\"es\",\"@id\":\"https:\\\/\\\/www.eldiario.net\\\/portal\\\/#\\\/schema\\\/logo\\\/image\\\/\",\"url\":\"https:\\\/\\\/www.eldiario.net\\\/portal\\\/wp-content\\\/uploads\\\/2023\\\/07\\\/logo_ED.jpg\",\"contentUrl\":\"https:\\\/\\\/www.eldiario.net\\\/portal\\\/wp-content\\\/uploads\\\/2023\\\/07\\\/logo_ED.jpg\",\"width\":272,\"height\":52,\"caption\":\"El Diario - Decano de la prensa nacional\"},\"image\":{\"@id\":\"https:\\\/\\\/www.eldiario.net\\\/portal\\\/#\\\/schema\\\/logo\\\/image\\\/\"},\"sameAs\":[\"https:\\\/\\\/www.facebook.com\\\/eldiario.bolivia\\\/\",\"https:\\\/\\\/x.com\\\/eldiario_net\"]},{\"@type\":\"Person\",\"@id\":\"https:\\\/\\\/www.eldiario.net\\\/portal\\\/#\\\/schema\\\/person\\\/f46445640444750d7d753ccd04ae01b7\",\"name\":\"Jeanette\",\"image\":{\"@type\":\"ImageObject\",\"inLanguage\":\"es\",\"@id\":\"https:\\\/\\\/secure.gravatar.com\\\/avatar\\\/3ea2118a5f7dad2b7138b1187a6b7ee55f160b9968b66013c3a3ef39dd7e5798?s=96&d=mm&r=g\",\"url\":\"https:\\\/\\\/secure.gravatar.com\\\/avatar\\\/3ea2118a5f7dad2b7138b1187a6b7ee55f160b9968b66013c3a3ef39dd7e5798?s=96&d=mm&r=g\",\"contentUrl\":\"https:\\\/\\\/secure.gravatar.com\\\/avatar\\\/3ea2118a5f7dad2b7138b1187a6b7ee55f160b9968b66013c3a3ef39dd7e5798?s=96&d=mm&r=g\",\"caption\":\"Jeanette\"},\"sameAs\":[\"https:\\\/\\\/www.eldiario.net\\\/portal\"],\"url\":\"https:\\\/\\\/www.eldiario.net\\\/portal\\\/author\\\/jeanette\\\/\"}]}<\/script>\n<!-- \/ Yoast SEO plugin. -->","yoast_head_json":{"title":"Capital humano es vital para implementaci\u00f3n de industria 4.0 - El Diario - Bolivia","robots":{"index":"index","follow":"follow","max-snippet":"max-snippet:-1","max-image-preview":"max-image-preview:large","max-video-preview":"max-video-preview:-1"},"canonical":"https:\/\/www.eldiario.net\/portal\/2021\/10\/06\/capital-humano-es-vital-para-implementacion-de-industria-4-0\/","og_locale":"es_ES","og_type":"article","og_title":"Capital humano es vital para implementaci\u00f3n de industria 4.0 - El Diario - Bolivia","og_description":"El capital humano ser\u00e1 vital para la implementaci\u00f3n de la industria 4.0, conectas a las personas con la tecnolog\u00eda y la informaci\u00f3n y se avanza en el desarrollo econ\u00f3mico, seg\u00fan el foro de Innovaci\u00f3n y Revoluci\u00f3n Industrial 4.0, que se realiz\u00f3 ayer, en el marco de la semana industrial. Ayer fue el segundo d\u00eda de [&hellip;]","og_url":"https:\/\/www.eldiario.net\/portal\/2021\/10\/06\/capital-humano-es-vital-para-implementacion-de-industria-4-0\/","og_site_name":"El Diario - Bolivia","article_publisher":"https:\/\/www.facebook.com\/eldiario.bolivia\/","article_published_time":"2021-10-06T10:01:49+00:00","author":"Jeanette","twitter_card":"summary_large_image","twitter_creator":"@eldiario_net","twitter_site":"@eldiario_net","twitter_misc":{"Escrito por":"Jeanette","Tiempo de lectura":"4 minutos"},"schema":{"@context":"https:\/\/schema.org","@graph":[{"@type":"Article","@id":"https:\/\/www.eldiario.net\/portal\/2021\/10\/06\/capital-humano-es-vital-para-implementacion-de-industria-4-0\/#article","isPartOf":{"@id":"https:\/\/www.eldiario.net\/portal\/2021\/10\/06\/capital-humano-es-vital-para-implementacion-de-industria-4-0\/"},"author":{"name":"Jeanette","@id":"https:\/\/www.eldiario.net\/portal\/#\/schema\/person\/f46445640444750d7d753ccd04ae01b7"},"headline":"Capital humano es vital para implementaci\u00f3n de industria 4.0","datePublished":"2021-10-06T10:01:49+00:00","mainEntityOfPage":{"@id":"https:\/\/www.eldiario.net\/portal\/2021\/10\/06\/capital-humano-es-vital-para-implementacion-de-industria-4-0\/"},"wordCount":827,"publisher":{"@id":"https:\/\/www.eldiario.net\/portal\/#organization"},"image":{"@id":"https:\/\/www.eldiario.net\/portal\/2021\/10\/06\/capital-humano-es-vital-para-implementacion-de-industria-4-0\/#primaryimage"},"thumbnailUrl":"","articleSection":["Econom\u00eda"],"inLanguage":"es"},{"@type":"WebPage","@id":"https:\/\/www.eldiario.net\/portal\/2021\/10\/06\/capital-humano-es-vital-para-implementacion-de-industria-4-0\/","url":"https:\/\/www.eldiario.net\/portal\/2021\/10\/06\/capital-humano-es-vital-para-implementacion-de-industria-4-0\/","name":"Capital humano es vital para implementaci\u00f3n de industria 4.0 - El Diario - Bolivia","isPartOf":{"@id":"https:\/\/www.eldiario.net\/portal\/#website"},"primaryImageOfPage":{"@id":"https:\/\/www.eldiario.net\/portal\/2021\/10\/06\/capital-humano-es-vital-para-implementacion-de-industria-4-0\/#primaryimage"},"image":{"@id":"https:\/\/www.eldiario.net\/portal\/2021\/10\/06\/capital-humano-es-vital-para-implementacion-de-industria-4-0\/#primaryimage"},"thumbnailUrl":"","datePublished":"2021-10-06T10:01:49+00:00","breadcrumb":{"@id":"https:\/\/www.eldiario.net\/portal\/2021\/10\/06\/capital-humano-es-vital-para-implementacion-de-industria-4-0\/#breadcrumb"},"inLanguage":"es","potentialAction":[{"@type":"ReadAction","target":["https:\/\/www.eldiario.net\/portal\/2021\/10\/06\/capital-humano-es-vital-para-implementacion-de-industria-4-0\/"]}]},{"@type":"ImageObject","inLanguage":"es","@id":"https:\/\/www.eldiario.net\/portal\/2021\/10\/06\/capital-humano-es-vital-para-implementacion-de-industria-4-0\/#primaryimage","url":"","contentUrl":""},{"@type":"BreadcrumbList","@id":"https:\/\/www.eldiario.net\/portal\/2021\/10\/06\/capital-humano-es-vital-para-implementacion-de-industria-4-0\/#breadcrumb","itemListElement":[{"@type":"ListItem","position":1,"name":"Portada","item":"https:\/\/www.eldiario.net\/portal\/"},{"@type":"ListItem","position":2,"name":"Capital humano es vital para implementaci\u00f3n de industria 4.0"}]},{"@type":"WebSite","@id":"https:\/\/www.eldiario.net\/portal\/#website","url":"https:\/\/www.eldiario.net\/portal\/","name":"El Diario - Decano de la prensa nacional","description":"El Diario - Decano de la prensa nacional","publisher":{"@id":"https:\/\/www.eldiario.net\/portal\/#organization"},"potentialAction":[{"@type":"SearchAction","target":{"@type":"EntryPoint","urlTemplate":"https:\/\/www.eldiario.net\/portal\/?s={search_term_string}"},"query-input":{"@type":"PropertyValueSpecification","valueRequired":true,"valueName":"search_term_string"}}],"inLanguage":"es"},{"@type":"Organization","@id":"https:\/\/www.eldiario.net\/portal\/#organization","name":"El Diario - Decano de la prensa nacional","url":"https:\/\/www.eldiario.net\/portal\/","logo":{"@type":"ImageObject","inLanguage":"es","@id":"https:\/\/www.eldiario.net\/portal\/#\/schema\/logo\/image\/","url":"https:\/\/www.eldiario.net\/portal\/wp-content\/uploads\/2023\/07\/logo_ED.jpg","contentUrl":"https:\/\/www.eldiario.net\/portal\/wp-content\/uploads\/2023\/07\/logo_ED.jpg","width":272,"height":52,"caption":"El Diario - Decano de la prensa nacional"},"image":{"@id":"https:\/\/www.eldiario.net\/portal\/#\/schema\/logo\/image\/"},"sameAs":["https:\/\/www.facebook.com\/eldiario.bolivia\/","https:\/\/x.com\/eldiario_net"]},{"@type":"Person","@id":"https:\/\/www.eldiario.net\/portal\/#\/schema\/person\/f46445640444750d7d753ccd04ae01b7","name":"Jeanette","image":{"@type":"ImageObject","inLanguage":"es","@id":"https:\/\/secure.gravatar.com\/avatar\/3ea2118a5f7dad2b7138b1187a6b7ee55f160b9968b66013c3a3ef39dd7e5798?s=96&d=mm&r=g","url":"https:\/\/secure.gravatar.com\/avatar\/3ea2118a5f7dad2b7138b1187a6b7ee55f160b9968b66013c3a3ef39dd7e5798?s=96&d=mm&r=g","contentUrl":"https:\/\/secure.gravatar.com\/avatar\/3ea2118a5f7dad2b7138b1187a6b7ee55f160b9968b66013c3a3ef39dd7e5798?s=96&d=mm&r=g","caption":"Jeanette"},"sameAs":["https:\/\/www.eldiario.net\/portal"],"url":"https:\/\/www.eldiario.net\/portal\/author\/jeanette\/"}]}},"_links":{"self":[{"href":"https:\/\/www.eldiario.net\/portal\/wp-json\/wp\/v2\/posts\/34633","targetHints":{"allow":["GET"]}}],"collection":[{"href":"https:\/\/www.eldiario.net\/portal\/wp-json\/wp\/v2\/posts"}],"about":[{"href":"https:\/\/www.eldiario.net\/portal\/wp-json\/wp\/v2\/types\/post"}],"author":[{"embeddable":true,"href":"https:\/\/www.eldiario.net\/portal\/wp-json\/wp\/v2\/users\/1"}],"replies":[{"embeddable":true,"href":"https:\/\/www.eldiario.net\/portal\/wp-json\/wp\/v2\/comments?post=34633"}],"version-history":[{"count":0,"href":"https:\/\/www.eldiario.net\/portal\/wp-json\/wp\/v2\/posts\/34633\/revisions"}],"wp:attachment":[{"href":"https:\/\/www.eldiario.net\/portal\/wp-json\/wp\/v2\/media?parent=34633"}],"wp:term":[{"taxonomy":"category","embeddable":true,"href":"https:\/\/www.eldiario.net\/portal\/wp-json\/wp\/v2\/categories?post=34633"},{"taxonomy":"post_tag","embeddable":true,"href":"https:\/\/www.eldiario.net\/portal\/wp-json\/wp\/v2\/tags?post=34633"}],"curies":[{"name":"wp","href":"https:\/\/api.w.org\/{rel}","templated":true}]}}