{"id":34630,"date":"2021-10-06T05:59:30","date_gmt":"2021-10-06T09:59:30","guid":{"rendered":"https:\/\/www.eldiario.net\/portal\/?p=34630"},"modified":"2021-10-06T05:59:30","modified_gmt":"2021-10-06T09:59:30","slug":"directorio-anuncia-ejecucion-de-planes-estructurales-para-el-desarrollo-nacional","status":"publish","type":"post","link":"https:\/\/www.eldiario.net\/portal\/2021\/10\/06\/directorio-anuncia-ejecucion-de-planes-estructurales-para-el-desarrollo-nacional\/","title":{"rendered":"Directorio anuncia ejecuci\u00f3n de planes  estructurales para el desarrollo nacional"},"content":{"rendered":"<p>Pasaron 99 a\u00f1os desde su creaci\u00f3n y ahora la Sociedad de Ingenieros de Bolivia (SIB) dise\u00f1a estrategias para ejecutar de manera estructural y promover el desarrollo nacional, anunci\u00f3 el presidente de la SIB-La Paz, Alberto Guti\u00e9rrez.<br \/>\nLos nuevos cambios estructurales que se gestaron a partir de la pandemia movi\u00f3 el tablero a todos los sectores de la econom\u00eda y el capital humano tambi\u00e9n sinti\u00f3 los efectos, ahora las carreras buscan adecuarse a los cambios y formar profesionales para encarar los retos del futuro.<br \/>\nAyer, la Sociedad de Ingenieros de Bolivia (SIB) cumpli\u00f3 99 a\u00f1os de vida institucional, en conmemoraci\u00f3n a la fecha hist\u00f3rica, el viernes la entidad reconocer\u00e1 la trayectoria profesional a ilustres ingenieros que consagraron su vida al desarrollo de la profesi\u00f3n, dejaron huella indeleble con el emplazamiento de infraestructura emblem\u00e1tica para el Estado y, por ende, contribuyeron al crecimiento sostenido del pa\u00eds, dijo el ejecutivo colegiado.<br \/>\nEl ejecutivo inform\u00f3 que habr\u00e1 un acto protocolar en el C\u00edrculo Militar del Ej\u00e9rcito (COE), donde la SIB La Paz impondr\u00e1 un justo reconocimiento a ingenieros que tienen entre 25 y 50 a\u00f1os de trayectoria profesional.<br \/>\n\u201cEn la oportunidad, la entidad colegiada tambi\u00e9n certificar\u00e1 a flamantes ingenieros que lograron el t\u00edtulo acad\u00e9mico durante las gestiones 2018, 2019, 2020 y 2021\u201d, precis\u00f3 Guti\u00e9rrez.<br \/>\nLa SIB naci\u00f3 un 5 de octubre de 1922 y su fundador, el ingeniero Juan Mu\u00f1oz Reyes, comprometido con la ciencia y arte de la Ingenier\u00eda, alent\u00f3 la creaci\u00f3n de una entidad que represente al profesional boliviano.<br \/>\nLa historia, sin embargo, relata que el germen de la SIB tuvo origen en el Decreto Supremo del 9 de noviembre de 1905, durante la presidencia del Dr. Ismael Montes y rubricado por el entonces ministro de Justicia e Instrucci\u00f3n P\u00fablica Dr. Juan Misael Saracho.<br \/>\nEntonces se cre\u00f3 la Direcci\u00f3n de Obras P\u00fablicas que ten\u00eda bajo dependencia el Registro de Matr\u00edculas de Ingenieros, en el que deb\u00edan inscribirse todos los profesionales de las distintas ramas de la Ingenier\u00eda, despu\u00e9s de obtener un T\u00edtulo Nacional o revalidar el grado acad\u00e9mico que hubiesen obtenido en el extranjero.<br \/>\nSeg\u00fan la SIB, el registro funcion\u00f3 hasta 1939 y figuraban prominentes ingenieros como: Carlos Pedro Mar\u00eda Doynel, Juan C. Mu\u00f1oz Reyes, Constantino Morales, Hugo Luis Neri, Julio Knaudt y Ad\u00e1n S\u00e1nchez.<\/p>\n","protected":false},"excerpt":{"rendered":"<p>Pasaron 99 a\u00f1os desde su creaci\u00f3n y ahora la Sociedad de Ingenieros de Bolivia (SIB) dise\u00f1a estrategias para ejecutar de manera estructural y promover el desarrollo nacional, anunci\u00f3 el presidente de la SIB-La Paz, Alberto Guti\u00e9rrez. Los nuevos cambios estructurales que se gestaron a partir de la pandemia movi\u00f3 el tablero a todos los sectores [&hellip;]<\/p>\n","protected":false},"author":1,"featured_media":34631,"comment_status":"closed","ping_status":"closed","sticky":false,"template":"","format":"standard","meta":{"_acf_changed":false,"footnotes":""},"categories":[7],"tags":[],"class_list":["post-34630","post","type-post","status-publish","format-standard","has-post-thumbnail","category-economia"],"acf":{"antetitulo":""},"yoast_head":"<!-- This site is optimized with the Yoast SEO plugin v28.3 - https:\/\/yoast.com\/product\/yoast-seo-wordpress\/ -->\n<title>Directorio anuncia ejecuci\u00f3n de planes estructurales para el desarrollo nacional - El Diario - Bolivia<\/title>\n<meta name=\"robots\" content=\"index, follow, max-snippet:-1, max-image-preview:large, max-video-preview:-1\" \/>\n<link rel=\"canonical\" href=\"https:\/\/www.eldiario.net\/portal\/2021\/10\/06\/directorio-anuncia-ejecucion-de-planes-estructurales-para-el-desarrollo-nacional\/\" \/>\n<meta property=\"og:locale\" content=\"es_ES\" \/>\n<meta property=\"og:type\" content=\"article\" \/>\n<meta property=\"og:title\" content=\"Directorio anuncia ejecuci\u00f3n de planes estructurales para el desarrollo nacional - El Diario - Bolivia\" \/>\n<meta property=\"og:description\" content=\"Pasaron 99 a\u00f1os desde su creaci\u00f3n y ahora la Sociedad de Ingenieros de Bolivia (SIB) dise\u00f1a estrategias para ejecutar de manera estructural y promover el desarrollo nacional, anunci\u00f3 el presidente de la SIB-La Paz, Alberto Guti\u00e9rrez. Los nuevos cambios estructurales que se gestaron a partir de la pandemia movi\u00f3 el tablero a todos los sectores [&hellip;]\" \/>\n<meta property=\"og:url\" content=\"https:\/\/www.eldiario.net\/portal\/2021\/10\/06\/directorio-anuncia-ejecucion-de-planes-estructurales-para-el-desarrollo-nacional\/\" \/>\n<meta property=\"og:site_name\" content=\"El Diario - Bolivia\" \/>\n<meta property=\"article:publisher\" content=\"https:\/\/www.facebook.com\/eldiario.bolivia\/\" \/>\n<meta property=\"article:published_time\" content=\"2021-10-06T09:59:30+00:00\" \/>\n<meta property=\"og:image\" content=\"https:\/\/www.eldiario.net\/portal\/wp-content\/uploads\/2021\/10\/SIB.jpg\" \/>\n\t<meta property=\"og:image:width\" content=\"1\" \/>\n\t<meta property=\"og:image:height\" content=\"1\" \/>\n\t<meta property=\"og:image:type\" content=\"image\/jpeg\" \/>\n<meta name=\"author\" content=\"Jeanette\" \/>\n<meta name=\"twitter:card\" content=\"summary_large_image\" \/>\n<meta name=\"twitter:creator\" content=\"@eldiario_net\" \/>\n<meta name=\"twitter:site\" content=\"@eldiario_net\" \/>\n<meta name=\"twitter:label1\" content=\"Escrito por\" \/>\n\t<meta name=\"twitter:data1\" content=\"Jeanette\" \/>\n\t<meta name=\"twitter:label2\" content=\"Tiempo de lectura\" \/>\n\t<meta name=\"twitter:data2\" content=\"2 minutos\" \/>\n<script type=\"application\/ld+json\" class=\"yoast-schema-graph\">{\"@context\":\"https:\\\/\\\/schema.org\",\"@graph\":[{\"@type\":\"Article\",\"@id\":\"https:\\\/\\\/www.eldiario.net\\\/portal\\\/2021\\\/10\\\/06\\\/directorio-anuncia-ejecucion-de-planes-estructurales-para-el-desarrollo-nacional\\\/#article\",\"isPartOf\":{\"@id\":\"https:\\\/\\\/www.eldiario.net\\\/portal\\\/2021\\\/10\\\/06\\\/directorio-anuncia-ejecucion-de-planes-estructurales-para-el-desarrollo-nacional\\\/\"},\"author\":{\"name\":\"Jeanette\",\"@id\":\"https:\\\/\\\/www.eldiario.net\\\/portal\\\/#\\\/schema\\\/person\\\/f46445640444750d7d753ccd04ae01b7\"},\"headline\":\"Directorio anuncia ejecuci\u00f3n de planes estructurales para el desarrollo nacional\",\"datePublished\":\"2021-10-06T09:59:30+00:00\",\"mainEntityOfPage\":{\"@id\":\"https:\\\/\\\/www.eldiario.net\\\/portal\\\/2021\\\/10\\\/06\\\/directorio-anuncia-ejecucion-de-planes-estructurales-para-el-desarrollo-nacional\\\/\"},\"wordCount\":409,\"publisher\":{\"@id\":\"https:\\\/\\\/www.eldiario.net\\\/portal\\\/#organization\"},\"image\":{\"@id\":\"https:\\\/\\\/www.eldiario.net\\\/portal\\\/2021\\\/10\\\/06\\\/directorio-anuncia-ejecucion-de-planes-estructurales-para-el-desarrollo-nacional\\\/#primaryimage\"},\"thumbnailUrl\":\"https:\\\/\\\/www.eldiario.net\\\/portal\\\/wp-content\\\/uploads\\\/2021\\\/10\\\/SIB.jpg\",\"articleSection\":[\"Econom\u00eda\"],\"inLanguage\":\"es\"},{\"@type\":\"WebPage\",\"@id\":\"https:\\\/\\\/www.eldiario.net\\\/portal\\\/2021\\\/10\\\/06\\\/directorio-anuncia-ejecucion-de-planes-estructurales-para-el-desarrollo-nacional\\\/\",\"url\":\"https:\\\/\\\/www.eldiario.net\\\/portal\\\/2021\\\/10\\\/06\\\/directorio-anuncia-ejecucion-de-planes-estructurales-para-el-desarrollo-nacional\\\/\",\"name\":\"Directorio anuncia ejecuci\u00f3n de planes estructurales para el desarrollo nacional - El Diario - Bolivia\",\"isPartOf\":{\"@id\":\"https:\\\/\\\/www.eldiario.net\\\/portal\\\/#website\"},\"primaryImageOfPage\":{\"@id\":\"https:\\\/\\\/www.eldiario.net\\\/portal\\\/2021\\\/10\\\/06\\\/directorio-anuncia-ejecucion-de-planes-estructurales-para-el-desarrollo-nacional\\\/#primaryimage\"},\"image\":{\"@id\":\"https:\\\/\\\/www.eldiario.net\\\/portal\\\/2021\\\/10\\\/06\\\/directorio-anuncia-ejecucion-de-planes-estructurales-para-el-desarrollo-nacional\\\/#primaryimage\"},\"thumbnailUrl\":\"https:\\\/\\\/www.eldiario.net\\\/portal\\\/wp-content\\\/uploads\\\/2021\\\/10\\\/SIB.jpg\",\"datePublished\":\"2021-10-06T09:59:30+00:00\",\"breadcrumb\":{\"@id\":\"https:\\\/\\\/www.eldiario.net\\\/portal\\\/2021\\\/10\\\/06\\\/directorio-anuncia-ejecucion-de-planes-estructurales-para-el-desarrollo-nacional\\\/#breadcrumb\"},\"inLanguage\":\"es\",\"potentialAction\":[{\"@type\":\"ReadAction\",\"target\":[\"https:\\\/\\\/www.eldiario.net\\\/portal\\\/2021\\\/10\\\/06\\\/directorio-anuncia-ejecucion-de-planes-estructurales-para-el-desarrollo-nacional\\\/\"]}]},{\"@type\":\"ImageObject\",\"inLanguage\":\"es\",\"@id\":\"https:\\\/\\\/www.eldiario.net\\\/portal\\\/2021\\\/10\\\/06\\\/directorio-anuncia-ejecucion-de-planes-estructurales-para-el-desarrollo-nacional\\\/#primaryimage\",\"url\":\"https:\\\/\\\/www.eldiario.net\\\/portal\\\/wp-content\\\/uploads\\\/2021\\\/10\\\/SIB.jpg\",\"contentUrl\":\"https:\\\/\\\/www.eldiario.net\\\/portal\\\/wp-content\\\/uploads\\\/2021\\\/10\\\/SIB.jpg\",\"caption\":\"Foto de los primeros miembros de la instituci\u00f3n colegiada.\"},{\"@type\":\"BreadcrumbList\",\"@id\":\"https:\\\/\\\/www.eldiario.net\\\/portal\\\/2021\\\/10\\\/06\\\/directorio-anuncia-ejecucion-de-planes-estructurales-para-el-desarrollo-nacional\\\/#breadcrumb\",\"itemListElement\":[{\"@type\":\"ListItem\",\"position\":1,\"name\":\"Portada\",\"item\":\"https:\\\/\\\/www.eldiario.net\\\/portal\\\/\"},{\"@type\":\"ListItem\",\"position\":2,\"name\":\"Directorio anuncia ejecuci\u00f3n de planes estructurales para el desarrollo nacional\"}]},{\"@type\":\"WebSite\",\"@id\":\"https:\\\/\\\/www.eldiario.net\\\/portal\\\/#website\",\"url\":\"https:\\\/\\\/www.eldiario.net\\\/portal\\\/\",\"name\":\"El Diario - Decano de la prensa nacional\",\"description\":\"El Diario - Decano de la prensa nacional\",\"publisher\":{\"@id\":\"https:\\\/\\\/www.eldiario.net\\\/portal\\\/#organization\"},\"potentialAction\":[{\"@type\":\"SearchAction\",\"target\":{\"@type\":\"EntryPoint\",\"urlTemplate\":\"https:\\\/\\\/www.eldiario.net\\\/portal\\\/?s={search_term_string}\"},\"query-input\":{\"@type\":\"PropertyValueSpecification\",\"valueRequired\":true,\"valueName\":\"search_term_string\"}}],\"inLanguage\":\"es\"},{\"@type\":\"Organization\",\"@id\":\"https:\\\/\\\/www.eldiario.net\\\/portal\\\/#organization\",\"name\":\"El Diario - Decano de la prensa nacional\",\"url\":\"https:\\\/\\\/www.eldiario.net\\\/portal\\\/\",\"logo\":{\"@type\":\"ImageObject\",\"inLanguage\":\"es\",\"@id\":\"https:\\\/\\\/www.eldiario.net\\\/portal\\\/#\\\/schema\\\/logo\\\/image\\\/\",\"url\":\"https:\\\/\\\/www.eldiario.net\\\/portal\\\/wp-content\\\/uploads\\\/2023\\\/07\\\/logo_ED.jpg\",\"contentUrl\":\"https:\\\/\\\/www.eldiario.net\\\/portal\\\/wp-content\\\/uploads\\\/2023\\\/07\\\/logo_ED.jpg\",\"width\":272,\"height\":52,\"caption\":\"El Diario - Decano de la prensa nacional\"},\"image\":{\"@id\":\"https:\\\/\\\/www.eldiario.net\\\/portal\\\/#\\\/schema\\\/logo\\\/image\\\/\"},\"sameAs\":[\"https:\\\/\\\/www.facebook.com\\\/eldiario.bolivia\\\/\",\"https:\\\/\\\/x.com\\\/eldiario_net\"]},{\"@type\":\"Person\",\"@id\":\"https:\\\/\\\/www.eldiario.net\\\/portal\\\/#\\\/schema\\\/person\\\/f46445640444750d7d753ccd04ae01b7\",\"name\":\"Jeanette\",\"image\":{\"@type\":\"ImageObject\",\"inLanguage\":\"es\",\"@id\":\"https:\\\/\\\/secure.gravatar.com\\\/avatar\\\/3ea2118a5f7dad2b7138b1187a6b7ee55f160b9968b66013c3a3ef39dd7e5798?s=96&d=mm&r=g\",\"url\":\"https:\\\/\\\/secure.gravatar.com\\\/avatar\\\/3ea2118a5f7dad2b7138b1187a6b7ee55f160b9968b66013c3a3ef39dd7e5798?s=96&d=mm&r=g\",\"contentUrl\":\"https:\\\/\\\/secure.gravatar.com\\\/avatar\\\/3ea2118a5f7dad2b7138b1187a6b7ee55f160b9968b66013c3a3ef39dd7e5798?s=96&d=mm&r=g\",\"caption\":\"Jeanette\"},\"sameAs\":[\"https:\\\/\\\/www.eldiario.net\\\/portal\"],\"url\":\"https:\\\/\\\/www.eldiario.net\\\/portal\\\/author\\\/jeanette\\\/\"}]}<\/script>\n<!-- \/ Yoast SEO plugin. -->","yoast_head_json":{"title":"Directorio anuncia ejecuci\u00f3n de planes estructurales para el desarrollo nacional - El Diario - Bolivia","robots":{"index":"index","follow":"follow","max-snippet":"max-snippet:-1","max-image-preview":"max-image-preview:large","max-video-preview":"max-video-preview:-1"},"canonical":"https:\/\/www.eldiario.net\/portal\/2021\/10\/06\/directorio-anuncia-ejecucion-de-planes-estructurales-para-el-desarrollo-nacional\/","og_locale":"es_ES","og_type":"article","og_title":"Directorio anuncia ejecuci\u00f3n de planes estructurales para el desarrollo nacional - El Diario - Bolivia","og_description":"Pasaron 99 a\u00f1os desde su creaci\u00f3n y ahora la Sociedad de Ingenieros de Bolivia (SIB) dise\u00f1a estrategias para ejecutar de manera estructural y promover el desarrollo nacional, anunci\u00f3 el presidente de la SIB-La Paz, Alberto Guti\u00e9rrez. Los nuevos cambios estructurales que se gestaron a partir de la pandemia movi\u00f3 el tablero a todos los sectores [&hellip;]","og_url":"https:\/\/www.eldiario.net\/portal\/2021\/10\/06\/directorio-anuncia-ejecucion-de-planes-estructurales-para-el-desarrollo-nacional\/","og_site_name":"El Diario - Bolivia","article_publisher":"https:\/\/www.facebook.com\/eldiario.bolivia\/","article_published_time":"2021-10-06T09:59:30+00:00","og_image":[{"url":"https:\/\/www.eldiario.net\/portal\/wp-content\/uploads\/2021\/10\/SIB.jpg","width":1,"height":1,"type":"image\/jpeg"}],"author":"Jeanette","twitter_card":"summary_large_image","twitter_creator":"@eldiario_net","twitter_site":"@eldiario_net","twitter_misc":{"Escrito por":"Jeanette","Tiempo de lectura":"2 minutos"},"schema":{"@context":"https:\/\/schema.org","@graph":[{"@type":"Article","@id":"https:\/\/www.eldiario.net\/portal\/2021\/10\/06\/directorio-anuncia-ejecucion-de-planes-estructurales-para-el-desarrollo-nacional\/#article","isPartOf":{"@id":"https:\/\/www.eldiario.net\/portal\/2021\/10\/06\/directorio-anuncia-ejecucion-de-planes-estructurales-para-el-desarrollo-nacional\/"},"author":{"name":"Jeanette","@id":"https:\/\/www.eldiario.net\/portal\/#\/schema\/person\/f46445640444750d7d753ccd04ae01b7"},"headline":"Directorio anuncia ejecuci\u00f3n de planes estructurales para el desarrollo nacional","datePublished":"2021-10-06T09:59:30+00:00","mainEntityOfPage":{"@id":"https:\/\/www.eldiario.net\/portal\/2021\/10\/06\/directorio-anuncia-ejecucion-de-planes-estructurales-para-el-desarrollo-nacional\/"},"wordCount":409,"publisher":{"@id":"https:\/\/www.eldiario.net\/portal\/#organization"},"image":{"@id":"https:\/\/www.eldiario.net\/portal\/2021\/10\/06\/directorio-anuncia-ejecucion-de-planes-estructurales-para-el-desarrollo-nacional\/#primaryimage"},"thumbnailUrl":"https:\/\/www.eldiario.net\/portal\/wp-content\/uploads\/2021\/10\/SIB.jpg","articleSection":["Econom\u00eda"],"inLanguage":"es"},{"@type":"WebPage","@id":"https:\/\/www.eldiario.net\/portal\/2021\/10\/06\/directorio-anuncia-ejecucion-de-planes-estructurales-para-el-desarrollo-nacional\/","url":"https:\/\/www.eldiario.net\/portal\/2021\/10\/06\/directorio-anuncia-ejecucion-de-planes-estructurales-para-el-desarrollo-nacional\/","name":"Directorio anuncia ejecuci\u00f3n de planes estructurales para el desarrollo nacional - El Diario - Bolivia","isPartOf":{"@id":"https:\/\/www.eldiario.net\/portal\/#website"},"primaryImageOfPage":{"@id":"https:\/\/www.eldiario.net\/portal\/2021\/10\/06\/directorio-anuncia-ejecucion-de-planes-estructurales-para-el-desarrollo-nacional\/#primaryimage"},"image":{"@id":"https:\/\/www.eldiario.net\/portal\/2021\/10\/06\/directorio-anuncia-ejecucion-de-planes-estructurales-para-el-desarrollo-nacional\/#primaryimage"},"thumbnailUrl":"https:\/\/www.eldiario.net\/portal\/wp-content\/uploads\/2021\/10\/SIB.jpg","datePublished":"2021-10-06T09:59:30+00:00","breadcrumb":{"@id":"https:\/\/www.eldiario.net\/portal\/2021\/10\/06\/directorio-anuncia-ejecucion-de-planes-estructurales-para-el-desarrollo-nacional\/#breadcrumb"},"inLanguage":"es","potentialAction":[{"@type":"ReadAction","target":["https:\/\/www.eldiario.net\/portal\/2021\/10\/06\/directorio-anuncia-ejecucion-de-planes-estructurales-para-el-desarrollo-nacional\/"]}]},{"@type":"ImageObject","inLanguage":"es","@id":"https:\/\/www.eldiario.net\/portal\/2021\/10\/06\/directorio-anuncia-ejecucion-de-planes-estructurales-para-el-desarrollo-nacional\/#primaryimage","url":"https:\/\/www.eldiario.net\/portal\/wp-content\/uploads\/2021\/10\/SIB.jpg","contentUrl":"https:\/\/www.eldiario.net\/portal\/wp-content\/uploads\/2021\/10\/SIB.jpg","caption":"Foto de los primeros miembros de la instituci\u00f3n colegiada."},{"@type":"BreadcrumbList","@id":"https:\/\/www.eldiario.net\/portal\/2021\/10\/06\/directorio-anuncia-ejecucion-de-planes-estructurales-para-el-desarrollo-nacional\/#breadcrumb","itemListElement":[{"@type":"ListItem","position":1,"name":"Portada","item":"https:\/\/www.eldiario.net\/portal\/"},{"@type":"ListItem","position":2,"name":"Directorio anuncia ejecuci\u00f3n de planes estructurales para el desarrollo nacional"}]},{"@type":"WebSite","@id":"https:\/\/www.eldiario.net\/portal\/#website","url":"https:\/\/www.eldiario.net\/portal\/","name":"El Diario - Decano de la prensa nacional","description":"El Diario - Decano de la prensa nacional","publisher":{"@id":"https:\/\/www.eldiario.net\/portal\/#organization"},"potentialAction":[{"@type":"SearchAction","target":{"@type":"EntryPoint","urlTemplate":"https:\/\/www.eldiario.net\/portal\/?s={search_term_string}"},"query-input":{"@type":"PropertyValueSpecification","valueRequired":true,"valueName":"search_term_string"}}],"inLanguage":"es"},{"@type":"Organization","@id":"https:\/\/www.eldiario.net\/portal\/#organization","name":"El Diario - Decano de la prensa nacional","url":"https:\/\/www.eldiario.net\/portal\/","logo":{"@type":"ImageObject","inLanguage":"es","@id":"https:\/\/www.eldiario.net\/portal\/#\/schema\/logo\/image\/","url":"https:\/\/www.eldiario.net\/portal\/wp-content\/uploads\/2023\/07\/logo_ED.jpg","contentUrl":"https:\/\/www.eldiario.net\/portal\/wp-content\/uploads\/2023\/07\/logo_ED.jpg","width":272,"height":52,"caption":"El Diario - Decano de la prensa nacional"},"image":{"@id":"https:\/\/www.eldiario.net\/portal\/#\/schema\/logo\/image\/"},"sameAs":["https:\/\/www.facebook.com\/eldiario.bolivia\/","https:\/\/x.com\/eldiario_net"]},{"@type":"Person","@id":"https:\/\/www.eldiario.net\/portal\/#\/schema\/person\/f46445640444750d7d753ccd04ae01b7","name":"Jeanette","image":{"@type":"ImageObject","inLanguage":"es","@id":"https:\/\/secure.gravatar.com\/avatar\/3ea2118a5f7dad2b7138b1187a6b7ee55f160b9968b66013c3a3ef39dd7e5798?s=96&d=mm&r=g","url":"https:\/\/secure.gravatar.com\/avatar\/3ea2118a5f7dad2b7138b1187a6b7ee55f160b9968b66013c3a3ef39dd7e5798?s=96&d=mm&r=g","contentUrl":"https:\/\/secure.gravatar.com\/avatar\/3ea2118a5f7dad2b7138b1187a6b7ee55f160b9968b66013c3a3ef39dd7e5798?s=96&d=mm&r=g","caption":"Jeanette"},"sameAs":["https:\/\/www.eldiario.net\/portal"],"url":"https:\/\/www.eldiario.net\/portal\/author\/jeanette\/"}]}},"_links":{"self":[{"href":"https:\/\/www.eldiario.net\/portal\/wp-json\/wp\/v2\/posts\/34630","targetHints":{"allow":["GET"]}}],"collection":[{"href":"https:\/\/www.eldiario.net\/portal\/wp-json\/wp\/v2\/posts"}],"about":[{"href":"https:\/\/www.eldiario.net\/portal\/wp-json\/wp\/v2\/types\/post"}],"author":[{"embeddable":true,"href":"https:\/\/www.eldiario.net\/portal\/wp-json\/wp\/v2\/users\/1"}],"replies":[{"embeddable":true,"href":"https:\/\/www.eldiario.net\/portal\/wp-json\/wp\/v2\/comments?post=34630"}],"version-history":[{"count":0,"href":"https:\/\/www.eldiario.net\/portal\/wp-json\/wp\/v2\/posts\/34630\/revisions"}],"wp:featuredmedia":[{"embeddable":true,"href":"https:\/\/www.eldiario.net\/portal\/wp-json\/wp\/v2\/media\/34631"}],"wp:attachment":[{"href":"https:\/\/www.eldiario.net\/portal\/wp-json\/wp\/v2\/media?parent=34630"}],"wp:term":[{"taxonomy":"category","embeddable":true,"href":"https:\/\/www.eldiario.net\/portal\/wp-json\/wp\/v2\/categories?post=34630"},{"taxonomy":"post_tag","embeddable":true,"href":"https:\/\/www.eldiario.net\/portal\/wp-json\/wp\/v2\/tags?post=34630"}],"curies":[{"name":"wp","href":"https:\/\/api.w.org\/{rel}","templated":true}]}}