{"id":34627,"date":"2021-10-06T05:58:04","date_gmt":"2021-10-06T09:58:04","guid":{"rendered":"https:\/\/www.eldiario.net\/portal\/?p=34627"},"modified":"2021-10-06T05:58:04","modified_gmt":"2021-10-06T09:58:04","slug":"comisan-ochos-camiones-con-granos-y-alimentos-en-tarija","status":"publish","type":"post","link":"https:\/\/www.eldiario.net\/portal\/2021\/10\/06\/comisan-ochos-camiones-con-granos-y-alimentos-en-tarija\/","title":{"rendered":"Comisan ochos camiones con  granos y alimentos en Tarija"},"content":{"rendered":"<p>En el departamento de Tarija, el pasado fin de semana, la Aduana nacional comis\u00f3 seis camiones que transportaban 143 toneladas de granos de ma\u00edz y 3.3 toneladas de soya, que buscan ser internadas con documentaci\u00f3n falsa del Servicio Nacional de Sanidad Agropecuaria e Inocuidad Alimentaria (Senasag), asimismo, dos camiones con diferentes productos alimenticios y un bus marca Scania indocumentado y todo est\u00e1 valuado en aproximadamente 1.712.100 bolivianos, inform\u00f3 la gerente regional, Lourdes Aldana.<br \/>\nEl ma\u00edz se encontraba en cinco camiones provenientes de la Argentina y fueron interceptados por personal de la Aduana en el Punto de Inspecci\u00f3n de Villamontes. En primera instancia, los conductores presentaron gu\u00edas de movimientos emitidos por el Senasag, sin embargo, al verificar la documentaci\u00f3n se observ\u00f3 que la certificaci\u00f3n proven\u00eda de una comunidad productora que desde hace dos meses dejo de producir.<br \/>\nEl ma\u00edz est\u00e1 valuado en aproximadamente 500.000 bolivianos. Tambi\u00e9n se intercept\u00f3 un cami\u00f3n con 3,3 toneladas de soya con un valor aproximado de 45 mil bolivianos. Los granos vienen de la Argentina con destino final Santa Cruz.<br \/>\nPor otro lado, tambi\u00e9n se comisaron dos camiones con alimentos variados, como arroz, harina, manzanas, aceites, bebidas alcoh\u00f3licas, con un valor aproximado de 127 mil bolivianos<br \/>\nPor \u00faltimo, el pasado lunes se comis\u00f3 un omnibus indocumentado, marca Scania, cuyo n\u00famero de motor no corresponde al veh\u00edculo, el mismo tiene un precio aproximado de 1.040.000 bolivianos. Toda la mercanc\u00eda comisada fue trasladada a Recinto Aduanero de Campo Pajos para su valoraci\u00f3n y resguardo.<br \/>\nEntre enero y septiembre de la presente gesti\u00f3n se han comisado m\u00e1s de 441 millones de bolivianos en todo el territorio nacional y solo en el departamento de Tarija se realizaron 1.125 operativos, con comisos valuados en 39.930.050 bolivianos.<br \/>\nA pesar de la cifra, los empresarios indican que anualmente el contrabando mueve 3.500 millones de d\u00f3lares, y se estima que la Aduana s\u00f3lo logr\u00f3 comisar un poco m\u00e1s de 60 millones de d\u00f3lares.<\/p>\n","protected":false},"excerpt":{"rendered":"<p>En el departamento de Tarija, el pasado fin de semana, la Aduana nacional comis\u00f3 seis camiones que transportaban 143 toneladas de granos de ma\u00edz y 3.3 toneladas de soya, que buscan ser internadas con documentaci\u00f3n falsa del Servicio Nacional de Sanidad Agropecuaria e Inocuidad Alimentaria (Senasag), asimismo, dos camiones con diferentes productos alimenticios y un [&hellip;]<\/p>\n","protected":false},"author":1,"featured_media":34628,"comment_status":"closed","ping_status":"closed","sticky":false,"template":"","format":"standard","meta":{"_acf_changed":false,"footnotes":""},"categories":[7],"tags":[],"class_list":["post-34627","post","type-post","status-publish","format-standard","has-post-thumbnail","category-economia"],"acf":{"antetitulo":""},"yoast_head":"<!-- This site is optimized with the Yoast SEO plugin v28.3 - https:\/\/yoast.com\/product\/yoast-seo-wordpress\/ -->\n<title>Comisan ochos camiones con granos y alimentos en Tarija - El Diario - Bolivia<\/title>\n<meta name=\"robots\" content=\"index, follow, max-snippet:-1, max-image-preview:large, max-video-preview:-1\" \/>\n<link rel=\"canonical\" href=\"https:\/\/www.eldiario.net\/portal\/2021\/10\/06\/comisan-ochos-camiones-con-granos-y-alimentos-en-tarija\/\" \/>\n<meta property=\"og:locale\" content=\"es_ES\" \/>\n<meta property=\"og:type\" content=\"article\" \/>\n<meta property=\"og:title\" content=\"Comisan ochos camiones con granos y alimentos en Tarija - El Diario - Bolivia\" \/>\n<meta property=\"og:description\" content=\"En el departamento de Tarija, el pasado fin de semana, la Aduana nacional comis\u00f3 seis camiones que transportaban 143 toneladas de granos de ma\u00edz y 3.3 toneladas de soya, que buscan ser internadas con documentaci\u00f3n falsa del Servicio Nacional de Sanidad Agropecuaria e Inocuidad Alimentaria (Senasag), asimismo, dos camiones con diferentes productos alimenticios y un [&hellip;]\" \/>\n<meta property=\"og:url\" content=\"https:\/\/www.eldiario.net\/portal\/2021\/10\/06\/comisan-ochos-camiones-con-granos-y-alimentos-en-tarija\/\" \/>\n<meta property=\"og:site_name\" content=\"El Diario - Bolivia\" \/>\n<meta property=\"article:publisher\" content=\"https:\/\/www.facebook.com\/eldiario.bolivia\/\" \/>\n<meta property=\"article:published_time\" content=\"2021-10-06T09:58:04+00:00\" \/>\n<meta name=\"author\" content=\"Jeanette\" \/>\n<meta name=\"twitter:card\" content=\"summary_large_image\" \/>\n<meta name=\"twitter:creator\" content=\"@eldiario_net\" \/>\n<meta name=\"twitter:site\" content=\"@eldiario_net\" \/>\n<meta name=\"twitter:label1\" content=\"Escrito por\" \/>\n\t<meta name=\"twitter:data1\" content=\"Jeanette\" \/>\n\t<meta name=\"twitter:label2\" content=\"Tiempo de lectura\" \/>\n\t<meta name=\"twitter:data2\" content=\"2 minutos\" \/>\n<script type=\"application\/ld+json\" class=\"yoast-schema-graph\">{\"@context\":\"https:\\\/\\\/schema.org\",\"@graph\":[{\"@type\":\"Article\",\"@id\":\"https:\\\/\\\/www.eldiario.net\\\/portal\\\/2021\\\/10\\\/06\\\/comisan-ochos-camiones-con-granos-y-alimentos-en-tarija\\\/#article\",\"isPartOf\":{\"@id\":\"https:\\\/\\\/www.eldiario.net\\\/portal\\\/2021\\\/10\\\/06\\\/comisan-ochos-camiones-con-granos-y-alimentos-en-tarija\\\/\"},\"author\":{\"name\":\"Jeanette\",\"@id\":\"https:\\\/\\\/www.eldiario.net\\\/portal\\\/#\\\/schema\\\/person\\\/f46445640444750d7d753ccd04ae01b7\"},\"headline\":\"Comisan ochos camiones con granos y alimentos en Tarija\",\"datePublished\":\"2021-10-06T09:58:04+00:00\",\"mainEntityOfPage\":{\"@id\":\"https:\\\/\\\/www.eldiario.net\\\/portal\\\/2021\\\/10\\\/06\\\/comisan-ochos-camiones-con-granos-y-alimentos-en-tarija\\\/\"},\"wordCount\":337,\"publisher\":{\"@id\":\"https:\\\/\\\/www.eldiario.net\\\/portal\\\/#organization\"},\"image\":{\"@id\":\"https:\\\/\\\/www.eldiario.net\\\/portal\\\/2021\\\/10\\\/06\\\/comisan-ochos-camiones-con-granos-y-alimentos-en-tarija\\\/#primaryimage\"},\"thumbnailUrl\":\"\",\"articleSection\":[\"Econom\u00eda\"],\"inLanguage\":\"es\"},{\"@type\":\"WebPage\",\"@id\":\"https:\\\/\\\/www.eldiario.net\\\/portal\\\/2021\\\/10\\\/06\\\/comisan-ochos-camiones-con-granos-y-alimentos-en-tarija\\\/\",\"url\":\"https:\\\/\\\/www.eldiario.net\\\/portal\\\/2021\\\/10\\\/06\\\/comisan-ochos-camiones-con-granos-y-alimentos-en-tarija\\\/\",\"name\":\"Comisan ochos camiones con granos y alimentos en Tarija - El Diario - Bolivia\",\"isPartOf\":{\"@id\":\"https:\\\/\\\/www.eldiario.net\\\/portal\\\/#website\"},\"primaryImageOfPage\":{\"@id\":\"https:\\\/\\\/www.eldiario.net\\\/portal\\\/2021\\\/10\\\/06\\\/comisan-ochos-camiones-con-granos-y-alimentos-en-tarija\\\/#primaryimage\"},\"image\":{\"@id\":\"https:\\\/\\\/www.eldiario.net\\\/portal\\\/2021\\\/10\\\/06\\\/comisan-ochos-camiones-con-granos-y-alimentos-en-tarija\\\/#primaryimage\"},\"thumbnailUrl\":\"\",\"datePublished\":\"2021-10-06T09:58:04+00:00\",\"breadcrumb\":{\"@id\":\"https:\\\/\\\/www.eldiario.net\\\/portal\\\/2021\\\/10\\\/06\\\/comisan-ochos-camiones-con-granos-y-alimentos-en-tarija\\\/#breadcrumb\"},\"inLanguage\":\"es\",\"potentialAction\":[{\"@type\":\"ReadAction\",\"target\":[\"https:\\\/\\\/www.eldiario.net\\\/portal\\\/2021\\\/10\\\/06\\\/comisan-ochos-camiones-con-granos-y-alimentos-en-tarija\\\/\"]}]},{\"@type\":\"ImageObject\",\"inLanguage\":\"es\",\"@id\":\"https:\\\/\\\/www.eldiario.net\\\/portal\\\/2021\\\/10\\\/06\\\/comisan-ochos-camiones-con-granos-y-alimentos-en-tarija\\\/#primaryimage\",\"url\":\"\",\"contentUrl\":\"\"},{\"@type\":\"BreadcrumbList\",\"@id\":\"https:\\\/\\\/www.eldiario.net\\\/portal\\\/2021\\\/10\\\/06\\\/comisan-ochos-camiones-con-granos-y-alimentos-en-tarija\\\/#breadcrumb\",\"itemListElement\":[{\"@type\":\"ListItem\",\"position\":1,\"name\":\"Portada\",\"item\":\"https:\\\/\\\/www.eldiario.net\\\/portal\\\/\"},{\"@type\":\"ListItem\",\"position\":2,\"name\":\"Comisan ochos camiones con granos y alimentos en Tarija\"}]},{\"@type\":\"WebSite\",\"@id\":\"https:\\\/\\\/www.eldiario.net\\\/portal\\\/#website\",\"url\":\"https:\\\/\\\/www.eldiario.net\\\/portal\\\/\",\"name\":\"El Diario - Decano de la prensa nacional\",\"description\":\"El Diario - Decano de la prensa nacional\",\"publisher\":{\"@id\":\"https:\\\/\\\/www.eldiario.net\\\/portal\\\/#organization\"},\"potentialAction\":[{\"@type\":\"SearchAction\",\"target\":{\"@type\":\"EntryPoint\",\"urlTemplate\":\"https:\\\/\\\/www.eldiario.net\\\/portal\\\/?s={search_term_string}\"},\"query-input\":{\"@type\":\"PropertyValueSpecification\",\"valueRequired\":true,\"valueName\":\"search_term_string\"}}],\"inLanguage\":\"es\"},{\"@type\":\"Organization\",\"@id\":\"https:\\\/\\\/www.eldiario.net\\\/portal\\\/#organization\",\"name\":\"El Diario - Decano de la prensa nacional\",\"url\":\"https:\\\/\\\/www.eldiario.net\\\/portal\\\/\",\"logo\":{\"@type\":\"ImageObject\",\"inLanguage\":\"es\",\"@id\":\"https:\\\/\\\/www.eldiario.net\\\/portal\\\/#\\\/schema\\\/logo\\\/image\\\/\",\"url\":\"https:\\\/\\\/www.eldiario.net\\\/portal\\\/wp-content\\\/uploads\\\/2023\\\/07\\\/logo_ED.jpg\",\"contentUrl\":\"https:\\\/\\\/www.eldiario.net\\\/portal\\\/wp-content\\\/uploads\\\/2023\\\/07\\\/logo_ED.jpg\",\"width\":272,\"height\":52,\"caption\":\"El Diario - Decano de la prensa nacional\"},\"image\":{\"@id\":\"https:\\\/\\\/www.eldiario.net\\\/portal\\\/#\\\/schema\\\/logo\\\/image\\\/\"},\"sameAs\":[\"https:\\\/\\\/www.facebook.com\\\/eldiario.bolivia\\\/\",\"https:\\\/\\\/x.com\\\/eldiario_net\"]},{\"@type\":\"Person\",\"@id\":\"https:\\\/\\\/www.eldiario.net\\\/portal\\\/#\\\/schema\\\/person\\\/f46445640444750d7d753ccd04ae01b7\",\"name\":\"Jeanette\",\"image\":{\"@type\":\"ImageObject\",\"inLanguage\":\"es\",\"@id\":\"https:\\\/\\\/secure.gravatar.com\\\/avatar\\\/3ea2118a5f7dad2b7138b1187a6b7ee55f160b9968b66013c3a3ef39dd7e5798?s=96&d=mm&r=g\",\"url\":\"https:\\\/\\\/secure.gravatar.com\\\/avatar\\\/3ea2118a5f7dad2b7138b1187a6b7ee55f160b9968b66013c3a3ef39dd7e5798?s=96&d=mm&r=g\",\"contentUrl\":\"https:\\\/\\\/secure.gravatar.com\\\/avatar\\\/3ea2118a5f7dad2b7138b1187a6b7ee55f160b9968b66013c3a3ef39dd7e5798?s=96&d=mm&r=g\",\"caption\":\"Jeanette\"},\"sameAs\":[\"https:\\\/\\\/www.eldiario.net\\\/portal\"],\"url\":\"https:\\\/\\\/www.eldiario.net\\\/portal\\\/author\\\/jeanette\\\/\"}]}<\/script>\n<!-- \/ Yoast SEO plugin. -->","yoast_head_json":{"title":"Comisan ochos camiones con granos y alimentos en Tarija - El Diario - Bolivia","robots":{"index":"index","follow":"follow","max-snippet":"max-snippet:-1","max-image-preview":"max-image-preview:large","max-video-preview":"max-video-preview:-1"},"canonical":"https:\/\/www.eldiario.net\/portal\/2021\/10\/06\/comisan-ochos-camiones-con-granos-y-alimentos-en-tarija\/","og_locale":"es_ES","og_type":"article","og_title":"Comisan ochos camiones con granos y alimentos en Tarija - El Diario - Bolivia","og_description":"En el departamento de Tarija, el pasado fin de semana, la Aduana nacional comis\u00f3 seis camiones que transportaban 143 toneladas de granos de ma\u00edz y 3.3 toneladas de soya, que buscan ser internadas con documentaci\u00f3n falsa del Servicio Nacional de Sanidad Agropecuaria e Inocuidad Alimentaria (Senasag), asimismo, dos camiones con diferentes productos alimenticios y un [&hellip;]","og_url":"https:\/\/www.eldiario.net\/portal\/2021\/10\/06\/comisan-ochos-camiones-con-granos-y-alimentos-en-tarija\/","og_site_name":"El Diario - Bolivia","article_publisher":"https:\/\/www.facebook.com\/eldiario.bolivia\/","article_published_time":"2021-10-06T09:58:04+00:00","author":"Jeanette","twitter_card":"summary_large_image","twitter_creator":"@eldiario_net","twitter_site":"@eldiario_net","twitter_misc":{"Escrito por":"Jeanette","Tiempo de lectura":"2 minutos"},"schema":{"@context":"https:\/\/schema.org","@graph":[{"@type":"Article","@id":"https:\/\/www.eldiario.net\/portal\/2021\/10\/06\/comisan-ochos-camiones-con-granos-y-alimentos-en-tarija\/#article","isPartOf":{"@id":"https:\/\/www.eldiario.net\/portal\/2021\/10\/06\/comisan-ochos-camiones-con-granos-y-alimentos-en-tarija\/"},"author":{"name":"Jeanette","@id":"https:\/\/www.eldiario.net\/portal\/#\/schema\/person\/f46445640444750d7d753ccd04ae01b7"},"headline":"Comisan ochos camiones con granos y alimentos en Tarija","datePublished":"2021-10-06T09:58:04+00:00","mainEntityOfPage":{"@id":"https:\/\/www.eldiario.net\/portal\/2021\/10\/06\/comisan-ochos-camiones-con-granos-y-alimentos-en-tarija\/"},"wordCount":337,"publisher":{"@id":"https:\/\/www.eldiario.net\/portal\/#organization"},"image":{"@id":"https:\/\/www.eldiario.net\/portal\/2021\/10\/06\/comisan-ochos-camiones-con-granos-y-alimentos-en-tarija\/#primaryimage"},"thumbnailUrl":"","articleSection":["Econom\u00eda"],"inLanguage":"es"},{"@type":"WebPage","@id":"https:\/\/www.eldiario.net\/portal\/2021\/10\/06\/comisan-ochos-camiones-con-granos-y-alimentos-en-tarija\/","url":"https:\/\/www.eldiario.net\/portal\/2021\/10\/06\/comisan-ochos-camiones-con-granos-y-alimentos-en-tarija\/","name":"Comisan ochos camiones con granos y alimentos en Tarija - El Diario - Bolivia","isPartOf":{"@id":"https:\/\/www.eldiario.net\/portal\/#website"},"primaryImageOfPage":{"@id":"https:\/\/www.eldiario.net\/portal\/2021\/10\/06\/comisan-ochos-camiones-con-granos-y-alimentos-en-tarija\/#primaryimage"},"image":{"@id":"https:\/\/www.eldiario.net\/portal\/2021\/10\/06\/comisan-ochos-camiones-con-granos-y-alimentos-en-tarija\/#primaryimage"},"thumbnailUrl":"","datePublished":"2021-10-06T09:58:04+00:00","breadcrumb":{"@id":"https:\/\/www.eldiario.net\/portal\/2021\/10\/06\/comisan-ochos-camiones-con-granos-y-alimentos-en-tarija\/#breadcrumb"},"inLanguage":"es","potentialAction":[{"@type":"ReadAction","target":["https:\/\/www.eldiario.net\/portal\/2021\/10\/06\/comisan-ochos-camiones-con-granos-y-alimentos-en-tarija\/"]}]},{"@type":"ImageObject","inLanguage":"es","@id":"https:\/\/www.eldiario.net\/portal\/2021\/10\/06\/comisan-ochos-camiones-con-granos-y-alimentos-en-tarija\/#primaryimage","url":"","contentUrl":""},{"@type":"BreadcrumbList","@id":"https:\/\/www.eldiario.net\/portal\/2021\/10\/06\/comisan-ochos-camiones-con-granos-y-alimentos-en-tarija\/#breadcrumb","itemListElement":[{"@type":"ListItem","position":1,"name":"Portada","item":"https:\/\/www.eldiario.net\/portal\/"},{"@type":"ListItem","position":2,"name":"Comisan ochos camiones con granos y alimentos en Tarija"}]},{"@type":"WebSite","@id":"https:\/\/www.eldiario.net\/portal\/#website","url":"https:\/\/www.eldiario.net\/portal\/","name":"El Diario - Decano de la prensa nacional","description":"El Diario - Decano de la prensa nacional","publisher":{"@id":"https:\/\/www.eldiario.net\/portal\/#organization"},"potentialAction":[{"@type":"SearchAction","target":{"@type":"EntryPoint","urlTemplate":"https:\/\/www.eldiario.net\/portal\/?s={search_term_string}"},"query-input":{"@type":"PropertyValueSpecification","valueRequired":true,"valueName":"search_term_string"}}],"inLanguage":"es"},{"@type":"Organization","@id":"https:\/\/www.eldiario.net\/portal\/#organization","name":"El Diario - Decano de la prensa nacional","url":"https:\/\/www.eldiario.net\/portal\/","logo":{"@type":"ImageObject","inLanguage":"es","@id":"https:\/\/www.eldiario.net\/portal\/#\/schema\/logo\/image\/","url":"https:\/\/www.eldiario.net\/portal\/wp-content\/uploads\/2023\/07\/logo_ED.jpg","contentUrl":"https:\/\/www.eldiario.net\/portal\/wp-content\/uploads\/2023\/07\/logo_ED.jpg","width":272,"height":52,"caption":"El Diario - Decano de la prensa nacional"},"image":{"@id":"https:\/\/www.eldiario.net\/portal\/#\/schema\/logo\/image\/"},"sameAs":["https:\/\/www.facebook.com\/eldiario.bolivia\/","https:\/\/x.com\/eldiario_net"]},{"@type":"Person","@id":"https:\/\/www.eldiario.net\/portal\/#\/schema\/person\/f46445640444750d7d753ccd04ae01b7","name":"Jeanette","image":{"@type":"ImageObject","inLanguage":"es","@id":"https:\/\/secure.gravatar.com\/avatar\/3ea2118a5f7dad2b7138b1187a6b7ee55f160b9968b66013c3a3ef39dd7e5798?s=96&d=mm&r=g","url":"https:\/\/secure.gravatar.com\/avatar\/3ea2118a5f7dad2b7138b1187a6b7ee55f160b9968b66013c3a3ef39dd7e5798?s=96&d=mm&r=g","contentUrl":"https:\/\/secure.gravatar.com\/avatar\/3ea2118a5f7dad2b7138b1187a6b7ee55f160b9968b66013c3a3ef39dd7e5798?s=96&d=mm&r=g","caption":"Jeanette"},"sameAs":["https:\/\/www.eldiario.net\/portal"],"url":"https:\/\/www.eldiario.net\/portal\/author\/jeanette\/"}]}},"_links":{"self":[{"href":"https:\/\/www.eldiario.net\/portal\/wp-json\/wp\/v2\/posts\/34627","targetHints":{"allow":["GET"]}}],"collection":[{"href":"https:\/\/www.eldiario.net\/portal\/wp-json\/wp\/v2\/posts"}],"about":[{"href":"https:\/\/www.eldiario.net\/portal\/wp-json\/wp\/v2\/types\/post"}],"author":[{"embeddable":true,"href":"https:\/\/www.eldiario.net\/portal\/wp-json\/wp\/v2\/users\/1"}],"replies":[{"embeddable":true,"href":"https:\/\/www.eldiario.net\/portal\/wp-json\/wp\/v2\/comments?post=34627"}],"version-history":[{"count":0,"href":"https:\/\/www.eldiario.net\/portal\/wp-json\/wp\/v2\/posts\/34627\/revisions"}],"wp:attachment":[{"href":"https:\/\/www.eldiario.net\/portal\/wp-json\/wp\/v2\/media?parent=34627"}],"wp:term":[{"taxonomy":"category","embeddable":true,"href":"https:\/\/www.eldiario.net\/portal\/wp-json\/wp\/v2\/categories?post=34627"},{"taxonomy":"post_tag","embeddable":true,"href":"https:\/\/www.eldiario.net\/portal\/wp-json\/wp\/v2\/tags?post=34627"}],"curies":[{"name":"wp","href":"https:\/\/api.w.org\/{rel}","templated":true}]}}